{"id":3992,"date":"2025-10-10T15:57:30","date_gmt":"2025-10-10T18:57:30","guid":{"rendered":"https:\/\/blog.saocamilo-sp.br\/?p=3992"},"modified":"2025-11-25T10:07:35","modified_gmt":"2025-11-25T13:07:35","slug":"premio-crn-3-jovem-sao-camilo-1-lugar-e-mencao-honrosa-2025","status":"publish","type":"post","link":"https:\/\/blog.saocamilo-sp.br\/index.php\/2025\/10\/10\/premio-crn-3-jovem-sao-camilo-1-lugar-e-mencao-honrosa-2025\/","title":{"rendered":"Pr\u00eamio CRN-3: S\u00e3o Camilo conquista o 1\u00ba lugar e men\u00e7\u00e3o honrosa"},"content":{"rendered":"\n<p>O <a href=\"https:\/\/saocamilo-sp.br\/\">Centro Universit\u00e1rio S\u00e3o Camilo <\/a>celebra uma conquista marcante no <strong>Pr\u00eamio CRN-3 Jovem 2025<\/strong>. Depois de classificar <strong>dois trabalhos entre os tr\u00eas finalistas<\/strong>, o Curso de <a href=\"https:\/\/saocamilo-sp.br\/cursos-graduacao\/nutricao\/\">Nutri\u00e7\u00e3o<\/a> alcan\u00e7ou o <strong>1\u00ba lugar<\/strong> e, al\u00e9m disso, recebeu <strong>men\u00e7\u00e3o honrosa<\/strong>. Assim, mais do que um reconhecimento, o resultado refor\u00e7a a <strong>qualidade da forma\u00e7\u00e3o<\/strong>, a <strong>for\u00e7a da extens\u00e3o universit\u00e1ria<\/strong> e o compromisso com o <strong>impacto social<\/strong>.<br>O pr\u00eamio \u00e9 um reconhecimento do Conselho Regional de Nutricionistas (3\u00aa Regi\u00e3o) a projetos de estudantes\/rec\u00e9m-formados, estimulando produ\u00e7\u00e3o t\u00e9cnico-cient\u00edfica e extens\u00e3o.<\/p>\n\n\n\n<blockquote class=\"wp-block-quote is-layout-flow wp-block-quote-is-layout-flow\">\n<p>\u201cEstou muito feliz com o reconhecimento do conselho sobre os trabalhos das nossas alunas. Independentemente do resultado final, j\u00e1 estava comemorando!\u201d, afirma <strong>Profa. Dra. Ana Paula de Queiroz Mello<\/strong>, docente respons\u00e1vel pela disciplina <em>Estrat\u00e9gias em Educa\u00e7\u00e3o Alimentar<\/em>.<\/p>\n<\/blockquote>\n\n\n\n<h2 class=\"wp-block-heading\">Pr\u00eamios conquistados<\/h2>\n\n\n\n<p>A premia\u00e7\u00e3o ocorreu durante o <strong>I Congresso CRN-3<\/strong>, em <strong>10\u201311\/09\/2025<\/strong>, com divulga\u00e7\u00e3o dos vencedores em <strong>11\/09\/2025<\/strong>.<br><br><strong>1\u00ba lugar<\/strong><br><strong>T\u00edtulo:<\/strong> <em>Programa de Orienta\u00e7\u00e3o Alimentar destinado a crian\u00e7as e adolescentes praticantes de bal\u00e9 em situa\u00e7\u00e3o de vulnerabilidade social<\/em><br><strong>Autoras:<\/strong> Emanuelle Nunes Lira Chaves; Giovana Cazassola Ferreira; Let\u00edcia Ribeiro Galdino; Michelle Fonseca da Silva<br><strong>Local\/Institui\u00e7\u00e3o parceira:<\/strong> Associa\u00e7\u00e3o Morumbi de Integra\u00e7\u00e3o Social \u2014 <strong>AMIS<\/strong> (S\u00e3o Paulo\/SP)<br><strong>Como foi o programa:<\/strong><\/p>\n\n\n\n<ul class=\"wp-block-list\">\n<li><strong>P\u00fablico atendido:<\/strong> 106 meninas de 5 a 14 anos (projeto <em>Vida em Movimento<\/em>).<\/li>\n\n\n\n<li><strong>Encontros:<\/strong> 4 presenciais, com atividades l\u00fadicas e educativas: \u201cMontagem da Refei\u00e7\u00e3o da Bailarina\u201d, \u201cDegusta\u00e7\u00e3o \u00e0s Cegas\u201d, \u201cDescobrindo o A\u00e7\u00facar\u201d e \u201cJogo da Mem\u00f3ria\u201d.<\/li>\n\n\n\n<li><strong>Resultados observados:<\/strong> aumento do consumo de <strong>frutas, feij\u00e3o e verduras\/legumes<\/strong>; redu\u00e7\u00e3o de <strong>doces, bebidas a\u00e7ucaradas e ultraprocessados (como embutidos)<\/strong>. Mais de <strong>80%<\/strong> relataram compartilhar em casa o que aprenderam, ampliando o efeito para as fam\u00edlias.<\/li>\n<\/ul>\n\n\n\n<p><strong>Men\u00e7\u00e3o honrosa<\/strong><br><strong>T\u00edtulo:<\/strong> <em>Programa EnvelheSER Saud\u00e1vel: Educa\u00e7\u00e3o Alimentar na Maturidade<\/em><br><strong>Autoras:<\/strong> Adriana Tigre; B\u00e1rbara Berta de Almeida; Bruna J\u00e9ssica da Silva Pereira; Giovana Martorano Vecchio; Nicole Pinho dos Santos; Sophia Domingos Pires Pierina<br><strong>Local\/Institui\u00e7\u00e3o parceira:<\/strong> <strong>Convita<\/strong> (S\u00e3o Paulo\/SP)<br><strong>Como foi o programa:<\/strong><\/p>\n\n\n\n<ul class=\"wp-block-list\">\n<li><strong>P\u00fablico atendido:<\/strong> pessoas idosas em centro de conviv\u00eancia.<\/li>\n\n\n\n<li><strong>Encontros:<\/strong> 4 presenciais, com din\u00e2micas \u201cFuxico ou Verdade\u201d e \u201cBingo do Saber\u201d.<\/li>\n\n\n\n<li><strong>Resultados observados:<\/strong> reflex\u00f5es cr\u00edticas sobre alimenta\u00e7\u00e3o, <strong>redu\u00e7\u00e3o do consumo de alimentos ricos em s\u00f3dio<\/strong>, al\u00e9m de <strong>autonomia<\/strong> e <strong>fortalecimento de v\u00ednculos sociais<\/strong>. Evidenciou-se a pot\u00eancia da Educa\u00e7\u00e3o Alimentar e Nutricional para <strong>sa\u00fade, qualidade de vida e envelhecimento ativo<\/strong>.<\/li>\n<\/ul>\n\n\n\n<h2 class=\"wp-block-heading\">Por que essa vit\u00f3ria importa<\/h2>\n\n\n\n<p>Em primeiro lugar, evidencia a <strong>integra\u00e7\u00e3o entre teoria e pr\u00e1tica<\/strong> desde os semestres iniciais. Em seguida, valoriza compet\u00eancias essenciais \u2014 <strong>planejamento, implementa\u00e7\u00e3o e avalia\u00e7\u00e3o<\/strong> \u2014 vivenciadas em <strong>contextos reais<\/strong>. Finalmente, amplia o <strong>di\u00e1logo universidade\u2013sociedade<\/strong>, gerando benef\u00edcios imediatos para crian\u00e7as, adolescentes e pessoas idosas.<\/p>\n\n\n\n<h2 class=\"wp-block-heading\">Sobre a disciplina e a orienta\u00e7\u00e3o<\/h2>\n\n\n\n<p>Os dois trabalhos vencedores nasceram da atividade curricular <strong>extensionista<\/strong> da disciplina <em>Estrat\u00e9gias em Educa\u00e7\u00e3o Alimentar<\/em> (Curso de Nutri\u00e7\u00e3o), sob orienta\u00e7\u00e3o da <strong>Profa. Dra. Ana Paula de Queiroz Mello<\/strong>. Portanto, a conquista sintetiza <strong>protagonismo discente<\/strong>, rigor metodol\u00f3gico e <strong>prop\u00f3sito social<\/strong> que o Centro Universit\u00e1rio S\u00e3o Camilo promove em seus discentes e docentes.<\/p>\n","protected":false},"excerpt":{"rendered":"<p>O Centro Universit\u00e1rio S\u00e3o Camilo celebra uma conquista marcante no Pr\u00eamio CRN-3 Jovem 2025. Depois de classificar dois trabalhos entre os tr\u00eas finalistas, o Curso de Nutri\u00e7\u00e3o alcan\u00e7ou o 1\u00ba lugar e, al\u00e9m disso, recebeu men\u00e7\u00e3o honrosa. Assim, mais do&#8230; <a class=\"more-link\" href=\"https:\/\/blog.saocamilo-sp.br\/index.php\/2025\/10\/10\/premio-crn-3-jovem-sao-camilo-1-lugar-e-mencao-honrosa-2025\/\">Continue Reading &rarr;<\/a><\/p>\n","protected":false},"author":13,"featured_media":3993,"comment_status":"open","ping_status":"open","sticky":false,"template":"","format":"standard","meta":{"cybocfi_hide_featured_image":"","footnotes":""},"categories":[24],"tags":[7,207],"class_list":["post-3992","post","type-post","status-publish","format-standard","has-post-thumbnail","hentry","category-nutricao","tag-nutricao","tag-premio"],"yoast_head":"<!-- This site is optimized with the Yoast SEO plugin v27.4 - https:\/\/yoast.com\/product\/yoast-seo-wordpress\/ -->\n<title>Pr\u00eamio CRN-3: S\u00e3o Camilo conquista o 1\u00ba lugar e men\u00e7\u00e3o honrosa - Blog S\u00e3o Camilo<\/title>\n<meta name=\"description\" content=\"Vit\u00f3ria dupla no Pr\u00eamio CRN-3 Jovem 2025: S\u00e3o Camilo \u00e9 1\u00ba lugar e ainda recebe men\u00e7\u00e3o honrosa com projetos de Educa\u00e7\u00e3o Alimentar e extens\u00e3o.\" \/>\n<meta name=\"robots\" content=\"index, follow, max-snippet:-1, max-image-preview:large, max-video-preview:-1\" \/>\n<link rel=\"canonical\" href=\"https:\/\/blog.saocamilo-sp.br\/index.php\/2025\/10\/10\/premio-crn-3-jovem-sao-camilo-1-lugar-e-mencao-honrosa-2025\/\" \/>\n<meta property=\"og:locale\" content=\"pt_BR\" \/>\n<meta property=\"og:type\" content=\"article\" \/>\n<meta property=\"og:title\" content=\"Pr\u00eamio CRN-3: S\u00e3o Camilo conquista o 1\u00ba lugar e men\u00e7\u00e3o honrosa - Blog S\u00e3o Camilo\" \/>\n<meta property=\"og:description\" content=\"Vit\u00f3ria dupla no Pr\u00eamio CRN-3 Jovem 2025: S\u00e3o Camilo \u00e9 1\u00ba lugar e ainda recebe men\u00e7\u00e3o honrosa com projetos de Educa\u00e7\u00e3o Alimentar e extens\u00e3o.\" \/>\n<meta property=\"og:url\" content=\"https:\/\/blog.saocamilo-sp.br\/index.php\/2025\/10\/10\/premio-crn-3-jovem-sao-camilo-1-lugar-e-mencao-honrosa-2025\/\" \/>\n<meta property=\"og:site_name\" content=\"Blog S\u00e3o Camilo\" \/>\n<meta property=\"article:publisher\" content=\"https:\/\/www.facebook.com\/saocamilosp\" \/>\n<meta property=\"article:published_time\" content=\"2025-10-10T18:57:30+00:00\" \/>\n<meta property=\"article:modified_time\" content=\"2025-11-25T13:07:35+00:00\" \/>\n<meta property=\"og:image\" content=\"https:\/\/blog.saocamilo-sp.br\/wp-content\/uploads\/2025\/10\/Nutricao_Premio_CRN.png\" \/>\n\t<meta property=\"og:image:width\" content=\"600\" \/>\n\t<meta property=\"og:image:height\" content=\"406\" \/>\n\t<meta property=\"og:image:type\" content=\"image\/png\" \/>\n<meta name=\"author\" content=\"Leandro Lafr\u00e1gola\" \/>\n<meta name=\"twitter:card\" content=\"summary_large_image\" \/>\n<meta name=\"twitter:creator\" content=\"@saocamilosp\" \/>\n<meta name=\"twitter:site\" content=\"@saocamilosp\" \/>\n<meta name=\"twitter:label1\" content=\"Escrito por\" \/>\n\t<meta name=\"twitter:data1\" content=\"Leandro Lafr\u00e1gola\" \/>\n\t<meta name=\"twitter:label2\" content=\"Est. tempo de leitura\" \/>\n\t<meta name=\"twitter:data2\" content=\"3 minutos\" \/>\n<script type=\"application\/ld+json\" class=\"yoast-schema-graph\">{\"@context\":\"https:\\\/\\\/schema.org\",\"@graph\":[{\"@type\":\"Article\",\"@id\":\"https:\\\/\\\/blog.saocamilo-sp.br\\\/index.php\\\/2025\\\/10\\\/10\\\/premio-crn-3-jovem-sao-camilo-1-lugar-e-mencao-honrosa-2025\\\/#article\",\"isPartOf\":{\"@id\":\"https:\\\/\\\/blog.saocamilo-sp.br\\\/index.php\\\/2025\\\/10\\\/10\\\/premio-crn-3-jovem-sao-camilo-1-lugar-e-mencao-honrosa-2025\\\/\"},\"author\":{\"name\":\"Leandro Lafr\u00e1gola\",\"@id\":\"https:\\\/\\\/blog.saocamilo-sp.br\\\/#\\\/schema\\\/person\\\/1a99645faaab0bb55105f817e866e19b\"},\"headline\":\"Pr\u00eamio CRN-3: S\u00e3o Camilo conquista o 1\u00ba lugar e men\u00e7\u00e3o honrosa\",\"datePublished\":\"2025-10-10T18:57:30+00:00\",\"dateModified\":\"2025-11-25T13:07:35+00:00\",\"mainEntityOfPage\":{\"@id\":\"https:\\\/\\\/blog.saocamilo-sp.br\\\/index.php\\\/2025\\\/10\\\/10\\\/premio-crn-3-jovem-sao-camilo-1-lugar-e-mencao-honrosa-2025\\\/\"},\"wordCount\":552,\"commentCount\":0,\"publisher\":{\"@id\":\"https:\\\/\\\/blog.saocamilo-sp.br\\\/#organization\"},\"image\":{\"@id\":\"https:\\\/\\\/blog.saocamilo-sp.br\\\/index.php\\\/2025\\\/10\\\/10\\\/premio-crn-3-jovem-sao-camilo-1-lugar-e-mencao-honrosa-2025\\\/#primaryimage\"},\"thumbnailUrl\":\"https:\\\/\\\/blog.saocamilo-sp.br\\\/wp-content\\\/uploads\\\/2025\\\/10\\\/Nutricao_Premio_CRN.png\",\"keywords\":[\"Nutri\u00e7\u00e3o\",\"pr\u00eamio\"],\"articleSection\":[\"Nutri\u00e7\u00e3o\"],\"inLanguage\":\"pt-BR\",\"potentialAction\":[{\"@type\":\"CommentAction\",\"name\":\"Comment\",\"target\":[\"https:\\\/\\\/blog.saocamilo-sp.br\\\/index.php\\\/2025\\\/10\\\/10\\\/premio-crn-3-jovem-sao-camilo-1-lugar-e-mencao-honrosa-2025\\\/#respond\"]}]},{\"@type\":\"WebPage\",\"@id\":\"https:\\\/\\\/blog.saocamilo-sp.br\\\/index.php\\\/2025\\\/10\\\/10\\\/premio-crn-3-jovem-sao-camilo-1-lugar-e-mencao-honrosa-2025\\\/\",\"url\":\"https:\\\/\\\/blog.saocamilo-sp.br\\\/index.php\\\/2025\\\/10\\\/10\\\/premio-crn-3-jovem-sao-camilo-1-lugar-e-mencao-honrosa-2025\\\/\",\"name\":\"Pr\u00eamio CRN-3: S\u00e3o Camilo conquista o 1\u00ba lugar e men\u00e7\u00e3o honrosa - Blog S\u00e3o Camilo\",\"isPartOf\":{\"@id\":\"https:\\\/\\\/blog.saocamilo-sp.br\\\/#website\"},\"primaryImageOfPage\":{\"@id\":\"https:\\\/\\\/blog.saocamilo-sp.br\\\/index.php\\\/2025\\\/10\\\/10\\\/premio-crn-3-jovem-sao-camilo-1-lugar-e-mencao-honrosa-2025\\\/#primaryimage\"},\"image\":{\"@id\":\"https:\\\/\\\/blog.saocamilo-sp.br\\\/index.php\\\/2025\\\/10\\\/10\\\/premio-crn-3-jovem-sao-camilo-1-lugar-e-mencao-honrosa-2025\\\/#primaryimage\"},\"thumbnailUrl\":\"https:\\\/\\\/blog.saocamilo-sp.br\\\/wp-content\\\/uploads\\\/2025\\\/10\\\/Nutricao_Premio_CRN.png\",\"datePublished\":\"2025-10-10T18:57:30+00:00\",\"dateModified\":\"2025-11-25T13:07:35+00:00\",\"description\":\"Vit\u00f3ria dupla no Pr\u00eamio CRN-3 Jovem 2025: S\u00e3o Camilo \u00e9 1\u00ba lugar e ainda recebe men\u00e7\u00e3o honrosa com projetos de Educa\u00e7\u00e3o Alimentar e extens\u00e3o.\",\"breadcrumb\":{\"@id\":\"https:\\\/\\\/blog.saocamilo-sp.br\\\/index.php\\\/2025\\\/10\\\/10\\\/premio-crn-3-jovem-sao-camilo-1-lugar-e-mencao-honrosa-2025\\\/#breadcrumb\"},\"inLanguage\":\"pt-BR\",\"potentialAction\":[{\"@type\":\"ReadAction\",\"target\":[\"https:\\\/\\\/blog.saocamilo-sp.br\\\/index.php\\\/2025\\\/10\\\/10\\\/premio-crn-3-jovem-sao-camilo-1-lugar-e-mencao-honrosa-2025\\\/\"]}]},{\"@type\":\"ImageObject\",\"inLanguage\":\"pt-BR\",\"@id\":\"https:\\\/\\\/blog.saocamilo-sp.br\\\/index.php\\\/2025\\\/10\\\/10\\\/premio-crn-3-jovem-sao-camilo-1-lugar-e-mencao-honrosa-2025\\\/#primaryimage\",\"url\":\"https:\\\/\\\/blog.saocamilo-sp.br\\\/wp-content\\\/uploads\\\/2025\\\/10\\\/Nutricao_Premio_CRN.png\",\"contentUrl\":\"https:\\\/\\\/blog.saocamilo-sp.br\\\/wp-content\\\/uploads\\\/2025\\\/10\\\/Nutricao_Premio_CRN.png\",\"width\":600,\"height\":406,\"caption\":\"Pr\u00eamio CRN\"},{\"@type\":\"BreadcrumbList\",\"@id\":\"https:\\\/\\\/blog.saocamilo-sp.br\\\/index.php\\\/2025\\\/10\\\/10\\\/premio-crn-3-jovem-sao-camilo-1-lugar-e-mencao-honrosa-2025\\\/#breadcrumb\",\"itemListElement\":[{\"@type\":\"ListItem\",\"position\":1,\"name\":\"In\u00edcio\",\"item\":\"https:\\\/\\\/blog.saocamilo-sp.br\\\/\"},{\"@type\":\"ListItem\",\"position\":2,\"name\":\"Pr\u00eamio CRN-3: S\u00e3o Camilo conquista o 1\u00ba lugar e men\u00e7\u00e3o honrosa\"}]},{\"@type\":\"WebSite\",\"@id\":\"https:\\\/\\\/blog.saocamilo-sp.br\\\/#website\",\"url\":\"https:\\\/\\\/blog.saocamilo-sp.br\\\/\",\"name\":\"Blog S\u00e3o Camilo\",\"description\":\"Blog do Centro Universit\u00e1rio S\u00e3o Camilo\",\"publisher\":{\"@id\":\"https:\\\/\\\/blog.saocamilo-sp.br\\\/#organization\"},\"potentialAction\":[{\"@type\":\"SearchAction\",\"target\":{\"@type\":\"EntryPoint\",\"urlTemplate\":\"https:\\\/\\\/blog.saocamilo-sp.br\\\/?s={search_term_string}\"},\"query-input\":{\"@type\":\"PropertyValueSpecification\",\"valueRequired\":true,\"valueName\":\"search_term_string\"}}],\"inLanguage\":\"pt-BR\"},{\"@type\":\"Organization\",\"@id\":\"https:\\\/\\\/blog.saocamilo-sp.br\\\/#organization\",\"name\":\"Blog S\u00e3o Camilo\",\"url\":\"https:\\\/\\\/blog.saocamilo-sp.br\\\/\",\"logo\":{\"@type\":\"ImageObject\",\"inLanguage\":\"pt-BR\",\"@id\":\"https:\\\/\\\/blog.saocamilo-sp.br\\\/#\\\/schema\\\/logo\\\/image\\\/\",\"url\":\"https:\\\/\\\/blog.saocamilo-sp.br\\\/wp-content\\\/uploads\\\/2021\\\/12\\\/cropped-vazio-logo-topo.png\",\"contentUrl\":\"https:\\\/\\\/blog.saocamilo-sp.br\\\/wp-content\\\/uploads\\\/2021\\\/12\\\/cropped-vazio-logo-topo.png\",\"width\":320,\"height\":240,\"caption\":\"Blog S\u00e3o Camilo\"},\"image\":{\"@id\":\"https:\\\/\\\/blog.saocamilo-sp.br\\\/#\\\/schema\\\/logo\\\/image\\\/\"},\"sameAs\":[\"https:\\\/\\\/www.facebook.com\\\/saocamilosp\",\"https:\\\/\\\/x.com\\\/saocamilosp\",\"https:\\\/\\\/www.linkedin.com\\\/school\\\/centro-universit-rio-s-o-camilo\\\/\"]},{\"@type\":\"Person\",\"@id\":\"https:\\\/\\\/blog.saocamilo-sp.br\\\/#\\\/schema\\\/person\\\/1a99645faaab0bb55105f817e866e19b\",\"name\":\"Leandro Lafr\u00e1gola\",\"image\":{\"@type\":\"ImageObject\",\"inLanguage\":\"pt-BR\",\"@id\":\"https:\\\/\\\/secure.gravatar.com\\\/avatar\\\/ec4232fb8d50d80f1c672353dc4c2876490e6a0a2a33d6572c0ba1fb78f115cf?s=96&d=mm&r=g\",\"url\":\"https:\\\/\\\/secure.gravatar.com\\\/avatar\\\/ec4232fb8d50d80f1c672353dc4c2876490e6a0a2a33d6572c0ba1fb78f115cf?s=96&d=mm&r=g\",\"contentUrl\":\"https:\\\/\\\/secure.gravatar.com\\\/avatar\\\/ec4232fb8d50d80f1c672353dc4c2876490e6a0a2a33d6572c0ba1fb78f115cf?s=96&d=mm&r=g\",\"caption\":\"Leandro Lafr\u00e1gola\"},\"url\":\"https:\\\/\\\/blog.saocamilo-sp.br\\\/index.php\\\/author\\\/llafragola\\\/\"}]}<\/script>\n<!-- \/ Yoast SEO plugin. -->","yoast_head_json":{"title":"Pr\u00eamio CRN-3: S\u00e3o Camilo conquista o 1\u00ba lugar e men\u00e7\u00e3o honrosa - Blog S\u00e3o Camilo","description":"Vit\u00f3ria dupla no Pr\u00eamio CRN-3 Jovem 2025: S\u00e3o Camilo \u00e9 1\u00ba lugar e ainda recebe men\u00e7\u00e3o honrosa com projetos de Educa\u00e7\u00e3o Alimentar e extens\u00e3o.","robots":{"index":"index","follow":"follow","max-snippet":"max-snippet:-1","max-image-preview":"max-image-preview:large","max-video-preview":"max-video-preview:-1"},"canonical":"https:\/\/blog.saocamilo-sp.br\/index.php\/2025\/10\/10\/premio-crn-3-jovem-sao-camilo-1-lugar-e-mencao-honrosa-2025\/","og_locale":"pt_BR","og_type":"article","og_title":"Pr\u00eamio CRN-3: S\u00e3o Camilo conquista o 1\u00ba lugar e men\u00e7\u00e3o honrosa - Blog S\u00e3o Camilo","og_description":"Vit\u00f3ria dupla no Pr\u00eamio CRN-3 Jovem 2025: S\u00e3o Camilo \u00e9 1\u00ba lugar e ainda recebe men\u00e7\u00e3o honrosa com projetos de Educa\u00e7\u00e3o Alimentar e extens\u00e3o.","og_url":"https:\/\/blog.saocamilo-sp.br\/index.php\/2025\/10\/10\/premio-crn-3-jovem-sao-camilo-1-lugar-e-mencao-honrosa-2025\/","og_site_name":"Blog S\u00e3o Camilo","article_publisher":"https:\/\/www.facebook.com\/saocamilosp","article_published_time":"2025-10-10T18:57:30+00:00","article_modified_time":"2025-11-25T13:07:35+00:00","og_image":[{"width":600,"height":406,"url":"https:\/\/blog.saocamilo-sp.br\/wp-content\/uploads\/2025\/10\/Nutricao_Premio_CRN.png","type":"image\/png"}],"author":"Leandro Lafr\u00e1gola","twitter_card":"summary_large_image","twitter_creator":"@saocamilosp","twitter_site":"@saocamilosp","twitter_misc":{"Escrito por":"Leandro Lafr\u00e1gola","Est. tempo de leitura":"3 minutos"},"schema":{"@context":"https:\/\/schema.org","@graph":[{"@type":"Article","@id":"https:\/\/blog.saocamilo-sp.br\/index.php\/2025\/10\/10\/premio-crn-3-jovem-sao-camilo-1-lugar-e-mencao-honrosa-2025\/#article","isPartOf":{"@id":"https:\/\/blog.saocamilo-sp.br\/index.php\/2025\/10\/10\/premio-crn-3-jovem-sao-camilo-1-lugar-e-mencao-honrosa-2025\/"},"author":{"name":"Leandro Lafr\u00e1gola","@id":"https:\/\/blog.saocamilo-sp.br\/#\/schema\/person\/1a99645faaab0bb55105f817e866e19b"},"headline":"Pr\u00eamio CRN-3: S\u00e3o Camilo conquista o 1\u00ba lugar e men\u00e7\u00e3o honrosa","datePublished":"2025-10-10T18:57:30+00:00","dateModified":"2025-11-25T13:07:35+00:00","mainEntityOfPage":{"@id":"https:\/\/blog.saocamilo-sp.br\/index.php\/2025\/10\/10\/premio-crn-3-jovem-sao-camilo-1-lugar-e-mencao-honrosa-2025\/"},"wordCount":552,"commentCount":0,"publisher":{"@id":"https:\/\/blog.saocamilo-sp.br\/#organization"},"image":{"@id":"https:\/\/blog.saocamilo-sp.br\/index.php\/2025\/10\/10\/premio-crn-3-jovem-sao-camilo-1-lugar-e-mencao-honrosa-2025\/#primaryimage"},"thumbnailUrl":"https:\/\/blog.saocamilo-sp.br\/wp-content\/uploads\/2025\/10\/Nutricao_Premio_CRN.png","keywords":["Nutri\u00e7\u00e3o","pr\u00eamio"],"articleSection":["Nutri\u00e7\u00e3o"],"inLanguage":"pt-BR","potentialAction":[{"@type":"CommentAction","name":"Comment","target":["https:\/\/blog.saocamilo-sp.br\/index.php\/2025\/10\/10\/premio-crn-3-jovem-sao-camilo-1-lugar-e-mencao-honrosa-2025\/#respond"]}]},{"@type":"WebPage","@id":"https:\/\/blog.saocamilo-sp.br\/index.php\/2025\/10\/10\/premio-crn-3-jovem-sao-camilo-1-lugar-e-mencao-honrosa-2025\/","url":"https:\/\/blog.saocamilo-sp.br\/index.php\/2025\/10\/10\/premio-crn-3-jovem-sao-camilo-1-lugar-e-mencao-honrosa-2025\/","name":"Pr\u00eamio CRN-3: S\u00e3o Camilo conquista o 1\u00ba lugar e men\u00e7\u00e3o honrosa - Blog S\u00e3o Camilo","isPartOf":{"@id":"https:\/\/blog.saocamilo-sp.br\/#website"},"primaryImageOfPage":{"@id":"https:\/\/blog.saocamilo-sp.br\/index.php\/2025\/10\/10\/premio-crn-3-jovem-sao-camilo-1-lugar-e-mencao-honrosa-2025\/#primaryimage"},"image":{"@id":"https:\/\/blog.saocamilo-sp.br\/index.php\/2025\/10\/10\/premio-crn-3-jovem-sao-camilo-1-lugar-e-mencao-honrosa-2025\/#primaryimage"},"thumbnailUrl":"https:\/\/blog.saocamilo-sp.br\/wp-content\/uploads\/2025\/10\/Nutricao_Premio_CRN.png","datePublished":"2025-10-10T18:57:30+00:00","dateModified":"2025-11-25T13:07:35+00:00","description":"Vit\u00f3ria dupla no Pr\u00eamio CRN-3 Jovem 2025: S\u00e3o Camilo \u00e9 1\u00ba lugar e ainda recebe men\u00e7\u00e3o honrosa com projetos de Educa\u00e7\u00e3o Alimentar e extens\u00e3o.","breadcrumb":{"@id":"https:\/\/blog.saocamilo-sp.br\/index.php\/2025\/10\/10\/premio-crn-3-jovem-sao-camilo-1-lugar-e-mencao-honrosa-2025\/#breadcrumb"},"inLanguage":"pt-BR","potentialAction":[{"@type":"ReadAction","target":["https:\/\/blog.saocamilo-sp.br\/index.php\/2025\/10\/10\/premio-crn-3-jovem-sao-camilo-1-lugar-e-mencao-honrosa-2025\/"]}]},{"@type":"ImageObject","inLanguage":"pt-BR","@id":"https:\/\/blog.saocamilo-sp.br\/index.php\/2025\/10\/10\/premio-crn-3-jovem-sao-camilo-1-lugar-e-mencao-honrosa-2025\/#primaryimage","url":"https:\/\/blog.saocamilo-sp.br\/wp-content\/uploads\/2025\/10\/Nutricao_Premio_CRN.png","contentUrl":"https:\/\/blog.saocamilo-sp.br\/wp-content\/uploads\/2025\/10\/Nutricao_Premio_CRN.png","width":600,"height":406,"caption":"Pr\u00eamio CRN"},{"@type":"BreadcrumbList","@id":"https:\/\/blog.saocamilo-sp.br\/index.php\/2025\/10\/10\/premio-crn-3-jovem-sao-camilo-1-lugar-e-mencao-honrosa-2025\/#breadcrumb","itemListElement":[{"@type":"ListItem","position":1,"name":"In\u00edcio","item":"https:\/\/blog.saocamilo-sp.br\/"},{"@type":"ListItem","position":2,"name":"Pr\u00eamio CRN-3: S\u00e3o Camilo conquista o 1\u00ba lugar e men\u00e7\u00e3o honrosa"}]},{"@type":"WebSite","@id":"https:\/\/blog.saocamilo-sp.br\/#website","url":"https:\/\/blog.saocamilo-sp.br\/","name":"Blog S\u00e3o Camilo","description":"Blog do Centro Universit\u00e1rio S\u00e3o Camilo","publisher":{"@id":"https:\/\/blog.saocamilo-sp.br\/#organization"},"potentialAction":[{"@type":"SearchAction","target":{"@type":"EntryPoint","urlTemplate":"https:\/\/blog.saocamilo-sp.br\/?s={search_term_string}"},"query-input":{"@type":"PropertyValueSpecification","valueRequired":true,"valueName":"search_term_string"}}],"inLanguage":"pt-BR"},{"@type":"Organization","@id":"https:\/\/blog.saocamilo-sp.br\/#organization","name":"Blog S\u00e3o Camilo","url":"https:\/\/blog.saocamilo-sp.br\/","logo":{"@type":"ImageObject","inLanguage":"pt-BR","@id":"https:\/\/blog.saocamilo-sp.br\/#\/schema\/logo\/image\/","url":"https:\/\/blog.saocamilo-sp.br\/wp-content\/uploads\/2021\/12\/cropped-vazio-logo-topo.png","contentUrl":"https:\/\/blog.saocamilo-sp.br\/wp-content\/uploads\/2021\/12\/cropped-vazio-logo-topo.png","width":320,"height":240,"caption":"Blog S\u00e3o Camilo"},"image":{"@id":"https:\/\/blog.saocamilo-sp.br\/#\/schema\/logo\/image\/"},"sameAs":["https:\/\/www.facebook.com\/saocamilosp","https:\/\/x.com\/saocamilosp","https:\/\/www.linkedin.com\/school\/centro-universit-rio-s-o-camilo\/"]},{"@type":"Person","@id":"https:\/\/blog.saocamilo-sp.br\/#\/schema\/person\/1a99645faaab0bb55105f817e866e19b","name":"Leandro Lafr\u00e1gola","image":{"@type":"ImageObject","inLanguage":"pt-BR","@id":"https:\/\/secure.gravatar.com\/avatar\/ec4232fb8d50d80f1c672353dc4c2876490e6a0a2a33d6572c0ba1fb78f115cf?s=96&d=mm&r=g","url":"https:\/\/secure.gravatar.com\/avatar\/ec4232fb8d50d80f1c672353dc4c2876490e6a0a2a33d6572c0ba1fb78f115cf?s=96&d=mm&r=g","contentUrl":"https:\/\/secure.gravatar.com\/avatar\/ec4232fb8d50d80f1c672353dc4c2876490e6a0a2a33d6572c0ba1fb78f115cf?s=96&d=mm&r=g","caption":"Leandro Lafr\u00e1gola"},"url":"https:\/\/blog.saocamilo-sp.br\/index.php\/author\/llafragola\/"}]}},"_links":{"self":[{"href":"https:\/\/blog.saocamilo-sp.br\/index.php\/wp-json\/wp\/v2\/posts\/3992","targetHints":{"allow":["GET"]}}],"collection":[{"href":"https:\/\/blog.saocamilo-sp.br\/index.php\/wp-json\/wp\/v2\/posts"}],"about":[{"href":"https:\/\/blog.saocamilo-sp.br\/index.php\/wp-json\/wp\/v2\/types\/post"}],"author":[{"embeddable":true,"href":"https:\/\/blog.saocamilo-sp.br\/index.php\/wp-json\/wp\/v2\/users\/13"}],"replies":[{"embeddable":true,"href":"https:\/\/blog.saocamilo-sp.br\/index.php\/wp-json\/wp\/v2\/comments?post=3992"}],"version-history":[{"count":2,"href":"https:\/\/blog.saocamilo-sp.br\/index.php\/wp-json\/wp\/v2\/posts\/3992\/revisions"}],"predecessor-version":[{"id":4151,"href":"https:\/\/blog.saocamilo-sp.br\/index.php\/wp-json\/wp\/v2\/posts\/3992\/revisions\/4151"}],"wp:featuredmedia":[{"embeddable":true,"href":"https:\/\/blog.saocamilo-sp.br\/index.php\/wp-json\/wp\/v2\/media\/3993"}],"wp:attachment":[{"href":"https:\/\/blog.saocamilo-sp.br\/index.php\/wp-json\/wp\/v2\/media?parent=3992"}],"wp:term":[{"taxonomy":"category","embeddable":true,"href":"https:\/\/blog.saocamilo-sp.br\/index.php\/wp-json\/wp\/v2\/categories?post=3992"},{"taxonomy":"post_tag","embeddable":true,"href":"https:\/\/blog.saocamilo-sp.br\/index.php\/wp-json\/wp\/v2\/tags?post=3992"}],"curies":[{"name":"wp","href":"https:\/\/api.w.org\/{rel}","templated":true}]}}