{"id":3996,"date":"2025-10-15T10:46:02","date_gmt":"2025-10-15T13:46:02","guid":{"rendered":"https:\/\/blog.saocamilo-sp.br\/?p=3996"},"modified":"2025-10-15T10:47:17","modified_gmt":"2025-10-15T13:47:17","slug":"4a-feira-de-carreiras-sao-camilo","status":"publish","type":"post","link":"https:\/\/blog.saocamilo-sp.br\/index.php\/2025\/10\/15\/4a-feira-de-carreiras-sao-camilo\/","title":{"rendered":"4\u00aa Feira de Carreiras S\u00e3o Camilo"},"content":{"rendered":"\n<p>No dia <strong>16 de outubro de 2025<\/strong> o <strong>Foyer do campus Ipiranga<\/strong> ser\u00e1 palco da <strong>4\u00aa edi\u00e7\u00e3o<\/strong> da <strong>Feira de Carreiras do Centro Universit\u00e1rio S\u00e3o Camilo<\/strong>. <\/p>\n\n\n\n<p><\/p>\n\n\n\n<p><\/p>\n\n\n\n<h3 class=\"wp-block-heading\">Sobre a Feira de Carreiras<\/h3>\n\n\n\n<p>Nos hor\u00e1rios das 09h \u00e0s 12h e das 17h \u00e0s 20h, o <strong>evento de Carreiras<\/strong> mais aguardado do ano, conta com a presen\u00e7a de diversas <strong>empresas parceiras<\/strong> divulgando e fazendo <strong>cadastro de candidatos<\/strong>; valiosas oficinas e palestras que, al\u00e9m de enriquecedor conhecimento, podem contribuir com <strong>horas de atividades complementares<\/strong> aos estudantes <strong>presentes e inscritos<\/strong>. Uma chance \u00fanica de se destacar no mercado de trabalho e ter acesso a oportunidades incr\u00edveis!&nbsp;<\/p>\n\n\n\n<p>Al\u00e9m disso tudo, esta edi\u00e7\u00e3o ainda vai trazer novidades imperd\u00edveis!&nbsp;<\/p>\n\n\n\n<h3 class=\"wp-block-heading\">Sobre o Programa Trainee de Enfermagem do Hospital S\u00e3o Camilo<\/h3>\n\n\n\n<p>Depois do sucesso da 3\u00aa edi\u00e7\u00e3o em 2024, as <strong>inscri\u00e7\u00f5es<\/strong> para o <strong>processo seletivo<\/strong> do <strong>Programa Trainee de Enfermagem do Hospital S\u00e3o Camilo 2026<\/strong>, ser\u00e1 novamente inaugurado durante a Feira de Carreiras S\u00e3o Camilo e, com muito orgulho, trazemos em primeira m\u00e3o uma not\u00edcia de aquecer o cora\u00e7\u00e3o: <strong>neste ano<\/strong> <strong>ser\u00e3o um total de 12 VAGAS distribu\u00eddas em 02 (dois) processos seletivos, um neste ano (com 06 vagas) e outro no 1\u00ba semestre de 2026 (+06 vagas) destinadas \u00e0 estudantes, egressos e egressas do Centro Universit\u00e1rio S\u00e3o Camilo.<\/strong> Uma viv\u00eancia singular na vida profissional dos Camilianos e Camilianas, futuros Enfermeiros(as) Trainee do Hospital S\u00e3o Camilo.&nbsp;&nbsp;<\/p>\n\n\n\n<p><strong>\u00c9 importante lembrar <\/strong>que as inscri\u00e7\u00f5es para o<strong> Programa Trainee de Enfermagem <\/strong>devem ser realizadas exclusivamente com o<strong> E-MAIL INSTITUCIONAL <\/strong>do estudante em link espec\u00edfico a ser divulgado na<strong> Feira de Carreiras.&nbsp;&nbsp;<\/strong><\/p>\n\n\n\n<p>E as novidades n\u00e3o param por aqui!&nbsp;&nbsp;<\/p>\n\n\n\n<p>Durante a Feira, tamb\u00e9m ser\u00e1 realizado a apura\u00e7\u00e3o do <strong>sorteio<\/strong> de uma <strong>bolsa de estudos<\/strong> de <strong>p\u00f3s-gradua\u00e7\u00e3o<\/strong> totalmente <strong>GRATUITA<\/strong> entre os <strong>alunos concluintes da gradua\u00e7\u00e3o<\/strong>, do Centro Universit\u00e1rio S\u00e3o Camilo (concluintes nos <strong>semestres 2025\/2 <\/strong>at\u00e9<strong> 2026\/1<\/strong>), que responderam uma pesquisa exclusiva divulgada por e-mail, Instagram do Conex\u00e3o Carreiras e nos murais das salas!&nbsp;<\/p>\n\n\n\n<p>Compare\u00e7a no <strong>Centro Universit\u00e1rios S\u00e3o Camilo<\/strong>, campus Ipiranga, e garanta a chance de experienciar um dia repleto de <strong>conhecimento, informa\u00e7\u00e3o, oportunidades e <em>networking<\/em>!<\/strong>&nbsp;<\/p>\n\n\n\n<h3 class=\"wp-block-heading\">Programa\u00e7\u00e3o da Feira de Carreiras<\/h3>\n\n\n\n<p>Confira a <strong>programa\u00e7\u00e3o<\/strong> das <strong>Palestras<\/strong> e <strong>Oficinas<\/strong>:&nbsp;<\/p>\n\n\n\n<p><strong>Per\u00edodo da Manh\u00e3<\/strong><\/p>\n\n\n\n<p><strong>9h00 | <\/strong><em>Palestra: Hospital S\u00e3o Camilo<\/em><\/p>\n\n\n\n<p><strong>9h40 <em>| <\/em><\/strong><em>Intelig\u00eancia Emocional <\/em>com Prof\u00aa. Silvia Barreto\u00a0<\/p>\n\n\n\n<p><strong>11h00 <\/strong>| <em>Palestra: HCX FMUSP<\/em><\/p>\n\n\n\n<p><strong>12h00 | <\/strong><em>Palestra: Di\u00e1rio de um Enfermeiro Brasileiro&nbsp;na&nbsp;Alemanha \u2013 Onea Care<\/em>&nbsp;<\/p>\n\n\n\n<p><strong>Per\u00edodo da Noite<\/strong><\/p>\n\n\n\n<p><strong>18h00 | <\/strong><em>Oportunidades de Carreira em Gest\u00e3o para Profissionais Assistenciais<\/em> com Selma Santos<\/p>\n\n\n\n<p><strong>19h00 | <\/strong><em>Oficina de Curr\u00edculo <\/em>com Prof. Luciano Sewaybricker<\/p>\n\n\n\n<p><strong>20h00 | <\/strong><em>Oficina de Entrevista<\/em> com Rita dos Anjos Barros e Thiago Sim\u00f5es<\/p>\n\n\n\n<p><strong>Siga o Conex\u00e3o Carreiras no <\/strong><a href=\"https:\/\/www.instagram.com\/conexaocarreirasaocamilo\/\" target=\"_blank\" rel=\"noreferrer noopener\"><strong>Instagram<\/strong><\/a><strong>, <\/strong><a href=\"https:\/\/www.linkedin.com\/in\/conex%C3%A3o-carreiras-s%C3%A3o-camilo-6b1a09254\/?originalSubdomain=br\" target=\"_blank\" rel=\"noreferrer noopener\"><strong>LinkedIn<\/strong><\/a><strong> e <\/strong><a href=\"https:\/\/www.tiktok.com\/@conexao.carreiras?_t=ZM-90Wn7pCPXB5&amp;_r=1\" target=\"_blank\" rel=\"noreferrer noopener\"><strong>TikTok<\/strong><\/a><strong>!&nbsp;<\/strong><\/p>\n\n\n\n<p><strong>Centro Universit\u00e1rio S\u00e3o Camilo \u2013 Conex\u00e3o Carreiras \u2013 \u201c<em>Para sempre camiliano!\u201d<\/em><\/strong><\/p>\n","protected":false},"excerpt":{"rendered":"<p>A Feira de Carreiras re\u00fane empresas parceiras com vagas e cadastros de candidatos, al\u00e9m de oficinas e palestras sobre o mercado de trabalho.<\/p>\n","protected":false},"author":13,"featured_media":3997,"comment_status":"open","ping_status":"open","sticky":false,"template":"","format":"standard","meta":{"cybocfi_hide_featured_image":"","footnotes":""},"categories":[1,91],"tags":[],"class_list":["post-3996","post","type-post","status-publish","format-standard","has-post-thumbnail","hentry","category-cursos","category-institucional"],"yoast_head":"<!-- This site is optimized with the Yoast SEO plugin v27.5 - https:\/\/yoast.com\/product\/yoast-seo-wordpress\/ -->\n<title>4\u00aa Feira de Carreiras S\u00e3o Camilo - Blog S\u00e3o Camilo<\/title>\n<meta name=\"description\" content=\"A Feira de Carreiras re\u00fane empresas parceiras com vagas e cadastros de candidatos, al\u00e9m de oficinas e palestras sobre o mercado de trabalho.\" \/>\n<meta name=\"robots\" content=\"index, follow, max-snippet:-1, max-image-preview:large, max-video-preview:-1\" \/>\n<link rel=\"canonical\" href=\"https:\/\/blog.saocamilo-sp.br\/index.php\/2025\/10\/15\/4a-feira-de-carreiras-sao-camilo\/\" \/>\n<meta property=\"og:locale\" content=\"pt_BR\" \/>\n<meta property=\"og:type\" content=\"article\" \/>\n<meta property=\"og:title\" content=\"4\u00aa Feira de Carreiras S\u00e3o Camilo - Blog S\u00e3o Camilo\" \/>\n<meta property=\"og:description\" content=\"A Feira de Carreiras re\u00fane empresas parceiras com vagas e cadastros de candidatos, al\u00e9m de oficinas e palestras sobre o mercado de trabalho.\" \/>\n<meta property=\"og:url\" content=\"https:\/\/blog.saocamilo-sp.br\/index.php\/2025\/10\/15\/4a-feira-de-carreiras-sao-camilo\/\" \/>\n<meta property=\"og:site_name\" content=\"Blog S\u00e3o Camilo\" \/>\n<meta property=\"article:publisher\" content=\"https:\/\/www.facebook.com\/saocamilosp\" \/>\n<meta property=\"article:published_time\" content=\"2025-10-15T13:46:02+00:00\" \/>\n<meta property=\"article:modified_time\" content=\"2025-10-15T13:47:17+00:00\" \/>\n<meta property=\"og:image\" content=\"https:\/\/blog.saocamilo-sp.br\/wp-content\/uploads\/2025\/10\/4a-Feira-de-Carreiras.png\" \/>\n\t<meta property=\"og:image:width\" content=\"600\" \/>\n\t<meta property=\"og:image:height\" content=\"406\" \/>\n\t<meta property=\"og:image:type\" content=\"image\/png\" \/>\n<meta name=\"author\" content=\"Leandro Lafr\u00e1gola\" \/>\n<meta name=\"twitter:card\" content=\"summary_large_image\" \/>\n<meta name=\"twitter:creator\" content=\"@saocamilosp\" \/>\n<meta name=\"twitter:site\" content=\"@saocamilosp\" \/>\n<meta name=\"twitter:label1\" content=\"Escrito por\" \/>\n\t<meta name=\"twitter:data1\" content=\"Leandro Lafr\u00e1gola\" \/>\n\t<meta name=\"twitter:label2\" content=\"Est. tempo de leitura\" \/>\n\t<meta name=\"twitter:data2\" content=\"3 minutos\" \/>\n<script type=\"application\/ld+json\" class=\"yoast-schema-graph\">{\"@context\":\"https:\\\/\\\/schema.org\",\"@graph\":[{\"@type\":\"Article\",\"@id\":\"https:\\\/\\\/blog.saocamilo-sp.br\\\/index.php\\\/2025\\\/10\\\/15\\\/4a-feira-de-carreiras-sao-camilo\\\/#article\",\"isPartOf\":{\"@id\":\"https:\\\/\\\/blog.saocamilo-sp.br\\\/index.php\\\/2025\\\/10\\\/15\\\/4a-feira-de-carreiras-sao-camilo\\\/\"},\"author\":{\"name\":\"Leandro Lafr\u00e1gola\",\"@id\":\"https:\\\/\\\/blog.saocamilo-sp.br\\\/#\\\/schema\\\/person\\\/1a99645faaab0bb55105f817e866e19b\"},\"headline\":\"4\u00aa Feira de Carreiras S\u00e3o Camilo\",\"datePublished\":\"2025-10-15T13:46:02+00:00\",\"dateModified\":\"2025-10-15T13:47:17+00:00\",\"mainEntityOfPage\":{\"@id\":\"https:\\\/\\\/blog.saocamilo-sp.br\\\/index.php\\\/2025\\\/10\\\/15\\\/4a-feira-de-carreiras-sao-camilo\\\/\"},\"wordCount\":495,\"commentCount\":0,\"publisher\":{\"@id\":\"https:\\\/\\\/blog.saocamilo-sp.br\\\/#organization\"},\"image\":{\"@id\":\"https:\\\/\\\/blog.saocamilo-sp.br\\\/index.php\\\/2025\\\/10\\\/15\\\/4a-feira-de-carreiras-sao-camilo\\\/#primaryimage\"},\"thumbnailUrl\":\"https:\\\/\\\/blog.saocamilo-sp.br\\\/wp-content\\\/uploads\\\/2025\\\/10\\\/4a-Feira-de-Carreiras.png\",\"articleSection\":[\"Cursos\",\"Institucional\"],\"inLanguage\":\"pt-BR\",\"potentialAction\":[{\"@type\":\"CommentAction\",\"name\":\"Comment\",\"target\":[\"https:\\\/\\\/blog.saocamilo-sp.br\\\/index.php\\\/2025\\\/10\\\/15\\\/4a-feira-de-carreiras-sao-camilo\\\/#respond\"]}]},{\"@type\":\"WebPage\",\"@id\":\"https:\\\/\\\/blog.saocamilo-sp.br\\\/index.php\\\/2025\\\/10\\\/15\\\/4a-feira-de-carreiras-sao-camilo\\\/\",\"url\":\"https:\\\/\\\/blog.saocamilo-sp.br\\\/index.php\\\/2025\\\/10\\\/15\\\/4a-feira-de-carreiras-sao-camilo\\\/\",\"name\":\"4\u00aa Feira de Carreiras S\u00e3o Camilo - Blog S\u00e3o Camilo\",\"isPartOf\":{\"@id\":\"https:\\\/\\\/blog.saocamilo-sp.br\\\/#website\"},\"primaryImageOfPage\":{\"@id\":\"https:\\\/\\\/blog.saocamilo-sp.br\\\/index.php\\\/2025\\\/10\\\/15\\\/4a-feira-de-carreiras-sao-camilo\\\/#primaryimage\"},\"image\":{\"@id\":\"https:\\\/\\\/blog.saocamilo-sp.br\\\/index.php\\\/2025\\\/10\\\/15\\\/4a-feira-de-carreiras-sao-camilo\\\/#primaryimage\"},\"thumbnailUrl\":\"https:\\\/\\\/blog.saocamilo-sp.br\\\/wp-content\\\/uploads\\\/2025\\\/10\\\/4a-Feira-de-Carreiras.png\",\"datePublished\":\"2025-10-15T13:46:02+00:00\",\"dateModified\":\"2025-10-15T13:47:17+00:00\",\"description\":\"A Feira de Carreiras re\u00fane empresas parceiras com vagas e cadastros de candidatos, al\u00e9m de oficinas e palestras sobre o mercado de trabalho.\",\"breadcrumb\":{\"@id\":\"https:\\\/\\\/blog.saocamilo-sp.br\\\/index.php\\\/2025\\\/10\\\/15\\\/4a-feira-de-carreiras-sao-camilo\\\/#breadcrumb\"},\"inLanguage\":\"pt-BR\",\"potentialAction\":[{\"@type\":\"ReadAction\",\"target\":[\"https:\\\/\\\/blog.saocamilo-sp.br\\\/index.php\\\/2025\\\/10\\\/15\\\/4a-feira-de-carreiras-sao-camilo\\\/\"]}]},{\"@type\":\"ImageObject\",\"inLanguage\":\"pt-BR\",\"@id\":\"https:\\\/\\\/blog.saocamilo-sp.br\\\/index.php\\\/2025\\\/10\\\/15\\\/4a-feira-de-carreiras-sao-camilo\\\/#primaryimage\",\"url\":\"https:\\\/\\\/blog.saocamilo-sp.br\\\/wp-content\\\/uploads\\\/2025\\\/10\\\/4a-Feira-de-Carreiras.png\",\"contentUrl\":\"https:\\\/\\\/blog.saocamilo-sp.br\\\/wp-content\\\/uploads\\\/2025\\\/10\\\/4a-Feira-de-Carreiras.png\",\"width\":600,\"height\":406,\"caption\":\"4a. Feira de Carreiras\"},{\"@type\":\"BreadcrumbList\",\"@id\":\"https:\\\/\\\/blog.saocamilo-sp.br\\\/index.php\\\/2025\\\/10\\\/15\\\/4a-feira-de-carreiras-sao-camilo\\\/#breadcrumb\",\"itemListElement\":[{\"@type\":\"ListItem\",\"position\":1,\"name\":\"In\u00edcio\",\"item\":\"https:\\\/\\\/blog.saocamilo-sp.br\\\/\"},{\"@type\":\"ListItem\",\"position\":2,\"name\":\"4\u00aa Feira de Carreiras S\u00e3o Camilo\"}]},{\"@type\":\"WebSite\",\"@id\":\"https:\\\/\\\/blog.saocamilo-sp.br\\\/#website\",\"url\":\"https:\\\/\\\/blog.saocamilo-sp.br\\\/\",\"name\":\"Blog S\u00e3o Camilo\",\"description\":\"Blog do Centro Universit\u00e1rio S\u00e3o Camilo\",\"publisher\":{\"@id\":\"https:\\\/\\\/blog.saocamilo-sp.br\\\/#organization\"},\"potentialAction\":[{\"@type\":\"SearchAction\",\"target\":{\"@type\":\"EntryPoint\",\"urlTemplate\":\"https:\\\/\\\/blog.saocamilo-sp.br\\\/?s={search_term_string}\"},\"query-input\":{\"@type\":\"PropertyValueSpecification\",\"valueRequired\":true,\"valueName\":\"search_term_string\"}}],\"inLanguage\":\"pt-BR\"},{\"@type\":\"Organization\",\"@id\":\"https:\\\/\\\/blog.saocamilo-sp.br\\\/#organization\",\"name\":\"Blog S\u00e3o Camilo\",\"url\":\"https:\\\/\\\/blog.saocamilo-sp.br\\\/\",\"logo\":{\"@type\":\"ImageObject\",\"inLanguage\":\"pt-BR\",\"@id\":\"https:\\\/\\\/blog.saocamilo-sp.br\\\/#\\\/schema\\\/logo\\\/image\\\/\",\"url\":\"https:\\\/\\\/blog.saocamilo-sp.br\\\/wp-content\\\/uploads\\\/2021\\\/12\\\/cropped-vazio-logo-topo.png\",\"contentUrl\":\"https:\\\/\\\/blog.saocamilo-sp.br\\\/wp-content\\\/uploads\\\/2021\\\/12\\\/cropped-vazio-logo-topo.png\",\"width\":320,\"height\":240,\"caption\":\"Blog S\u00e3o Camilo\"},\"image\":{\"@id\":\"https:\\\/\\\/blog.saocamilo-sp.br\\\/#\\\/schema\\\/logo\\\/image\\\/\"},\"sameAs\":[\"https:\\\/\\\/www.facebook.com\\\/saocamilosp\",\"https:\\\/\\\/x.com\\\/saocamilosp\",\"https:\\\/\\\/www.linkedin.com\\\/school\\\/centro-universit-rio-s-o-camilo\\\/\"]},{\"@type\":\"Person\",\"@id\":\"https:\\\/\\\/blog.saocamilo-sp.br\\\/#\\\/schema\\\/person\\\/1a99645faaab0bb55105f817e866e19b\",\"name\":\"Leandro Lafr\u00e1gola\",\"image\":{\"@type\":\"ImageObject\",\"inLanguage\":\"pt-BR\",\"@id\":\"https:\\\/\\\/secure.gravatar.com\\\/avatar\\\/ec4232fb8d50d80f1c672353dc4c2876490e6a0a2a33d6572c0ba1fb78f115cf?s=96&d=mm&r=g\",\"url\":\"https:\\\/\\\/secure.gravatar.com\\\/avatar\\\/ec4232fb8d50d80f1c672353dc4c2876490e6a0a2a33d6572c0ba1fb78f115cf?s=96&d=mm&r=g\",\"contentUrl\":\"https:\\\/\\\/secure.gravatar.com\\\/avatar\\\/ec4232fb8d50d80f1c672353dc4c2876490e6a0a2a33d6572c0ba1fb78f115cf?s=96&d=mm&r=g\",\"caption\":\"Leandro Lafr\u00e1gola\"},\"url\":\"https:\\\/\\\/blog.saocamilo-sp.br\\\/index.php\\\/author\\\/llafragola\\\/\"}]}<\/script>\n<!-- \/ Yoast SEO plugin. -->","yoast_head_json":{"title":"4\u00aa Feira de Carreiras S\u00e3o Camilo - Blog S\u00e3o Camilo","description":"A Feira de Carreiras re\u00fane empresas parceiras com vagas e cadastros de candidatos, al\u00e9m de oficinas e palestras sobre o mercado de trabalho.","robots":{"index":"index","follow":"follow","max-snippet":"max-snippet:-1","max-image-preview":"max-image-preview:large","max-video-preview":"max-video-preview:-1"},"canonical":"https:\/\/blog.saocamilo-sp.br\/index.php\/2025\/10\/15\/4a-feira-de-carreiras-sao-camilo\/","og_locale":"pt_BR","og_type":"article","og_title":"4\u00aa Feira de Carreiras S\u00e3o Camilo - Blog S\u00e3o Camilo","og_description":"A Feira de Carreiras re\u00fane empresas parceiras com vagas e cadastros de candidatos, al\u00e9m de oficinas e palestras sobre o mercado de trabalho.","og_url":"https:\/\/blog.saocamilo-sp.br\/index.php\/2025\/10\/15\/4a-feira-de-carreiras-sao-camilo\/","og_site_name":"Blog S\u00e3o Camilo","article_publisher":"https:\/\/www.facebook.com\/saocamilosp","article_published_time":"2025-10-15T13:46:02+00:00","article_modified_time":"2025-10-15T13:47:17+00:00","og_image":[{"width":600,"height":406,"url":"https:\/\/blog.saocamilo-sp.br\/wp-content\/uploads\/2025\/10\/4a-Feira-de-Carreiras.png","type":"image\/png"}],"author":"Leandro Lafr\u00e1gola","twitter_card":"summary_large_image","twitter_creator":"@saocamilosp","twitter_site":"@saocamilosp","twitter_misc":{"Escrito por":"Leandro Lafr\u00e1gola","Est. tempo de leitura":"3 minutos"},"schema":{"@context":"https:\/\/schema.org","@graph":[{"@type":"Article","@id":"https:\/\/blog.saocamilo-sp.br\/index.php\/2025\/10\/15\/4a-feira-de-carreiras-sao-camilo\/#article","isPartOf":{"@id":"https:\/\/blog.saocamilo-sp.br\/index.php\/2025\/10\/15\/4a-feira-de-carreiras-sao-camilo\/"},"author":{"name":"Leandro Lafr\u00e1gola","@id":"https:\/\/blog.saocamilo-sp.br\/#\/schema\/person\/1a99645faaab0bb55105f817e866e19b"},"headline":"4\u00aa Feira de Carreiras S\u00e3o Camilo","datePublished":"2025-10-15T13:46:02+00:00","dateModified":"2025-10-15T13:47:17+00:00","mainEntityOfPage":{"@id":"https:\/\/blog.saocamilo-sp.br\/index.php\/2025\/10\/15\/4a-feira-de-carreiras-sao-camilo\/"},"wordCount":495,"commentCount":0,"publisher":{"@id":"https:\/\/blog.saocamilo-sp.br\/#organization"},"image":{"@id":"https:\/\/blog.saocamilo-sp.br\/index.php\/2025\/10\/15\/4a-feira-de-carreiras-sao-camilo\/#primaryimage"},"thumbnailUrl":"https:\/\/blog.saocamilo-sp.br\/wp-content\/uploads\/2025\/10\/4a-Feira-de-Carreiras.png","articleSection":["Cursos","Institucional"],"inLanguage":"pt-BR","potentialAction":[{"@type":"CommentAction","name":"Comment","target":["https:\/\/blog.saocamilo-sp.br\/index.php\/2025\/10\/15\/4a-feira-de-carreiras-sao-camilo\/#respond"]}]},{"@type":"WebPage","@id":"https:\/\/blog.saocamilo-sp.br\/index.php\/2025\/10\/15\/4a-feira-de-carreiras-sao-camilo\/","url":"https:\/\/blog.saocamilo-sp.br\/index.php\/2025\/10\/15\/4a-feira-de-carreiras-sao-camilo\/","name":"4\u00aa Feira de Carreiras S\u00e3o Camilo - Blog S\u00e3o Camilo","isPartOf":{"@id":"https:\/\/blog.saocamilo-sp.br\/#website"},"primaryImageOfPage":{"@id":"https:\/\/blog.saocamilo-sp.br\/index.php\/2025\/10\/15\/4a-feira-de-carreiras-sao-camilo\/#primaryimage"},"image":{"@id":"https:\/\/blog.saocamilo-sp.br\/index.php\/2025\/10\/15\/4a-feira-de-carreiras-sao-camilo\/#primaryimage"},"thumbnailUrl":"https:\/\/blog.saocamilo-sp.br\/wp-content\/uploads\/2025\/10\/4a-Feira-de-Carreiras.png","datePublished":"2025-10-15T13:46:02+00:00","dateModified":"2025-10-15T13:47:17+00:00","description":"A Feira de Carreiras re\u00fane empresas parceiras com vagas e cadastros de candidatos, al\u00e9m de oficinas e palestras sobre o mercado de trabalho.","breadcrumb":{"@id":"https:\/\/blog.saocamilo-sp.br\/index.php\/2025\/10\/15\/4a-feira-de-carreiras-sao-camilo\/#breadcrumb"},"inLanguage":"pt-BR","potentialAction":[{"@type":"ReadAction","target":["https:\/\/blog.saocamilo-sp.br\/index.php\/2025\/10\/15\/4a-feira-de-carreiras-sao-camilo\/"]}]},{"@type":"ImageObject","inLanguage":"pt-BR","@id":"https:\/\/blog.saocamilo-sp.br\/index.php\/2025\/10\/15\/4a-feira-de-carreiras-sao-camilo\/#primaryimage","url":"https:\/\/blog.saocamilo-sp.br\/wp-content\/uploads\/2025\/10\/4a-Feira-de-Carreiras.png","contentUrl":"https:\/\/blog.saocamilo-sp.br\/wp-content\/uploads\/2025\/10\/4a-Feira-de-Carreiras.png","width":600,"height":406,"caption":"4a. Feira de Carreiras"},{"@type":"BreadcrumbList","@id":"https:\/\/blog.saocamilo-sp.br\/index.php\/2025\/10\/15\/4a-feira-de-carreiras-sao-camilo\/#breadcrumb","itemListElement":[{"@type":"ListItem","position":1,"name":"In\u00edcio","item":"https:\/\/blog.saocamilo-sp.br\/"},{"@type":"ListItem","position":2,"name":"4\u00aa Feira de Carreiras S\u00e3o Camilo"}]},{"@type":"WebSite","@id":"https:\/\/blog.saocamilo-sp.br\/#website","url":"https:\/\/blog.saocamilo-sp.br\/","name":"Blog S\u00e3o Camilo","description":"Blog do Centro Universit\u00e1rio S\u00e3o Camilo","publisher":{"@id":"https:\/\/blog.saocamilo-sp.br\/#organization"},"potentialAction":[{"@type":"SearchAction","target":{"@type":"EntryPoint","urlTemplate":"https:\/\/blog.saocamilo-sp.br\/?s={search_term_string}"},"query-input":{"@type":"PropertyValueSpecification","valueRequired":true,"valueName":"search_term_string"}}],"inLanguage":"pt-BR"},{"@type":"Organization","@id":"https:\/\/blog.saocamilo-sp.br\/#organization","name":"Blog S\u00e3o Camilo","url":"https:\/\/blog.saocamilo-sp.br\/","logo":{"@type":"ImageObject","inLanguage":"pt-BR","@id":"https:\/\/blog.saocamilo-sp.br\/#\/schema\/logo\/image\/","url":"https:\/\/blog.saocamilo-sp.br\/wp-content\/uploads\/2021\/12\/cropped-vazio-logo-topo.png","contentUrl":"https:\/\/blog.saocamilo-sp.br\/wp-content\/uploads\/2021\/12\/cropped-vazio-logo-topo.png","width":320,"height":240,"caption":"Blog S\u00e3o Camilo"},"image":{"@id":"https:\/\/blog.saocamilo-sp.br\/#\/schema\/logo\/image\/"},"sameAs":["https:\/\/www.facebook.com\/saocamilosp","https:\/\/x.com\/saocamilosp","https:\/\/www.linkedin.com\/school\/centro-universit-rio-s-o-camilo\/"]},{"@type":"Person","@id":"https:\/\/blog.saocamilo-sp.br\/#\/schema\/person\/1a99645faaab0bb55105f817e866e19b","name":"Leandro Lafr\u00e1gola","image":{"@type":"ImageObject","inLanguage":"pt-BR","@id":"https:\/\/secure.gravatar.com\/avatar\/ec4232fb8d50d80f1c672353dc4c2876490e6a0a2a33d6572c0ba1fb78f115cf?s=96&d=mm&r=g","url":"https:\/\/secure.gravatar.com\/avatar\/ec4232fb8d50d80f1c672353dc4c2876490e6a0a2a33d6572c0ba1fb78f115cf?s=96&d=mm&r=g","contentUrl":"https:\/\/secure.gravatar.com\/avatar\/ec4232fb8d50d80f1c672353dc4c2876490e6a0a2a33d6572c0ba1fb78f115cf?s=96&d=mm&r=g","caption":"Leandro Lafr\u00e1gola"},"url":"https:\/\/blog.saocamilo-sp.br\/index.php\/author\/llafragola\/"}]}},"_links":{"self":[{"href":"https:\/\/blog.saocamilo-sp.br\/index.php\/wp-json\/wp\/v2\/posts\/3996","targetHints":{"allow":["GET"]}}],"collection":[{"href":"https:\/\/blog.saocamilo-sp.br\/index.php\/wp-json\/wp\/v2\/posts"}],"about":[{"href":"https:\/\/blog.saocamilo-sp.br\/index.php\/wp-json\/wp\/v2\/types\/post"}],"author":[{"embeddable":true,"href":"https:\/\/blog.saocamilo-sp.br\/index.php\/wp-json\/wp\/v2\/users\/13"}],"replies":[{"embeddable":true,"href":"https:\/\/blog.saocamilo-sp.br\/index.php\/wp-json\/wp\/v2\/comments?post=3996"}],"version-history":[{"count":3,"href":"https:\/\/blog.saocamilo-sp.br\/index.php\/wp-json\/wp\/v2\/posts\/3996\/revisions"}],"predecessor-version":[{"id":4000,"href":"https:\/\/blog.saocamilo-sp.br\/index.php\/wp-json\/wp\/v2\/posts\/3996\/revisions\/4000"}],"wp:featuredmedia":[{"embeddable":true,"href":"https:\/\/blog.saocamilo-sp.br\/index.php\/wp-json\/wp\/v2\/media\/3997"}],"wp:attachment":[{"href":"https:\/\/blog.saocamilo-sp.br\/index.php\/wp-json\/wp\/v2\/media?parent=3996"}],"wp:term":[{"taxonomy":"category","embeddable":true,"href":"https:\/\/blog.saocamilo-sp.br\/index.php\/wp-json\/wp\/v2\/categories?post=3996"},{"taxonomy":"post_tag","embeddable":true,"href":"https:\/\/blog.saocamilo-sp.br\/index.php\/wp-json\/wp\/v2\/tags?post=3996"}],"curies":[{"name":"wp","href":"https:\/\/api.w.org\/{rel}","templated":true}]}}