{"id":4001,"date":"2025-10-15T17:30:50","date_gmt":"2025-10-15T20:30:50","guid":{"rendered":"https:\/\/blog.saocamilo-sp.br\/?p=4001"},"modified":"2025-11-24T23:07:27","modified_gmt":"2025-11-25T02:07:27","slug":"vestibular-sao-camilo-2026-1o-semestre-inscricoes-abertas","status":"publish","type":"post","link":"https:\/\/blog.saocamilo-sp.br\/index.php\/2025\/10\/15\/vestibular-sao-camilo-2026-1o-semestre-inscricoes-abertas\/","title":{"rendered":"Vestibular S\u00e3o Camilo 2026 | 1\u00ba semestre: inscri\u00e7\u00f5es abertas"},"content":{"rendered":"\n<p>O <strong>Centro Universit\u00e1rio S\u00e3o Camilo<\/strong>, refer\u00eancia nacional em <strong>ensino superior nas \u00e1reas da sa\u00fade, gest\u00e3o e educa\u00e7\u00e3o<\/strong>, est\u00e1 com <strong>inscri\u00e7\u00f5es abertas para o Vestibular 2026 | 1\u00ba semestre<\/strong>.<br>Reconhecida pelo <strong>MEC com nota m\u00e1xima (5)<\/strong>, a S\u00e3o Camilo oferece <strong>cursos de gradua\u00e7\u00e3o presenciais, EAD e semipresenciais<\/strong>, unindo tradi\u00e7\u00e3o, inova\u00e7\u00e3o e compromisso com a forma\u00e7\u00e3o humana.<\/p>\n\n\n\n<p>As inscri\u00e7\u00f5es acontecem de <strong>23 de setembro de 2025 a 28 de fevereiro de 2026<\/strong>, pelo site oficial <a href=\"https:\/\/saocamilo-sp.br\/vestibular\"><strong>saocamilo-sp.br\/vestibular<\/strong><\/a>.<br><br>O processo seletivo aceita ingresso por <strong>ENEM<\/strong>, <strong>Reda\u00e7\u00e3o Agendada<\/strong>, <strong>aproveitamento de vestibulares anteriores<\/strong> ou <strong>Processo Internacional<\/strong>, ampliando as oportunidades para quem busca uma forma\u00e7\u00e3o de excel\u00eancia.<\/p>\n\n\n\n<h3 class=\"wp-block-heading\">Por que escolher a S\u00e3o Camilo?<\/h3>\n\n\n\n<p>Com mais de seis d\u00e9cadas de hist\u00f3ria, a S\u00e3o Camilo \u00e9 uma institui\u00e7\u00e3o que alia <strong>forma\u00e7\u00e3o t\u00e9cnica, humana e \u00e9tica<\/strong>.<br>Sua infraestrutura moderna e o corpo docente altamente qualificado garantem uma experi\u00eancia completa de aprendizado e pr\u00e1tica profissional.<\/p>\n\n\n\n<p>Entre os diferenciais est\u00e3o:<\/p>\n\n\n\n<ul class=\"wp-block-list\">\n<li><strong>Cl\u00ednica Escola Promove<\/strong> e <strong>Cl\u00ednica de Psicologia S\u00e3o Camilo<\/strong>, com atendimento gratuito \u00e0 comunidade;<\/li>\n\n\n\n<li><strong>Centro de Simula\u00e7\u00e3o Real\u00edstica (CSR)<\/strong>, que reproduz situa\u00e7\u00f5es reais do ambiente de sa\u00fade;<\/li>\n\n\n\n<li><strong>LEISC \u2013 Laborat\u00f3rio de Empreendedorismo e Inova\u00e7\u00e3o<\/strong>, que incentiva ideias e projetos de impacto;<\/li>\n\n\n\n<li><strong>Forma\u00e7\u00e3o Global<\/strong>, com programas de interc\u00e2mbio e experi\u00eancias internacionais.<\/li>\n<\/ul>\n\n\n\n<h3 class=\"wp-block-heading\">Cursos ofertados no Vestibular S\u00e3o Camilo 2026<\/h3>\n\n\n\n<p>A S\u00e3o Camilo oferece op\u00e7\u00f5es de <strong>gradua\u00e7\u00e3o presencial<\/strong>, <strong>a dist\u00e2ncia (EAD)<\/strong> e <strong>semipresencial<\/strong>, permitindo que o estudante escolha o formato mais adequado \u00e0 sua rotina.<\/p>\n\n\n\n<p><strong>Presenciais \u2013 Campi Ipiranga e Pompeia (S\u00e3o Paulo)<\/strong><\/p>\n\n\n\n<ul class=\"wp-block-list\">\n<li><strong>Biomedicina<\/strong><\/li>\n\n\n\n<li><strong>Enfermagem<\/strong><\/li>\n\n\n\n<li><strong>Farm\u00e1cia<\/strong><\/li>\n\n\n\n<li><strong>Fisioterapia<\/strong><\/li>\n\n\n\n<li><strong>Nutri\u00e7\u00e3o<\/strong><\/li>\n\n\n\n<li><strong>Psicologia<\/strong><\/li>\n<\/ul>\n\n\n\n<p><strong>EAD \u2013 Polos SP|ABC, Ipiranga, Pompeia e Tatuap\u00e9<\/strong><\/p>\n\n\n\n<ul class=\"wp-block-list\">\n<li><strong>Administra\u00e7\u00e3o (Bacharelado)<\/strong><\/li>\n\n\n\n<li><strong>Marketing (Tecnol\u00f3gico)<\/strong><\/li>\n\n\n\n<li><strong>Gest\u00e3o de Recursos Humanos (Tecnol\u00f3gico)<\/strong><\/li>\n<\/ul>\n\n\n\n<p><strong>Semipresencial<\/strong><\/p>\n\n\n\n<p><strong>Gest\u00e3o Hospitalar (Tecnol\u00f3gico)<\/strong><\/p>\n\n\n\n<ul class=\"wp-block-list\">\n<li>Curso semipresencial, com polos de apoio e aulas presenciais realizadas no Campus Ipiranga, \u00e0s segundas, ter\u00e7as e quartas-feiras, no per\u00edodo noturno.<\/li>\n<\/ul>\n\n\n\n<p><strong>Pegagogia<\/strong><\/p>\n\n\n\n<ul class=\"wp-block-list\">\n<li>As aulas presenciais iniciam a partir do 3\u00ba semestre, em m\u00e9dia duas noites por semana (no 6\u00ba semestre: tr\u00eas noites).<\/li>\n<\/ul>\n\n\n\n<h3 class=\"wp-block-heading\">Como se inscrever no Vestibular S\u00e3o Camilo 2026<\/h3>\n\n\n\n<p>O processo de inscri\u00e7\u00e3o \u00e9 totalmente on-line e simples de realizar:<\/p>\n\n\n\n<ol class=\"wp-block-list\">\n<li><strong>Acesse o site oficial:<\/strong> <a href=\"https:\/\/saocamilo-sp.br\/vestibular\"><strong>https:\/\/saocamilo-sp.br\/processos-seletivos\/<\/strong><\/a>.<\/li>\n\n\n\n<li><strong>Escolha a forma de ingresso<\/strong>: ENEM, Reda\u00e7\u00e3o Agendada, Aproveitamento de Vestibulares Anteriores ou Processo Internacional.<\/li>\n\n\n\n<li><strong>Preencha o formul\u00e1rio de inscri\u00e7\u00e3o<\/strong> com seus dados e selecione o curso, campus e turno desejados.<\/li>\n\n\n\n<li><strong>Efetue o pagamento da taxa<\/strong>, quando aplic\u00e1vel:\n<ul class=\"wp-block-list\">\n<li><strong>Isento<\/strong> para ingresso via <strong>ENEM<\/strong> e <strong>Aproveitamento<\/strong>;<\/li>\n\n\n\n<li><strong>R$ 42,00<\/strong> para <strong>Reda\u00e7\u00e3o Agendada<\/strong> e <strong>Processo Internacional<\/strong>.<\/li>\n<\/ul>\n<\/li>\n\n\n\n<li><strong>Acompanhe o resultado<\/strong> na plataforma do candidato e siga as orienta\u00e7\u00f5es de matr\u00edcula on-line.<\/li>\n<\/ol>\n\n\n\n<blockquote class=\"wp-block-quote is-layout-flow wp-block-quote-is-layout-flow\">\n<p>\ud83d\udca1 <strong>Dica:<\/strong> tenha em m\u00e3os o n\u00famero do ENEM (caso opte por essa forma de ingresso) e um e-mail v\u00e1lido \u2014 ele ser\u00e1 o principal canal de comunica\u00e7\u00e3o durante o processo seletivo.<\/p>\n<\/blockquote>\n\n\n\n<h3 class=\"wp-block-heading\">Formas de ingresso<\/h3>\n\n\n\n<p><strong>1. ENEM (a partir de 2014)<\/strong><\/p>\n\n\n\n<ul class=\"wp-block-list\">\n<li>Bacharelados: <strong>m\u00ednimo de 450 pontos<\/strong> nas quatro provas objetivas e <strong>reda\u00e7\u00e3o diferente de zero<\/strong>;<\/li>\n\n\n\n<li>Tecn\u00f3logos e Licenciaturas: <strong>m\u00ednimo de 400 pontos<\/strong> nas provas objetivas e <strong>reda\u00e7\u00e3o diferente de zero<\/strong>.<\/li>\n<\/ul>\n\n\n\n<p><strong>2. Reda\u00e7\u00e3o Agendada (presencial)<\/strong><\/p>\n\n\n\n<ul class=\"wp-block-list\">\n<li>Prova de reda\u00e7\u00e3o <strong>no computador<\/strong> em um dos campi ou polos da S\u00e3o Camilo, na data escolhida na plataforma de inscri\u00e7\u00e3o.<\/li>\n<\/ul>\n\n\n\n<p><strong>3. Aproveitamento de Vestibulares Anteriores<\/strong><\/p>\n\n\n\n<ul class=\"wp-block-list\">\n<li>Exclusivo para <strong>aprovados nas edi\u00e7\u00f5es 2025\/1 ou 2025\/2<\/strong> do processo seletivo S\u00e3o Camilo.<\/li>\n<\/ul>\n\n\n\n<p><strong>4. Processo Internacional<\/strong><\/p>\n\n\n\n<ul class=\"wp-block-list\">\n<li><strong>IB (International Baccalaureate)<\/strong>: pontua\u00e7\u00e3o geral <strong>\u2265 24 pontos<\/strong> (v\u00e1lido desde 2017);<\/li>\n\n\n\n<li><strong>Abitur (curr\u00edculo alem\u00e3o)<\/strong>: nota final <strong>\u2264 2,7<\/strong>;<\/li>\n\n\n\n<li>Envio obrigat\u00f3rio da documenta\u00e7\u00e3o pela <strong>\u00c1rea do Candidato<\/strong>.<\/li>\n<\/ul>\n\n\n\n<h3 class=\"wp-block-heading\">Estrutura e diferenciais da S\u00e3o Camilo<\/h3>\n\n\n\n<p>Os campi <strong>Ipiranga<\/strong> e <strong>Pompeia<\/strong>, em S\u00e3o Paulo, contam com salas modernas, laborat\u00f3rios equipados e cl\u00ednicas-escola que aproximam o aluno da realidade profissional desde o primeiro semestre.<br>A institui\u00e7\u00e3o tamb\u00e9m oferece <strong>polos de EAD e semipresencial<\/strong> em diferentes regi\u00f5es da capital e do ABC paulista, ampliando o acesso \u00e0 educa\u00e7\u00e3o de qualidade.<\/p>\n\n\n\n<p>Al\u00e9m do ensino t\u00e9cnico e cient\u00edfico, a S\u00e3o Camilo mant\u00e9m o foco na <strong>forma\u00e7\u00e3o \u00e9tica e humanista<\/strong>, incentivando seus alunos a atuarem com empatia e responsabilidade social.<\/p>\n\n\n\n<h3 class=\"wp-block-heading\">Servi\u00e7o<\/h3>\n\n\n\n<p>\ud83d\udcc5 <strong>Per\u00edodo de inscri\u00e7\u00e3o:<\/strong> 23\/09\/2025 a 28\/02\/2026<br>\ud83c\udf10 <strong>Site:<\/strong> <a href=\"https:\/\/saocamilo-sp.br\/vestibular\"><strong>https:\/\/saocamilo-sp.br\/processos-seletivos\/<\/strong><\/a><br>\ud83d\udcde <strong>Informa\u00e7\u00f5es:<\/strong> 0300 017 8585 (op\u00e7\u00e3o 1)<\/p>\n","protected":false},"excerpt":{"rendered":"<p>Inscri\u00e7\u00f5es abertas para o Vestibular 2026! Saiba como se inscrever, cursos dispon\u00edveis e as formas de ingresso. Gradua\u00e7\u00e3o presencial e EAD nota m\u00e1xima no MEC!<\/p>\n","protected":false},"author":13,"featured_media":4002,"comment_status":"open","ping_status":"open","sticky":false,"template":"","format":"standard","meta":{"cybocfi_hide_featured_image":"","footnotes":""},"categories":[1],"tags":[],"class_list":["post-4001","post","type-post","status-publish","format-standard","has-post-thumbnail","hentry","category-cursos"],"yoast_head":"<!-- This site is optimized with the Yoast SEO plugin v27.5 - https:\/\/yoast.com\/product\/yoast-seo-wordpress\/ -->\n<title>Vestibular S\u00e3o Camilo 2026 | 1\u00ba semestre: inscri\u00e7\u00f5es abertas<\/title>\n<meta name=\"description\" content=\"Vestibular S\u00e3o Camilo 2026: saiba como se inscrever, cursos dispon\u00edveis e as formas de ingresso. Gradua\u00e7\u00e3o presencial e EAD nota m\u00e1xima!\" \/>\n<meta name=\"robots\" content=\"index, follow, max-snippet:-1, max-image-preview:large, max-video-preview:-1\" \/>\n<link rel=\"canonical\" href=\"https:\/\/blog.saocamilo-sp.br\/index.php\/2025\/10\/15\/vestibular-sao-camilo-2026-1o-semestre-inscricoes-abertas\/\" \/>\n<meta property=\"og:locale\" content=\"pt_BR\" \/>\n<meta property=\"og:type\" content=\"article\" \/>\n<meta property=\"og:title\" content=\"Vestibular S\u00e3o Camilo 2026 | 1\u00ba semestre: inscri\u00e7\u00f5es abertas\" \/>\n<meta property=\"og:description\" content=\"Vestibular S\u00e3o Camilo 2026: saiba como se inscrever, cursos dispon\u00edveis e as formas de ingresso. Gradua\u00e7\u00e3o presencial e EAD nota m\u00e1xima!\" \/>\n<meta property=\"og:url\" content=\"https:\/\/blog.saocamilo-sp.br\/index.php\/2025\/10\/15\/vestibular-sao-camilo-2026-1o-semestre-inscricoes-abertas\/\" \/>\n<meta property=\"og:site_name\" content=\"Blog S\u00e3o Camilo\" \/>\n<meta property=\"article:publisher\" content=\"https:\/\/www.facebook.com\/saocamilosp\" \/>\n<meta property=\"article:published_time\" content=\"2025-10-15T20:30:50+00:00\" \/>\n<meta property=\"article:modified_time\" content=\"2025-11-25T02:07:27+00:00\" \/>\n<meta property=\"og:image\" content=\"https:\/\/blog.saocamilo-sp.br\/wp-content\/uploads\/2025\/10\/Vestibular-2026-1-semestre.png\" \/>\n\t<meta property=\"og:image:width\" content=\"600\" \/>\n\t<meta property=\"og:image:height\" content=\"406\" \/>\n\t<meta property=\"og:image:type\" content=\"image\/png\" \/>\n<meta name=\"author\" content=\"Leandro Lafr\u00e1gola\" \/>\n<meta name=\"twitter:card\" content=\"summary_large_image\" \/>\n<meta name=\"twitter:creator\" content=\"@saocamilosp\" \/>\n<meta name=\"twitter:site\" content=\"@saocamilosp\" \/>\n<meta name=\"twitter:label1\" content=\"Escrito por\" \/>\n\t<meta name=\"twitter:data1\" content=\"Leandro Lafr\u00e1gola\" \/>\n\t<meta name=\"twitter:label2\" content=\"Est. tempo de leitura\" \/>\n\t<meta name=\"twitter:data2\" content=\"4 minutos\" \/>\n<script type=\"application\/ld+json\" class=\"yoast-schema-graph\">{\"@context\":\"https:\\\/\\\/schema.org\",\"@graph\":[{\"@type\":\"Article\",\"@id\":\"https:\\\/\\\/blog.saocamilo-sp.br\\\/index.php\\\/2025\\\/10\\\/15\\\/vestibular-sao-camilo-2026-1o-semestre-inscricoes-abertas\\\/#article\",\"isPartOf\":{\"@id\":\"https:\\\/\\\/blog.saocamilo-sp.br\\\/index.php\\\/2025\\\/10\\\/15\\\/vestibular-sao-camilo-2026-1o-semestre-inscricoes-abertas\\\/\"},\"author\":{\"name\":\"Leandro Lafr\u00e1gola\",\"@id\":\"https:\\\/\\\/blog.saocamilo-sp.br\\\/#\\\/schema\\\/person\\\/1a99645faaab0bb55105f817e866e19b\"},\"headline\":\"Vestibular S\u00e3o Camilo 2026 | 1\u00ba semestre: inscri\u00e7\u00f5es abertas\",\"datePublished\":\"2025-10-15T20:30:50+00:00\",\"dateModified\":\"2025-11-25T02:07:27+00:00\",\"mainEntityOfPage\":{\"@id\":\"https:\\\/\\\/blog.saocamilo-sp.br\\\/index.php\\\/2025\\\/10\\\/15\\\/vestibular-sao-camilo-2026-1o-semestre-inscricoes-abertas\\\/\"},\"wordCount\":720,\"commentCount\":1,\"publisher\":{\"@id\":\"https:\\\/\\\/blog.saocamilo-sp.br\\\/#organization\"},\"image\":{\"@id\":\"https:\\\/\\\/blog.saocamilo-sp.br\\\/index.php\\\/2025\\\/10\\\/15\\\/vestibular-sao-camilo-2026-1o-semestre-inscricoes-abertas\\\/#primaryimage\"},\"thumbnailUrl\":\"https:\\\/\\\/blog.saocamilo-sp.br\\\/wp-content\\\/uploads\\\/2025\\\/10\\\/Vestibular-2026-1-semestre.png\",\"articleSection\":[\"Cursos\"],\"inLanguage\":\"pt-BR\",\"potentialAction\":[{\"@type\":\"CommentAction\",\"name\":\"Comment\",\"target\":[\"https:\\\/\\\/blog.saocamilo-sp.br\\\/index.php\\\/2025\\\/10\\\/15\\\/vestibular-sao-camilo-2026-1o-semestre-inscricoes-abertas\\\/#respond\"]}]},{\"@type\":\"WebPage\",\"@id\":\"https:\\\/\\\/blog.saocamilo-sp.br\\\/index.php\\\/2025\\\/10\\\/15\\\/vestibular-sao-camilo-2026-1o-semestre-inscricoes-abertas\\\/\",\"url\":\"https:\\\/\\\/blog.saocamilo-sp.br\\\/index.php\\\/2025\\\/10\\\/15\\\/vestibular-sao-camilo-2026-1o-semestre-inscricoes-abertas\\\/\",\"name\":\"Vestibular S\u00e3o Camilo 2026 | 1\u00ba semestre: inscri\u00e7\u00f5es abertas\",\"isPartOf\":{\"@id\":\"https:\\\/\\\/blog.saocamilo-sp.br\\\/#website\"},\"primaryImageOfPage\":{\"@id\":\"https:\\\/\\\/blog.saocamilo-sp.br\\\/index.php\\\/2025\\\/10\\\/15\\\/vestibular-sao-camilo-2026-1o-semestre-inscricoes-abertas\\\/#primaryimage\"},\"image\":{\"@id\":\"https:\\\/\\\/blog.saocamilo-sp.br\\\/index.php\\\/2025\\\/10\\\/15\\\/vestibular-sao-camilo-2026-1o-semestre-inscricoes-abertas\\\/#primaryimage\"},\"thumbnailUrl\":\"https:\\\/\\\/blog.saocamilo-sp.br\\\/wp-content\\\/uploads\\\/2025\\\/10\\\/Vestibular-2026-1-semestre.png\",\"datePublished\":\"2025-10-15T20:30:50+00:00\",\"dateModified\":\"2025-11-25T02:07:27+00:00\",\"description\":\"Vestibular S\u00e3o Camilo 2026: saiba como se inscrever, cursos dispon\u00edveis e as formas de ingresso. Gradua\u00e7\u00e3o presencial e EAD nota m\u00e1xima!\",\"breadcrumb\":{\"@id\":\"https:\\\/\\\/blog.saocamilo-sp.br\\\/index.php\\\/2025\\\/10\\\/15\\\/vestibular-sao-camilo-2026-1o-semestre-inscricoes-abertas\\\/#breadcrumb\"},\"inLanguage\":\"pt-BR\",\"potentialAction\":[{\"@type\":\"ReadAction\",\"target\":[\"https:\\\/\\\/blog.saocamilo-sp.br\\\/index.php\\\/2025\\\/10\\\/15\\\/vestibular-sao-camilo-2026-1o-semestre-inscricoes-abertas\\\/\"]}]},{\"@type\":\"ImageObject\",\"inLanguage\":\"pt-BR\",\"@id\":\"https:\\\/\\\/blog.saocamilo-sp.br\\\/index.php\\\/2025\\\/10\\\/15\\\/vestibular-sao-camilo-2026-1o-semestre-inscricoes-abertas\\\/#primaryimage\",\"url\":\"https:\\\/\\\/blog.saocamilo-sp.br\\\/wp-content\\\/uploads\\\/2025\\\/10\\\/Vestibular-2026-1-semestre.png\",\"contentUrl\":\"https:\\\/\\\/blog.saocamilo-sp.br\\\/wp-content\\\/uploads\\\/2025\\\/10\\\/Vestibular-2026-1-semestre.png\",\"width\":600,\"height\":406,\"caption\":\"Vestibular 2026 - 1\u00ba semestre\"},{\"@type\":\"BreadcrumbList\",\"@id\":\"https:\\\/\\\/blog.saocamilo-sp.br\\\/index.php\\\/2025\\\/10\\\/15\\\/vestibular-sao-camilo-2026-1o-semestre-inscricoes-abertas\\\/#breadcrumb\",\"itemListElement\":[{\"@type\":\"ListItem\",\"position\":1,\"name\":\"In\u00edcio\",\"item\":\"https:\\\/\\\/blog.saocamilo-sp.br\\\/\"},{\"@type\":\"ListItem\",\"position\":2,\"name\":\"Vestibular S\u00e3o Camilo 2026 | 1\u00ba semestre: inscri\u00e7\u00f5es abertas\"}]},{\"@type\":\"WebSite\",\"@id\":\"https:\\\/\\\/blog.saocamilo-sp.br\\\/#website\",\"url\":\"https:\\\/\\\/blog.saocamilo-sp.br\\\/\",\"name\":\"Blog S\u00e3o Camilo\",\"description\":\"Blog do Centro Universit\u00e1rio S\u00e3o Camilo\",\"publisher\":{\"@id\":\"https:\\\/\\\/blog.saocamilo-sp.br\\\/#organization\"},\"potentialAction\":[{\"@type\":\"SearchAction\",\"target\":{\"@type\":\"EntryPoint\",\"urlTemplate\":\"https:\\\/\\\/blog.saocamilo-sp.br\\\/?s={search_term_string}\"},\"query-input\":{\"@type\":\"PropertyValueSpecification\",\"valueRequired\":true,\"valueName\":\"search_term_string\"}}],\"inLanguage\":\"pt-BR\"},{\"@type\":\"Organization\",\"@id\":\"https:\\\/\\\/blog.saocamilo-sp.br\\\/#organization\",\"name\":\"Blog S\u00e3o Camilo\",\"url\":\"https:\\\/\\\/blog.saocamilo-sp.br\\\/\",\"logo\":{\"@type\":\"ImageObject\",\"inLanguage\":\"pt-BR\",\"@id\":\"https:\\\/\\\/blog.saocamilo-sp.br\\\/#\\\/schema\\\/logo\\\/image\\\/\",\"url\":\"https:\\\/\\\/blog.saocamilo-sp.br\\\/wp-content\\\/uploads\\\/2021\\\/12\\\/cropped-vazio-logo-topo.png\",\"contentUrl\":\"https:\\\/\\\/blog.saocamilo-sp.br\\\/wp-content\\\/uploads\\\/2021\\\/12\\\/cropped-vazio-logo-topo.png\",\"width\":320,\"height\":240,\"caption\":\"Blog S\u00e3o Camilo\"},\"image\":{\"@id\":\"https:\\\/\\\/blog.saocamilo-sp.br\\\/#\\\/schema\\\/logo\\\/image\\\/\"},\"sameAs\":[\"https:\\\/\\\/www.facebook.com\\\/saocamilosp\",\"https:\\\/\\\/x.com\\\/saocamilosp\",\"https:\\\/\\\/www.linkedin.com\\\/school\\\/centro-universit-rio-s-o-camilo\\\/\"]},{\"@type\":\"Person\",\"@id\":\"https:\\\/\\\/blog.saocamilo-sp.br\\\/#\\\/schema\\\/person\\\/1a99645faaab0bb55105f817e866e19b\",\"name\":\"Leandro Lafr\u00e1gola\",\"image\":{\"@type\":\"ImageObject\",\"inLanguage\":\"pt-BR\",\"@id\":\"https:\\\/\\\/secure.gravatar.com\\\/avatar\\\/ec4232fb8d50d80f1c672353dc4c2876490e6a0a2a33d6572c0ba1fb78f115cf?s=96&d=mm&r=g\",\"url\":\"https:\\\/\\\/secure.gravatar.com\\\/avatar\\\/ec4232fb8d50d80f1c672353dc4c2876490e6a0a2a33d6572c0ba1fb78f115cf?s=96&d=mm&r=g\",\"contentUrl\":\"https:\\\/\\\/secure.gravatar.com\\\/avatar\\\/ec4232fb8d50d80f1c672353dc4c2876490e6a0a2a33d6572c0ba1fb78f115cf?s=96&d=mm&r=g\",\"caption\":\"Leandro Lafr\u00e1gola\"},\"url\":\"https:\\\/\\\/blog.saocamilo-sp.br\\\/index.php\\\/author\\\/llafragola\\\/\"}]}<\/script>\n<!-- \/ Yoast SEO plugin. -->","yoast_head_json":{"title":"Vestibular S\u00e3o Camilo 2026 | 1\u00ba semestre: inscri\u00e7\u00f5es abertas","description":"Vestibular S\u00e3o Camilo 2026: saiba como se inscrever, cursos dispon\u00edveis e as formas de ingresso. Gradua\u00e7\u00e3o presencial e EAD nota m\u00e1xima!","robots":{"index":"index","follow":"follow","max-snippet":"max-snippet:-1","max-image-preview":"max-image-preview:large","max-video-preview":"max-video-preview:-1"},"canonical":"https:\/\/blog.saocamilo-sp.br\/index.php\/2025\/10\/15\/vestibular-sao-camilo-2026-1o-semestre-inscricoes-abertas\/","og_locale":"pt_BR","og_type":"article","og_title":"Vestibular S\u00e3o Camilo 2026 | 1\u00ba semestre: inscri\u00e7\u00f5es abertas","og_description":"Vestibular S\u00e3o Camilo 2026: saiba como se inscrever, cursos dispon\u00edveis e as formas de ingresso. Gradua\u00e7\u00e3o presencial e EAD nota m\u00e1xima!","og_url":"https:\/\/blog.saocamilo-sp.br\/index.php\/2025\/10\/15\/vestibular-sao-camilo-2026-1o-semestre-inscricoes-abertas\/","og_site_name":"Blog S\u00e3o Camilo","article_publisher":"https:\/\/www.facebook.com\/saocamilosp","article_published_time":"2025-10-15T20:30:50+00:00","article_modified_time":"2025-11-25T02:07:27+00:00","og_image":[{"width":600,"height":406,"url":"https:\/\/blog.saocamilo-sp.br\/wp-content\/uploads\/2025\/10\/Vestibular-2026-1-semestre.png","type":"image\/png"}],"author":"Leandro Lafr\u00e1gola","twitter_card":"summary_large_image","twitter_creator":"@saocamilosp","twitter_site":"@saocamilosp","twitter_misc":{"Escrito por":"Leandro Lafr\u00e1gola","Est. tempo de leitura":"4 minutos"},"schema":{"@context":"https:\/\/schema.org","@graph":[{"@type":"Article","@id":"https:\/\/blog.saocamilo-sp.br\/index.php\/2025\/10\/15\/vestibular-sao-camilo-2026-1o-semestre-inscricoes-abertas\/#article","isPartOf":{"@id":"https:\/\/blog.saocamilo-sp.br\/index.php\/2025\/10\/15\/vestibular-sao-camilo-2026-1o-semestre-inscricoes-abertas\/"},"author":{"name":"Leandro Lafr\u00e1gola","@id":"https:\/\/blog.saocamilo-sp.br\/#\/schema\/person\/1a99645faaab0bb55105f817e866e19b"},"headline":"Vestibular S\u00e3o Camilo 2026 | 1\u00ba semestre: inscri\u00e7\u00f5es abertas","datePublished":"2025-10-15T20:30:50+00:00","dateModified":"2025-11-25T02:07:27+00:00","mainEntityOfPage":{"@id":"https:\/\/blog.saocamilo-sp.br\/index.php\/2025\/10\/15\/vestibular-sao-camilo-2026-1o-semestre-inscricoes-abertas\/"},"wordCount":720,"commentCount":1,"publisher":{"@id":"https:\/\/blog.saocamilo-sp.br\/#organization"},"image":{"@id":"https:\/\/blog.saocamilo-sp.br\/index.php\/2025\/10\/15\/vestibular-sao-camilo-2026-1o-semestre-inscricoes-abertas\/#primaryimage"},"thumbnailUrl":"https:\/\/blog.saocamilo-sp.br\/wp-content\/uploads\/2025\/10\/Vestibular-2026-1-semestre.png","articleSection":["Cursos"],"inLanguage":"pt-BR","potentialAction":[{"@type":"CommentAction","name":"Comment","target":["https:\/\/blog.saocamilo-sp.br\/index.php\/2025\/10\/15\/vestibular-sao-camilo-2026-1o-semestre-inscricoes-abertas\/#respond"]}]},{"@type":"WebPage","@id":"https:\/\/blog.saocamilo-sp.br\/index.php\/2025\/10\/15\/vestibular-sao-camilo-2026-1o-semestre-inscricoes-abertas\/","url":"https:\/\/blog.saocamilo-sp.br\/index.php\/2025\/10\/15\/vestibular-sao-camilo-2026-1o-semestre-inscricoes-abertas\/","name":"Vestibular S\u00e3o Camilo 2026 | 1\u00ba semestre: inscri\u00e7\u00f5es abertas","isPartOf":{"@id":"https:\/\/blog.saocamilo-sp.br\/#website"},"primaryImageOfPage":{"@id":"https:\/\/blog.saocamilo-sp.br\/index.php\/2025\/10\/15\/vestibular-sao-camilo-2026-1o-semestre-inscricoes-abertas\/#primaryimage"},"image":{"@id":"https:\/\/blog.saocamilo-sp.br\/index.php\/2025\/10\/15\/vestibular-sao-camilo-2026-1o-semestre-inscricoes-abertas\/#primaryimage"},"thumbnailUrl":"https:\/\/blog.saocamilo-sp.br\/wp-content\/uploads\/2025\/10\/Vestibular-2026-1-semestre.png","datePublished":"2025-10-15T20:30:50+00:00","dateModified":"2025-11-25T02:07:27+00:00","description":"Vestibular S\u00e3o Camilo 2026: saiba como se inscrever, cursos dispon\u00edveis e as formas de ingresso. Gradua\u00e7\u00e3o presencial e EAD nota m\u00e1xima!","breadcrumb":{"@id":"https:\/\/blog.saocamilo-sp.br\/index.php\/2025\/10\/15\/vestibular-sao-camilo-2026-1o-semestre-inscricoes-abertas\/#breadcrumb"},"inLanguage":"pt-BR","potentialAction":[{"@type":"ReadAction","target":["https:\/\/blog.saocamilo-sp.br\/index.php\/2025\/10\/15\/vestibular-sao-camilo-2026-1o-semestre-inscricoes-abertas\/"]}]},{"@type":"ImageObject","inLanguage":"pt-BR","@id":"https:\/\/blog.saocamilo-sp.br\/index.php\/2025\/10\/15\/vestibular-sao-camilo-2026-1o-semestre-inscricoes-abertas\/#primaryimage","url":"https:\/\/blog.saocamilo-sp.br\/wp-content\/uploads\/2025\/10\/Vestibular-2026-1-semestre.png","contentUrl":"https:\/\/blog.saocamilo-sp.br\/wp-content\/uploads\/2025\/10\/Vestibular-2026-1-semestre.png","width":600,"height":406,"caption":"Vestibular 2026 - 1\u00ba semestre"},{"@type":"BreadcrumbList","@id":"https:\/\/blog.saocamilo-sp.br\/index.php\/2025\/10\/15\/vestibular-sao-camilo-2026-1o-semestre-inscricoes-abertas\/#breadcrumb","itemListElement":[{"@type":"ListItem","position":1,"name":"In\u00edcio","item":"https:\/\/blog.saocamilo-sp.br\/"},{"@type":"ListItem","position":2,"name":"Vestibular S\u00e3o Camilo 2026 | 1\u00ba semestre: inscri\u00e7\u00f5es abertas"}]},{"@type":"WebSite","@id":"https:\/\/blog.saocamilo-sp.br\/#website","url":"https:\/\/blog.saocamilo-sp.br\/","name":"Blog S\u00e3o Camilo","description":"Blog do Centro Universit\u00e1rio S\u00e3o Camilo","publisher":{"@id":"https:\/\/blog.saocamilo-sp.br\/#organization"},"potentialAction":[{"@type":"SearchAction","target":{"@type":"EntryPoint","urlTemplate":"https:\/\/blog.saocamilo-sp.br\/?s={search_term_string}"},"query-input":{"@type":"PropertyValueSpecification","valueRequired":true,"valueName":"search_term_string"}}],"inLanguage":"pt-BR"},{"@type":"Organization","@id":"https:\/\/blog.saocamilo-sp.br\/#organization","name":"Blog S\u00e3o Camilo","url":"https:\/\/blog.saocamilo-sp.br\/","logo":{"@type":"ImageObject","inLanguage":"pt-BR","@id":"https:\/\/blog.saocamilo-sp.br\/#\/schema\/logo\/image\/","url":"https:\/\/blog.saocamilo-sp.br\/wp-content\/uploads\/2021\/12\/cropped-vazio-logo-topo.png","contentUrl":"https:\/\/blog.saocamilo-sp.br\/wp-content\/uploads\/2021\/12\/cropped-vazio-logo-topo.png","width":320,"height":240,"caption":"Blog S\u00e3o Camilo"},"image":{"@id":"https:\/\/blog.saocamilo-sp.br\/#\/schema\/logo\/image\/"},"sameAs":["https:\/\/www.facebook.com\/saocamilosp","https:\/\/x.com\/saocamilosp","https:\/\/www.linkedin.com\/school\/centro-universit-rio-s-o-camilo\/"]},{"@type":"Person","@id":"https:\/\/blog.saocamilo-sp.br\/#\/schema\/person\/1a99645faaab0bb55105f817e866e19b","name":"Leandro Lafr\u00e1gola","image":{"@type":"ImageObject","inLanguage":"pt-BR","@id":"https:\/\/secure.gravatar.com\/avatar\/ec4232fb8d50d80f1c672353dc4c2876490e6a0a2a33d6572c0ba1fb78f115cf?s=96&d=mm&r=g","url":"https:\/\/secure.gravatar.com\/avatar\/ec4232fb8d50d80f1c672353dc4c2876490e6a0a2a33d6572c0ba1fb78f115cf?s=96&d=mm&r=g","contentUrl":"https:\/\/secure.gravatar.com\/avatar\/ec4232fb8d50d80f1c672353dc4c2876490e6a0a2a33d6572c0ba1fb78f115cf?s=96&d=mm&r=g","caption":"Leandro Lafr\u00e1gola"},"url":"https:\/\/blog.saocamilo-sp.br\/index.php\/author\/llafragola\/"}]}},"_links":{"self":[{"href":"https:\/\/blog.saocamilo-sp.br\/index.php\/wp-json\/wp\/v2\/posts\/4001","targetHints":{"allow":["GET"]}}],"collection":[{"href":"https:\/\/blog.saocamilo-sp.br\/index.php\/wp-json\/wp\/v2\/posts"}],"about":[{"href":"https:\/\/blog.saocamilo-sp.br\/index.php\/wp-json\/wp\/v2\/types\/post"}],"author":[{"embeddable":true,"href":"https:\/\/blog.saocamilo-sp.br\/index.php\/wp-json\/wp\/v2\/users\/13"}],"replies":[{"embeddable":true,"href":"https:\/\/blog.saocamilo-sp.br\/index.php\/wp-json\/wp\/v2\/comments?post=4001"}],"version-history":[{"count":3,"href":"https:\/\/blog.saocamilo-sp.br\/index.php\/wp-json\/wp\/v2\/posts\/4001\/revisions"}],"predecessor-version":[{"id":4006,"href":"https:\/\/blog.saocamilo-sp.br\/index.php\/wp-json\/wp\/v2\/posts\/4001\/revisions\/4006"}],"wp:featuredmedia":[{"embeddable":true,"href":"https:\/\/blog.saocamilo-sp.br\/index.php\/wp-json\/wp\/v2\/media\/4002"}],"wp:attachment":[{"href":"https:\/\/blog.saocamilo-sp.br\/index.php\/wp-json\/wp\/v2\/media?parent=4001"}],"wp:term":[{"taxonomy":"category","embeddable":true,"href":"https:\/\/blog.saocamilo-sp.br\/index.php\/wp-json\/wp\/v2\/categories?post=4001"},{"taxonomy":"post_tag","embeddable":true,"href":"https:\/\/blog.saocamilo-sp.br\/index.php\/wp-json\/wp\/v2\/tags?post=4001"}],"curies":[{"name":"wp","href":"https:\/\/api.w.org\/{rel}","templated":true}]}}