{"id":4018,"date":"2025-11-03T16:19:58","date_gmt":"2025-11-03T19:19:58","guid":{"rendered":"https:\/\/blog.saocamilo-sp.br\/?p=4018"},"modified":"2025-11-03T16:24:02","modified_gmt":"2025-11-03T19:24:02","slug":"sao-camilo-no-guia-da-faculdade-estadao-quero-educacao-2025","status":"publish","type":"post","link":"https:\/\/blog.saocamilo-sp.br\/index.php\/2025\/11\/03\/sao-camilo-no-guia-da-faculdade-estadao-quero-educacao-2025\/","title":{"rendered":"S\u00e3o Camilo no Guia da Faculdade Estad\u00e3o\/Quero Educa\u00e7\u00e3o 2025"},"content":{"rendered":"\n<p>O <a href=\"https:\/\/saocamilo-sp.br\/\">Centro Universit\u00e1rio S\u00e3o Camilo<\/a> <strong>conquistou mais uma importante marca acad\u00eamica<\/strong>: ao todo, dez cursos da institui\u00e7\u00e3o <strong>receberam estrelas<\/strong> na edi\u00e7\u00e3o 2025 do <strong>Guia da Faculdade<\/strong>, uma das principais avalia\u00e7\u00f5es de qualidade do ensino superior brasileiro. O <strong>Estad\u00e3o<\/strong> e a <strong>Quero Educa\u00e7\u00e3o<\/strong> realizam essa avalia\u00e7\u00e3o anualmente para reconhecer as institui\u00e7\u00f5es de destaque no pa\u00eds.<\/p>\n\n\n\n<p><strong>Al\u00e9m disso<\/strong>, o resultado <strong>reflete o compromisso da S\u00e3o Camilo<\/strong> com a excel\u00eancia no ensino, a qualifica\u00e7\u00e3o de seu corpo docente e a atualiza\u00e7\u00e3o constante de seus projetos pedag\u00f3gicos e da infraestrutura.<\/p>\n\n\n\n<h3 class=\"wp-block-heading\">Cursos estrelados da S\u00e3o Camilo em 2025<\/h3>\n\n\n\n<p><strong>Presenciais<\/strong><\/p>\n\n\n\n<ul class=\"wp-block-list\">\n<li><strong><a href=\"https:\/\/saocamilo-sp.br\/cursos-graduacao\/biomedicina\/\">Biomedicina<\/a> (Bacharelado)<\/strong> \u2013 \u2605\u2605\u2605\u2605<\/li>\n\n\n\n<li><strong><a href=\"https:\/\/saocamilo-sp.br\/cursos-graduacao\/enfermagem\/\">Enfermagem<\/a> (Bacharelado)<\/strong> \u2013 \u2605\u2605\u2605\u2605<\/li>\n\n\n\n<li><strong><a href=\"https:\/\/saocamilo-sp.br\/cursos-graduacao\/farmacia\/\">Farm\u00e1cia<\/a> (Bacharelado)<\/strong> \u2013 \u2605\u2605\u2605<\/li>\n\n\n\n<li><strong><a href=\"https:\/\/saocamilo-sp.br\/cursos-graduacao\/fisioterapia\/\">Fisioterapia<\/a> (Bacharelado)<\/strong> \u2013 \u2605\u2605\u2605\u2605<\/li>\n\n\n\n<li><strong><a href=\"https:\/\/saocamilo-sp.br\/cursos-graduacao\/medicina\/\">Medicina<\/a> (Bacharelado)<\/strong> \u2013 \u2605\u2605\u2605\u2605<\/li>\n\n\n\n<li><strong><a href=\"https:\/\/saocamilo-sp.br\/cursos-graduacao\/nutricao\/\">Nutri\u00e7\u00e3o<\/a> (Bacharelado)<\/strong> \u2013 \u2605\u2605\u2605\u2605<\/li>\n\n\n\n<li><strong><a href=\"https:\/\/saocamilo-sp.br\/cursos-graduacao\/psicologia\/\">Psicologia<\/a> (Bacharelado)<\/strong> \u2013 \u2605\u2605\u2605\u2605<\/li>\n<\/ul>\n\n\n\n<p><strong>EaD<\/strong><\/p>\n\n\n\n<ul class=\"wp-block-list\">\n<li><strong><a href=\"https:\/\/saocamilo-sp.br\/cursos-graduacao\/gestao-hospitalar\/\">Gest\u00e3o Hospitalar<\/a> (Tecnol\u00f3gico)<\/strong> \u2013 \u2605\u2605\u2605\u2605<\/li>\n\n\n\n<li><strong><a href=\"https:\/\/saocamilo-sp.br\/cursos-graduacao\/marketing\/\">Marketing<\/a> (Tecnol\u00f3gico)<\/strong> \u2013 \u2605\u2605\u2605\u2605<\/li>\n\n\n\n<li><strong><a href=\"https:\/\/saocamilo-sp.br\/cursos-graduacao\/pedagogia\/\">Pedagogia<\/a> (Licenciatura)<\/strong> \u2013 \u2605\u2605\u2605\u2605<\/li>\n<\/ul>\n\n\n\n<p><strong>Como resultado<\/strong>, a S\u00e3o Camilo <strong>se destaca entre as institui\u00e7\u00f5es mais bem avaliadas do pa\u00eds<\/strong> em suas \u00e1reas de atua\u00e7\u00e3o. Essa conquista <strong>reafirma<\/strong>, assim, o compromisso da institui\u00e7\u00e3o com a <strong>forma\u00e7\u00e3o integral do aluno<\/strong>, <strong>unindo<\/strong> conhecimento t\u00e9cnico, humaniza\u00e7\u00e3o e prop\u00f3sito.<\/p>\n\n\n\n<hr class=\"wp-block-separator has-alpha-channel-opacity\"\/>\n\n\n\n<h3 class=\"wp-block-heading\">O que \u00e9 o Guia da Faculdade?<\/h3>\n\n\n\n<p><strong>Criado pelo Estad\u00e3o em parceria com a Quero Educa\u00e7\u00e3o<\/strong>, o Guia da Faculdade \u00e9 um dos mais amplos levantamentos de qualidade do ensino superior no Brasil. <strong>Em 2025<\/strong>, mais de 22 mil cursos foram avaliados por 12 mil professores e coordenadores, <strong>em um processo que se baseia na avalia\u00e7\u00e3o por pares<\/strong> e <strong>considera tr\u00eas pilares principais<\/strong>:<\/p>\n\n\n\n<ul class=\"wp-block-list\">\n<li><strong>Corpo docente:<\/strong> qualifica\u00e7\u00e3o e titula\u00e7\u00e3o dos professores;<\/li>\n\n\n\n<li><strong>Projeto pedag\u00f3gico:<\/strong> inova\u00e7\u00e3o e relev\u00e2ncia das pr\u00e1ticas de ensino;<\/li>\n\n\n\n<li><strong>Infraestrutura:<\/strong> qualidade dos laborat\u00f3rios, cl\u00ednicas, bibliotecas e recursos did\u00e1ticos.<\/li>\n<\/ul>\n\n\n\n<p><strong>Al\u00e9m disso<\/strong>, cada curso recebe notas de 1 a 5, que s\u00e3o transformadas em estrelas. <strong>Dessa forma<\/strong>, as gradua\u00e7\u00f5es que alcan\u00e7am 3, 4 ou 5 estrelas <strong>se destacam nacionalmente<\/strong> pela qualidade acad\u00eamica e pela reputa\u00e7\u00e3o entre especialistas da \u00e1rea.<\/p>\n\n\n\n<h3 class=\"wp-block-heading\">Compromisso cont\u00ednuo com a qualidade<\/h3>\n\n\n\n<p><strong>O Centro Universit\u00e1rio S\u00e3o Camilo reconhece<\/strong> que essa conquista <strong>resulta do trabalho conjunto<\/strong> de docentes, coordenadores, t\u00e9cnicos e gestores, que <strong>atuam diariamente para oferecer<\/strong> uma forma\u00e7\u00e3o s\u00f3lida e humanista. <strong>Al\u00e9m disso<\/strong>, o resultado <strong>refor\u00e7a o prop\u00f3sito da institui\u00e7\u00e3o de educar para a vida<\/strong>, formando profissionais \u00e9ticos, competentes e comprometidos com o bem-estar social.<\/p>\n\n\n\n<p><strong>Por fim<\/strong>, o destaque no <strong>Guia da Faculdade 2025<\/strong> <strong>estimula a S\u00e3o Camilo a buscar continuamente a melhoria<\/strong>, <strong>mantendo padr\u00f5es de excel\u00eancia acad\u00eamica<\/strong>, <strong>investindo em pesquisa e inova\u00e7\u00e3o<\/strong> e <strong>fortalecendo o protagonismo dos estudantes<\/strong>.<\/p>\n\n\n\n<p>Veja tamb\u00e9m:<br><a href=\"https:\/\/blog.saocamilo-sp.br\/index.php\/2025\/10\/10\/premio-crn-3-jovem-sao-camilo-1-lugar-e-mencao-honrosa-2025\/\">Pr\u00eamio CRN-3: S\u00e3o Camilo conquista o 1\u00ba lugar e men\u00e7\u00e3o honrosa<\/a><br><a href=\"https:\/\/blog.saocamilo-sp.br\/index.php\/2025\/04\/11\/mec\/\">MEC: S\u00e3o Camilo se destaca nas avalia\u00e7\u00f5es dos cursos<\/a><br><\/p>\n","protected":false},"excerpt":{"rendered":"<p>S\u00e3o Camilo refor\u00e7a sua excel\u00eancia acad\u00eamica com 10 cursos estrelados no Guia da Faculdade 2025 Estad\u00e3o\/Quero Educa\u00e7\u00e3o.<\/p>\n","protected":false},"author":11,"featured_media":4024,"comment_status":"open","ping_status":"open","sticky":false,"template":"","format":"standard","meta":{"cybocfi_hide_featured_image":"","footnotes":""},"categories":[1,91],"tags":[167],"class_list":["post-4018","post","type-post","status-publish","format-standard","has-post-thumbnail","hentry","category-cursos","category-institucional","tag-guia-da-faculdade-estadao"],"yoast_head":"<!-- This site is optimized with the Yoast SEO plugin v27.5 - https:\/\/yoast.com\/product\/yoast-seo-wordpress\/ -->\n<title>S\u00e3o Camilo no Guia da Faculdade Estad\u00e3o\/Quero Educa\u00e7\u00e3o 2025 - Blog S\u00e3o Camilo<\/title>\n<meta name=\"description\" content=\"S\u00e3o Camilo refor\u00e7a sua excel\u00eancia acad\u00eamica com 10 cursos estrelados no Guia da Faculdade 2025 Estad\u00e3o\/Quero Educa\u00e7\u00e3o.\" \/>\n<meta name=\"robots\" content=\"index, follow, max-snippet:-1, max-image-preview:large, max-video-preview:-1\" \/>\n<link rel=\"canonical\" href=\"https:\/\/blog.saocamilo-sp.br\/index.php\/2025\/11\/03\/sao-camilo-no-guia-da-faculdade-estadao-quero-educacao-2025\/\" \/>\n<meta property=\"og:locale\" content=\"pt_BR\" \/>\n<meta property=\"og:type\" content=\"article\" \/>\n<meta property=\"og:title\" content=\"S\u00e3o Camilo no Guia da Faculdade Estad\u00e3o\/Quero Educa\u00e7\u00e3o 2025 - Blog S\u00e3o Camilo\" \/>\n<meta property=\"og:description\" content=\"S\u00e3o Camilo refor\u00e7a sua excel\u00eancia acad\u00eamica com 10 cursos estrelados no Guia da Faculdade 2025 Estad\u00e3o\/Quero Educa\u00e7\u00e3o.\" \/>\n<meta property=\"og:url\" content=\"https:\/\/blog.saocamilo-sp.br\/index.php\/2025\/11\/03\/sao-camilo-no-guia-da-faculdade-estadao-quero-educacao-2025\/\" \/>\n<meta property=\"og:site_name\" content=\"Blog S\u00e3o Camilo\" \/>\n<meta property=\"article:publisher\" content=\"https:\/\/www.facebook.com\/saocamilosp\" \/>\n<meta property=\"article:published_time\" content=\"2025-11-03T19:19:58+00:00\" \/>\n<meta property=\"article:modified_time\" content=\"2025-11-03T19:24:02+00:00\" \/>\n<meta property=\"og:image\" content=\"https:\/\/blog.saocamilo-sp.br\/wp-content\/uploads\/2025\/11\/Sao-Camilo-Guia-da-Faculdade-do-Estadao-2025-39-estrelas.png\" \/>\n\t<meta property=\"og:image:width\" content=\"600\" \/>\n\t<meta property=\"og:image:height\" content=\"406\" \/>\n\t<meta property=\"og:image:type\" content=\"image\/png\" \/>\n<meta name=\"author\" content=\"Christopher Oliveira dos Reis\" \/>\n<meta name=\"twitter:card\" content=\"summary_large_image\" \/>\n<meta name=\"twitter:creator\" content=\"@saocamilosp\" \/>\n<meta name=\"twitter:site\" content=\"@saocamilosp\" \/>\n<meta name=\"twitter:label1\" content=\"Escrito por\" \/>\n\t<meta name=\"twitter:data1\" content=\"Christopher Oliveira dos Reis\" \/>\n\t<meta name=\"twitter:label2\" content=\"Est. tempo de leitura\" \/>\n\t<meta name=\"twitter:data2\" content=\"3 minutos\" \/>\n<script type=\"application\/ld+json\" class=\"yoast-schema-graph\">{\"@context\":\"https:\\\/\\\/schema.org\",\"@graph\":[{\"@type\":\"Article\",\"@id\":\"https:\\\/\\\/blog.saocamilo-sp.br\\\/index.php\\\/2025\\\/11\\\/03\\\/sao-camilo-no-guia-da-faculdade-estadao-quero-educacao-2025\\\/#article\",\"isPartOf\":{\"@id\":\"https:\\\/\\\/blog.saocamilo-sp.br\\\/index.php\\\/2025\\\/11\\\/03\\\/sao-camilo-no-guia-da-faculdade-estadao-quero-educacao-2025\\\/\"},\"author\":{\"name\":\"Christopher Oliveira dos Reis\",\"@id\":\"https:\\\/\\\/blog.saocamilo-sp.br\\\/#\\\/schema\\\/person\\\/7dce5f342af0848eb2f06778b2737904\"},\"headline\":\"S\u00e3o Camilo no Guia da Faculdade Estad\u00e3o\\\/Quero Educa\u00e7\u00e3o 2025\",\"datePublished\":\"2025-11-03T19:19:58+00:00\",\"dateModified\":\"2025-11-03T19:24:02+00:00\",\"mainEntityOfPage\":{\"@id\":\"https:\\\/\\\/blog.saocamilo-sp.br\\\/index.php\\\/2025\\\/11\\\/03\\\/sao-camilo-no-guia-da-faculdade-estadao-quero-educacao-2025\\\/\"},\"wordCount\":467,\"commentCount\":0,\"publisher\":{\"@id\":\"https:\\\/\\\/blog.saocamilo-sp.br\\\/#organization\"},\"image\":{\"@id\":\"https:\\\/\\\/blog.saocamilo-sp.br\\\/index.php\\\/2025\\\/11\\\/03\\\/sao-camilo-no-guia-da-faculdade-estadao-quero-educacao-2025\\\/#primaryimage\"},\"thumbnailUrl\":\"https:\\\/\\\/blog.saocamilo-sp.br\\\/wp-content\\\/uploads\\\/2025\\\/11\\\/Sao-Camilo-Guia-da-Faculdade-do-Estadao-2025-39-estrelas.png\",\"keywords\":[\"Guia da Faculdade Estad\u00e3o\"],\"articleSection\":[\"Cursos\",\"Institucional\"],\"inLanguage\":\"pt-BR\",\"potentialAction\":[{\"@type\":\"CommentAction\",\"name\":\"Comment\",\"target\":[\"https:\\\/\\\/blog.saocamilo-sp.br\\\/index.php\\\/2025\\\/11\\\/03\\\/sao-camilo-no-guia-da-faculdade-estadao-quero-educacao-2025\\\/#respond\"]}]},{\"@type\":\"WebPage\",\"@id\":\"https:\\\/\\\/blog.saocamilo-sp.br\\\/index.php\\\/2025\\\/11\\\/03\\\/sao-camilo-no-guia-da-faculdade-estadao-quero-educacao-2025\\\/\",\"url\":\"https:\\\/\\\/blog.saocamilo-sp.br\\\/index.php\\\/2025\\\/11\\\/03\\\/sao-camilo-no-guia-da-faculdade-estadao-quero-educacao-2025\\\/\",\"name\":\"S\u00e3o Camilo no Guia da Faculdade Estad\u00e3o\\\/Quero Educa\u00e7\u00e3o 2025 - Blog S\u00e3o Camilo\",\"isPartOf\":{\"@id\":\"https:\\\/\\\/blog.saocamilo-sp.br\\\/#website\"},\"primaryImageOfPage\":{\"@id\":\"https:\\\/\\\/blog.saocamilo-sp.br\\\/index.php\\\/2025\\\/11\\\/03\\\/sao-camilo-no-guia-da-faculdade-estadao-quero-educacao-2025\\\/#primaryimage\"},\"image\":{\"@id\":\"https:\\\/\\\/blog.saocamilo-sp.br\\\/index.php\\\/2025\\\/11\\\/03\\\/sao-camilo-no-guia-da-faculdade-estadao-quero-educacao-2025\\\/#primaryimage\"},\"thumbnailUrl\":\"https:\\\/\\\/blog.saocamilo-sp.br\\\/wp-content\\\/uploads\\\/2025\\\/11\\\/Sao-Camilo-Guia-da-Faculdade-do-Estadao-2025-39-estrelas.png\",\"datePublished\":\"2025-11-03T19:19:58+00:00\",\"dateModified\":\"2025-11-03T19:24:02+00:00\",\"description\":\"S\u00e3o Camilo refor\u00e7a sua excel\u00eancia acad\u00eamica com 10 cursos estrelados no Guia da Faculdade 2025 Estad\u00e3o\\\/Quero Educa\u00e7\u00e3o.\",\"breadcrumb\":{\"@id\":\"https:\\\/\\\/blog.saocamilo-sp.br\\\/index.php\\\/2025\\\/11\\\/03\\\/sao-camilo-no-guia-da-faculdade-estadao-quero-educacao-2025\\\/#breadcrumb\"},\"inLanguage\":\"pt-BR\",\"potentialAction\":[{\"@type\":\"ReadAction\",\"target\":[\"https:\\\/\\\/blog.saocamilo-sp.br\\\/index.php\\\/2025\\\/11\\\/03\\\/sao-camilo-no-guia-da-faculdade-estadao-quero-educacao-2025\\\/\"]}]},{\"@type\":\"ImageObject\",\"inLanguage\":\"pt-BR\",\"@id\":\"https:\\\/\\\/blog.saocamilo-sp.br\\\/index.php\\\/2025\\\/11\\\/03\\\/sao-camilo-no-guia-da-faculdade-estadao-quero-educacao-2025\\\/#primaryimage\",\"url\":\"https:\\\/\\\/blog.saocamilo-sp.br\\\/wp-content\\\/uploads\\\/2025\\\/11\\\/Sao-Camilo-Guia-da-Faculdade-do-Estadao-2025-39-estrelas.png\",\"contentUrl\":\"https:\\\/\\\/blog.saocamilo-sp.br\\\/wp-content\\\/uploads\\\/2025\\\/11\\\/Sao-Camilo-Guia-da-Faculdade-do-Estadao-2025-39-estrelas.png\",\"width\":600,\"height\":406,\"caption\":\"Refor\u00e7ando a excel\u00eancia acad\u00eamica\"},{\"@type\":\"BreadcrumbList\",\"@id\":\"https:\\\/\\\/blog.saocamilo-sp.br\\\/index.php\\\/2025\\\/11\\\/03\\\/sao-camilo-no-guia-da-faculdade-estadao-quero-educacao-2025\\\/#breadcrumb\",\"itemListElement\":[{\"@type\":\"ListItem\",\"position\":1,\"name\":\"In\u00edcio\",\"item\":\"https:\\\/\\\/blog.saocamilo-sp.br\\\/\"},{\"@type\":\"ListItem\",\"position\":2,\"name\":\"S\u00e3o Camilo no Guia da Faculdade Estad\u00e3o\\\/Quero Educa\u00e7\u00e3o 2025\"}]},{\"@type\":\"WebSite\",\"@id\":\"https:\\\/\\\/blog.saocamilo-sp.br\\\/#website\",\"url\":\"https:\\\/\\\/blog.saocamilo-sp.br\\\/\",\"name\":\"Blog S\u00e3o Camilo\",\"description\":\"Blog do Centro Universit\u00e1rio S\u00e3o Camilo\",\"publisher\":{\"@id\":\"https:\\\/\\\/blog.saocamilo-sp.br\\\/#organization\"},\"potentialAction\":[{\"@type\":\"SearchAction\",\"target\":{\"@type\":\"EntryPoint\",\"urlTemplate\":\"https:\\\/\\\/blog.saocamilo-sp.br\\\/?s={search_term_string}\"},\"query-input\":{\"@type\":\"PropertyValueSpecification\",\"valueRequired\":true,\"valueName\":\"search_term_string\"}}],\"inLanguage\":\"pt-BR\"},{\"@type\":\"Organization\",\"@id\":\"https:\\\/\\\/blog.saocamilo-sp.br\\\/#organization\",\"name\":\"Blog S\u00e3o Camilo\",\"url\":\"https:\\\/\\\/blog.saocamilo-sp.br\\\/\",\"logo\":{\"@type\":\"ImageObject\",\"inLanguage\":\"pt-BR\",\"@id\":\"https:\\\/\\\/blog.saocamilo-sp.br\\\/#\\\/schema\\\/logo\\\/image\\\/\",\"url\":\"https:\\\/\\\/blog.saocamilo-sp.br\\\/wp-content\\\/uploads\\\/2021\\\/12\\\/cropped-vazio-logo-topo.png\",\"contentUrl\":\"https:\\\/\\\/blog.saocamilo-sp.br\\\/wp-content\\\/uploads\\\/2021\\\/12\\\/cropped-vazio-logo-topo.png\",\"width\":320,\"height\":240,\"caption\":\"Blog S\u00e3o Camilo\"},\"image\":{\"@id\":\"https:\\\/\\\/blog.saocamilo-sp.br\\\/#\\\/schema\\\/logo\\\/image\\\/\"},\"sameAs\":[\"https:\\\/\\\/www.facebook.com\\\/saocamilosp\",\"https:\\\/\\\/x.com\\\/saocamilosp\",\"https:\\\/\\\/www.linkedin.com\\\/school\\\/centro-universit-rio-s-o-camilo\\\/\"]},{\"@type\":\"Person\",\"@id\":\"https:\\\/\\\/blog.saocamilo-sp.br\\\/#\\\/schema\\\/person\\\/7dce5f342af0848eb2f06778b2737904\",\"name\":\"Christopher Oliveira dos Reis\",\"image\":{\"@type\":\"ImageObject\",\"inLanguage\":\"pt-BR\",\"@id\":\"https:\\\/\\\/secure.gravatar.com\\\/avatar\\\/b09a1361215d06f22999124838358b6855376e2b7287de883b723960b0c03f82?s=96&d=mm&r=g\",\"url\":\"https:\\\/\\\/secure.gravatar.com\\\/avatar\\\/b09a1361215d06f22999124838358b6855376e2b7287de883b723960b0c03f82?s=96&d=mm&r=g\",\"contentUrl\":\"https:\\\/\\\/secure.gravatar.com\\\/avatar\\\/b09a1361215d06f22999124838358b6855376e2b7287de883b723960b0c03f82?s=96&d=mm&r=g\",\"caption\":\"Christopher Oliveira dos Reis\"},\"url\":\"https:\\\/\\\/blog.saocamilo-sp.br\\\/index.php\\\/author\\\/christopher-reis\\\/\"}]}<\/script>\n<!-- \/ Yoast SEO plugin. -->","yoast_head_json":{"title":"S\u00e3o Camilo no Guia da Faculdade Estad\u00e3o\/Quero Educa\u00e7\u00e3o 2025 - Blog S\u00e3o Camilo","description":"S\u00e3o Camilo refor\u00e7a sua excel\u00eancia acad\u00eamica com 10 cursos estrelados no Guia da Faculdade 2025 Estad\u00e3o\/Quero Educa\u00e7\u00e3o.","robots":{"index":"index","follow":"follow","max-snippet":"max-snippet:-1","max-image-preview":"max-image-preview:large","max-video-preview":"max-video-preview:-1"},"canonical":"https:\/\/blog.saocamilo-sp.br\/index.php\/2025\/11\/03\/sao-camilo-no-guia-da-faculdade-estadao-quero-educacao-2025\/","og_locale":"pt_BR","og_type":"article","og_title":"S\u00e3o Camilo no Guia da Faculdade Estad\u00e3o\/Quero Educa\u00e7\u00e3o 2025 - Blog S\u00e3o Camilo","og_description":"S\u00e3o Camilo refor\u00e7a sua excel\u00eancia acad\u00eamica com 10 cursos estrelados no Guia da Faculdade 2025 Estad\u00e3o\/Quero Educa\u00e7\u00e3o.","og_url":"https:\/\/blog.saocamilo-sp.br\/index.php\/2025\/11\/03\/sao-camilo-no-guia-da-faculdade-estadao-quero-educacao-2025\/","og_site_name":"Blog S\u00e3o Camilo","article_publisher":"https:\/\/www.facebook.com\/saocamilosp","article_published_time":"2025-11-03T19:19:58+00:00","article_modified_time":"2025-11-03T19:24:02+00:00","og_image":[{"width":600,"height":406,"url":"https:\/\/blog.saocamilo-sp.br\/wp-content\/uploads\/2025\/11\/Sao-Camilo-Guia-da-Faculdade-do-Estadao-2025-39-estrelas.png","type":"image\/png"}],"author":"Christopher Oliveira dos Reis","twitter_card":"summary_large_image","twitter_creator":"@saocamilosp","twitter_site":"@saocamilosp","twitter_misc":{"Escrito por":"Christopher Oliveira dos Reis","Est. tempo de leitura":"3 minutos"},"schema":{"@context":"https:\/\/schema.org","@graph":[{"@type":"Article","@id":"https:\/\/blog.saocamilo-sp.br\/index.php\/2025\/11\/03\/sao-camilo-no-guia-da-faculdade-estadao-quero-educacao-2025\/#article","isPartOf":{"@id":"https:\/\/blog.saocamilo-sp.br\/index.php\/2025\/11\/03\/sao-camilo-no-guia-da-faculdade-estadao-quero-educacao-2025\/"},"author":{"name":"Christopher Oliveira dos Reis","@id":"https:\/\/blog.saocamilo-sp.br\/#\/schema\/person\/7dce5f342af0848eb2f06778b2737904"},"headline":"S\u00e3o Camilo no Guia da Faculdade Estad\u00e3o\/Quero Educa\u00e7\u00e3o 2025","datePublished":"2025-11-03T19:19:58+00:00","dateModified":"2025-11-03T19:24:02+00:00","mainEntityOfPage":{"@id":"https:\/\/blog.saocamilo-sp.br\/index.php\/2025\/11\/03\/sao-camilo-no-guia-da-faculdade-estadao-quero-educacao-2025\/"},"wordCount":467,"commentCount":0,"publisher":{"@id":"https:\/\/blog.saocamilo-sp.br\/#organization"},"image":{"@id":"https:\/\/blog.saocamilo-sp.br\/index.php\/2025\/11\/03\/sao-camilo-no-guia-da-faculdade-estadao-quero-educacao-2025\/#primaryimage"},"thumbnailUrl":"https:\/\/blog.saocamilo-sp.br\/wp-content\/uploads\/2025\/11\/Sao-Camilo-Guia-da-Faculdade-do-Estadao-2025-39-estrelas.png","keywords":["Guia da Faculdade Estad\u00e3o"],"articleSection":["Cursos","Institucional"],"inLanguage":"pt-BR","potentialAction":[{"@type":"CommentAction","name":"Comment","target":["https:\/\/blog.saocamilo-sp.br\/index.php\/2025\/11\/03\/sao-camilo-no-guia-da-faculdade-estadao-quero-educacao-2025\/#respond"]}]},{"@type":"WebPage","@id":"https:\/\/blog.saocamilo-sp.br\/index.php\/2025\/11\/03\/sao-camilo-no-guia-da-faculdade-estadao-quero-educacao-2025\/","url":"https:\/\/blog.saocamilo-sp.br\/index.php\/2025\/11\/03\/sao-camilo-no-guia-da-faculdade-estadao-quero-educacao-2025\/","name":"S\u00e3o Camilo no Guia da Faculdade Estad\u00e3o\/Quero Educa\u00e7\u00e3o 2025 - Blog S\u00e3o Camilo","isPartOf":{"@id":"https:\/\/blog.saocamilo-sp.br\/#website"},"primaryImageOfPage":{"@id":"https:\/\/blog.saocamilo-sp.br\/index.php\/2025\/11\/03\/sao-camilo-no-guia-da-faculdade-estadao-quero-educacao-2025\/#primaryimage"},"image":{"@id":"https:\/\/blog.saocamilo-sp.br\/index.php\/2025\/11\/03\/sao-camilo-no-guia-da-faculdade-estadao-quero-educacao-2025\/#primaryimage"},"thumbnailUrl":"https:\/\/blog.saocamilo-sp.br\/wp-content\/uploads\/2025\/11\/Sao-Camilo-Guia-da-Faculdade-do-Estadao-2025-39-estrelas.png","datePublished":"2025-11-03T19:19:58+00:00","dateModified":"2025-11-03T19:24:02+00:00","description":"S\u00e3o Camilo refor\u00e7a sua excel\u00eancia acad\u00eamica com 10 cursos estrelados no Guia da Faculdade 2025 Estad\u00e3o\/Quero Educa\u00e7\u00e3o.","breadcrumb":{"@id":"https:\/\/blog.saocamilo-sp.br\/index.php\/2025\/11\/03\/sao-camilo-no-guia-da-faculdade-estadao-quero-educacao-2025\/#breadcrumb"},"inLanguage":"pt-BR","potentialAction":[{"@type":"ReadAction","target":["https:\/\/blog.saocamilo-sp.br\/index.php\/2025\/11\/03\/sao-camilo-no-guia-da-faculdade-estadao-quero-educacao-2025\/"]}]},{"@type":"ImageObject","inLanguage":"pt-BR","@id":"https:\/\/blog.saocamilo-sp.br\/index.php\/2025\/11\/03\/sao-camilo-no-guia-da-faculdade-estadao-quero-educacao-2025\/#primaryimage","url":"https:\/\/blog.saocamilo-sp.br\/wp-content\/uploads\/2025\/11\/Sao-Camilo-Guia-da-Faculdade-do-Estadao-2025-39-estrelas.png","contentUrl":"https:\/\/blog.saocamilo-sp.br\/wp-content\/uploads\/2025\/11\/Sao-Camilo-Guia-da-Faculdade-do-Estadao-2025-39-estrelas.png","width":600,"height":406,"caption":"Refor\u00e7ando a excel\u00eancia acad\u00eamica"},{"@type":"BreadcrumbList","@id":"https:\/\/blog.saocamilo-sp.br\/index.php\/2025\/11\/03\/sao-camilo-no-guia-da-faculdade-estadao-quero-educacao-2025\/#breadcrumb","itemListElement":[{"@type":"ListItem","position":1,"name":"In\u00edcio","item":"https:\/\/blog.saocamilo-sp.br\/"},{"@type":"ListItem","position":2,"name":"S\u00e3o Camilo no Guia da Faculdade Estad\u00e3o\/Quero Educa\u00e7\u00e3o 2025"}]},{"@type":"WebSite","@id":"https:\/\/blog.saocamilo-sp.br\/#website","url":"https:\/\/blog.saocamilo-sp.br\/","name":"Blog S\u00e3o Camilo","description":"Blog do Centro Universit\u00e1rio S\u00e3o Camilo","publisher":{"@id":"https:\/\/blog.saocamilo-sp.br\/#organization"},"potentialAction":[{"@type":"SearchAction","target":{"@type":"EntryPoint","urlTemplate":"https:\/\/blog.saocamilo-sp.br\/?s={search_term_string}"},"query-input":{"@type":"PropertyValueSpecification","valueRequired":true,"valueName":"search_term_string"}}],"inLanguage":"pt-BR"},{"@type":"Organization","@id":"https:\/\/blog.saocamilo-sp.br\/#organization","name":"Blog S\u00e3o Camilo","url":"https:\/\/blog.saocamilo-sp.br\/","logo":{"@type":"ImageObject","inLanguage":"pt-BR","@id":"https:\/\/blog.saocamilo-sp.br\/#\/schema\/logo\/image\/","url":"https:\/\/blog.saocamilo-sp.br\/wp-content\/uploads\/2021\/12\/cropped-vazio-logo-topo.png","contentUrl":"https:\/\/blog.saocamilo-sp.br\/wp-content\/uploads\/2021\/12\/cropped-vazio-logo-topo.png","width":320,"height":240,"caption":"Blog S\u00e3o Camilo"},"image":{"@id":"https:\/\/blog.saocamilo-sp.br\/#\/schema\/logo\/image\/"},"sameAs":["https:\/\/www.facebook.com\/saocamilosp","https:\/\/x.com\/saocamilosp","https:\/\/www.linkedin.com\/school\/centro-universit-rio-s-o-camilo\/"]},{"@type":"Person","@id":"https:\/\/blog.saocamilo-sp.br\/#\/schema\/person\/7dce5f342af0848eb2f06778b2737904","name":"Christopher Oliveira dos Reis","image":{"@type":"ImageObject","inLanguage":"pt-BR","@id":"https:\/\/secure.gravatar.com\/avatar\/b09a1361215d06f22999124838358b6855376e2b7287de883b723960b0c03f82?s=96&d=mm&r=g","url":"https:\/\/secure.gravatar.com\/avatar\/b09a1361215d06f22999124838358b6855376e2b7287de883b723960b0c03f82?s=96&d=mm&r=g","contentUrl":"https:\/\/secure.gravatar.com\/avatar\/b09a1361215d06f22999124838358b6855376e2b7287de883b723960b0c03f82?s=96&d=mm&r=g","caption":"Christopher Oliveira dos Reis"},"url":"https:\/\/blog.saocamilo-sp.br\/index.php\/author\/christopher-reis\/"}]}},"_links":{"self":[{"href":"https:\/\/blog.saocamilo-sp.br\/index.php\/wp-json\/wp\/v2\/posts\/4018","targetHints":{"allow":["GET"]}}],"collection":[{"href":"https:\/\/blog.saocamilo-sp.br\/index.php\/wp-json\/wp\/v2\/posts"}],"about":[{"href":"https:\/\/blog.saocamilo-sp.br\/index.php\/wp-json\/wp\/v2\/types\/post"}],"author":[{"embeddable":true,"href":"https:\/\/blog.saocamilo-sp.br\/index.php\/wp-json\/wp\/v2\/users\/11"}],"replies":[{"embeddable":true,"href":"https:\/\/blog.saocamilo-sp.br\/index.php\/wp-json\/wp\/v2\/comments?post=4018"}],"version-history":[{"count":4,"href":"https:\/\/blog.saocamilo-sp.br\/index.php\/wp-json\/wp\/v2\/posts\/4018\/revisions"}],"predecessor-version":[{"id":4031,"href":"https:\/\/blog.saocamilo-sp.br\/index.php\/wp-json\/wp\/v2\/posts\/4018\/revisions\/4031"}],"wp:featuredmedia":[{"embeddable":true,"href":"https:\/\/blog.saocamilo-sp.br\/index.php\/wp-json\/wp\/v2\/media\/4024"}],"wp:attachment":[{"href":"https:\/\/blog.saocamilo-sp.br\/index.php\/wp-json\/wp\/v2\/media?parent=4018"}],"wp:term":[{"taxonomy":"category","embeddable":true,"href":"https:\/\/blog.saocamilo-sp.br\/index.php\/wp-json\/wp\/v2\/categories?post=4018"},{"taxonomy":"post_tag","embeddable":true,"href":"https:\/\/blog.saocamilo-sp.br\/index.php\/wp-json\/wp\/v2\/tags?post=4018"}],"curies":[{"name":"wp","href":"https:\/\/api.w.org\/{rel}","templated":true}]}}