{"id":4023,"date":"2025-11-05T12:43:01","date_gmt":"2025-11-05T15:43:01","guid":{"rendered":"https:\/\/blog.saocamilo-sp.br\/?p=4023"},"modified":"2025-11-24T22:44:51","modified_gmt":"2025-11-25T01:44:51","slug":"arroz-com-feijao-uma-dupla-poderosa-para-a-saude-e-tradicao-brasileira","status":"publish","type":"post","link":"https:\/\/blog.saocamilo-sp.br\/index.php\/2025\/11\/05\/arroz-com-feijao-uma-dupla-poderosa-para-a-saude-e-tradicao-brasileira\/","title":{"rendered":"Arroz com feij\u00e3o: uma dupla poderosa para a sa\u00fade e tradi\u00e7\u00e3o brasileira"},"content":{"rendered":"\n<p>O arroz com feij\u00e3o est\u00e1 presente no prato e na mem\u00f3ria afetiva de milh\u00f5es de brasileiros. Al\u00e9m disso, muito al\u00e9m de um h\u00e1bito cultural, essa combina\u00e7\u00e3o \u00e9 reconhecida mundialmente por seus benef\u00edcios nutricionais e por representar uma alimenta\u00e7\u00e3o equilibrada e acess\u00edvel.<\/p>\n\n\n\n<p>De acordo com a Profa. Sandra Maria Chemin Seabra da Silva, coordenadora do curso de Nutri\u00e7\u00e3o do <a href=\"https:\/\/saocamilo-sp.br\/\">Centro Universit\u00e1rio S\u00e3o Camilo<\/a>, <em>\u201ca combina\u00e7\u00e3o de arroz e feij\u00e3o \u00e9, sem d\u00favida, uma op\u00e7\u00e3o altamente ben\u00e9fica e saud\u00e1vel, pois oferece nutrientes essenciais como carboidratos, prote\u00ednas, fibras, vitaminas e minerais. Juntos, esses alimentos formam uma prote\u00edna completa e de excelente qualidade.\u201d<\/em><\/p>\n\n\n\n<h3 class=\"wp-block-heading\">Por que arroz e feij\u00e3o formam uma refei\u00e7\u00e3o completa?<\/h3>\n\n\n\n<p>A professora explica que as fibras presentes no feij\u00e3o promovem maior sensa\u00e7\u00e3o de saciedade, ajudam a regular o intestino e controlam a absor\u00e7\u00e3o de carboidratos e lip\u00eddios. Al\u00e9m disso, o arroz fornece energia de forma equilibrada e contribui para complementar os amino\u00e1cidos do feij\u00e3o.<\/p>\n\n\n\n<p>Essa harmonia nutricional \u00e9 tamanha que a Organiza\u00e7\u00e3o das Na\u00e7\u00f5es Unidas para Alimenta\u00e7\u00e3o e Agricultura (FAO) reconheceu o arroz com feij\u00e3o como um dos pratos mais saud\u00e1veis do mundo.<\/p>\n\n\n\n<p>Um estudo da Universidade de Harvard tamb\u00e9m refor\u00e7a os benef\u00edcios da combina\u00e7\u00e3o, apontando que ela oferece prote\u00ednas de alta qualidade, ferro, fibras e vitaminas do complexo B, al\u00e9m de contribuir para o fortalecimento do sistema imunol\u00f3gico e para a preven\u00e7\u00e3o de doen\u00e7as cr\u00f4nicas.<\/p>\n\n\n\n<blockquote class=\"wp-block-quote is-layout-flow wp-block-quote-is-layout-flow\">\n<p><em>\u201cEssa forma\u00e7\u00e3o alimentar \u00e9 considerada uma refei\u00e7\u00e3o completa e desempenha um papel importante na preven\u00e7\u00e3o de doen\u00e7as cr\u00f4nicas, al\u00e9m de contribuir para o fortalecimento do sistema imunol\u00f3gico\u201d<\/em>, destaca a professora Sandra Chemin.<\/p>\n<\/blockquote>\n\n\n\n<h3 class=\"wp-block-heading\">O que acontece quando o arroz e feij\u00e3o s\u00e3o substitu\u00eddos?<\/h3>\n\n\n\n<p>Nos \u00faltimos anos, o consumo dessa dupla tradicional diminuiu, sendo muitas vezes substitu\u00edda por op\u00e7\u00f5es mais pr\u00e1ticas, como o macarr\u00e3o. Essa troca, segundo a professora, traz impactos nutricionais importantes.<\/p>\n\n\n\n<p><em>\u201cEm termos cal\u00f3ricos e quantidade de prote\u00ednas, a combina\u00e7\u00e3o de 150g de arroz e 80g de feij\u00e3o \u00e9 semelhante a 180g de macarr\u00e3o com molho ao sugo. Por\u00e9m, a prote\u00edna do arroz com feij\u00e3o \u00e9 completa e balanceada, sendo bem superior \u00e0 do macarr\u00e3o\u201d<\/em>, explica.<br><br><strong>Assista a mat\u00e9ria completa da professora Sandra Chemin:<\/strong><\/p>\n\n\n\n<iframe loading=\"lazy\" width=\"560\" height=\"315\" src=\"https:\/\/www.youtube.com\/embed\/x5QNwXXbNyY?si=88IgKl2tXfEH3auU\" title=\"YouTube video player\" frameborder=\"0\" allow=\"accelerometer; autoplay; clipboard-write; encrypted-media; gyroscope; picture-in-picture; web-share\" referrerpolicy=\"strict-origin-when-cross-origin\" allowfullscreen><\/iframe>\n\n\n\n<p>Fonte: SBT<br><br>Isso acontece porque os dois alimentos se <strong>complementam em amino\u00e1cidos essenciais<\/strong>:<\/p>\n\n\n\n<ul class=\"wp-block-list\">\n<li>O arroz \u00e9 rico em metionina, mas pobre em lisina;<\/li>\n\n\n\n<li>O feij\u00e3o \u00e9 rico em lisina, mas pobre em metionina.<\/li>\n<\/ul>\n\n\n\n<h3 class=\"wp-block-heading\">Como manter uma alimenta\u00e7\u00e3o equilibrada mesmo com a rotina agitada<\/h3>\n\n\n\n<p>O ritmo acelerado do dia a dia e o aumento dos pre\u00e7os dos alimentos t\u00eam contribu\u00eddo para a queda no consumo do arroz com feij\u00e3o. Ainda assim, a coordenadora refor\u00e7a que \u00e9 poss\u00edvel manter h\u00e1bitos saud\u00e1veis com planejamento e praticidade.<\/p>\n\n\n\n<p><em>\u201cUma das raz\u00f5es para a queda no consumo est\u00e1 relacionada ao tempo de preparo, que demanda mais esfor\u00e7o e gasto de combust\u00edvel. Para facilitar, recomenda-se preparar o feij\u00e3o e congelar em por\u00e7\u00f5es di\u00e1rias de consumo. O arroz pode ser feito no dia, pois \u00e9 simples, r\u00e1pido e pr\u00e1tico.\u201d<\/em><\/p>\n\n\n\n<h3 class=\"wp-block-heading\">Tradi\u00e7\u00e3o que faz bem<\/h3>\n\n\n\n<p>O arroz com feij\u00e3o \u00e9 mais do que uma combina\u00e7\u00e3o: \u00e9 um s\u00edmbolo da alimenta\u00e7\u00e3o equilibrada e acess\u00edvel, que alia sabor, cultura e sa\u00fade. Na S\u00e3o Camilo, o incentivo a pr\u00e1ticas alimentares conscientes faz parte da forma\u00e7\u00e3o de profissionais comprometidos com o bem-estar e a nutri\u00e7\u00e3o da popula\u00e7\u00e3o.<\/p>\n\n\n\n<p><strong>Fontes:<\/strong><\/p>\n\n\n\n<ul class=\"wp-block-list\">\n<li><a href=\"https:\/\/www.fao.org\/3\/ca4255en\/ca4255en.pdf\" target=\"_blank\" rel=\"noreferrer noopener\">FAO \u2013 Pulses: Nutritional benefits and consumption patterns (2019)<\/a><\/li>\n\n\n\n<li><a href=\"https:\/\/espacocidadao.crn3.org.br\/conteudo-verificado\/conteudo\/arroz-com-feijao-e-reconhecido-pela-onu-como-um-dos-alimentos-mais-saudaveis-do-mundo\" target=\"_blank\" rel=\"noreferrer noopener\">Espa\u00e7o Cidad\u00e3o \u2013 CRN-3: Arroz com feij\u00e3o \u00e9 reconhecido pela ONU como um dos alimentos mais saud\u00e1vei\u2026<\/a><\/li>\n<\/ul>\n\n\n\n<p><\/p>\n","protected":false},"excerpt":{"rendered":"<p>O arroz com feij\u00e3o \u00e9 uma combina\u00e7\u00e3o completa e nutritiva, s\u00edmbolo da cultura brasileira e destaque mundial em sa\u00fade e equil\u00edbrio alimentar.<\/p>\n","protected":false},"author":11,"featured_media":4040,"comment_status":"open","ping_status":"open","sticky":false,"template":"","format":"standard","meta":{"cybocfi_hide_featured_image":"","footnotes":""},"categories":[78,24],"tags":[],"class_list":["post-4023","post","type-post","status-publish","format-standard","has-post-thumbnail","hentry","category-imprensa","category-nutricao"],"yoast_head":"<!-- This site is optimized with the Yoast SEO plugin v27.4 - https:\/\/yoast.com\/product\/yoast-seo-wordpress\/ -->\n<title>Arroz com feij\u00e3o: uma dupla poderosa para a sa\u00fade e tradi\u00e7\u00e3o brasileira - Blog S\u00e3o Camilo<\/title>\n<meta name=\"description\" content=\"O arroz com feij\u00e3o \u00e9 uma combina\u00e7\u00e3o completa e nutritiva, s\u00edmbolo da cultura brasileira e destaque mundial em sa\u00fade e equil\u00edbrio alimentar.\" \/>\n<meta name=\"robots\" content=\"index, follow, max-snippet:-1, max-image-preview:large, max-video-preview:-1\" \/>\n<link rel=\"canonical\" href=\"https:\/\/blog.saocamilo-sp.br\/index.php\/2025\/11\/05\/arroz-com-feijao-uma-dupla-poderosa-para-a-saude-e-tradicao-brasileira\/\" \/>\n<meta property=\"og:locale\" content=\"pt_BR\" \/>\n<meta property=\"og:type\" content=\"article\" \/>\n<meta property=\"og:title\" content=\"Arroz com feij\u00e3o: uma dupla poderosa para a sa\u00fade e tradi\u00e7\u00e3o brasileira - Blog S\u00e3o Camilo\" \/>\n<meta property=\"og:description\" content=\"O arroz com feij\u00e3o \u00e9 uma combina\u00e7\u00e3o completa e nutritiva, s\u00edmbolo da cultura brasileira e destaque mundial em sa\u00fade e equil\u00edbrio alimentar.\" \/>\n<meta property=\"og:url\" content=\"https:\/\/blog.saocamilo-sp.br\/index.php\/2025\/11\/05\/arroz-com-feijao-uma-dupla-poderosa-para-a-saude-e-tradicao-brasileira\/\" \/>\n<meta property=\"og:site_name\" content=\"Blog S\u00e3o Camilo\" \/>\n<meta property=\"article:publisher\" content=\"https:\/\/www.facebook.com\/saocamilosp\" \/>\n<meta property=\"article:published_time\" content=\"2025-11-05T15:43:01+00:00\" \/>\n<meta property=\"article:modified_time\" content=\"2025-11-25T01:44:51+00:00\" \/>\n<meta property=\"og:image\" content=\"https:\/\/blog.saocamilo-sp.br\/wp-content\/uploads\/2025\/11\/Arroz-com-Feijao-Nutricao.png\" \/>\n\t<meta property=\"og:image:width\" content=\"600\" \/>\n\t<meta property=\"og:image:height\" content=\"406\" \/>\n\t<meta property=\"og:image:type\" content=\"image\/png\" \/>\n<meta name=\"author\" content=\"Christopher Oliveira dos Reis\" \/>\n<meta name=\"twitter:card\" content=\"summary_large_image\" \/>\n<meta name=\"twitter:creator\" content=\"@saocamilosp\" \/>\n<meta name=\"twitter:site\" content=\"@saocamilosp\" \/>\n<meta name=\"twitter:label1\" content=\"Escrito por\" \/>\n\t<meta name=\"twitter:data1\" content=\"Christopher Oliveira dos Reis\" \/>\n\t<meta name=\"twitter:label2\" content=\"Est. tempo de leitura\" \/>\n\t<meta name=\"twitter:data2\" content=\"4 minutos\" \/>\n<script type=\"application\/ld+json\" class=\"yoast-schema-graph\">{\"@context\":\"https:\\\/\\\/schema.org\",\"@graph\":[{\"@type\":\"Article\",\"@id\":\"https:\\\/\\\/blog.saocamilo-sp.br\\\/index.php\\\/2025\\\/11\\\/05\\\/arroz-com-feijao-uma-dupla-poderosa-para-a-saude-e-tradicao-brasileira\\\/#article\",\"isPartOf\":{\"@id\":\"https:\\\/\\\/blog.saocamilo-sp.br\\\/index.php\\\/2025\\\/11\\\/05\\\/arroz-com-feijao-uma-dupla-poderosa-para-a-saude-e-tradicao-brasileira\\\/\"},\"author\":{\"name\":\"Christopher Oliveira dos Reis\",\"@id\":\"https:\\\/\\\/blog.saocamilo-sp.br\\\/#\\\/schema\\\/person\\\/7dce5f342af0848eb2f06778b2737904\"},\"headline\":\"Arroz com feij\u00e3o: uma dupla poderosa para a sa\u00fade e tradi\u00e7\u00e3o brasileira\",\"datePublished\":\"2025-11-05T15:43:01+00:00\",\"dateModified\":\"2025-11-25T01:44:51+00:00\",\"mainEntityOfPage\":{\"@id\":\"https:\\\/\\\/blog.saocamilo-sp.br\\\/index.php\\\/2025\\\/11\\\/05\\\/arroz-com-feijao-uma-dupla-poderosa-para-a-saude-e-tradicao-brasileira\\\/\"},\"wordCount\":660,\"commentCount\":0,\"publisher\":{\"@id\":\"https:\\\/\\\/blog.saocamilo-sp.br\\\/#organization\"},\"image\":{\"@id\":\"https:\\\/\\\/blog.saocamilo-sp.br\\\/index.php\\\/2025\\\/11\\\/05\\\/arroz-com-feijao-uma-dupla-poderosa-para-a-saude-e-tradicao-brasileira\\\/#primaryimage\"},\"thumbnailUrl\":\"https:\\\/\\\/blog.saocamilo-sp.br\\\/wp-content\\\/uploads\\\/2025\\\/11\\\/Arroz-com-Feijao-Nutricao.png\",\"articleSection\":[\"Imprensa\",\"Nutri\u00e7\u00e3o\"],\"inLanguage\":\"pt-BR\",\"potentialAction\":[{\"@type\":\"CommentAction\",\"name\":\"Comment\",\"target\":[\"https:\\\/\\\/blog.saocamilo-sp.br\\\/index.php\\\/2025\\\/11\\\/05\\\/arroz-com-feijao-uma-dupla-poderosa-para-a-saude-e-tradicao-brasileira\\\/#respond\"]}]},{\"@type\":\"WebPage\",\"@id\":\"https:\\\/\\\/blog.saocamilo-sp.br\\\/index.php\\\/2025\\\/11\\\/05\\\/arroz-com-feijao-uma-dupla-poderosa-para-a-saude-e-tradicao-brasileira\\\/\",\"url\":\"https:\\\/\\\/blog.saocamilo-sp.br\\\/index.php\\\/2025\\\/11\\\/05\\\/arroz-com-feijao-uma-dupla-poderosa-para-a-saude-e-tradicao-brasileira\\\/\",\"name\":\"Arroz com feij\u00e3o: uma dupla poderosa para a sa\u00fade e tradi\u00e7\u00e3o brasileira - Blog S\u00e3o Camilo\",\"isPartOf\":{\"@id\":\"https:\\\/\\\/blog.saocamilo-sp.br\\\/#website\"},\"primaryImageOfPage\":{\"@id\":\"https:\\\/\\\/blog.saocamilo-sp.br\\\/index.php\\\/2025\\\/11\\\/05\\\/arroz-com-feijao-uma-dupla-poderosa-para-a-saude-e-tradicao-brasileira\\\/#primaryimage\"},\"image\":{\"@id\":\"https:\\\/\\\/blog.saocamilo-sp.br\\\/index.php\\\/2025\\\/11\\\/05\\\/arroz-com-feijao-uma-dupla-poderosa-para-a-saude-e-tradicao-brasileira\\\/#primaryimage\"},\"thumbnailUrl\":\"https:\\\/\\\/blog.saocamilo-sp.br\\\/wp-content\\\/uploads\\\/2025\\\/11\\\/Arroz-com-Feijao-Nutricao.png\",\"datePublished\":\"2025-11-05T15:43:01+00:00\",\"dateModified\":\"2025-11-25T01:44:51+00:00\",\"description\":\"O arroz com feij\u00e3o \u00e9 uma combina\u00e7\u00e3o completa e nutritiva, s\u00edmbolo da cultura brasileira e destaque mundial em sa\u00fade e equil\u00edbrio alimentar.\",\"breadcrumb\":{\"@id\":\"https:\\\/\\\/blog.saocamilo-sp.br\\\/index.php\\\/2025\\\/11\\\/05\\\/arroz-com-feijao-uma-dupla-poderosa-para-a-saude-e-tradicao-brasileira\\\/#breadcrumb\"},\"inLanguage\":\"pt-BR\",\"potentialAction\":[{\"@type\":\"ReadAction\",\"target\":[\"https:\\\/\\\/blog.saocamilo-sp.br\\\/index.php\\\/2025\\\/11\\\/05\\\/arroz-com-feijao-uma-dupla-poderosa-para-a-saude-e-tradicao-brasileira\\\/\"]}]},{\"@type\":\"ImageObject\",\"inLanguage\":\"pt-BR\",\"@id\":\"https:\\\/\\\/blog.saocamilo-sp.br\\\/index.php\\\/2025\\\/11\\\/05\\\/arroz-com-feijao-uma-dupla-poderosa-para-a-saude-e-tradicao-brasileira\\\/#primaryimage\",\"url\":\"https:\\\/\\\/blog.saocamilo-sp.br\\\/wp-content\\\/uploads\\\/2025\\\/11\\\/Arroz-com-Feijao-Nutricao.png\",\"contentUrl\":\"https:\\\/\\\/blog.saocamilo-sp.br\\\/wp-content\\\/uploads\\\/2025\\\/11\\\/Arroz-com-Feijao-Nutricao.png\",\"width\":600,\"height\":406,\"caption\":\"Arroz com feij\u00e3o: uma dupla poderosa para a sa\u00fade e tradi\u00e7\u00e3o brasileira\"},{\"@type\":\"BreadcrumbList\",\"@id\":\"https:\\\/\\\/blog.saocamilo-sp.br\\\/index.php\\\/2025\\\/11\\\/05\\\/arroz-com-feijao-uma-dupla-poderosa-para-a-saude-e-tradicao-brasileira\\\/#breadcrumb\",\"itemListElement\":[{\"@type\":\"ListItem\",\"position\":1,\"name\":\"In\u00edcio\",\"item\":\"https:\\\/\\\/blog.saocamilo-sp.br\\\/\"},{\"@type\":\"ListItem\",\"position\":2,\"name\":\"Arroz com feij\u00e3o: uma dupla poderosa para a sa\u00fade e tradi\u00e7\u00e3o brasileira\"}]},{\"@type\":\"WebSite\",\"@id\":\"https:\\\/\\\/blog.saocamilo-sp.br\\\/#website\",\"url\":\"https:\\\/\\\/blog.saocamilo-sp.br\\\/\",\"name\":\"Blog S\u00e3o Camilo\",\"description\":\"Blog do Centro Universit\u00e1rio S\u00e3o Camilo\",\"publisher\":{\"@id\":\"https:\\\/\\\/blog.saocamilo-sp.br\\\/#organization\"},\"potentialAction\":[{\"@type\":\"SearchAction\",\"target\":{\"@type\":\"EntryPoint\",\"urlTemplate\":\"https:\\\/\\\/blog.saocamilo-sp.br\\\/?s={search_term_string}\"},\"query-input\":{\"@type\":\"PropertyValueSpecification\",\"valueRequired\":true,\"valueName\":\"search_term_string\"}}],\"inLanguage\":\"pt-BR\"},{\"@type\":\"Organization\",\"@id\":\"https:\\\/\\\/blog.saocamilo-sp.br\\\/#organization\",\"name\":\"Blog S\u00e3o Camilo\",\"url\":\"https:\\\/\\\/blog.saocamilo-sp.br\\\/\",\"logo\":{\"@type\":\"ImageObject\",\"inLanguage\":\"pt-BR\",\"@id\":\"https:\\\/\\\/blog.saocamilo-sp.br\\\/#\\\/schema\\\/logo\\\/image\\\/\",\"url\":\"https:\\\/\\\/blog.saocamilo-sp.br\\\/wp-content\\\/uploads\\\/2021\\\/12\\\/cropped-vazio-logo-topo.png\",\"contentUrl\":\"https:\\\/\\\/blog.saocamilo-sp.br\\\/wp-content\\\/uploads\\\/2021\\\/12\\\/cropped-vazio-logo-topo.png\",\"width\":320,\"height\":240,\"caption\":\"Blog S\u00e3o Camilo\"},\"image\":{\"@id\":\"https:\\\/\\\/blog.saocamilo-sp.br\\\/#\\\/schema\\\/logo\\\/image\\\/\"},\"sameAs\":[\"https:\\\/\\\/www.facebook.com\\\/saocamilosp\",\"https:\\\/\\\/x.com\\\/saocamilosp\",\"https:\\\/\\\/www.linkedin.com\\\/school\\\/centro-universit-rio-s-o-camilo\\\/\"]},{\"@type\":\"Person\",\"@id\":\"https:\\\/\\\/blog.saocamilo-sp.br\\\/#\\\/schema\\\/person\\\/7dce5f342af0848eb2f06778b2737904\",\"name\":\"Christopher Oliveira dos Reis\",\"image\":{\"@type\":\"ImageObject\",\"inLanguage\":\"pt-BR\",\"@id\":\"https:\\\/\\\/secure.gravatar.com\\\/avatar\\\/b09a1361215d06f22999124838358b6855376e2b7287de883b723960b0c03f82?s=96&d=mm&r=g\",\"url\":\"https:\\\/\\\/secure.gravatar.com\\\/avatar\\\/b09a1361215d06f22999124838358b6855376e2b7287de883b723960b0c03f82?s=96&d=mm&r=g\",\"contentUrl\":\"https:\\\/\\\/secure.gravatar.com\\\/avatar\\\/b09a1361215d06f22999124838358b6855376e2b7287de883b723960b0c03f82?s=96&d=mm&r=g\",\"caption\":\"Christopher Oliveira dos Reis\"},\"url\":\"https:\\\/\\\/blog.saocamilo-sp.br\\\/index.php\\\/author\\\/christopher-reis\\\/\"}]}<\/script>\n<!-- \/ Yoast SEO plugin. -->","yoast_head_json":{"title":"Arroz com feij\u00e3o: uma dupla poderosa para a sa\u00fade e tradi\u00e7\u00e3o brasileira - Blog S\u00e3o Camilo","description":"O arroz com feij\u00e3o \u00e9 uma combina\u00e7\u00e3o completa e nutritiva, s\u00edmbolo da cultura brasileira e destaque mundial em sa\u00fade e equil\u00edbrio alimentar.","robots":{"index":"index","follow":"follow","max-snippet":"max-snippet:-1","max-image-preview":"max-image-preview:large","max-video-preview":"max-video-preview:-1"},"canonical":"https:\/\/blog.saocamilo-sp.br\/index.php\/2025\/11\/05\/arroz-com-feijao-uma-dupla-poderosa-para-a-saude-e-tradicao-brasileira\/","og_locale":"pt_BR","og_type":"article","og_title":"Arroz com feij\u00e3o: uma dupla poderosa para a sa\u00fade e tradi\u00e7\u00e3o brasileira - Blog S\u00e3o Camilo","og_description":"O arroz com feij\u00e3o \u00e9 uma combina\u00e7\u00e3o completa e nutritiva, s\u00edmbolo da cultura brasileira e destaque mundial em sa\u00fade e equil\u00edbrio alimentar.","og_url":"https:\/\/blog.saocamilo-sp.br\/index.php\/2025\/11\/05\/arroz-com-feijao-uma-dupla-poderosa-para-a-saude-e-tradicao-brasileira\/","og_site_name":"Blog S\u00e3o Camilo","article_publisher":"https:\/\/www.facebook.com\/saocamilosp","article_published_time":"2025-11-05T15:43:01+00:00","article_modified_time":"2025-11-25T01:44:51+00:00","og_image":[{"width":600,"height":406,"url":"https:\/\/blog.saocamilo-sp.br\/wp-content\/uploads\/2025\/11\/Arroz-com-Feijao-Nutricao.png","type":"image\/png"}],"author":"Christopher Oliveira dos Reis","twitter_card":"summary_large_image","twitter_creator":"@saocamilosp","twitter_site":"@saocamilosp","twitter_misc":{"Escrito por":"Christopher Oliveira dos Reis","Est. tempo de leitura":"4 minutos"},"schema":{"@context":"https:\/\/schema.org","@graph":[{"@type":"Article","@id":"https:\/\/blog.saocamilo-sp.br\/index.php\/2025\/11\/05\/arroz-com-feijao-uma-dupla-poderosa-para-a-saude-e-tradicao-brasileira\/#article","isPartOf":{"@id":"https:\/\/blog.saocamilo-sp.br\/index.php\/2025\/11\/05\/arroz-com-feijao-uma-dupla-poderosa-para-a-saude-e-tradicao-brasileira\/"},"author":{"name":"Christopher Oliveira dos Reis","@id":"https:\/\/blog.saocamilo-sp.br\/#\/schema\/person\/7dce5f342af0848eb2f06778b2737904"},"headline":"Arroz com feij\u00e3o: uma dupla poderosa para a sa\u00fade e tradi\u00e7\u00e3o brasileira","datePublished":"2025-11-05T15:43:01+00:00","dateModified":"2025-11-25T01:44:51+00:00","mainEntityOfPage":{"@id":"https:\/\/blog.saocamilo-sp.br\/index.php\/2025\/11\/05\/arroz-com-feijao-uma-dupla-poderosa-para-a-saude-e-tradicao-brasileira\/"},"wordCount":660,"commentCount":0,"publisher":{"@id":"https:\/\/blog.saocamilo-sp.br\/#organization"},"image":{"@id":"https:\/\/blog.saocamilo-sp.br\/index.php\/2025\/11\/05\/arroz-com-feijao-uma-dupla-poderosa-para-a-saude-e-tradicao-brasileira\/#primaryimage"},"thumbnailUrl":"https:\/\/blog.saocamilo-sp.br\/wp-content\/uploads\/2025\/11\/Arroz-com-Feijao-Nutricao.png","articleSection":["Imprensa","Nutri\u00e7\u00e3o"],"inLanguage":"pt-BR","potentialAction":[{"@type":"CommentAction","name":"Comment","target":["https:\/\/blog.saocamilo-sp.br\/index.php\/2025\/11\/05\/arroz-com-feijao-uma-dupla-poderosa-para-a-saude-e-tradicao-brasileira\/#respond"]}]},{"@type":"WebPage","@id":"https:\/\/blog.saocamilo-sp.br\/index.php\/2025\/11\/05\/arroz-com-feijao-uma-dupla-poderosa-para-a-saude-e-tradicao-brasileira\/","url":"https:\/\/blog.saocamilo-sp.br\/index.php\/2025\/11\/05\/arroz-com-feijao-uma-dupla-poderosa-para-a-saude-e-tradicao-brasileira\/","name":"Arroz com feij\u00e3o: uma dupla poderosa para a sa\u00fade e tradi\u00e7\u00e3o brasileira - Blog S\u00e3o Camilo","isPartOf":{"@id":"https:\/\/blog.saocamilo-sp.br\/#website"},"primaryImageOfPage":{"@id":"https:\/\/blog.saocamilo-sp.br\/index.php\/2025\/11\/05\/arroz-com-feijao-uma-dupla-poderosa-para-a-saude-e-tradicao-brasileira\/#primaryimage"},"image":{"@id":"https:\/\/blog.saocamilo-sp.br\/index.php\/2025\/11\/05\/arroz-com-feijao-uma-dupla-poderosa-para-a-saude-e-tradicao-brasileira\/#primaryimage"},"thumbnailUrl":"https:\/\/blog.saocamilo-sp.br\/wp-content\/uploads\/2025\/11\/Arroz-com-Feijao-Nutricao.png","datePublished":"2025-11-05T15:43:01+00:00","dateModified":"2025-11-25T01:44:51+00:00","description":"O arroz com feij\u00e3o \u00e9 uma combina\u00e7\u00e3o completa e nutritiva, s\u00edmbolo da cultura brasileira e destaque mundial em sa\u00fade e equil\u00edbrio alimentar.","breadcrumb":{"@id":"https:\/\/blog.saocamilo-sp.br\/index.php\/2025\/11\/05\/arroz-com-feijao-uma-dupla-poderosa-para-a-saude-e-tradicao-brasileira\/#breadcrumb"},"inLanguage":"pt-BR","potentialAction":[{"@type":"ReadAction","target":["https:\/\/blog.saocamilo-sp.br\/index.php\/2025\/11\/05\/arroz-com-feijao-uma-dupla-poderosa-para-a-saude-e-tradicao-brasileira\/"]}]},{"@type":"ImageObject","inLanguage":"pt-BR","@id":"https:\/\/blog.saocamilo-sp.br\/index.php\/2025\/11\/05\/arroz-com-feijao-uma-dupla-poderosa-para-a-saude-e-tradicao-brasileira\/#primaryimage","url":"https:\/\/blog.saocamilo-sp.br\/wp-content\/uploads\/2025\/11\/Arroz-com-Feijao-Nutricao.png","contentUrl":"https:\/\/blog.saocamilo-sp.br\/wp-content\/uploads\/2025\/11\/Arroz-com-Feijao-Nutricao.png","width":600,"height":406,"caption":"Arroz com feij\u00e3o: uma dupla poderosa para a sa\u00fade e tradi\u00e7\u00e3o brasileira"},{"@type":"BreadcrumbList","@id":"https:\/\/blog.saocamilo-sp.br\/index.php\/2025\/11\/05\/arroz-com-feijao-uma-dupla-poderosa-para-a-saude-e-tradicao-brasileira\/#breadcrumb","itemListElement":[{"@type":"ListItem","position":1,"name":"In\u00edcio","item":"https:\/\/blog.saocamilo-sp.br\/"},{"@type":"ListItem","position":2,"name":"Arroz com feij\u00e3o: uma dupla poderosa para a sa\u00fade e tradi\u00e7\u00e3o brasileira"}]},{"@type":"WebSite","@id":"https:\/\/blog.saocamilo-sp.br\/#website","url":"https:\/\/blog.saocamilo-sp.br\/","name":"Blog S\u00e3o Camilo","description":"Blog do Centro Universit\u00e1rio S\u00e3o Camilo","publisher":{"@id":"https:\/\/blog.saocamilo-sp.br\/#organization"},"potentialAction":[{"@type":"SearchAction","target":{"@type":"EntryPoint","urlTemplate":"https:\/\/blog.saocamilo-sp.br\/?s={search_term_string}"},"query-input":{"@type":"PropertyValueSpecification","valueRequired":true,"valueName":"search_term_string"}}],"inLanguage":"pt-BR"},{"@type":"Organization","@id":"https:\/\/blog.saocamilo-sp.br\/#organization","name":"Blog S\u00e3o Camilo","url":"https:\/\/blog.saocamilo-sp.br\/","logo":{"@type":"ImageObject","inLanguage":"pt-BR","@id":"https:\/\/blog.saocamilo-sp.br\/#\/schema\/logo\/image\/","url":"https:\/\/blog.saocamilo-sp.br\/wp-content\/uploads\/2021\/12\/cropped-vazio-logo-topo.png","contentUrl":"https:\/\/blog.saocamilo-sp.br\/wp-content\/uploads\/2021\/12\/cropped-vazio-logo-topo.png","width":320,"height":240,"caption":"Blog S\u00e3o Camilo"},"image":{"@id":"https:\/\/blog.saocamilo-sp.br\/#\/schema\/logo\/image\/"},"sameAs":["https:\/\/www.facebook.com\/saocamilosp","https:\/\/x.com\/saocamilosp","https:\/\/www.linkedin.com\/school\/centro-universit-rio-s-o-camilo\/"]},{"@type":"Person","@id":"https:\/\/blog.saocamilo-sp.br\/#\/schema\/person\/7dce5f342af0848eb2f06778b2737904","name":"Christopher Oliveira dos Reis","image":{"@type":"ImageObject","inLanguage":"pt-BR","@id":"https:\/\/secure.gravatar.com\/avatar\/b09a1361215d06f22999124838358b6855376e2b7287de883b723960b0c03f82?s=96&d=mm&r=g","url":"https:\/\/secure.gravatar.com\/avatar\/b09a1361215d06f22999124838358b6855376e2b7287de883b723960b0c03f82?s=96&d=mm&r=g","contentUrl":"https:\/\/secure.gravatar.com\/avatar\/b09a1361215d06f22999124838358b6855376e2b7287de883b723960b0c03f82?s=96&d=mm&r=g","caption":"Christopher Oliveira dos Reis"},"url":"https:\/\/blog.saocamilo-sp.br\/index.php\/author\/christopher-reis\/"}]}},"_links":{"self":[{"href":"https:\/\/blog.saocamilo-sp.br\/index.php\/wp-json\/wp\/v2\/posts\/4023","targetHints":{"allow":["GET"]}}],"collection":[{"href":"https:\/\/blog.saocamilo-sp.br\/index.php\/wp-json\/wp\/v2\/posts"}],"about":[{"href":"https:\/\/blog.saocamilo-sp.br\/index.php\/wp-json\/wp\/v2\/types\/post"}],"author":[{"embeddable":true,"href":"https:\/\/blog.saocamilo-sp.br\/index.php\/wp-json\/wp\/v2\/users\/11"}],"replies":[{"embeddable":true,"href":"https:\/\/blog.saocamilo-sp.br\/index.php\/wp-json\/wp\/v2\/comments?post=4023"}],"version-history":[{"count":8,"href":"https:\/\/blog.saocamilo-sp.br\/index.php\/wp-json\/wp\/v2\/posts\/4023\/revisions"}],"predecessor-version":[{"id":4042,"href":"https:\/\/blog.saocamilo-sp.br\/index.php\/wp-json\/wp\/v2\/posts\/4023\/revisions\/4042"}],"wp:featuredmedia":[{"embeddable":true,"href":"https:\/\/blog.saocamilo-sp.br\/index.php\/wp-json\/wp\/v2\/media\/4040"}],"wp:attachment":[{"href":"https:\/\/blog.saocamilo-sp.br\/index.php\/wp-json\/wp\/v2\/media?parent=4023"}],"wp:term":[{"taxonomy":"category","embeddable":true,"href":"https:\/\/blog.saocamilo-sp.br\/index.php\/wp-json\/wp\/v2\/categories?post=4023"},{"taxonomy":"post_tag","embeddable":true,"href":"https:\/\/blog.saocamilo-sp.br\/index.php\/wp-json\/wp\/v2\/tags?post=4023"}],"curies":[{"name":"wp","href":"https:\/\/api.w.org\/{rel}","templated":true}]}}