{"id":4043,"date":"2025-11-12T10:55:55","date_gmt":"2025-11-12T13:55:55","guid":{"rendered":"https:\/\/blog.saocamilo-sp.br\/?p=4043"},"modified":"2025-11-28T12:13:24","modified_gmt":"2025-11-28T15:13:24","slug":"10o-congresso-multi-da-sao-camilo-a-celebracao-da-ciencia","status":"publish","type":"post","link":"https:\/\/blog.saocamilo-sp.br\/index.php\/2025\/11\/12\/10o-congresso-multi-da-sao-camilo-a-celebracao-da-ciencia\/","title":{"rendered":"S\u00e3o Camilo realiza seu 10\u00ba Congresso Multiprofissional"},"content":{"rendered":"\n<p>O Centro Universit\u00e1rio S\u00e3o Camilo realizou, entre os dias 6 e 8 de novembro de 2025, a 10\u00aa edi\u00e7\u00e3o do <a href=\"https:\/\/congressomulti.saocamilo-sp.br\/\">Congresso Multiprofissional S\u00e3o Camilo<\/a>.<br>Ao longo dos anos, o evento se consolidou como um dos principais espa\u00e7os de integra\u00e7\u00e3o cient\u00edfica e acad\u00eamica entre estudantes, docentes e profissionais da sa\u00fade.<\/p>\n\n\n\n<p>Com esse prop\u00f3sito, e sob o tema \u201cCi\u00eancia, Prop\u00f3sito e Protagonismo: Conectando Saberes para a Evolu\u00e7\u00e3o Profissional\u201d, a edi\u00e7\u00e3o de 2025 reafirmou o compromisso da institui\u00e7\u00e3o com a pesquisa, a inova\u00e7\u00e3o e a forma\u00e7\u00e3o integral.<\/p>\n\n\n\n<figure class=\"wp-block-gallery has-nested-images columns-default is-cropped wp-block-gallery-1 is-layout-flex wp-block-gallery-is-layout-flex\">\n<figure class=\"wp-block-image size-large\"><img loading=\"lazy\" decoding=\"async\" width=\"720\" height=\"720\" data-id=\"4062\" src=\"https:\/\/blog.saocamilo-sp.br\/wp-content\/uploads\/2025\/11\/DJ-Bruninho.png\" alt=\"\" class=\"wp-image-4062\" srcset=\"https:\/\/blog.saocamilo-sp.br\/wp-content\/uploads\/2025\/11\/DJ-Bruninho.png 720w, https:\/\/blog.saocamilo-sp.br\/wp-content\/uploads\/2025\/11\/DJ-Bruninho-300x300.png 300w, https:\/\/blog.saocamilo-sp.br\/wp-content\/uploads\/2025\/11\/DJ-Bruninho-150x150.png 150w, https:\/\/blog.saocamilo-sp.br\/wp-content\/uploads\/2025\/11\/DJ-Bruninho-600x600.png 600w\" sizes=\"auto, (max-width: 720px) 100vw, 720px\" \/><\/figure>\n\n\n\n<figure class=\"wp-block-image size-large\"><img loading=\"lazy\" decoding=\"async\" width=\"720\" height=\"720\" data-id=\"4063\" src=\"https:\/\/blog.saocamilo-sp.br\/wp-content\/uploads\/2025\/11\/Grupo-fisioterapia.png\" alt=\"\" class=\"wp-image-4063\" srcset=\"https:\/\/blog.saocamilo-sp.br\/wp-content\/uploads\/2025\/11\/Grupo-fisioterapia.png 720w, https:\/\/blog.saocamilo-sp.br\/wp-content\/uploads\/2025\/11\/Grupo-fisioterapia-300x300.png 300w, https:\/\/blog.saocamilo-sp.br\/wp-content\/uploads\/2025\/11\/Grupo-fisioterapia-150x150.png 150w, https:\/\/blog.saocamilo-sp.br\/wp-content\/uploads\/2025\/11\/Grupo-fisioterapia-600x600.png 600w\" sizes=\"auto, (max-width: 720px) 100vw, 720px\" \/><\/figure>\n\n\n\n<figure class=\"wp-block-image size-large\"><img loading=\"lazy\" decoding=\"async\" width=\"720\" height=\"720\" data-id=\"4065\" src=\"https:\/\/blog.saocamilo-sp.br\/wp-content\/uploads\/2025\/11\/Hackathon-1.png\" alt=\"\" class=\"wp-image-4065\" srcset=\"https:\/\/blog.saocamilo-sp.br\/wp-content\/uploads\/2025\/11\/Hackathon-1.png 720w, https:\/\/blog.saocamilo-sp.br\/wp-content\/uploads\/2025\/11\/Hackathon-1-300x300.png 300w, https:\/\/blog.saocamilo-sp.br\/wp-content\/uploads\/2025\/11\/Hackathon-1-150x150.png 150w, https:\/\/blog.saocamilo-sp.br\/wp-content\/uploads\/2025\/11\/Hackathon-1-600x600.png 600w\" sizes=\"auto, (max-width: 720px) 100vw, 720px\" \/><\/figure>\n\n\n\n<figure class=\"wp-block-image size-large\"><img loading=\"lazy\" decoding=\"async\" width=\"720\" height=\"720\" data-id=\"4064\" src=\"https:\/\/blog.saocamilo-sp.br\/wp-content\/uploads\/2025\/11\/Hackathon-2.png\" alt=\"\" class=\"wp-image-4064\" srcset=\"https:\/\/blog.saocamilo-sp.br\/wp-content\/uploads\/2025\/11\/Hackathon-2.png 720w, https:\/\/blog.saocamilo-sp.br\/wp-content\/uploads\/2025\/11\/Hackathon-2-300x300.png 300w, https:\/\/blog.saocamilo-sp.br\/wp-content\/uploads\/2025\/11\/Hackathon-2-150x150.png 150w, https:\/\/blog.saocamilo-sp.br\/wp-content\/uploads\/2025\/11\/Hackathon-2-600x600.png 600w\" sizes=\"auto, (max-width: 720px) 100vw, 720px\" \/><\/figure>\n\n\n\n<figure class=\"wp-block-image size-large\"><img loading=\"lazy\" decoding=\"async\" width=\"720\" height=\"720\" data-id=\"4066\" src=\"https:\/\/blog.saocamilo-sp.br\/wp-content\/uploads\/2025\/11\/Hackathon-3.png\" alt=\"\" class=\"wp-image-4066\" srcset=\"https:\/\/blog.saocamilo-sp.br\/wp-content\/uploads\/2025\/11\/Hackathon-3.png 720w, https:\/\/blog.saocamilo-sp.br\/wp-content\/uploads\/2025\/11\/Hackathon-3-300x300.png 300w, https:\/\/blog.saocamilo-sp.br\/wp-content\/uploads\/2025\/11\/Hackathon-3-150x150.png 150w, https:\/\/blog.saocamilo-sp.br\/wp-content\/uploads\/2025\/11\/Hackathon-3-600x600.png 600w\" sizes=\"auto, (max-width: 720px) 100vw, 720px\" \/><\/figure>\n\n\n\n<figure class=\"wp-block-image size-large\"><img loading=\"lazy\" decoding=\"async\" width=\"720\" height=\"720\" data-id=\"4067\" src=\"https:\/\/blog.saocamilo-sp.br\/wp-content\/uploads\/2025\/11\/Palestra-1.png\" alt=\"\" class=\"wp-image-4067\" srcset=\"https:\/\/blog.saocamilo-sp.br\/wp-content\/uploads\/2025\/11\/Palestra-1.png 720w, https:\/\/blog.saocamilo-sp.br\/wp-content\/uploads\/2025\/11\/Palestra-1-300x300.png 300w, https:\/\/blog.saocamilo-sp.br\/wp-content\/uploads\/2025\/11\/Palestra-1-150x150.png 150w, https:\/\/blog.saocamilo-sp.br\/wp-content\/uploads\/2025\/11\/Palestra-1-600x600.png 600w\" sizes=\"auto, (max-width: 720px) 100vw, 720px\" \/><\/figure>\n\n\n\n<figure class=\"wp-block-image size-large\"><img loading=\"lazy\" decoding=\"async\" width=\"720\" height=\"720\" data-id=\"4068\" src=\"https:\/\/blog.saocamilo-sp.br\/wp-content\/uploads\/2025\/11\/Palestra-2.png\" alt=\"\" class=\"wp-image-4068\" srcset=\"https:\/\/blog.saocamilo-sp.br\/wp-content\/uploads\/2025\/11\/Palestra-2.png 720w, https:\/\/blog.saocamilo-sp.br\/wp-content\/uploads\/2025\/11\/Palestra-2-300x300.png 300w, https:\/\/blog.saocamilo-sp.br\/wp-content\/uploads\/2025\/11\/Palestra-2-150x150.png 150w, https:\/\/blog.saocamilo-sp.br\/wp-content\/uploads\/2025\/11\/Palestra-2-600x600.png 600w\" sizes=\"auto, (max-width: 720px) 100vw, 720px\" \/><\/figure>\n\n\n\n<figure class=\"wp-block-image size-large\"><img loading=\"lazy\" decoding=\"async\" width=\"720\" height=\"720\" data-id=\"4069\" src=\"https:\/\/blog.saocamilo-sp.br\/wp-content\/uploads\/2025\/11\/Premio_1.png\" alt=\"\" class=\"wp-image-4069\" srcset=\"https:\/\/blog.saocamilo-sp.br\/wp-content\/uploads\/2025\/11\/Premio_1.png 720w, https:\/\/blog.saocamilo-sp.br\/wp-content\/uploads\/2025\/11\/Premio_1-300x300.png 300w, https:\/\/blog.saocamilo-sp.br\/wp-content\/uploads\/2025\/11\/Premio_1-150x150.png 150w, https:\/\/blog.saocamilo-sp.br\/wp-content\/uploads\/2025\/11\/Premio_1-600x600.png 600w\" sizes=\"auto, (max-width: 720px) 100vw, 720px\" \/><\/figure>\n\n\n\n<figure class=\"wp-block-image size-large\"><img loading=\"lazy\" decoding=\"async\" width=\"720\" height=\"720\" data-id=\"4070\" src=\"https:\/\/blog.saocamilo-sp.br\/wp-content\/uploads\/2025\/11\/Premio_2.png\" alt=\"\" class=\"wp-image-4070\" srcset=\"https:\/\/blog.saocamilo-sp.br\/wp-content\/uploads\/2025\/11\/Premio_2.png 720w, https:\/\/blog.saocamilo-sp.br\/wp-content\/uploads\/2025\/11\/Premio_2-300x300.png 300w, https:\/\/blog.saocamilo-sp.br\/wp-content\/uploads\/2025\/11\/Premio_2-150x150.png 150w, https:\/\/blog.saocamilo-sp.br\/wp-content\/uploads\/2025\/11\/Premio_2-600x600.png 600w\" sizes=\"auto, (max-width: 720px) 100vw, 720px\" \/><\/figure>\n\n\n\n<figure class=\"wp-block-image size-large\"><img loading=\"lazy\" decoding=\"async\" width=\"720\" height=\"720\" data-id=\"4071\" src=\"https:\/\/blog.saocamilo-sp.br\/wp-content\/uploads\/2025\/11\/Premio_3.png\" alt=\"\" class=\"wp-image-4071\" srcset=\"https:\/\/blog.saocamilo-sp.br\/wp-content\/uploads\/2025\/11\/Premio_3.png 720w, https:\/\/blog.saocamilo-sp.br\/wp-content\/uploads\/2025\/11\/Premio_3-300x300.png 300w, https:\/\/blog.saocamilo-sp.br\/wp-content\/uploads\/2025\/11\/Premio_3-150x150.png 150w, https:\/\/blog.saocamilo-sp.br\/wp-content\/uploads\/2025\/11\/Premio_3-600x600.png 600w\" sizes=\"auto, (max-width: 720px) 100vw, 720px\" \/><\/figure>\n\n\n\n<figure class=\"wp-block-image size-large\"><img loading=\"lazy\" decoding=\"async\" width=\"720\" height=\"720\" data-id=\"4072\" src=\"https:\/\/blog.saocamilo-sp.br\/wp-content\/uploads\/2025\/11\/Premio_4.png\" alt=\"\" class=\"wp-image-4072\" srcset=\"https:\/\/blog.saocamilo-sp.br\/wp-content\/uploads\/2025\/11\/Premio_4.png 720w, https:\/\/blog.saocamilo-sp.br\/wp-content\/uploads\/2025\/11\/Premio_4-300x300.png 300w, https:\/\/blog.saocamilo-sp.br\/wp-content\/uploads\/2025\/11\/Premio_4-150x150.png 150w, https:\/\/blog.saocamilo-sp.br\/wp-content\/uploads\/2025\/11\/Premio_4-600x600.png 600w\" sizes=\"auto, (max-width: 720px) 100vw, 720px\" \/><\/figure>\n\n\n\n<figure class=\"wp-block-image size-large\"><img loading=\"lazy\" decoding=\"async\" width=\"720\" height=\"720\" data-id=\"4073\" src=\"https:\/\/blog.saocamilo-sp.br\/wp-content\/uploads\/2025\/11\/Profa-Daniela-Sakumoto.png\" alt=\"\" class=\"wp-image-4073\" srcset=\"https:\/\/blog.saocamilo-sp.br\/wp-content\/uploads\/2025\/11\/Profa-Daniela-Sakumoto.png 720w, https:\/\/blog.saocamilo-sp.br\/wp-content\/uploads\/2025\/11\/Profa-Daniela-Sakumoto-300x300.png 300w, https:\/\/blog.saocamilo-sp.br\/wp-content\/uploads\/2025\/11\/Profa-Daniela-Sakumoto-150x150.png 150w, https:\/\/blog.saocamilo-sp.br\/wp-content\/uploads\/2025\/11\/Profa-Daniela-Sakumoto-600x600.png 600w\" sizes=\"auto, (max-width: 720px) 100vw, 720px\" \/><\/figure>\n\n\n\n<figure class=\"wp-block-image size-large\"><img loading=\"lazy\" decoding=\"async\" width=\"720\" height=\"720\" data-id=\"4074\" src=\"https:\/\/blog.saocamilo-sp.br\/wp-content\/uploads\/2025\/11\/Sessao-Oral-1.png\" alt=\"\" class=\"wp-image-4074\" srcset=\"https:\/\/blog.saocamilo-sp.br\/wp-content\/uploads\/2025\/11\/Sessao-Oral-1.png 720w, https:\/\/blog.saocamilo-sp.br\/wp-content\/uploads\/2025\/11\/Sessao-Oral-1-300x300.png 300w, https:\/\/blog.saocamilo-sp.br\/wp-content\/uploads\/2025\/11\/Sessao-Oral-1-150x150.png 150w, https:\/\/blog.saocamilo-sp.br\/wp-content\/uploads\/2025\/11\/Sessao-Oral-1-600x600.png 600w\" sizes=\"auto, (max-width: 720px) 100vw, 720px\" \/><\/figure>\n\n\n\n<figure class=\"wp-block-image size-large\"><img loading=\"lazy\" decoding=\"async\" width=\"720\" height=\"720\" data-id=\"4075\" src=\"https:\/\/blog.saocamilo-sp.br\/wp-content\/uploads\/2025\/11\/Sessao-Oral-2.png\" alt=\"\" class=\"wp-image-4075\" srcset=\"https:\/\/blog.saocamilo-sp.br\/wp-content\/uploads\/2025\/11\/Sessao-Oral-2.png 720w, https:\/\/blog.saocamilo-sp.br\/wp-content\/uploads\/2025\/11\/Sessao-Oral-2-300x300.png 300w, https:\/\/blog.saocamilo-sp.br\/wp-content\/uploads\/2025\/11\/Sessao-Oral-2-150x150.png 150w, https:\/\/blog.saocamilo-sp.br\/wp-content\/uploads\/2025\/11\/Sessao-Oral-2-600x600.png 600w\" sizes=\"auto, (max-width: 720px) 100vw, 720px\" \/><\/figure>\n\n\n\n<figure class=\"wp-block-image size-large\"><img loading=\"lazy\" decoding=\"async\" width=\"720\" height=\"720\" data-id=\"4076\" src=\"https:\/\/blog.saocamilo-sp.br\/wp-content\/uploads\/2025\/11\/Sessao-Oral-3.png\" alt=\"\" class=\"wp-image-4076\" srcset=\"https:\/\/blog.saocamilo-sp.br\/wp-content\/uploads\/2025\/11\/Sessao-Oral-3.png 720w, https:\/\/blog.saocamilo-sp.br\/wp-content\/uploads\/2025\/11\/Sessao-Oral-3-300x300.png 300w, https:\/\/blog.saocamilo-sp.br\/wp-content\/uploads\/2025\/11\/Sessao-Oral-3-150x150.png 150w, https:\/\/blog.saocamilo-sp.br\/wp-content\/uploads\/2025\/11\/Sessao-Oral-3-600x600.png 600w\" sizes=\"auto, (max-width: 720px) 100vw, 720px\" \/><\/figure>\n\n\n\n<figure class=\"wp-block-image size-large\"><img loading=\"lazy\" decoding=\"async\" width=\"720\" height=\"720\" data-id=\"4077\" src=\"https:\/\/blog.saocamilo-sp.br\/wp-content\/uploads\/2025\/11\/Sessao-Poster-1.png\" alt=\"\" class=\"wp-image-4077\" srcset=\"https:\/\/blog.saocamilo-sp.br\/wp-content\/uploads\/2025\/11\/Sessao-Poster-1.png 720w, https:\/\/blog.saocamilo-sp.br\/wp-content\/uploads\/2025\/11\/Sessao-Poster-1-300x300.png 300w, https:\/\/blog.saocamilo-sp.br\/wp-content\/uploads\/2025\/11\/Sessao-Poster-1-150x150.png 150w, https:\/\/blog.saocamilo-sp.br\/wp-content\/uploads\/2025\/11\/Sessao-Poster-1-600x600.png 600w\" sizes=\"auto, (max-width: 720px) 100vw, 720px\" \/><\/figure>\n\n\n\n<figure class=\"wp-block-image size-large\"><img loading=\"lazy\" decoding=\"async\" width=\"720\" height=\"720\" data-id=\"4078\" src=\"https:\/\/blog.saocamilo-sp.br\/wp-content\/uploads\/2025\/11\/Sessao-Poster-2.png\" alt=\"\" class=\"wp-image-4078\" srcset=\"https:\/\/blog.saocamilo-sp.br\/wp-content\/uploads\/2025\/11\/Sessao-Poster-2.png 720w, https:\/\/blog.saocamilo-sp.br\/wp-content\/uploads\/2025\/11\/Sessao-Poster-2-300x300.png 300w, https:\/\/blog.saocamilo-sp.br\/wp-content\/uploads\/2025\/11\/Sessao-Poster-2-150x150.png 150w, https:\/\/blog.saocamilo-sp.br\/wp-content\/uploads\/2025\/11\/Sessao-Poster-2-600x600.png 600w\" sizes=\"auto, (max-width: 720px) 100vw, 720px\" \/><\/figure>\n\n\n\n<figure class=\"wp-block-image size-large\"><img loading=\"lazy\" decoding=\"async\" width=\"720\" height=\"720\" data-id=\"4079\" src=\"https:\/\/blog.saocamilo-sp.br\/wp-content\/uploads\/2025\/11\/Sessao-Poster-3.png\" alt=\"\" class=\"wp-image-4079\" srcset=\"https:\/\/blog.saocamilo-sp.br\/wp-content\/uploads\/2025\/11\/Sessao-Poster-3.png 720w, https:\/\/blog.saocamilo-sp.br\/wp-content\/uploads\/2025\/11\/Sessao-Poster-3-300x300.png 300w, https:\/\/blog.saocamilo-sp.br\/wp-content\/uploads\/2025\/11\/Sessao-Poster-3-150x150.png 150w, https:\/\/blog.saocamilo-sp.br\/wp-content\/uploads\/2025\/11\/Sessao-Poster-3-600x600.png 600w\" sizes=\"auto, (max-width: 720px) 100vw, 720px\" \/><\/figure>\n\n\n\n<figure class=\"wp-block-image size-large\"><img loading=\"lazy\" decoding=\"async\" width=\"720\" height=\"720\" data-id=\"4080\" src=\"https:\/\/blog.saocamilo-sp.br\/wp-content\/uploads\/2025\/11\/Sessao-Poster-4.png\" alt=\"\" class=\"wp-image-4080\" srcset=\"https:\/\/blog.saocamilo-sp.br\/wp-content\/uploads\/2025\/11\/Sessao-Poster-4.png 720w, https:\/\/blog.saocamilo-sp.br\/wp-content\/uploads\/2025\/11\/Sessao-Poster-4-300x300.png 300w, https:\/\/blog.saocamilo-sp.br\/wp-content\/uploads\/2025\/11\/Sessao-Poster-4-150x150.png 150w, https:\/\/blog.saocamilo-sp.br\/wp-content\/uploads\/2025\/11\/Sessao-Poster-4-600x600.png 600w\" sizes=\"auto, (max-width: 720px) 100vw, 720px\" \/><\/figure>\n\n\n\n<figure class=\"wp-block-image size-large\"><img loading=\"lazy\" decoding=\"async\" width=\"720\" height=\"720\" data-id=\"4081\" src=\"https:\/\/blog.saocamilo-sp.br\/wp-content\/uploads\/2025\/11\/Sessao-Poster-5.png\" alt=\"\" class=\"wp-image-4081\" srcset=\"https:\/\/blog.saocamilo-sp.br\/wp-content\/uploads\/2025\/11\/Sessao-Poster-5.png 720w, https:\/\/blog.saocamilo-sp.br\/wp-content\/uploads\/2025\/11\/Sessao-Poster-5-300x300.png 300w, https:\/\/blog.saocamilo-sp.br\/wp-content\/uploads\/2025\/11\/Sessao-Poster-5-150x150.png 150w, https:\/\/blog.saocamilo-sp.br\/wp-content\/uploads\/2025\/11\/Sessao-Poster-5-600x600.png 600w\" sizes=\"auto, (max-width: 720px) 100vw, 720px\" \/><\/figure>\n\n\n\n<figure class=\"wp-block-image size-large\"><img loading=\"lazy\" decoding=\"async\" width=\"1024\" height=\"768\" data-id=\"4104\" src=\"https:\/\/blog.saocamilo-sp.br\/wp-content\/uploads\/2025\/11\/Abertura-Congresso-Multi-2025-1024x768.jpeg\" alt=\"\" class=\"wp-image-4104\" srcset=\"https:\/\/blog.saocamilo-sp.br\/wp-content\/uploads\/2025\/11\/Abertura-Congresso-Multi-2025-1024x768.jpeg 1024w, https:\/\/blog.saocamilo-sp.br\/wp-content\/uploads\/2025\/11\/Abertura-Congresso-Multi-2025-300x225.jpeg 300w, https:\/\/blog.saocamilo-sp.br\/wp-content\/uploads\/2025\/11\/Abertura-Congresso-Multi-2025-768x576.jpeg 768w, https:\/\/blog.saocamilo-sp.br\/wp-content\/uploads\/2025\/11\/Abertura-Congresso-Multi-2025-1536x1152.jpeg 1536w, https:\/\/blog.saocamilo-sp.br\/wp-content\/uploads\/2025\/11\/Abertura-Congresso-Multi-2025-600x450.jpeg 600w, https:\/\/blog.saocamilo-sp.br\/wp-content\/uploads\/2025\/11\/Abertura-Congresso-Multi-2025-945x709.jpeg 945w, https:\/\/blog.saocamilo-sp.br\/wp-content\/uploads\/2025\/11\/Abertura-Congresso-Multi-2025.jpeg 1600w\" sizes=\"auto, (max-width: 1024px) 100vw, 1024px\" \/><\/figure>\n<\/figure>\n\n\n\n<h2 class=\"wp-block-heading\">2\u00ba Simp\u00f3sio de Pesquisa Cient\u00edfica: o futuro da ci\u00eancia come\u00e7a aqui<\/h2>\n\n\n\n<p>O pr\u00e9-congresso, realizado em 6 de novembro, marcou a abertura com o 2\u00ba Simp\u00f3sio de Pesquisa Cient\u00edfica. O evento foi organizado pelo Escrit\u00f3rio de Pesquisa, representado pelo Prof. F\u00e1bio Mitsuo Lima e por Gabriel Dias Francozo.<\/p>\n\n\n\n<blockquote class=\"wp-block-quote is-layout-flow wp-block-quote-is-layout-flow\">\n<p>&#8220;\u00c9 gratificante organizar um evento como este, no qual unimos toda expertise dos docentes \u00e0 vontade dos estudantes em adquirir conhecimento.&#8221;<br><strong>F\u00e1bio Mitsuo Lima<\/strong><br>Coordenador de Pesquisa do Centro Universit\u00e1rio S\u00e3o Camilo<\/p>\n<\/blockquote>\n\n\n\n<p>Durante a programa\u00e7\u00e3o, houve apresenta\u00e7\u00f5es de projetos do PIBIC 2024. Al\u00e9m disso, foram realizadas palestras voltadas \u00e0 integridade cient\u00edfica, ao uso de tecnologias em pesquisas e \u00e0 inova\u00e7\u00e3o.<\/p>\n\n\n\n<p>Entre os destaques, alunos de inicia\u00e7\u00e3o cient\u00edfica apresentaram temas como resist\u00eancia bacteriana, neuroci\u00eancia, carcinoma renal e aprendizagem lingu\u00edstica.<br><br>Por fim, no encerramento, Josy Davidson trouxe reflex\u00f5es sobre \u201cO desafio da integridade cient\u00edfica na era da Intelig\u00eancia Artificial\u201d. A palestra despertou o p\u00fablico para a import\u00e2ncia da \u00e9tica na produ\u00e7\u00e3o acad\u00eamica.<\/p>\n\n\n\n<blockquote class=\"wp-block-quote is-layout-flow wp-block-quote-is-layout-flow\">\n<p>&#8220;O simp\u00f3sio \u00e9 uma oportunidade para os estudantes que receberam a bolsa do PIBIC e desenvolveram projetos nas mais variadas \u00e1reas apresentarem seus resultados e receberem feedback de uma banca de avalia\u00e7\u00e3o. Al\u00e9m de fortalecer o senso de comunidade, j\u00e1 que, o evento tamb\u00e9m conta com a presen\u00e7a de familiares, convidados e at\u00e9 mesmo estudantes interessados em ingressar em projetos de inicia\u00e7\u00e3o cient\u00edfica, que comparecem para assistir as apresenta\u00e7\u00f5es&#8221;<\/p>\n\n\n\n<p><strong>Gabriel Dias Francozo <\/strong><br>Analista de Pesquisa do Centro Universit\u00e1rio S\u00e3o Camilo<\/p>\n<\/blockquote>\n\n\n\n<h2 class=\"wp-block-heading\">Hackathon em Sa\u00fade: inova\u00e7\u00e3o e colabora\u00e7\u00e3o entre institui\u00e7\u00f5es<\/h2>\n\n\n\n<p>Outro ponto alto foi o 2\u00ba Hackathon em Sa\u00fade. Nesse contexto, a maratona de inova\u00e7\u00e3o reuniu estudantes da S\u00e3o Camilo e do Instituto Mau\u00e1 de Tecnologia.<\/p>\n\n\n\n<p>Durante o desafio, as equipes viveram um dia intenso de atividades. Ao longo da jornada, analisaram problemas, criaram ideias e desenvolveram prot\u00f3tipos voltados a solu\u00e7\u00f5es reais para o setor da sa\u00fade.<\/p>\n\n\n\n<p>As propostas foram avaliadas por professores-mentores e especialistas da \u00e1rea, e os projetos vencedores receberam destaque na cerim\u00f4nia de encerramento do congresso.<\/p>\n\n\n\n<h2 class=\"wp-block-heading\">Palestra de abertura: Ci\u00eancia, filosofia e cultura nos tempos atuais<\/h2>\n\n\n\n<p>No primeiro dia oficial do evento, 7 de novembro, o Prof. Gustavo Mendes abriu as palestras com o tema \u201cCi\u00eancia, filosofia e cultura nos tempos atuais\u201d.<\/p>\n\n\n\n<p>A programa\u00e7\u00e3o seguiu com mesas-redondas, apresenta\u00e7\u00f5es cient\u00edficas e uma vibrante mostra de trabalhos orais e p\u00f4steres. Nessa etapa, os alunos do esino profisisonalizante, gradua\u00e7\u00e3o,e p\u00f3s-gradua\u00e7\u00e3o apresentaram pesquisas que refletiram a diversidade e a relev\u00e2ncia das \u00e1reas da sa\u00fade.<\/p>\n\n\n\n<p>Al\u00e9m disso, a mesa \u201cA ci\u00eancia como norteadora de trajet\u00f3rias profissionais\u201d reuniu Leandro Fukusawa, Marcus Vin\u00edcius L\u00facio dos Santos e Ana Luiza Sim\u00f5es.<br><br>O debate inspirou os congressistas a enxergarem a ci\u00eancia como um caminho de prop\u00f3sito e impacto social.<\/p>\n\n\n\n<h2 class=\"wp-block-heading\">P\u00f3s-gradua\u00e7\u00e3o, cultura e premia\u00e7\u00f5es<\/h2>\n\n\n\n<p>No \u00faltimo dia (8 de novembro), os projetos aplicados da p\u00f3s-gradua\u00e7\u00e3o foram apresentados em formato pitch, destacando solu\u00e7\u00f5es inovadoras para desafios reais do mercado de sa\u00fade e gest\u00e3o.<br>Al\u00e9m disso, a manh\u00e3 tamb\u00e9m contou com a apresenta\u00e7\u00e3o cultural do DJ Bruninho e a esperada premia\u00e7\u00e3o dos vencedores do Hackathon, dos trabalhos cient\u00edficos e dos projetos da p\u00f3s.<\/p>\n\n\n\n<p>Empresas como Manga Verde Assa\u00ed, D2L, Cacau Show, Elsevier e Pentel do Brasil apoiaram o evento, refor\u00e7ando a relev\u00e2ncia da parceria entre academia e setor produtivo.<\/p>\n\n\n\n<h3 class=\"wp-block-heading\">Confira os melhores momentos do congresso:<\/h3>\n\n\n\n<iframe loading=\"lazy\" title=\"Congresso Multiprofissional S\u00e3o Camilo 2025 | Melhores momentos\" width=\"676\" height=\"380\" src=\"https:\/\/www.youtube.com\/embed\/izQ0Wq3ceAk?feature=oembed\" frameborder=\"0\" allow=\"accelerometer; autoplay; clipboard-write; encrypted-media; gyroscope; picture-in-picture; web-share\" referrerpolicy=\"strict-origin-when-cross-origin\" allowfullscreen><\/iframe>\n\n\n\n<h2 class=\"wp-block-heading\">Trabalhos premiados no congresso<\/h2>\n\n\n\n<p>O encerramento do 10\u00ba Congresso Multiprofissional S\u00e3o Camilo foi marcado pela premia\u00e7\u00e3o dos melhores trabalhos cient\u00edficos, reconhecendo a qualidade e o protagonismo das pesquisas apresentadas.<\/p>\n\n\n\n<h3 class=\"wp-block-heading\">Categoria: Estudante | Tipo: Desenvolvimento de Produto.<\/h3>\n\n\n\n<h3 class=\"wp-block-heading\">Posi\u00e7\u00e3o 1<\/h3>\n\n\n\n<ul class=\"wp-block-list\">\n<li><strong>T\u00edtulo:<\/strong>&nbsp;Protocolo de disco-difus\u00e3o para avalia\u00e7\u00e3o da atividade antibacteriana de subst\u00e2ncia sob investiga\u00e7\u00e3o.<\/li>\n\n\n\n<li><strong>Integrantes:<\/strong>&nbsp;Alicia Costa de Lima, Caroline Pares Schwarzwalder, Mariana Mendon\u00e7a Maia, Giovana Montilha da Silva, Izadora Gianini Silveira, Gabriela Eun Ji Kim.<\/li>\n\n\n\n<li><strong>Orientador:<\/strong>&nbsp;Fredson Torres Silva.<\/li>\n<\/ul>\n\n\n\n<h3 class=\"wp-block-heading\">Posi\u00e7\u00e3o 2<\/h3>\n\n\n\n<ul class=\"wp-block-list\">\n<li><strong>T\u00edtulo:<\/strong>&nbsp;Entre muros e desigualdades: Juventude, diversidade sexual e vulnerabilidades sociais no Brasil.<\/li>\n\n\n\n<li><strong>Integrantes:<\/strong>&nbsp;Diogo Pereira de Andrade, Jo\u00e3o Henrique de Morais Ribeiro.<\/li>\n\n\n\n<li><strong>Orientador:<\/strong>&nbsp;Jo\u00e3o Henrique de Morais Ribeiro.<\/li>\n<\/ul>\n\n\n\n<h3 class=\"wp-block-heading\">Categoria: Estudante | Tipo: Relato de Experi\u00eancia.<\/h3>\n\n\n\n<h3 class=\"wp-block-heading\">Posi\u00e7\u00e3o 1<\/h3>\n\n\n\n<ul class=\"wp-block-list\">\n<li><strong>T\u00edtulo:<\/strong>&nbsp;Relato de Experi\u00eancia de est\u00e1gio em Psicologia Escolar e Educacional: Projeto Sementes do Cuidado.<\/li>\n\n\n\n<li><strong>Integrantes:<\/strong>&nbsp;Marina Rodrigues de Paula, Barbara Lutero.<\/li>\n\n\n\n<li><strong>Orientador:<\/strong>&nbsp;Diego Mansano Fernandes.<\/li>\n<\/ul>\n\n\n\n<h3 class=\"wp-block-heading\">Posi\u00e7\u00e3o 2<\/h3>\n\n\n\n<ul class=\"wp-block-list\">\n<li><strong>T\u00edtulo:<\/strong>&nbsp;Viv\u00eancias l\u00fadicas para conscientiza\u00e7\u00e3o ambiental em um Centro Universit\u00e1rio: relato de experi\u00eancia.<\/li>\n\n\n\n<li><strong>Integrantes:<\/strong>&nbsp;Andreza de Souza Imamura, Fernanda De Lorenzi Abrantes, Danielly Martins de Sousa, M\u00e1rcia Maria Gimenez.<\/li>\n\n\n\n<li><strong>Orientador:<\/strong>&nbsp;Ilka Schincariol Vercellino Seraphim.<\/li>\n<\/ul>\n\n\n\n<h3 class=\"wp-block-heading\">Categoria: Estudante | Tipo: Trabalho de Campo.<\/h3>\n\n\n\n<h3 class=\"wp-block-heading\">Posi\u00e7\u00e3o 1<\/h3>\n\n\n\n<ul class=\"wp-block-list\">\n<li><strong>T\u00edtulo:<\/strong>&nbsp;Subestima\u00e7\u00e3o do consumo alimentar por softwares de nutri\u00e7\u00e3o em mulheres praticantes de Crossfit\u00ae.<\/li>\n\n\n\n<li><strong>Integrantes:<\/strong>&nbsp;Nycolle Alves de Oliveira Silva, Caroline Soares Santos, Carolina Setton dos Ramos, Catarina Bortoloto Fran\u00e7a Ferracini, Fernanda Patti Nakamoto.<\/li>\n\n\n\n<li><strong>Orientador:<\/strong>&nbsp;Marcus Vinicius Lucio dos Santos Quaresma.<\/li>\n<\/ul>\n\n\n\n<h3 class=\"wp-block-heading\">Posi\u00e7\u00e3o 2<\/h3>\n\n\n\n<ul class=\"wp-block-list\">\n<li><strong>T\u00edtulo:<\/strong>&nbsp;Frequ\u00eancia de les\u00f5es, sono e energia dispon\u00edvel em jovens atletas em inseguran\u00e7a alimentar.<\/li>\n\n\n\n<li><strong>Integrantes:<\/strong>&nbsp;Carolina Rubia Martins Valente.<\/li>\n\n\n\n<li><strong>Orientador:<\/strong>&nbsp;Marcus Vinicius Lucio dos Santos Quaresma.<\/li>\n<\/ul>\n\n\n\n<h3 class=\"wp-block-heading\">Categoria: Hackathon em Sa\u00fade<\/h3>\n\n\n\n<h3 class=\"wp-block-heading\">Posi\u00e7\u00e3o 1<\/h3>\n\n\n\n<ul class=\"wp-block-list\">\n<li><strong>T\u00edtulo:<\/strong>&nbsp;Pulseira para monitoramento e cuidados com idosos.<\/li>\n\n\n\n<li><strong>Integrantes:<\/strong>&nbsp;Arthur Monteiro, Daniel Cruz Santana, Gabriel Lippi da Costa, D\u00e9bora Tovazi Silva, Gabriel Augusto Neves da Fonseca, Thawane Ferreira.<\/li>\n<\/ul>\n\n\n\n<h3 class=\"wp-block-heading\">Posi\u00e7\u00e3o 1<\/h3>\n\n\n\n<ul class=\"wp-block-list\">\n<li><strong>T\u00edtulo:<\/strong>&nbsp;Aplicativo para agrupamento e interpreta\u00e7\u00e3o de dados gen\u00e9ticos familiares.<\/li>\n\n\n\n<li><strong>Integrantes:<\/strong>&nbsp;\u00c1lvaro Junqueira, Ant\u00f4nio Napoli, Luan Camara Lopes, Vitor Hugo Pinho, Felipe Brito Moulin Rodrigues, Giovanna Gomes de Oliveira, Larissa Mari Horiuchi, Vit\u00f3ria Marinho Moreira.<\/li>\n<\/ul>\n\n\n\n<h3 class=\"wp-block-heading\">Categoria: Profissional | Tipo: Desenvolvimento de Produto.<\/h3>\n\n\n\n<h3 class=\"wp-block-heading\">Posi\u00e7\u00e3o 1<\/h3>\n\n\n\n<ul class=\"wp-block-list\">\n<li><strong>T\u00edtulo:<\/strong>&nbsp;Sistema Educativo H\u00edbrido para Predi\u00e7\u00e3o de Sepse: Combinando Transpar\u00eancia com Machine Learning.<\/li>\n\n\n\n<li><strong>Integrantes:<\/strong>&nbsp;Cassiana Souza Meyer, Tatiana Moreira de Almeida Callitto.<\/li>\n<\/ul>\n\n\n\n<h3 class=\"wp-block-heading\">Posi\u00e7\u00e3o 2<\/h3>\n\n\n\n<ul class=\"wp-block-list\">\n<li><strong>T\u00edtulo:<\/strong>&nbsp;Padroniza\u00e7\u00e3o e Visualiza\u00e7\u00e3o de Dietas Hospitalares: Instrumento de Apoio Gr\u00e1fico \u00e0 Pr\u00e1tica Cl\u00ednica.<\/li>\n\n\n\n<li><strong>Integrantes:<\/strong>&nbsp;Giovanna Fioravante Soares Alves, Thais Lopes Matias.<\/li>\n<\/ul>\n\n\n\n<h3 class=\"wp-block-heading\">Categoria: Profissional | Tipo: Relato de Experi\u00eancia.<\/h3>\n\n\n\n<h3 class=\"wp-block-heading\">Posi\u00e7\u00e3o 1<\/h3>\n\n\n\n<ul class=\"wp-block-list\">\n<li><strong>T\u00edtulo:<\/strong>&nbsp;RECONECTA KIDS: Experi\u00eancia interdisciplinar para promover parentalidade digital saud\u00e1vel.<\/li>\n\n\n\n<li><strong>Integrantes:<\/strong>&nbsp;Erika Campos da Silva.<\/li>\n<\/ul>\n\n\n\n<h3 class=\"wp-block-heading\">Posi\u00e7\u00e3o 2<\/h3>\n\n\n\n<ul class=\"wp-block-list\">\n<li><strong>T\u00edtulo:<\/strong>&nbsp;Empregabilidade, forma\u00e7\u00e3o integral e direitos humanos: a experi\u00eancia do Conex\u00e3o Carreiras.<\/li>\n\n\n\n<li><strong>Integrantes:<\/strong>&nbsp;Larissa Resende Mario.<\/li>\n<\/ul>\n\n\n\n<h3 class=\"wp-block-heading\">Categoria: Profissional | Tipo: Trabalho de Campo.<\/h3>\n\n\n\n<h3 class=\"wp-block-heading\">Posi\u00e7\u00e3o 1<\/h3>\n\n\n\n<ul class=\"wp-block-list\">\n<li><strong>T\u00edtulo:<\/strong>&nbsp;An\u00e1lise do perfil epidemiol\u00f3gico de pacientes com c\u00e2ncer de c\u00f3lon utilizando Real-World Data.<\/li>\n\n\n\n<li><strong>Integrantes:<\/strong>&nbsp;Gabriel Dias Fran\u00e7ozo, Pietro Vasconcellos Cazalini, Viviane Scalise, Jo\u00e3o Figueira Scarini, Kenneth John Gollob.<\/li>\n<\/ul>\n\n\n\n<h3 class=\"wp-block-heading\">Posi\u00e7\u00e3o 2<\/h3>\n\n\n\n<ul class=\"wp-block-list\">\n<li><strong>T\u00edtulo:<\/strong>&nbsp;Diagn\u00f3sticos de Enfermagem Relacionados a Sarcopenia em Idosos.<\/li>\n\n\n\n<li><strong>Integrantes:<\/strong>&nbsp;Thais de Sousa Pinto, Luciana Paganini Piazzolla, Amanda de Lima Stricagnolo, Luma Carolinne Guastelli Testasecca.<\/li>\n<\/ul>\n\n\n\n<h3 class=\"wp-block-heading\">Categoria: Trabalho na \u00cdntegra<\/h3>\n\n\n\n<h3 class=\"wp-block-heading\">Posi\u00e7\u00e3o 1<\/h3>\n\n\n\n<ul class=\"wp-block-list\">\n<li><strong>T\u00edtulo:<\/strong>&nbsp;Manejo do Comportamento Suicida no Contexto Hospitalar: Revis\u00e3o Sistem\u00e1tica.<\/li>\n\n\n\n<li><strong>Integrantes:<\/strong>&nbsp;Maria Helena Ribeiro Duarte, Camila da Silva Ara\u00fajo, Ana Beatriz da Costa Garcia, Mariana Oliveira Brand\u00e3o, Leandro Lima Silva, Cynthia Cassoni.<\/li>\n\n\n\n<li><strong>Tipo:<\/strong>&nbsp;Revis\u00e3o.<\/li>\n\n\n\n<li><strong>Categoria:<\/strong>&nbsp;Profissional.<\/li>\n<\/ul>\n\n\n\n<h3 class=\"wp-block-heading\">Posi\u00e7\u00e3o 1<\/h3>\n\n\n\n<ul class=\"wp-block-list\">\n<li><strong>T\u00edtulo:<\/strong>&nbsp;Independ\u00eancia das pessoas idosas, sobrecarga e qualidade de vida dos cuidadores: Estudo Transversal.<\/li>\n\n\n\n<li><strong>Integrantes:<\/strong>&nbsp;Douglas Araujo Torres Sales, Ana Claudia Alcantara Garzin, Laura Maria Freire Dantas, Acacia Maria Lima de Oliveira Devezas, Ana Maria Auricchio.<\/li>\n\n\n\n<li><strong>Orientador:<\/strong>&nbsp;Carla Maria Maluf Ferrari.<\/li>\n\n\n\n<li><strong>Tipo:<\/strong>&nbsp;Trabalho de Campo.<\/li>\n\n\n\n<li><strong>Categoria:<\/strong>&nbsp;Estudante.<\/li>\n<\/ul>\n\n\n\n<h3 class=\"wp-block-heading\">Categoria: P\u00f3s-Gradua\u00e7\u00e3o Lato Sensu | Tipo: Projetos Aplicados.<\/h3>\n\n\n\n<h3 class=\"wp-block-heading\">Posi\u00e7\u00e3o 1<\/h3>\n\n\n\n<ul class=\"wp-block-list\">\n<li><strong>T\u00edtulo:<\/strong>&nbsp;Pulseira Vital: Revolucionando o Monitoramento de Sinais Vitais em Ambientes Cr\u00edticos com Tecnologia Sem Fios.<\/li>\n\n\n\n<li><strong>Integrantes:<\/strong>&nbsp;J\u00e9ssica Rayane Vieira da Silva, Bruna Oliveira, Maria Andr\u00e9a Filomena de Mesquita, Priscila Souza Botelho Almeida, Lidia de Oliveira Stefani, Aline Rosa de Rezende.<\/li>\n\n\n\n<li><strong>Orientador:<\/strong>&nbsp;Carolina N\u00f3voa Fernandes.<\/li>\n<\/ul>\n\n\n\n<h2 class=\"wp-block-heading\">Congresso em n\u00fameros<\/h2>\n\n\n\n<p>Assim, durante os tr\u00eas dias de programa\u00e7\u00e3o, o congresso se firmou como um espa\u00e7o de compartilhamento de experi\u00eancias e fortalecimento da cultura cient\u00edfica. Reunindo centenas de participantes e apresentou produ\u00e7\u00f5es acad\u00eamicas de destaque. Conhe\u00e7a os n\u00fameros do congresso:<\/p>\n\n\n\n<ul class=\"wp-block-list\">\n<li><strong>336 professores inscritos<\/strong><\/li>\n\n\n\n<li><strong>969 congressistas pagantes<\/strong><\/li>\n\n\n\n<li><strong>435 trabalhos submetidos<\/strong><\/li>\n\n\n\n<li><strong>388 trabalhos apresentados<\/strong> nas diferentes \u00e1reas da sa\u00fade, educa\u00e7\u00e3o e gest\u00e3o<\/li>\n\n\n\n<li><strong>34 artigos completos<\/strong> enviados para avalia\u00e7\u00e3o na categoria \u201cTrabalho na \u00cdntegra\u201d<\/li>\n<\/ul>\n\n\n\n<p>Concluindo, esses n\u00fameros demonstram o crescimento cont\u00ednuo da produ\u00e7\u00e3o cient\u00edfica e o compromisso da Instituiu\u00e7\u00e3o, j\u00e1 que o Centro Universit\u00e1rio S\u00e3o Camilo se preocupa com a forma\u00e7\u00e3o de profissionais cr\u00edticos, \u00e9ticos e protagonistas em suas \u00e1reas de atua\u00e7\u00e3o.<br><br>Nos vemos no 11\u00ba Congresso Multiprofissional em 2026!<br><\/p>\n\n\n\n<p><strong>Leia tamb\u00e9m:<\/strong><\/p>\n\n\n\n<p><a href=\"https:\/\/blog.saocamilo-sp.br\/index.php\/2024\/07\/08\/membro-da-coordenacao-de-pesquisa-que-ja-foi-ao-mit-fala-sobre-o-dia-internacional-do-pesquisador-cientifico\/\">Dia Nacional da Ci\u00eancia e do Pesquisador Cient\u00edfico \u2013 Membro da Coordena\u00e7\u00e3o de Pesquisa fala sobre a data&nbsp;<\/a><br><a href=\"https:\/\/blog.saocamilo-sp.br\/index.php\/2024\/12\/02\/639-pesquisadores-brasileiros-mais-influentes-do-mundo\/\">Pesquisadores influentes: editor da Revista \u201cO Mundo da Sa\u00fade\u201d da S\u00e3o Camilo \u00e9 destaque em livro<\/a><br><\/p>\n\n\n\n<p><\/p>\n","protected":false},"excerpt":{"rendered":"<p>O 10\u00ba Congresso Multi da S\u00e3o Camilo reuniu estudantes, docentes e pesquisadores, com apresenta\u00e7\u00f5es cient\u00edficas, hackathon e debates sobre inova\u00e7\u00e3o na sa\u00fade.<\/p>\n","protected":false},"author":13,"featured_media":4059,"comment_status":"open","ping_status":"open","sticky":false,"template":"","format":"standard","meta":{"cybocfi_hide_featured_image":"yes","footnotes":""},"categories":[91],"tags":[208,120],"class_list":["post-4043","post","type-post","status-publish","format-standard","has-post-thumbnail","hentry","category-institucional","tag-congresso-multiprofissional","tag-evento"],"yoast_head":"<!-- This site is optimized with the Yoast SEO plugin v27.4 - https:\/\/yoast.com\/product\/yoast-seo-wordpress\/ -->\n<title>S\u00e3o Camilo realiza seu 10\u00ba Congresso Multiprofissional - Blog S\u00e3o Camilo<\/title>\n<meta name=\"description\" content=\"O 10\u00ba Congresso da S\u00e3o Camilo reuniu estudantes, docentes e pesquisadores, com apresenta\u00e7\u00f5es cient\u00edficas, hackathon e debates sobre inova\u00e7\u00e3o.\" \/>\n<meta name=\"robots\" content=\"index, follow, max-snippet:-1, max-image-preview:large, max-video-preview:-1\" \/>\n<link rel=\"canonical\" href=\"https:\/\/blog.saocamilo-sp.br\/index.php\/2025\/11\/12\/10o-congresso-multi-da-sao-camilo-a-celebracao-da-ciencia\/\" \/>\n<meta property=\"og:locale\" content=\"pt_BR\" \/>\n<meta property=\"og:type\" content=\"article\" \/>\n<meta property=\"og:title\" content=\"S\u00e3o Camilo realiza seu 10\u00ba Congresso Multiprofissional - Blog S\u00e3o Camilo\" \/>\n<meta property=\"og:description\" content=\"O 10\u00ba Congresso da S\u00e3o Camilo reuniu estudantes, docentes e pesquisadores, com apresenta\u00e7\u00f5es cient\u00edficas, hackathon e debates sobre inova\u00e7\u00e3o.\" \/>\n<meta property=\"og:url\" content=\"https:\/\/blog.saocamilo-sp.br\/index.php\/2025\/11\/12\/10o-congresso-multi-da-sao-camilo-a-celebracao-da-ciencia\/\" \/>\n<meta property=\"og:site_name\" content=\"Blog S\u00e3o Camilo\" \/>\n<meta property=\"article:publisher\" content=\"https:\/\/www.facebook.com\/saocamilosp\" \/>\n<meta property=\"article:published_time\" content=\"2025-11-12T13:55:55+00:00\" \/>\n<meta property=\"article:modified_time\" content=\"2025-11-28T15:13:24+00:00\" \/>\n<meta property=\"og:image\" content=\"https:\/\/blog.saocamilo-sp.br\/wp-content\/uploads\/2025\/11\/Congresso-Multiprofissional-2025.png\" \/>\n\t<meta property=\"og:image:width\" content=\"1000\" \/>\n\t<meta property=\"og:image:height\" content=\"667\" \/>\n\t<meta property=\"og:image:type\" content=\"image\/png\" \/>\n<meta name=\"author\" content=\"Leandro Lafr\u00e1gola\" \/>\n<meta name=\"twitter:card\" content=\"summary_large_image\" \/>\n<meta name=\"twitter:creator\" content=\"@saocamilosp\" \/>\n<meta name=\"twitter:site\" content=\"@saocamilosp\" \/>\n<meta name=\"twitter:label1\" content=\"Escrito por\" \/>\n\t<meta name=\"twitter:data1\" content=\"Leandro Lafr\u00e1gola\" \/>\n\t<meta name=\"twitter:label2\" content=\"Est. tempo de leitura\" \/>\n\t<meta name=\"twitter:data2\" content=\"12 minutos\" \/>\n<script type=\"application\/ld+json\" class=\"yoast-schema-graph\">{\"@context\":\"https:\\\/\\\/schema.org\",\"@graph\":[{\"@type\":\"Article\",\"@id\":\"https:\\\/\\\/blog.saocamilo-sp.br\\\/index.php\\\/2025\\\/11\\\/12\\\/10o-congresso-multi-da-sao-camilo-a-celebracao-da-ciencia\\\/#article\",\"isPartOf\":{\"@id\":\"https:\\\/\\\/blog.saocamilo-sp.br\\\/index.php\\\/2025\\\/11\\\/12\\\/10o-congresso-multi-da-sao-camilo-a-celebracao-da-ciencia\\\/\"},\"author\":{\"name\":\"Leandro Lafr\u00e1gola\",\"@id\":\"https:\\\/\\\/blog.saocamilo-sp.br\\\/#\\\/schema\\\/person\\\/1a99645faaab0bb55105f817e866e19b\"},\"headline\":\"S\u00e3o Camilo realiza seu 10\u00ba Congresso Multiprofissional\",\"datePublished\":\"2025-11-12T13:55:55+00:00\",\"dateModified\":\"2025-11-28T15:13:24+00:00\",\"mainEntityOfPage\":{\"@id\":\"https:\\\/\\\/blog.saocamilo-sp.br\\\/index.php\\\/2025\\\/11\\\/12\\\/10o-congresso-multi-da-sao-camilo-a-celebracao-da-ciencia\\\/\"},\"wordCount\":1646,\"commentCount\":0,\"publisher\":{\"@id\":\"https:\\\/\\\/blog.saocamilo-sp.br\\\/#organization\"},\"image\":{\"@id\":\"https:\\\/\\\/blog.saocamilo-sp.br\\\/index.php\\\/2025\\\/11\\\/12\\\/10o-congresso-multi-da-sao-camilo-a-celebracao-da-ciencia\\\/#primaryimage\"},\"thumbnailUrl\":\"https:\\\/\\\/blog.saocamilo-sp.br\\\/wp-content\\\/uploads\\\/2025\\\/11\\\/Congresso-Multiprofissional-2025.png\",\"keywords\":[\"congresso multiprofissional\",\"evento\"],\"articleSection\":[\"Institucional\"],\"inLanguage\":\"pt-BR\",\"potentialAction\":[{\"@type\":\"CommentAction\",\"name\":\"Comment\",\"target\":[\"https:\\\/\\\/blog.saocamilo-sp.br\\\/index.php\\\/2025\\\/11\\\/12\\\/10o-congresso-multi-da-sao-camilo-a-celebracao-da-ciencia\\\/#respond\"]}]},{\"@type\":\"WebPage\",\"@id\":\"https:\\\/\\\/blog.saocamilo-sp.br\\\/index.php\\\/2025\\\/11\\\/12\\\/10o-congresso-multi-da-sao-camilo-a-celebracao-da-ciencia\\\/\",\"url\":\"https:\\\/\\\/blog.saocamilo-sp.br\\\/index.php\\\/2025\\\/11\\\/12\\\/10o-congresso-multi-da-sao-camilo-a-celebracao-da-ciencia\\\/\",\"name\":\"S\u00e3o Camilo realiza seu 10\u00ba Congresso Multiprofissional - Blog S\u00e3o Camilo\",\"isPartOf\":{\"@id\":\"https:\\\/\\\/blog.saocamilo-sp.br\\\/#website\"},\"primaryImageOfPage\":{\"@id\":\"https:\\\/\\\/blog.saocamilo-sp.br\\\/index.php\\\/2025\\\/11\\\/12\\\/10o-congresso-multi-da-sao-camilo-a-celebracao-da-ciencia\\\/#primaryimage\"},\"image\":{\"@id\":\"https:\\\/\\\/blog.saocamilo-sp.br\\\/index.php\\\/2025\\\/11\\\/12\\\/10o-congresso-multi-da-sao-camilo-a-celebracao-da-ciencia\\\/#primaryimage\"},\"thumbnailUrl\":\"https:\\\/\\\/blog.saocamilo-sp.br\\\/wp-content\\\/uploads\\\/2025\\\/11\\\/Congresso-Multiprofissional-2025.png\",\"datePublished\":\"2025-11-12T13:55:55+00:00\",\"dateModified\":\"2025-11-28T15:13:24+00:00\",\"description\":\"O 10\u00ba Congresso da S\u00e3o Camilo reuniu estudantes, docentes e pesquisadores, com apresenta\u00e7\u00f5es cient\u00edficas, hackathon e debates sobre inova\u00e7\u00e3o.\",\"breadcrumb\":{\"@id\":\"https:\\\/\\\/blog.saocamilo-sp.br\\\/index.php\\\/2025\\\/11\\\/12\\\/10o-congresso-multi-da-sao-camilo-a-celebracao-da-ciencia\\\/#breadcrumb\"},\"inLanguage\":\"pt-BR\",\"potentialAction\":[{\"@type\":\"ReadAction\",\"target\":[\"https:\\\/\\\/blog.saocamilo-sp.br\\\/index.php\\\/2025\\\/11\\\/12\\\/10o-congresso-multi-da-sao-camilo-a-celebracao-da-ciencia\\\/\"]}]},{\"@type\":\"BreadcrumbList\",\"@id\":\"https:\\\/\\\/blog.saocamilo-sp.br\\\/index.php\\\/2025\\\/11\\\/12\\\/10o-congresso-multi-da-sao-camilo-a-celebracao-da-ciencia\\\/#breadcrumb\",\"itemListElement\":[{\"@type\":\"ListItem\",\"position\":1,\"name\":\"In\u00edcio\",\"item\":\"https:\\\/\\\/blog.saocamilo-sp.br\\\/\"},{\"@type\":\"ListItem\",\"position\":2,\"name\":\"S\u00e3o Camilo realiza seu 10\u00ba Congresso Multiprofissional\"}]},{\"@type\":\"WebSite\",\"@id\":\"https:\\\/\\\/blog.saocamilo-sp.br\\\/#website\",\"url\":\"https:\\\/\\\/blog.saocamilo-sp.br\\\/\",\"name\":\"Blog S\u00e3o Camilo\",\"description\":\"Blog do Centro Universit\u00e1rio S\u00e3o Camilo\",\"publisher\":{\"@id\":\"https:\\\/\\\/blog.saocamilo-sp.br\\\/#organization\"},\"potentialAction\":[{\"@type\":\"SearchAction\",\"target\":{\"@type\":\"EntryPoint\",\"urlTemplate\":\"https:\\\/\\\/blog.saocamilo-sp.br\\\/?s={search_term_string}\"},\"query-input\":{\"@type\":\"PropertyValueSpecification\",\"valueRequired\":true,\"valueName\":\"search_term_string\"}}],\"inLanguage\":\"pt-BR\"},{\"@type\":\"Organization\",\"@id\":\"https:\\\/\\\/blog.saocamilo-sp.br\\\/#organization\",\"name\":\"Blog S\u00e3o Camilo\",\"url\":\"https:\\\/\\\/blog.saocamilo-sp.br\\\/\",\"logo\":{\"@type\":\"ImageObject\",\"inLanguage\":\"pt-BR\",\"@id\":\"https:\\\/\\\/blog.saocamilo-sp.br\\\/#\\\/schema\\\/logo\\\/image\\\/\",\"url\":\"https:\\\/\\\/blog.saocamilo-sp.br\\\/wp-content\\\/uploads\\\/2021\\\/12\\\/cropped-vazio-logo-topo.png\",\"contentUrl\":\"https:\\\/\\\/blog.saocamilo-sp.br\\\/wp-content\\\/uploads\\\/2021\\\/12\\\/cropped-vazio-logo-topo.png\",\"width\":320,\"height\":240,\"caption\":\"Blog S\u00e3o Camilo\"},\"image\":{\"@id\":\"https:\\\/\\\/blog.saocamilo-sp.br\\\/#\\\/schema\\\/logo\\\/image\\\/\"},\"sameAs\":[\"https:\\\/\\\/www.facebook.com\\\/saocamilosp\",\"https:\\\/\\\/x.com\\\/saocamilosp\",\"https:\\\/\\\/www.linkedin.com\\\/school\\\/centro-universit-rio-s-o-camilo\\\/\"]},{\"@type\":\"Person\",\"@id\":\"https:\\\/\\\/blog.saocamilo-sp.br\\\/#\\\/schema\\\/person\\\/1a99645faaab0bb55105f817e866e19b\",\"name\":\"Leandro Lafr\u00e1gola\",\"image\":{\"@type\":\"ImageObject\",\"inLanguage\":\"pt-BR\",\"@id\":\"https:\\\/\\\/secure.gravatar.com\\\/avatar\\\/ec4232fb8d50d80f1c672353dc4c2876490e6a0a2a33d6572c0ba1fb78f115cf?s=96&d=mm&r=g\",\"url\":\"https:\\\/\\\/secure.gravatar.com\\\/avatar\\\/ec4232fb8d50d80f1c672353dc4c2876490e6a0a2a33d6572c0ba1fb78f115cf?s=96&d=mm&r=g\",\"contentUrl\":\"https:\\\/\\\/secure.gravatar.com\\\/avatar\\\/ec4232fb8d50d80f1c672353dc4c2876490e6a0a2a33d6572c0ba1fb78f115cf?s=96&d=mm&r=g\",\"caption\":\"Leandro Lafr\u00e1gola\"},\"url\":\"https:\\\/\\\/blog.saocamilo-sp.br\\\/index.php\\\/author\\\/llafragola\\\/\"}]}<\/script>\n<!-- \/ Yoast SEO plugin. -->","yoast_head_json":{"title":"S\u00e3o Camilo realiza seu 10\u00ba Congresso Multiprofissional - Blog S\u00e3o Camilo","description":"O 10\u00ba Congresso da S\u00e3o Camilo reuniu estudantes, docentes e pesquisadores, com apresenta\u00e7\u00f5es cient\u00edficas, hackathon e debates sobre inova\u00e7\u00e3o.","robots":{"index":"index","follow":"follow","max-snippet":"max-snippet:-1","max-image-preview":"max-image-preview:large","max-video-preview":"max-video-preview:-1"},"canonical":"https:\/\/blog.saocamilo-sp.br\/index.php\/2025\/11\/12\/10o-congresso-multi-da-sao-camilo-a-celebracao-da-ciencia\/","og_locale":"pt_BR","og_type":"article","og_title":"S\u00e3o Camilo realiza seu 10\u00ba Congresso Multiprofissional - Blog S\u00e3o Camilo","og_description":"O 10\u00ba Congresso da S\u00e3o Camilo reuniu estudantes, docentes e pesquisadores, com apresenta\u00e7\u00f5es cient\u00edficas, hackathon e debates sobre inova\u00e7\u00e3o.","og_url":"https:\/\/blog.saocamilo-sp.br\/index.php\/2025\/11\/12\/10o-congresso-multi-da-sao-camilo-a-celebracao-da-ciencia\/","og_site_name":"Blog S\u00e3o Camilo","article_publisher":"https:\/\/www.facebook.com\/saocamilosp","article_published_time":"2025-11-12T13:55:55+00:00","article_modified_time":"2025-11-28T15:13:24+00:00","og_image":[{"width":1000,"height":667,"url":"https:\/\/blog.saocamilo-sp.br\/wp-content\/uploads\/2025\/11\/Congresso-Multiprofissional-2025.png","type":"image\/png"}],"author":"Leandro Lafr\u00e1gola","twitter_card":"summary_large_image","twitter_creator":"@saocamilosp","twitter_site":"@saocamilosp","twitter_misc":{"Escrito por":"Leandro Lafr\u00e1gola","Est. tempo de leitura":"12 minutos"},"schema":{"@context":"https:\/\/schema.org","@graph":[{"@type":"Article","@id":"https:\/\/blog.saocamilo-sp.br\/index.php\/2025\/11\/12\/10o-congresso-multi-da-sao-camilo-a-celebracao-da-ciencia\/#article","isPartOf":{"@id":"https:\/\/blog.saocamilo-sp.br\/index.php\/2025\/11\/12\/10o-congresso-multi-da-sao-camilo-a-celebracao-da-ciencia\/"},"author":{"name":"Leandro Lafr\u00e1gola","@id":"https:\/\/blog.saocamilo-sp.br\/#\/schema\/person\/1a99645faaab0bb55105f817e866e19b"},"headline":"S\u00e3o Camilo realiza seu 10\u00ba Congresso Multiprofissional","datePublished":"2025-11-12T13:55:55+00:00","dateModified":"2025-11-28T15:13:24+00:00","mainEntityOfPage":{"@id":"https:\/\/blog.saocamilo-sp.br\/index.php\/2025\/11\/12\/10o-congresso-multi-da-sao-camilo-a-celebracao-da-ciencia\/"},"wordCount":1646,"commentCount":0,"publisher":{"@id":"https:\/\/blog.saocamilo-sp.br\/#organization"},"image":{"@id":"https:\/\/blog.saocamilo-sp.br\/index.php\/2025\/11\/12\/10o-congresso-multi-da-sao-camilo-a-celebracao-da-ciencia\/#primaryimage"},"thumbnailUrl":"https:\/\/blog.saocamilo-sp.br\/wp-content\/uploads\/2025\/11\/Congresso-Multiprofissional-2025.png","keywords":["congresso multiprofissional","evento"],"articleSection":["Institucional"],"inLanguage":"pt-BR","potentialAction":[{"@type":"CommentAction","name":"Comment","target":["https:\/\/blog.saocamilo-sp.br\/index.php\/2025\/11\/12\/10o-congresso-multi-da-sao-camilo-a-celebracao-da-ciencia\/#respond"]}]},{"@type":"WebPage","@id":"https:\/\/blog.saocamilo-sp.br\/index.php\/2025\/11\/12\/10o-congresso-multi-da-sao-camilo-a-celebracao-da-ciencia\/","url":"https:\/\/blog.saocamilo-sp.br\/index.php\/2025\/11\/12\/10o-congresso-multi-da-sao-camilo-a-celebracao-da-ciencia\/","name":"S\u00e3o Camilo realiza seu 10\u00ba Congresso Multiprofissional - Blog S\u00e3o Camilo","isPartOf":{"@id":"https:\/\/blog.saocamilo-sp.br\/#website"},"primaryImageOfPage":{"@id":"https:\/\/blog.saocamilo-sp.br\/index.php\/2025\/11\/12\/10o-congresso-multi-da-sao-camilo-a-celebracao-da-ciencia\/#primaryimage"},"image":{"@id":"https:\/\/blog.saocamilo-sp.br\/index.php\/2025\/11\/12\/10o-congresso-multi-da-sao-camilo-a-celebracao-da-ciencia\/#primaryimage"},"thumbnailUrl":"https:\/\/blog.saocamilo-sp.br\/wp-content\/uploads\/2025\/11\/Congresso-Multiprofissional-2025.png","datePublished":"2025-11-12T13:55:55+00:00","dateModified":"2025-11-28T15:13:24+00:00","description":"O 10\u00ba Congresso da S\u00e3o Camilo reuniu estudantes, docentes e pesquisadores, com apresenta\u00e7\u00f5es cient\u00edficas, hackathon e debates sobre inova\u00e7\u00e3o.","breadcrumb":{"@id":"https:\/\/blog.saocamilo-sp.br\/index.php\/2025\/11\/12\/10o-congresso-multi-da-sao-camilo-a-celebracao-da-ciencia\/#breadcrumb"},"inLanguage":"pt-BR","potentialAction":[{"@type":"ReadAction","target":["https:\/\/blog.saocamilo-sp.br\/index.php\/2025\/11\/12\/10o-congresso-multi-da-sao-camilo-a-celebracao-da-ciencia\/"]}]},{"@type":"BreadcrumbList","@id":"https:\/\/blog.saocamilo-sp.br\/index.php\/2025\/11\/12\/10o-congresso-multi-da-sao-camilo-a-celebracao-da-ciencia\/#breadcrumb","itemListElement":[{"@type":"ListItem","position":1,"name":"In\u00edcio","item":"https:\/\/blog.saocamilo-sp.br\/"},{"@type":"ListItem","position":2,"name":"S\u00e3o Camilo realiza seu 10\u00ba Congresso Multiprofissional"}]},{"@type":"WebSite","@id":"https:\/\/blog.saocamilo-sp.br\/#website","url":"https:\/\/blog.saocamilo-sp.br\/","name":"Blog S\u00e3o Camilo","description":"Blog do Centro Universit\u00e1rio S\u00e3o Camilo","publisher":{"@id":"https:\/\/blog.saocamilo-sp.br\/#organization"},"potentialAction":[{"@type":"SearchAction","target":{"@type":"EntryPoint","urlTemplate":"https:\/\/blog.saocamilo-sp.br\/?s={search_term_string}"},"query-input":{"@type":"PropertyValueSpecification","valueRequired":true,"valueName":"search_term_string"}}],"inLanguage":"pt-BR"},{"@type":"Organization","@id":"https:\/\/blog.saocamilo-sp.br\/#organization","name":"Blog S\u00e3o Camilo","url":"https:\/\/blog.saocamilo-sp.br\/","logo":{"@type":"ImageObject","inLanguage":"pt-BR","@id":"https:\/\/blog.saocamilo-sp.br\/#\/schema\/logo\/image\/","url":"https:\/\/blog.saocamilo-sp.br\/wp-content\/uploads\/2021\/12\/cropped-vazio-logo-topo.png","contentUrl":"https:\/\/blog.saocamilo-sp.br\/wp-content\/uploads\/2021\/12\/cropped-vazio-logo-topo.png","width":320,"height":240,"caption":"Blog S\u00e3o Camilo"},"image":{"@id":"https:\/\/blog.saocamilo-sp.br\/#\/schema\/logo\/image\/"},"sameAs":["https:\/\/www.facebook.com\/saocamilosp","https:\/\/x.com\/saocamilosp","https:\/\/www.linkedin.com\/school\/centro-universit-rio-s-o-camilo\/"]},{"@type":"Person","@id":"https:\/\/blog.saocamilo-sp.br\/#\/schema\/person\/1a99645faaab0bb55105f817e866e19b","name":"Leandro Lafr\u00e1gola","image":{"@type":"ImageObject","inLanguage":"pt-BR","@id":"https:\/\/secure.gravatar.com\/avatar\/ec4232fb8d50d80f1c672353dc4c2876490e6a0a2a33d6572c0ba1fb78f115cf?s=96&d=mm&r=g","url":"https:\/\/secure.gravatar.com\/avatar\/ec4232fb8d50d80f1c672353dc4c2876490e6a0a2a33d6572c0ba1fb78f115cf?s=96&d=mm&r=g","contentUrl":"https:\/\/secure.gravatar.com\/avatar\/ec4232fb8d50d80f1c672353dc4c2876490e6a0a2a33d6572c0ba1fb78f115cf?s=96&d=mm&r=g","caption":"Leandro Lafr\u00e1gola"},"url":"https:\/\/blog.saocamilo-sp.br\/index.php\/author\/llafragola\/"}]}},"_links":{"self":[{"href":"https:\/\/blog.saocamilo-sp.br\/index.php\/wp-json\/wp\/v2\/posts\/4043","targetHints":{"allow":["GET"]}}],"collection":[{"href":"https:\/\/blog.saocamilo-sp.br\/index.php\/wp-json\/wp\/v2\/posts"}],"about":[{"href":"https:\/\/blog.saocamilo-sp.br\/index.php\/wp-json\/wp\/v2\/types\/post"}],"author":[{"embeddable":true,"href":"https:\/\/blog.saocamilo-sp.br\/index.php\/wp-json\/wp\/v2\/users\/13"}],"replies":[{"embeddable":true,"href":"https:\/\/blog.saocamilo-sp.br\/index.php\/wp-json\/wp\/v2\/comments?post=4043"}],"version-history":[{"count":14,"href":"https:\/\/blog.saocamilo-sp.br\/index.php\/wp-json\/wp\/v2\/posts\/4043\/revisions"}],"predecessor-version":[{"id":4188,"href":"https:\/\/blog.saocamilo-sp.br\/index.php\/wp-json\/wp\/v2\/posts\/4043\/revisions\/4188"}],"wp:featuredmedia":[{"embeddable":true,"href":"https:\/\/blog.saocamilo-sp.br\/index.php\/wp-json\/wp\/v2\/media\/4059"}],"wp:attachment":[{"href":"https:\/\/blog.saocamilo-sp.br\/index.php\/wp-json\/wp\/v2\/media?parent=4043"}],"wp:term":[{"taxonomy":"category","embeddable":true,"href":"https:\/\/blog.saocamilo-sp.br\/index.php\/wp-json\/wp\/v2\/categories?post=4043"},{"taxonomy":"post_tag","embeddable":true,"href":"https:\/\/blog.saocamilo-sp.br\/index.php\/wp-json\/wp\/v2\/tags?post=4043"}],"curies":[{"name":"wp","href":"https:\/\/api.w.org\/{rel}","templated":true}]}}