{"id":4045,"date":"2025-11-10T10:06:27","date_gmt":"2025-11-10T13:06:27","guid":{"rendered":"https:\/\/blog.saocamilo-sp.br\/?p=4045"},"modified":"2025-11-11T12:17:55","modified_gmt":"2025-11-11T15:17:55","slug":"sao-camilo-no-ruf-ensino-pesquisa-e-empregabilidade","status":"publish","type":"post","link":"https:\/\/blog.saocamilo-sp.br\/index.php\/2025\/11\/10\/sao-camilo-no-ruf-ensino-pesquisa-e-empregabilidade\/","title":{"rendered":"S\u00e3o Camilo no RUF: ensino, pesquisa e empregabilidade"},"content":{"rendered":"\n<p><strong>O Ranking Universit\u00e1rio Folha (RUF)<\/strong> \u00e9 uma das principais avalia\u00e7\u00f5es do ensino superior no Brasil.<br>Criado pela Folha de S\u00e3o Paulo, o ranking analisa todas as universidades ativas do pa\u00eds.<br>Al\u00e9m disso, a avalia\u00e7\u00e3o considera dados nacionais e internacionais, bem como duas pesquisas de opini\u00e3o do Datafolha.<br><br>Essas pesquisas analisam cinco dimens\u00f5es fundamentais da educa\u00e7\u00e3o superior:<\/p>\n\n\n\n<ul class=\"wp-block-list\">\n<li><strong>Internacionaliza\u00e7\u00e3o<\/strong><\/li>\n\n\n\n<li><strong>Pesquisa cient\u00edfica<\/strong><\/li>\n\n\n\n<li><strong>Ensino de qualidade<\/strong><\/li>\n\n\n\n<li><strong>Empregabilidade e avalia\u00e7\u00e3o do mercado<\/strong><\/li>\n\n\n\n<li><strong>Inova\u00e7\u00e3o<\/strong><\/li>\n<\/ul>\n\n\n\n<h3 class=\"wp-block-heading\">Como \u00e9 feito o RUF<\/h3>\n\n\n\n<p>A coleta e a consequente an\u00e1lise dos dados s\u00e3o realizadas por uma equipe especializada da Folha de S\u00e3o Paulo, que, por sua vez, utiliza fontes como o Censo da Educa\u00e7\u00e3o Superior (Inep\/MEC), o Enade, o Inpi, o SciELO e diversas ag\u00eancias de fomento \u00e0 ci\u00eancia. Al\u00e9m disso, o levantamento considera tamb\u00e9m as pesquisas exclusivas do Datafolha com docentes, empregadores e especialistas. Dessa forma, o processo garante uma avalia\u00e7\u00e3o ampla e fundamentada sobre a qualidade do ensino superior no pa\u00eds.<br><\/p>\n\n\n\n<h3 class=\"wp-block-heading\">Excel\u00eancia reconhecida: resultados da S\u00e3o Camilo no RUF 2025<\/h3>\n\n\n\n<p>Os resultados do <strong>RUF 2025<\/strong> reafirmam o compromisso do <strong><a href=\"https:\/\/saocamilo-sp.br\/\">Centro Universit\u00e1rio S\u00e3o Camilo<\/a><\/strong> com a forma\u00e7\u00e3o integral, a qualidade acad\u00eamica e a relev\u00e2ncia social de seus cursos na \u00e1rea da sa\u00fade. <br><br>Confira abaixo como esses indicadores refletem o prop\u00f3sito da institui\u00e7\u00e3o de educar para a vida.<\/p>\n\n\n\n<h3 class=\"wp-block-heading\">Biomedicina<\/h3>\n\n\n\n<ul class=\"wp-block-list\">\n<li><strong>10\u00ba lugar<\/strong> entre privadas no Brasil<\/li>\n\n\n\n<li><strong>5\u00ba lugar<\/strong> entre privadas do Estado de SP<\/li>\n\n\n\n<li><strong>3\u00ba lugar<\/strong> entre privadas do Munic\u00edpio de SP<\/li>\n\n\n\n<li><strong>Avalia\u00e7\u00e3o do Mercado:<\/strong> 2\u00ba lugar no Estado de SP<\/li>\n\n\n\n<li><strong>Qualidade de Ensino:<\/strong> 4\u00ba lugar no Munic\u00edpio de SP<\/li>\n<\/ul>\n\n\n\n<h3 class=\"wp-block-heading\">Enfermagem<\/h3>\n\n\n\n<ul class=\"wp-block-list\">\n<li><strong>5\u00ba lugar<\/strong> entre privadas no Brasil<\/li>\n\n\n\n<li><strong>3\u00ba lugar<\/strong> no Estado de SP<\/li>\n\n\n\n<li><strong>2\u00ba lugar<\/strong> no Munic\u00edpio de SP<\/li>\n\n\n\n<li><strong>Avalia\u00e7\u00e3o do Mercado:<\/strong> 2\u00ba lugar no Estado de SP<\/li>\n\n\n\n<li><strong>Nota dos Concluintes:<\/strong> 2\u00ba lugar no Munic\u00edpio de SP<\/li>\n<\/ul>\n\n\n\n<h3 class=\"wp-block-heading\">Farm\u00e1cia<\/h3>\n\n\n\n<ul class=\"wp-block-list\">\n<li><strong>5\u00ba lugar<\/strong> entre privadas do Munic\u00edpio de SP<\/li>\n\n\n\n<li><strong>Avalia\u00e7\u00e3o do Mercado:<\/strong> 2\u00ba lugar no Estado de SP<\/li>\n\n\n\n<li><strong>Nota dos Concluintes:<\/strong> 1\u00ba lugar no Estado de SP<\/li>\n<\/ul>\n\n\n\n<h3 class=\"wp-block-heading\">Fisioterapia<\/h3>\n\n\n\n<ul class=\"wp-block-list\">\n<li><strong>7\u00ba lugar<\/strong> entre privadas no Brasil<\/li>\n\n\n\n<li><strong>4\u00ba lugar<\/strong> no Estado de SP<\/li>\n\n\n\n<li><strong>3\u00ba lugar<\/strong> no Munic\u00edpio de SP<\/li>\n\n\n\n<li><strong>Avalia\u00e7\u00e3o do Mercado:<\/strong> 2\u00ba lugar no Estado de SP<\/li>\n\n\n\n<li><strong>Qualidade de Ensino:<\/strong> 3\u00ba lugar no Munic\u00edpio de SP<\/li>\n\n\n\n<li><strong>Nota dos Concluintes:<\/strong> 2\u00ba lugar no Munic\u00edpio de SP<\/li>\n<\/ul>\n\n\n\n<h3 class=\"wp-block-heading\">Medicina<\/h3>\n\n\n\n<ul class=\"wp-block-list\">\n<li><strong>4\u00ba lugar<\/strong> entre privadas no Munic\u00edpio de SP<\/li>\n\n\n\n<li><strong>Avalia\u00e7\u00e3o do Mercado:<\/strong> 2\u00ba lugar no Estado de SP<\/li>\n\n\n\n<li><strong>Qualidade de Ensino:<\/strong> 5\u00ba lugar no Munic\u00edpio de SP<\/li>\n\n\n\n<li><strong>Perman\u00eancia de Alunos:<\/strong> 2\u00ba lugar no Munic\u00edpio de SP<\/li>\n<\/ul>\n\n\n\n<h3 class=\"wp-block-heading\">Nutri\u00e7\u00e3o<\/h3>\n\n\n\n<ul class=\"wp-block-list\">\n<li><strong>2\u00ba lugar<\/strong> entre privadas no Brasil<\/li>\n\n\n\n<li><strong>2\u00ba lugar<\/strong> no Estado de SP<\/li>\n\n\n\n<li><strong>Avalia\u00e7\u00e3o do Mercado:<\/strong> 2\u00ba lugar no Estado de SP<\/li>\n\n\n\n<li><strong>Qualidade de Ensino:<\/strong> 3\u00ba lugar no Brasil<\/li>\n\n\n\n<li><strong>Nota dos Concluintes:<\/strong> 2\u00ba lugar no Munic\u00edpio de SP<\/li>\n<\/ul>\n\n\n\n<h3 class=\"wp-block-heading\">Psicologia<\/h3>\n\n\n\n<ul class=\"wp-block-list\">\n<li><strong>5\u00ba lugar<\/strong> entre privadas no Munic\u00edpio de SP<\/li>\n\n\n\n<li><strong>Nota dos Concluintes:<\/strong> 2\u00ba lugar no Munic\u00edpio de SP <\/li>\n<\/ul>\n\n\n\n<p>Esses resultados refletem o esfor\u00e7o coletivo de docentes, coordenadores, alunos e gestores do Centro Universit\u00e1rio S\u00e3o Camilo. Com esse comprometimento, a institui\u00e7\u00e3o se consolida entre as melhores universidades privadas do pa\u00eds em sa\u00fade, destacando-se pela empregabilidade dos egressos, pela qualidade de ensino e pela forma\u00e7\u00e3o humanizada.<\/p>\n\n\n\n<p>Reconhecida tamb\u00e9m pelo mercado, a S\u00e3o Camilo forma profissionais alinhados \u00e0s demandas contempor\u00e2neas, que unem t\u00e9cnica, empatia e prop\u00f3sito. Assim, reafirma seu papel de refer\u00eancia nacional ao formar profissionais preparados para transformar vidas e promover sa\u00fade com excel\u00eancia, \u00e9tica e humaniza\u00e7\u00e3o.<\/p>\n","protected":false},"excerpt":{"rendered":"<p>S\u00e3o Camilo conquista posi\u00e7\u00f5es de destaque no RUF 2025, Confira os curso que foram destaque no os indicadores refletem o prop\u00f3sito da institui\u00e7\u00e3o de educar para a vida.<\/p>\n","protected":false},"author":13,"featured_media":4056,"comment_status":"open","ping_status":"open","sticky":false,"template":"","format":"standard","meta":{"cybocfi_hide_featured_image":"","footnotes":""},"categories":[1],"tags":[168],"class_list":["post-4045","post","type-post","status-publish","format-standard","has-post-thumbnail","hentry","category-cursos","tag-ruf"],"yoast_head":"<!-- This site is optimized with the Yoast SEO plugin v27.5 - https:\/\/yoast.com\/product\/yoast-seo-wordpress\/ -->\n<title>S\u00e3o Camilo no RUF: ensino, pesquisa e empregabilidade - Blog S\u00e3o Camilo<\/title>\n<meta name=\"description\" content=\"Centro Universit\u00e1rio S\u00e3o Camilo conquista posi\u00e7\u00f5es de destaque no RUF 2025, reafirmando sua excel\u00eancia em ensino, pesquisa e empregabilidade.\" \/>\n<meta name=\"robots\" content=\"index, follow, max-snippet:-1, max-image-preview:large, max-video-preview:-1\" \/>\n<link rel=\"canonical\" href=\"https:\/\/blog.saocamilo-sp.br\/index.php\/2025\/11\/10\/sao-camilo-no-ruf-ensino-pesquisa-e-empregabilidade\/\" \/>\n<meta property=\"og:locale\" content=\"pt_BR\" \/>\n<meta property=\"og:type\" content=\"article\" \/>\n<meta property=\"og:title\" content=\"S\u00e3o Camilo no RUF: ensino, pesquisa e empregabilidade - Blog S\u00e3o Camilo\" \/>\n<meta property=\"og:description\" content=\"Centro Universit\u00e1rio S\u00e3o Camilo conquista posi\u00e7\u00f5es de destaque no RUF 2025, reafirmando sua excel\u00eancia em ensino, pesquisa e empregabilidade.\" \/>\n<meta property=\"og:url\" content=\"https:\/\/blog.saocamilo-sp.br\/index.php\/2025\/11\/10\/sao-camilo-no-ruf-ensino-pesquisa-e-empregabilidade\/\" \/>\n<meta property=\"og:site_name\" content=\"Blog S\u00e3o Camilo\" \/>\n<meta property=\"article:publisher\" content=\"https:\/\/www.facebook.com\/saocamilosp\" \/>\n<meta property=\"article:published_time\" content=\"2025-11-10T13:06:27+00:00\" \/>\n<meta property=\"article:modified_time\" content=\"2025-11-11T15:17:55+00:00\" \/>\n<meta property=\"og:image\" content=\"https:\/\/blog.saocamilo-sp.br\/wp-content\/uploads\/2025\/11\/RUF-2025-Sao-Camilo-1.png\" \/>\n\t<meta property=\"og:image:width\" content=\"1248\" \/>\n\t<meta property=\"og:image:height\" content=\"832\" \/>\n\t<meta property=\"og:image:type\" content=\"image\/png\" \/>\n<meta name=\"author\" content=\"Leandro Lafr\u00e1gola\" \/>\n<meta name=\"twitter:card\" content=\"summary_large_image\" \/>\n<meta name=\"twitter:creator\" content=\"@saocamilosp\" \/>\n<meta name=\"twitter:site\" content=\"@saocamilosp\" \/>\n<meta name=\"twitter:label1\" content=\"Escrito por\" \/>\n\t<meta name=\"twitter:data1\" content=\"Leandro Lafr\u00e1gola\" \/>\n\t<meta name=\"twitter:label2\" content=\"Est. tempo de leitura\" \/>\n\t<meta name=\"twitter:data2\" content=\"4 minutos\" \/>\n<script type=\"application\/ld+json\" class=\"yoast-schema-graph\">{\"@context\":\"https:\\\/\\\/schema.org\",\"@graph\":[{\"@type\":\"Article\",\"@id\":\"https:\\\/\\\/blog.saocamilo-sp.br\\\/index.php\\\/2025\\\/11\\\/10\\\/sao-camilo-no-ruf-ensino-pesquisa-e-empregabilidade\\\/#article\",\"isPartOf\":{\"@id\":\"https:\\\/\\\/blog.saocamilo-sp.br\\\/index.php\\\/2025\\\/11\\\/10\\\/sao-camilo-no-ruf-ensino-pesquisa-e-empregabilidade\\\/\"},\"author\":{\"name\":\"Leandro Lafr\u00e1gola\",\"@id\":\"https:\\\/\\\/blog.saocamilo-sp.br\\\/#\\\/schema\\\/person\\\/1a99645faaab0bb55105f817e866e19b\"},\"headline\":\"S\u00e3o Camilo no RUF: ensino, pesquisa e empregabilidade\",\"datePublished\":\"2025-11-10T13:06:27+00:00\",\"dateModified\":\"2025-11-11T15:17:55+00:00\",\"mainEntityOfPage\":{\"@id\":\"https:\\\/\\\/blog.saocamilo-sp.br\\\/index.php\\\/2025\\\/11\\\/10\\\/sao-camilo-no-ruf-ensino-pesquisa-e-empregabilidade\\\/\"},\"wordCount\":584,\"commentCount\":0,\"publisher\":{\"@id\":\"https:\\\/\\\/blog.saocamilo-sp.br\\\/#organization\"},\"image\":{\"@id\":\"https:\\\/\\\/blog.saocamilo-sp.br\\\/index.php\\\/2025\\\/11\\\/10\\\/sao-camilo-no-ruf-ensino-pesquisa-e-empregabilidade\\\/#primaryimage\"},\"thumbnailUrl\":\"https:\\\/\\\/blog.saocamilo-sp.br\\\/wp-content\\\/uploads\\\/2025\\\/11\\\/RUF-2025-Sao-Camilo-1.png\",\"keywords\":[\"ruf\"],\"articleSection\":[\"Cursos\"],\"inLanguage\":\"pt-BR\",\"potentialAction\":[{\"@type\":\"CommentAction\",\"name\":\"Comment\",\"target\":[\"https:\\\/\\\/blog.saocamilo-sp.br\\\/index.php\\\/2025\\\/11\\\/10\\\/sao-camilo-no-ruf-ensino-pesquisa-e-empregabilidade\\\/#respond\"]}]},{\"@type\":\"WebPage\",\"@id\":\"https:\\\/\\\/blog.saocamilo-sp.br\\\/index.php\\\/2025\\\/11\\\/10\\\/sao-camilo-no-ruf-ensino-pesquisa-e-empregabilidade\\\/\",\"url\":\"https:\\\/\\\/blog.saocamilo-sp.br\\\/index.php\\\/2025\\\/11\\\/10\\\/sao-camilo-no-ruf-ensino-pesquisa-e-empregabilidade\\\/\",\"name\":\"S\u00e3o Camilo no RUF: ensino, pesquisa e empregabilidade - Blog S\u00e3o Camilo\",\"isPartOf\":{\"@id\":\"https:\\\/\\\/blog.saocamilo-sp.br\\\/#website\"},\"primaryImageOfPage\":{\"@id\":\"https:\\\/\\\/blog.saocamilo-sp.br\\\/index.php\\\/2025\\\/11\\\/10\\\/sao-camilo-no-ruf-ensino-pesquisa-e-empregabilidade\\\/#primaryimage\"},\"image\":{\"@id\":\"https:\\\/\\\/blog.saocamilo-sp.br\\\/index.php\\\/2025\\\/11\\\/10\\\/sao-camilo-no-ruf-ensino-pesquisa-e-empregabilidade\\\/#primaryimage\"},\"thumbnailUrl\":\"https:\\\/\\\/blog.saocamilo-sp.br\\\/wp-content\\\/uploads\\\/2025\\\/11\\\/RUF-2025-Sao-Camilo-1.png\",\"datePublished\":\"2025-11-10T13:06:27+00:00\",\"dateModified\":\"2025-11-11T15:17:55+00:00\",\"description\":\"Centro Universit\u00e1rio S\u00e3o Camilo conquista posi\u00e7\u00f5es de destaque no RUF 2025, reafirmando sua excel\u00eancia em ensino, pesquisa e empregabilidade.\",\"breadcrumb\":{\"@id\":\"https:\\\/\\\/blog.saocamilo-sp.br\\\/index.php\\\/2025\\\/11\\\/10\\\/sao-camilo-no-ruf-ensino-pesquisa-e-empregabilidade\\\/#breadcrumb\"},\"inLanguage\":\"pt-BR\",\"potentialAction\":[{\"@type\":\"ReadAction\",\"target\":[\"https:\\\/\\\/blog.saocamilo-sp.br\\\/index.php\\\/2025\\\/11\\\/10\\\/sao-camilo-no-ruf-ensino-pesquisa-e-empregabilidade\\\/\"]}]},{\"@type\":\"ImageObject\",\"inLanguage\":\"pt-BR\",\"@id\":\"https:\\\/\\\/blog.saocamilo-sp.br\\\/index.php\\\/2025\\\/11\\\/10\\\/sao-camilo-no-ruf-ensino-pesquisa-e-empregabilidade\\\/#primaryimage\",\"url\":\"https:\\\/\\\/blog.saocamilo-sp.br\\\/wp-content\\\/uploads\\\/2025\\\/11\\\/RUF-2025-Sao-Camilo-1.png\",\"contentUrl\":\"https:\\\/\\\/blog.saocamilo-sp.br\\\/wp-content\\\/uploads\\\/2025\\\/11\\\/RUF-2025-Sao-Camilo-1.png\",\"width\":1248,\"height\":832,\"caption\":\"RUF 2025 S\u00e3o Camilo\"},{\"@type\":\"BreadcrumbList\",\"@id\":\"https:\\\/\\\/blog.saocamilo-sp.br\\\/index.php\\\/2025\\\/11\\\/10\\\/sao-camilo-no-ruf-ensino-pesquisa-e-empregabilidade\\\/#breadcrumb\",\"itemListElement\":[{\"@type\":\"ListItem\",\"position\":1,\"name\":\"In\u00edcio\",\"item\":\"https:\\\/\\\/blog.saocamilo-sp.br\\\/\"},{\"@type\":\"ListItem\",\"position\":2,\"name\":\"S\u00e3o Camilo no RUF: ensino, pesquisa e empregabilidade\"}]},{\"@type\":\"WebSite\",\"@id\":\"https:\\\/\\\/blog.saocamilo-sp.br\\\/#website\",\"url\":\"https:\\\/\\\/blog.saocamilo-sp.br\\\/\",\"name\":\"Blog S\u00e3o Camilo\",\"description\":\"Blog do Centro Universit\u00e1rio S\u00e3o Camilo\",\"publisher\":{\"@id\":\"https:\\\/\\\/blog.saocamilo-sp.br\\\/#organization\"},\"potentialAction\":[{\"@type\":\"SearchAction\",\"target\":{\"@type\":\"EntryPoint\",\"urlTemplate\":\"https:\\\/\\\/blog.saocamilo-sp.br\\\/?s={search_term_string}\"},\"query-input\":{\"@type\":\"PropertyValueSpecification\",\"valueRequired\":true,\"valueName\":\"search_term_string\"}}],\"inLanguage\":\"pt-BR\"},{\"@type\":\"Organization\",\"@id\":\"https:\\\/\\\/blog.saocamilo-sp.br\\\/#organization\",\"name\":\"Blog S\u00e3o Camilo\",\"url\":\"https:\\\/\\\/blog.saocamilo-sp.br\\\/\",\"logo\":{\"@type\":\"ImageObject\",\"inLanguage\":\"pt-BR\",\"@id\":\"https:\\\/\\\/blog.saocamilo-sp.br\\\/#\\\/schema\\\/logo\\\/image\\\/\",\"url\":\"https:\\\/\\\/blog.saocamilo-sp.br\\\/wp-content\\\/uploads\\\/2021\\\/12\\\/cropped-vazio-logo-topo.png\",\"contentUrl\":\"https:\\\/\\\/blog.saocamilo-sp.br\\\/wp-content\\\/uploads\\\/2021\\\/12\\\/cropped-vazio-logo-topo.png\",\"width\":320,\"height\":240,\"caption\":\"Blog S\u00e3o Camilo\"},\"image\":{\"@id\":\"https:\\\/\\\/blog.saocamilo-sp.br\\\/#\\\/schema\\\/logo\\\/image\\\/\"},\"sameAs\":[\"https:\\\/\\\/www.facebook.com\\\/saocamilosp\",\"https:\\\/\\\/x.com\\\/saocamilosp\",\"https:\\\/\\\/www.linkedin.com\\\/school\\\/centro-universit-rio-s-o-camilo\\\/\"]},{\"@type\":\"Person\",\"@id\":\"https:\\\/\\\/blog.saocamilo-sp.br\\\/#\\\/schema\\\/person\\\/1a99645faaab0bb55105f817e866e19b\",\"name\":\"Leandro Lafr\u00e1gola\",\"image\":{\"@type\":\"ImageObject\",\"inLanguage\":\"pt-BR\",\"@id\":\"https:\\\/\\\/secure.gravatar.com\\\/avatar\\\/ec4232fb8d50d80f1c672353dc4c2876490e6a0a2a33d6572c0ba1fb78f115cf?s=96&d=mm&r=g\",\"url\":\"https:\\\/\\\/secure.gravatar.com\\\/avatar\\\/ec4232fb8d50d80f1c672353dc4c2876490e6a0a2a33d6572c0ba1fb78f115cf?s=96&d=mm&r=g\",\"contentUrl\":\"https:\\\/\\\/secure.gravatar.com\\\/avatar\\\/ec4232fb8d50d80f1c672353dc4c2876490e6a0a2a33d6572c0ba1fb78f115cf?s=96&d=mm&r=g\",\"caption\":\"Leandro Lafr\u00e1gola\"},\"url\":\"https:\\\/\\\/blog.saocamilo-sp.br\\\/index.php\\\/author\\\/llafragola\\\/\"}]}<\/script>\n<!-- \/ Yoast SEO plugin. -->","yoast_head_json":{"title":"S\u00e3o Camilo no RUF: ensino, pesquisa e empregabilidade - Blog S\u00e3o Camilo","description":"Centro Universit\u00e1rio S\u00e3o Camilo conquista posi\u00e7\u00f5es de destaque no RUF 2025, reafirmando sua excel\u00eancia em ensino, pesquisa e empregabilidade.","robots":{"index":"index","follow":"follow","max-snippet":"max-snippet:-1","max-image-preview":"max-image-preview:large","max-video-preview":"max-video-preview:-1"},"canonical":"https:\/\/blog.saocamilo-sp.br\/index.php\/2025\/11\/10\/sao-camilo-no-ruf-ensino-pesquisa-e-empregabilidade\/","og_locale":"pt_BR","og_type":"article","og_title":"S\u00e3o Camilo no RUF: ensino, pesquisa e empregabilidade - Blog S\u00e3o Camilo","og_description":"Centro Universit\u00e1rio S\u00e3o Camilo conquista posi\u00e7\u00f5es de destaque no RUF 2025, reafirmando sua excel\u00eancia em ensino, pesquisa e empregabilidade.","og_url":"https:\/\/blog.saocamilo-sp.br\/index.php\/2025\/11\/10\/sao-camilo-no-ruf-ensino-pesquisa-e-empregabilidade\/","og_site_name":"Blog S\u00e3o Camilo","article_publisher":"https:\/\/www.facebook.com\/saocamilosp","article_published_time":"2025-11-10T13:06:27+00:00","article_modified_time":"2025-11-11T15:17:55+00:00","og_image":[{"width":1248,"height":832,"url":"https:\/\/blog.saocamilo-sp.br\/wp-content\/uploads\/2025\/11\/RUF-2025-Sao-Camilo-1.png","type":"image\/png"}],"author":"Leandro Lafr\u00e1gola","twitter_card":"summary_large_image","twitter_creator":"@saocamilosp","twitter_site":"@saocamilosp","twitter_misc":{"Escrito por":"Leandro Lafr\u00e1gola","Est. tempo de leitura":"4 minutos"},"schema":{"@context":"https:\/\/schema.org","@graph":[{"@type":"Article","@id":"https:\/\/blog.saocamilo-sp.br\/index.php\/2025\/11\/10\/sao-camilo-no-ruf-ensino-pesquisa-e-empregabilidade\/#article","isPartOf":{"@id":"https:\/\/blog.saocamilo-sp.br\/index.php\/2025\/11\/10\/sao-camilo-no-ruf-ensino-pesquisa-e-empregabilidade\/"},"author":{"name":"Leandro Lafr\u00e1gola","@id":"https:\/\/blog.saocamilo-sp.br\/#\/schema\/person\/1a99645faaab0bb55105f817e866e19b"},"headline":"S\u00e3o Camilo no RUF: ensino, pesquisa e empregabilidade","datePublished":"2025-11-10T13:06:27+00:00","dateModified":"2025-11-11T15:17:55+00:00","mainEntityOfPage":{"@id":"https:\/\/blog.saocamilo-sp.br\/index.php\/2025\/11\/10\/sao-camilo-no-ruf-ensino-pesquisa-e-empregabilidade\/"},"wordCount":584,"commentCount":0,"publisher":{"@id":"https:\/\/blog.saocamilo-sp.br\/#organization"},"image":{"@id":"https:\/\/blog.saocamilo-sp.br\/index.php\/2025\/11\/10\/sao-camilo-no-ruf-ensino-pesquisa-e-empregabilidade\/#primaryimage"},"thumbnailUrl":"https:\/\/blog.saocamilo-sp.br\/wp-content\/uploads\/2025\/11\/RUF-2025-Sao-Camilo-1.png","keywords":["ruf"],"articleSection":["Cursos"],"inLanguage":"pt-BR","potentialAction":[{"@type":"CommentAction","name":"Comment","target":["https:\/\/blog.saocamilo-sp.br\/index.php\/2025\/11\/10\/sao-camilo-no-ruf-ensino-pesquisa-e-empregabilidade\/#respond"]}]},{"@type":"WebPage","@id":"https:\/\/blog.saocamilo-sp.br\/index.php\/2025\/11\/10\/sao-camilo-no-ruf-ensino-pesquisa-e-empregabilidade\/","url":"https:\/\/blog.saocamilo-sp.br\/index.php\/2025\/11\/10\/sao-camilo-no-ruf-ensino-pesquisa-e-empregabilidade\/","name":"S\u00e3o Camilo no RUF: ensino, pesquisa e empregabilidade - Blog S\u00e3o Camilo","isPartOf":{"@id":"https:\/\/blog.saocamilo-sp.br\/#website"},"primaryImageOfPage":{"@id":"https:\/\/blog.saocamilo-sp.br\/index.php\/2025\/11\/10\/sao-camilo-no-ruf-ensino-pesquisa-e-empregabilidade\/#primaryimage"},"image":{"@id":"https:\/\/blog.saocamilo-sp.br\/index.php\/2025\/11\/10\/sao-camilo-no-ruf-ensino-pesquisa-e-empregabilidade\/#primaryimage"},"thumbnailUrl":"https:\/\/blog.saocamilo-sp.br\/wp-content\/uploads\/2025\/11\/RUF-2025-Sao-Camilo-1.png","datePublished":"2025-11-10T13:06:27+00:00","dateModified":"2025-11-11T15:17:55+00:00","description":"Centro Universit\u00e1rio S\u00e3o Camilo conquista posi\u00e7\u00f5es de destaque no RUF 2025, reafirmando sua excel\u00eancia em ensino, pesquisa e empregabilidade.","breadcrumb":{"@id":"https:\/\/blog.saocamilo-sp.br\/index.php\/2025\/11\/10\/sao-camilo-no-ruf-ensino-pesquisa-e-empregabilidade\/#breadcrumb"},"inLanguage":"pt-BR","potentialAction":[{"@type":"ReadAction","target":["https:\/\/blog.saocamilo-sp.br\/index.php\/2025\/11\/10\/sao-camilo-no-ruf-ensino-pesquisa-e-empregabilidade\/"]}]},{"@type":"ImageObject","inLanguage":"pt-BR","@id":"https:\/\/blog.saocamilo-sp.br\/index.php\/2025\/11\/10\/sao-camilo-no-ruf-ensino-pesquisa-e-empregabilidade\/#primaryimage","url":"https:\/\/blog.saocamilo-sp.br\/wp-content\/uploads\/2025\/11\/RUF-2025-Sao-Camilo-1.png","contentUrl":"https:\/\/blog.saocamilo-sp.br\/wp-content\/uploads\/2025\/11\/RUF-2025-Sao-Camilo-1.png","width":1248,"height":832,"caption":"RUF 2025 S\u00e3o Camilo"},{"@type":"BreadcrumbList","@id":"https:\/\/blog.saocamilo-sp.br\/index.php\/2025\/11\/10\/sao-camilo-no-ruf-ensino-pesquisa-e-empregabilidade\/#breadcrumb","itemListElement":[{"@type":"ListItem","position":1,"name":"In\u00edcio","item":"https:\/\/blog.saocamilo-sp.br\/"},{"@type":"ListItem","position":2,"name":"S\u00e3o Camilo no RUF: ensino, pesquisa e empregabilidade"}]},{"@type":"WebSite","@id":"https:\/\/blog.saocamilo-sp.br\/#website","url":"https:\/\/blog.saocamilo-sp.br\/","name":"Blog S\u00e3o Camilo","description":"Blog do Centro Universit\u00e1rio S\u00e3o Camilo","publisher":{"@id":"https:\/\/blog.saocamilo-sp.br\/#organization"},"potentialAction":[{"@type":"SearchAction","target":{"@type":"EntryPoint","urlTemplate":"https:\/\/blog.saocamilo-sp.br\/?s={search_term_string}"},"query-input":{"@type":"PropertyValueSpecification","valueRequired":true,"valueName":"search_term_string"}}],"inLanguage":"pt-BR"},{"@type":"Organization","@id":"https:\/\/blog.saocamilo-sp.br\/#organization","name":"Blog S\u00e3o Camilo","url":"https:\/\/blog.saocamilo-sp.br\/","logo":{"@type":"ImageObject","inLanguage":"pt-BR","@id":"https:\/\/blog.saocamilo-sp.br\/#\/schema\/logo\/image\/","url":"https:\/\/blog.saocamilo-sp.br\/wp-content\/uploads\/2021\/12\/cropped-vazio-logo-topo.png","contentUrl":"https:\/\/blog.saocamilo-sp.br\/wp-content\/uploads\/2021\/12\/cropped-vazio-logo-topo.png","width":320,"height":240,"caption":"Blog S\u00e3o Camilo"},"image":{"@id":"https:\/\/blog.saocamilo-sp.br\/#\/schema\/logo\/image\/"},"sameAs":["https:\/\/www.facebook.com\/saocamilosp","https:\/\/x.com\/saocamilosp","https:\/\/www.linkedin.com\/school\/centro-universit-rio-s-o-camilo\/"]},{"@type":"Person","@id":"https:\/\/blog.saocamilo-sp.br\/#\/schema\/person\/1a99645faaab0bb55105f817e866e19b","name":"Leandro Lafr\u00e1gola","image":{"@type":"ImageObject","inLanguage":"pt-BR","@id":"https:\/\/secure.gravatar.com\/avatar\/ec4232fb8d50d80f1c672353dc4c2876490e6a0a2a33d6572c0ba1fb78f115cf?s=96&d=mm&r=g","url":"https:\/\/secure.gravatar.com\/avatar\/ec4232fb8d50d80f1c672353dc4c2876490e6a0a2a33d6572c0ba1fb78f115cf?s=96&d=mm&r=g","contentUrl":"https:\/\/secure.gravatar.com\/avatar\/ec4232fb8d50d80f1c672353dc4c2876490e6a0a2a33d6572c0ba1fb78f115cf?s=96&d=mm&r=g","caption":"Leandro Lafr\u00e1gola"},"url":"https:\/\/blog.saocamilo-sp.br\/index.php\/author\/llafragola\/"}]}},"_links":{"self":[{"href":"https:\/\/blog.saocamilo-sp.br\/index.php\/wp-json\/wp\/v2\/posts\/4045","targetHints":{"allow":["GET"]}}],"collection":[{"href":"https:\/\/blog.saocamilo-sp.br\/index.php\/wp-json\/wp\/v2\/posts"}],"about":[{"href":"https:\/\/blog.saocamilo-sp.br\/index.php\/wp-json\/wp\/v2\/types\/post"}],"author":[{"embeddable":true,"href":"https:\/\/blog.saocamilo-sp.br\/index.php\/wp-json\/wp\/v2\/users\/13"}],"replies":[{"embeddable":true,"href":"https:\/\/blog.saocamilo-sp.br\/index.php\/wp-json\/wp\/v2\/comments?post=4045"}],"version-history":[{"count":6,"href":"https:\/\/blog.saocamilo-sp.br\/index.php\/wp-json\/wp\/v2\/posts\/4045\/revisions"}],"predecessor-version":[{"id":4058,"href":"https:\/\/blog.saocamilo-sp.br\/index.php\/wp-json\/wp\/v2\/posts\/4045\/revisions\/4058"}],"wp:featuredmedia":[{"embeddable":true,"href":"https:\/\/blog.saocamilo-sp.br\/index.php\/wp-json\/wp\/v2\/media\/4056"}],"wp:attachment":[{"href":"https:\/\/blog.saocamilo-sp.br\/index.php\/wp-json\/wp\/v2\/media?parent=4045"}],"wp:term":[{"taxonomy":"category","embeddable":true,"href":"https:\/\/blog.saocamilo-sp.br\/index.php\/wp-json\/wp\/v2\/categories?post=4045"},{"taxonomy":"post_tag","embeddable":true,"href":"https:\/\/blog.saocamilo-sp.br\/index.php\/wp-json\/wp\/v2\/tags?post=4045"}],"curies":[{"name":"wp","href":"https:\/\/api.w.org\/{rel}","templated":true}]}}