{"id":4534,"date":"2026-01-13T10:01:16","date_gmt":"2026-01-13T13:01:16","guid":{"rendered":"https:\/\/blog.saocamilo-sp.br\/?p=4534"},"modified":"2026-01-13T10:01:17","modified_gmt":"2026-01-13T13:01:17","slug":"janeiro-branco-8-dicas-saude-mental","status":"publish","type":"post","link":"https:\/\/blog.saocamilo-sp.br\/index.php\/2026\/01\/13\/janeiro-branco-8-dicas-saude-mental\/","title":{"rendered":"Janeiro Branco: 8 sugest\u00f5es para uma rotina mais leve e saud\u00e1vel"},"content":{"rendered":"\n<p>O <a href=\"https:\/\/saocamilo-sp.br\/\">Centro Universit\u00e1rio S\u00e3o Camilo<\/a>, por meio do curso de Psicologia, reafirma seu compromisso com a promo\u00e7\u00e3o da sa\u00fade mental, do bem-estar emocional e da forma\u00e7\u00e3o humanizada. Alinhado ao movimento Janeiro Branco, que convida a sociedade a refletir sobre o cuidado com a mente, a institui\u00e7\u00e3o destaca como pequenas atitudes di\u00e1rias podem gerar grandes transforma\u00e7\u00f5es ao longo do ano.<\/p>\n\n\n\n<p>Mais do que uma campanha, o Janeiro Branco \u00e9 um convite \u00e0 consci\u00eancia. Afinal, cuidar da sa\u00fade emocional \u00e9 t\u00e3o importante quanto zelar pelo corpo. Portanto, repensar h\u00e1bitos, emo\u00e7\u00f5es e rela\u00e7\u00f5es torna-se essencial para quem busca uma vida mais equilibrada.<\/p>\n\n\n\n<p>Pensando nisso, reunimos 8 sugest\u00f5es pr\u00e1ticas que podem ajudar voc\u00ea a construir uma rotina mais leve, saud\u00e1vel e consciente.<\/p>\n\n\n\n<h3 class=\"wp-block-heading\">1. Medita\u00e7\u00e3o: poucos minutos, grandes resultados<\/h3>\n\n\n\n<figure class=\"wp-block-image size-full is-resized\"><img loading=\"lazy\" decoding=\"async\" width=\"376\" height=\"398\" src=\"https:\/\/blog.saocamilo-sp.br\/wp-content\/uploads\/2026\/01\/imagem-2026-01-12T101318.415.png\" alt=\"\" class=\"wp-image-4547\" style=\"aspect-ratio:0.9447269148761686;width:171px;height:auto\" srcset=\"https:\/\/blog.saocamilo-sp.br\/wp-content\/uploads\/2026\/01\/imagem-2026-01-12T101318.415.png 376w, https:\/\/blog.saocamilo-sp.br\/wp-content\/uploads\/2026\/01\/imagem-2026-01-12T101318.415-283x300.png 283w\" sizes=\"auto, (max-width: 376px) 100vw, 376px\" \/><\/figure>\n\n\n\n<p>A medita\u00e7\u00e3o contribui para a redu\u00e7\u00e3o do estresse, melhora a concentra\u00e7\u00e3o e favorece o autoconhecimento. Al\u00e9m disso, auxilia no controle das emo\u00e7\u00f5es e no desenvolvimento da aten\u00e7\u00e3o plena.<\/p>\n\n\n\n<p>Mesmo que voc\u00ea disponha de apenas cinco minutos por dia, j\u00e1 \u00e9 poss\u00edvel perceber benef\u00edcios significativos ao longo do tempo.<\/p>\n\n\n\n<h3 class=\"wp-block-heading\">2. Exerc\u00edcios de respira\u00e7\u00e3o para acalmar a mente<\/h3>\n\n\n\n<figure class=\"wp-block-image size-full is-resized\"><img loading=\"lazy\" decoding=\"async\" width=\"378\" height=\"398\" src=\"https:\/\/blog.saocamilo-sp.br\/wp-content\/uploads\/2026\/01\/imagem-2026-01-12T101323.494.png\" alt=\"\" class=\"wp-image-4548\" style=\"width:225px;height:auto\" srcset=\"https:\/\/blog.saocamilo-sp.br\/wp-content\/uploads\/2026\/01\/imagem-2026-01-12T101323.494.png 378w, https:\/\/blog.saocamilo-sp.br\/wp-content\/uploads\/2026\/01\/imagem-2026-01-12T101323.494-285x300.png 285w\" sizes=\"auto, (max-width: 378px) 100vw, 378px\" \/><\/figure>\n\n\n\n<p>As t\u00e9cnicas de respira\u00e7\u00e3o profunda ajudam a controlar a ansiedade, promovem relaxamento imediato e regulam o ritmo card\u00edaco. Ou seja, s\u00e3o aliadas importantes em momentos de tens\u00e3o.<\/p>\n\n\n\n<p>Por exemplo, inspirar lentamente pelo nariz e expirar pela boca por alguns ciclos j\u00e1 pode trazer sensa\u00e7\u00e3o de al\u00edvio e clareza mental.<\/p>\n\n\n\n<h3 class=\"wp-block-heading\">3. Alongamento: cuidado com o corpo e com a mente<\/h3>\n\n\n\n<figure class=\"wp-block-image size-full is-resized\"><img loading=\"lazy\" decoding=\"async\" width=\"356\" height=\"398\" src=\"https:\/\/blog.saocamilo-sp.br\/wp-content\/uploads\/2026\/01\/imagem-2026-01-12T101328.772.png\" alt=\"\" class=\"wp-image-4549\" style=\"aspect-ratio:0.8944682187585882;width:187px;height:auto\" srcset=\"https:\/\/blog.saocamilo-sp.br\/wp-content\/uploads\/2026\/01\/imagem-2026-01-12T101328.772.png 356w, https:\/\/blog.saocamilo-sp.br\/wp-content\/uploads\/2026\/01\/imagem-2026-01-12T101328.772-268x300.png 268w\" sizes=\"auto, (max-width: 356px) 100vw, 356px\" \/><\/figure>\n\n\n\n<p>O alongamento libera tens\u00f5es musculares, melhora a circula\u00e7\u00e3o e aumenta a sensa\u00e7\u00e3o de bem-estar. Al\u00e9m disso, contribui para prevenir dores e desconfortos causados pela rotina sedent\u00e1ria.<\/p>\n\n\n\n<p>Por isso, incluir alongamentos na sua rotina di\u00e1ria \u00e9 uma forma simples e eficaz de autocuidado.<\/p>\n\n\n\n<h3 class=\"wp-block-heading\">4. Hidrata\u00e7\u00e3o: essencial para o equil\u00edbrio<\/h3>\n\n\n\n<figure class=\"wp-block-image size-full is-resized\"><img loading=\"lazy\" decoding=\"async\" width=\"309\" height=\"398\" src=\"https:\/\/blog.saocamilo-sp.br\/wp-content\/uploads\/2026\/01\/imagem-2026-01-12T101334.836.png\" alt=\"\" class=\"wp-image-4545\" style=\"width:144px;height:auto\" srcset=\"https:\/\/blog.saocamilo-sp.br\/wp-content\/uploads\/2026\/01\/imagem-2026-01-12T101334.836.png 309w, https:\/\/blog.saocamilo-sp.br\/wp-content\/uploads\/2026\/01\/imagem-2026-01-12T101334.836-233x300.png 233w\" sizes=\"auto, (max-width: 309px) 100vw, 309px\" \/><\/figure>\n\n\n\n<p>Manter-se hidratado \u00e9 fundamental para o funcionamento do organismo e tamb\u00e9m para o desempenho cognitivo. A recomenda\u00e7\u00e3o geral \u00e9 ingerir cerca de <strong>35 ml de \u00e1gua por quilo corporal<\/strong>.<\/p>\n\n\n\n<p>Assim, al\u00e9m de cuidar do corpo, voc\u00ea tamb\u00e9m favorece a concentra\u00e7\u00e3o, a mem\u00f3ria e o equil\u00edbrio emocional.<\/p>\n\n\n\n<h3 class=\"wp-block-heading\">5. Desconecte-se do digital sempre que poss\u00edvel<\/h3>\n\n\n\n<figure class=\"wp-block-image size-full is-resized\"><img loading=\"lazy\" decoding=\"async\" width=\"379\" height=\"398\" src=\"https:\/\/blog.saocamilo-sp.br\/wp-content\/uploads\/2026\/01\/imagem-2026-01-12T101340.363.png\" alt=\"\" class=\"wp-image-4550\" style=\"aspect-ratio:0.9522594322955518;width:203px;height:auto\" srcset=\"https:\/\/blog.saocamilo-sp.br\/wp-content\/uploads\/2026\/01\/imagem-2026-01-12T101340.363.png 379w, https:\/\/blog.saocamilo-sp.br\/wp-content\/uploads\/2026\/01\/imagem-2026-01-12T101340.363-286x300.png 286w\" sizes=\"auto, (max-width: 379px) 100vw, 379px\" \/><\/figure>\n\n\n\n<p>O excesso de telas pode gerar sobrecarga mental, ansiedade e dificuldade de foco. Portanto, reservar momentos longe do celular e das redes sociais \u00e9 uma atitude importante para a sa\u00fade emocional.<\/p>\n\n\n\n<p>Ler um livro, caminhar ao ar livre ou conversar presencialmente s\u00e3o exemplos de pr\u00e1ticas que fortalecem conex\u00f5es reais e reduzem o estresse.<\/p>\n\n\n\n<h3 class=\"wp-block-heading\">6. Pratique a gratid\u00e3o diariamente<\/h3>\n\n\n\n<figure class=\"wp-block-image size-full is-resized\"><img loading=\"lazy\" decoding=\"async\" width=\"367\" height=\"398\" src=\"https:\/\/blog.saocamilo-sp.br\/wp-content\/uploads\/2026\/01\/imagem-2026-01-12T101345.854.png\" alt=\"\" class=\"wp-image-4551\" style=\"width:201px;height:auto\" srcset=\"https:\/\/blog.saocamilo-sp.br\/wp-content\/uploads\/2026\/01\/imagem-2026-01-12T101345.854.png 367w, https:\/\/blog.saocamilo-sp.br\/wp-content\/uploads\/2026\/01\/imagem-2026-01-12T101345.854-277x300.png 277w\" sizes=\"auto, (max-width: 367px) 100vw, 367px\" \/><\/figure>\n\n\n\n<p>Registrar acontecimentos positivos, reconhecer pequenas conquistas e agradecer gestos simples fortalece a sa\u00fade emocional. Al\u00e9m disso, muda a forma como enxergamos o cotidiano.<\/p>\n\n\n\n<p>Em resumo, a gratid\u00e3o ajuda a desenvolver uma vis\u00e3o mais leve, positiva e consciente da vida.<\/p>\n\n\n\n<h3 class=\"wp-block-heading\">7. Adote pr\u00e1ticas de mindfulness<\/h3>\n\n\n\n<figure class=\"wp-block-image size-full is-resized\"><img loading=\"lazy\" decoding=\"async\" width=\"356\" height=\"398\" src=\"https:\/\/blog.saocamilo-sp.br\/wp-content\/uploads\/2026\/01\/imagem-2026-01-12T101352.462.png\" alt=\"\" class=\"wp-image-4552\" style=\"width:193px;height:auto\" srcset=\"https:\/\/blog.saocamilo-sp.br\/wp-content\/uploads\/2026\/01\/imagem-2026-01-12T101352.462.png 356w, https:\/\/blog.saocamilo-sp.br\/wp-content\/uploads\/2026\/01\/imagem-2026-01-12T101352.462-268x300.png 268w\" sizes=\"auto, (max-width: 356px) 100vw, 356px\" \/><\/figure>\n\n\n\n<p>O mindfulness estimula a aten\u00e7\u00e3o plena no momento presente. Dessa forma, reduz a ansiedade, melhora o foco e aumenta a conex\u00e3o consigo mesmo.<\/p>\n\n\n\n<p>Essa pr\u00e1tica pode ser aplicada em atividades simples, como comer, caminhar ou at\u00e9 respirar com mais consci\u00eancia.<\/p>\n\n\n\n<h3 class=\"wp-block-heading\">8. Fa\u00e7a voluntariado e fortale\u00e7a v\u00ednculos<\/h3>\n\n\n\n<figure class=\"wp-block-image size-full is-resized\"><img loading=\"lazy\" decoding=\"async\" width=\"318\" height=\"398\" src=\"https:\/\/blog.saocamilo-sp.br\/wp-content\/uploads\/2026\/01\/imagem-2026-01-12T101358.452.png\" alt=\"\" class=\"wp-image-4553\" style=\"width:184px;height:auto\" srcset=\"https:\/\/blog.saocamilo-sp.br\/wp-content\/uploads\/2026\/01\/imagem-2026-01-12T101358.452.png 318w, https:\/\/blog.saocamilo-sp.br\/wp-content\/uploads\/2026\/01\/imagem-2026-01-12T101358.452-240x300.png 240w\" sizes=\"auto, (max-width: 318px) 100vw, 318px\" \/><\/figure>\n\n\n\n<p>Dedicar tempo ao pr\u00f3ximo aumenta a sensa\u00e7\u00e3o de prop\u00f3sito, empatia e satisfa\u00e7\u00e3o pessoal. Al\u00e9m disso, fortalece v\u00ednculos sociais e promove bem-estar emocional.<\/p>\n\n\n\n<p>Portanto, ajudar tamb\u00e9m \u00e9 uma forma poderosa de cuidar da pr\u00f3pria sa\u00fade mental.<\/p>\n\n\n\n<h3 class=\"wp-block-heading\">Cl\u00ednica-Escola de Psicologia S\u00e3o Camilo: atendimento psicol\u00f3gico gratuito \u00e0 comunidade<\/h3>\n\n\n\n<p>A Cl\u00ednica-Escola de Psicologia Dra. Nise da Silveira, no campus Pompeia do Centro Universit\u00e1rio S\u00e3o Camilo, oferece atendimento psicol\u00f3gico gratuito \u00e0 comunidade a partir dos 4 anos de idade, com servi\u00e7os supervisionados que incluem triagem, avalia\u00e7\u00e3o, psicoterapia breve e avalia\u00e7\u00e3o neuropsicol\u00f3gica, refor\u00e7ando o compromisso da institui\u00e7\u00e3o com a sa\u00fade mental e a forma\u00e7\u00e3o humanizada.<\/p>\n\n\n\n<p><strong>Veja tamb\u00e9m:<\/strong><\/p>\n\n\n\n<p><a href=\"https:\/\/blog.saocamilo-sp.br\/index.php\/2021\/12\/21\/o-que-se-estuda-no-curso-de-psicologia\/\">O que se estuda no curso de Psicologia?<\/a><\/p>\n\n\n\n<p><a href=\"https:\/\/blog.saocamilo-sp.br\/index.php\/2025\/11\/28\/atendimento-psicologico-gratuito-sao-camilo\/\">Atendimento psicol\u00f3gico gratuito na Cl\u00ednica-Escola S\u00e3o Camilo<\/a><\/p>\n\n\n\n<p><\/p>\n","protected":false},"excerpt":{"rendered":"<p>Descubra 8 dicas simples do Janeiro Branco para cuidar da sa\u00fade mental, reduzir o estresse e construir uma rotina mais leve e equilibrada.<\/p>\n","protected":false},"author":11,"featured_media":4539,"comment_status":"open","ping_status":"open","sticky":false,"template":"","format":"standard","meta":{"cybocfi_hide_featured_image":"","footnotes":""},"categories":[1,31,79],"tags":[220,229,136],"class_list":["post-4534","post","type-post","status-publish","format-standard","has-post-thumbnail","hentry","category-cursos","category-psicologia","category-saude","tag-bem-estar","tag-janeiro-branco","tag-saude-mental"],"yoast_head":"<!-- This site is optimized with the Yoast SEO plugin v27.4 - https:\/\/yoast.com\/product\/yoast-seo-wordpress\/ -->\n<title>Janeiro Branco: 8 sugest\u00f5es para uma rotina mais leve e saud\u00e1vel<\/title>\n<meta name=\"description\" content=\"Descubra 8 dicas simples do Janeiro Branco para cuidar da sa\u00fade mental, reduzir o estresse e construir uma rotina mais leve e equilibrada.\" \/>\n<meta name=\"robots\" content=\"index, follow, max-snippet:-1, max-image-preview:large, max-video-preview:-1\" \/>\n<link rel=\"canonical\" href=\"https:\/\/blog.saocamilo-sp.br\/index.php\/2026\/01\/13\/janeiro-branco-8-dicas-saude-mental\/\" \/>\n<meta property=\"og:locale\" content=\"pt_BR\" \/>\n<meta property=\"og:type\" content=\"article\" \/>\n<meta property=\"og:title\" content=\"Janeiro Branco: 8 sugest\u00f5es para uma rotina mais leve e saud\u00e1vel\" \/>\n<meta property=\"og:description\" content=\"Descubra 8 dicas simples do Janeiro Branco para cuidar da sa\u00fade mental, reduzir o estresse e construir uma rotina mais leve e equilibrada.\" \/>\n<meta property=\"og:url\" content=\"https:\/\/blog.saocamilo-sp.br\/index.php\/2026\/01\/13\/janeiro-branco-8-dicas-saude-mental\/\" \/>\n<meta property=\"og:site_name\" content=\"Blog S\u00e3o Camilo\" \/>\n<meta property=\"article:publisher\" content=\"https:\/\/www.facebook.com\/saocamilosp\" \/>\n<meta property=\"article:published_time\" content=\"2026-01-13T13:01:16+00:00\" \/>\n<meta property=\"article:modified_time\" content=\"2026-01-13T13:01:17+00:00\" \/>\n<meta property=\"og:image\" content=\"https:\/\/blog.saocamilo-sp.br\/wp-content\/uploads\/2026\/01\/ggfgffg.png\" \/>\n\t<meta property=\"og:image:width\" content=\"600\" \/>\n\t<meta property=\"og:image:height\" content=\"406\" \/>\n\t<meta property=\"og:image:type\" content=\"image\/png\" \/>\n<meta name=\"author\" content=\"Christopher Oliveira dos Reis\" \/>\n<meta name=\"twitter:card\" content=\"summary_large_image\" \/>\n<meta name=\"twitter:creator\" content=\"@saocamilosp\" \/>\n<meta name=\"twitter:site\" content=\"@saocamilosp\" \/>\n<meta name=\"twitter:label1\" content=\"Escrito por\" \/>\n\t<meta name=\"twitter:data1\" content=\"Christopher Oliveira dos Reis\" \/>\n\t<meta name=\"twitter:label2\" content=\"Est. tempo de leitura\" \/>\n\t<meta name=\"twitter:data2\" content=\"6 minutos\" \/>\n<script type=\"application\/ld+json\" class=\"yoast-schema-graph\">{\"@context\":\"https:\\\/\\\/schema.org\",\"@graph\":[{\"@type\":\"Article\",\"@id\":\"https:\\\/\\\/blog.saocamilo-sp.br\\\/index.php\\\/2026\\\/01\\\/13\\\/janeiro-branco-8-dicas-saude-mental\\\/#article\",\"isPartOf\":{\"@id\":\"https:\\\/\\\/blog.saocamilo-sp.br\\\/index.php\\\/2026\\\/01\\\/13\\\/janeiro-branco-8-dicas-saude-mental\\\/\"},\"author\":{\"name\":\"Christopher Oliveira dos Reis\",\"@id\":\"https:\\\/\\\/blog.saocamilo-sp.br\\\/#\\\/schema\\\/person\\\/7dce5f342af0848eb2f06778b2737904\"},\"headline\":\"Janeiro Branco: 8 sugest\u00f5es para uma rotina mais leve e saud\u00e1vel\",\"datePublished\":\"2026-01-13T13:01:16+00:00\",\"dateModified\":\"2026-01-13T13:01:17+00:00\",\"mainEntityOfPage\":{\"@id\":\"https:\\\/\\\/blog.saocamilo-sp.br\\\/index.php\\\/2026\\\/01\\\/13\\\/janeiro-branco-8-dicas-saude-mental\\\/\"},\"wordCount\":690,\"commentCount\":0,\"publisher\":{\"@id\":\"https:\\\/\\\/blog.saocamilo-sp.br\\\/#organization\"},\"image\":{\"@id\":\"https:\\\/\\\/blog.saocamilo-sp.br\\\/index.php\\\/2026\\\/01\\\/13\\\/janeiro-branco-8-dicas-saude-mental\\\/#primaryimage\"},\"thumbnailUrl\":\"https:\\\/\\\/blog.saocamilo-sp.br\\\/wp-content\\\/uploads\\\/2026\\\/01\\\/ggfgffg.png\",\"keywords\":[\"Bem-estar\",\"Janeiro Branco\",\"sa\u00fade mental\"],\"articleSection\":[\"Cursos\",\"Psicologia\",\"Sa\u00fade\"],\"inLanguage\":\"pt-BR\",\"potentialAction\":[{\"@type\":\"CommentAction\",\"name\":\"Comment\",\"target\":[\"https:\\\/\\\/blog.saocamilo-sp.br\\\/index.php\\\/2026\\\/01\\\/13\\\/janeiro-branco-8-dicas-saude-mental\\\/#respond\"]}]},{\"@type\":\"WebPage\",\"@id\":\"https:\\\/\\\/blog.saocamilo-sp.br\\\/index.php\\\/2026\\\/01\\\/13\\\/janeiro-branco-8-dicas-saude-mental\\\/\",\"url\":\"https:\\\/\\\/blog.saocamilo-sp.br\\\/index.php\\\/2026\\\/01\\\/13\\\/janeiro-branco-8-dicas-saude-mental\\\/\",\"name\":\"Janeiro Branco: 8 sugest\u00f5es para uma rotina mais leve e saud\u00e1vel\",\"isPartOf\":{\"@id\":\"https:\\\/\\\/blog.saocamilo-sp.br\\\/#website\"},\"primaryImageOfPage\":{\"@id\":\"https:\\\/\\\/blog.saocamilo-sp.br\\\/index.php\\\/2026\\\/01\\\/13\\\/janeiro-branco-8-dicas-saude-mental\\\/#primaryimage\"},\"image\":{\"@id\":\"https:\\\/\\\/blog.saocamilo-sp.br\\\/index.php\\\/2026\\\/01\\\/13\\\/janeiro-branco-8-dicas-saude-mental\\\/#primaryimage\"},\"thumbnailUrl\":\"https:\\\/\\\/blog.saocamilo-sp.br\\\/wp-content\\\/uploads\\\/2026\\\/01\\\/ggfgffg.png\",\"datePublished\":\"2026-01-13T13:01:16+00:00\",\"dateModified\":\"2026-01-13T13:01:17+00:00\",\"description\":\"Descubra 8 dicas simples do Janeiro Branco para cuidar da sa\u00fade mental, reduzir o estresse e construir uma rotina mais leve e equilibrada.\",\"breadcrumb\":{\"@id\":\"https:\\\/\\\/blog.saocamilo-sp.br\\\/index.php\\\/2026\\\/01\\\/13\\\/janeiro-branco-8-dicas-saude-mental\\\/#breadcrumb\"},\"inLanguage\":\"pt-BR\",\"potentialAction\":[{\"@type\":\"ReadAction\",\"target\":[\"https:\\\/\\\/blog.saocamilo-sp.br\\\/index.php\\\/2026\\\/01\\\/13\\\/janeiro-branco-8-dicas-saude-mental\\\/\"]}]},{\"@type\":\"ImageObject\",\"inLanguage\":\"pt-BR\",\"@id\":\"https:\\\/\\\/blog.saocamilo-sp.br\\\/index.php\\\/2026\\\/01\\\/13\\\/janeiro-branco-8-dicas-saude-mental\\\/#primaryimage\",\"url\":\"https:\\\/\\\/blog.saocamilo-sp.br\\\/wp-content\\\/uploads\\\/2026\\\/01\\\/ggfgffg.png\",\"contentUrl\":\"https:\\\/\\\/blog.saocamilo-sp.br\\\/wp-content\\\/uploads\\\/2026\\\/01\\\/ggfgffg.png\",\"width\":600,\"height\":406},{\"@type\":\"BreadcrumbList\",\"@id\":\"https:\\\/\\\/blog.saocamilo-sp.br\\\/index.php\\\/2026\\\/01\\\/13\\\/janeiro-branco-8-dicas-saude-mental\\\/#breadcrumb\",\"itemListElement\":[{\"@type\":\"ListItem\",\"position\":1,\"name\":\"In\u00edcio\",\"item\":\"https:\\\/\\\/blog.saocamilo-sp.br\\\/\"},{\"@type\":\"ListItem\",\"position\":2,\"name\":\"Janeiro Branco: 8 sugest\u00f5es para uma rotina mais leve e saud\u00e1vel\"}]},{\"@type\":\"WebSite\",\"@id\":\"https:\\\/\\\/blog.saocamilo-sp.br\\\/#website\",\"url\":\"https:\\\/\\\/blog.saocamilo-sp.br\\\/\",\"name\":\"Blog S\u00e3o Camilo\",\"description\":\"Blog do Centro Universit\u00e1rio S\u00e3o Camilo\",\"publisher\":{\"@id\":\"https:\\\/\\\/blog.saocamilo-sp.br\\\/#organization\"},\"potentialAction\":[{\"@type\":\"SearchAction\",\"target\":{\"@type\":\"EntryPoint\",\"urlTemplate\":\"https:\\\/\\\/blog.saocamilo-sp.br\\\/?s={search_term_string}\"},\"query-input\":{\"@type\":\"PropertyValueSpecification\",\"valueRequired\":true,\"valueName\":\"search_term_string\"}}],\"inLanguage\":\"pt-BR\"},{\"@type\":\"Organization\",\"@id\":\"https:\\\/\\\/blog.saocamilo-sp.br\\\/#organization\",\"name\":\"Blog S\u00e3o Camilo\",\"url\":\"https:\\\/\\\/blog.saocamilo-sp.br\\\/\",\"logo\":{\"@type\":\"ImageObject\",\"inLanguage\":\"pt-BR\",\"@id\":\"https:\\\/\\\/blog.saocamilo-sp.br\\\/#\\\/schema\\\/logo\\\/image\\\/\",\"url\":\"https:\\\/\\\/blog.saocamilo-sp.br\\\/wp-content\\\/uploads\\\/2021\\\/12\\\/cropped-vazio-logo-topo.png\",\"contentUrl\":\"https:\\\/\\\/blog.saocamilo-sp.br\\\/wp-content\\\/uploads\\\/2021\\\/12\\\/cropped-vazio-logo-topo.png\",\"width\":320,\"height\":240,\"caption\":\"Blog S\u00e3o Camilo\"},\"image\":{\"@id\":\"https:\\\/\\\/blog.saocamilo-sp.br\\\/#\\\/schema\\\/logo\\\/image\\\/\"},\"sameAs\":[\"https:\\\/\\\/www.facebook.com\\\/saocamilosp\",\"https:\\\/\\\/x.com\\\/saocamilosp\",\"https:\\\/\\\/www.linkedin.com\\\/school\\\/centro-universit-rio-s-o-camilo\\\/\"]},{\"@type\":\"Person\",\"@id\":\"https:\\\/\\\/blog.saocamilo-sp.br\\\/#\\\/schema\\\/person\\\/7dce5f342af0848eb2f06778b2737904\",\"name\":\"Christopher Oliveira dos Reis\",\"image\":{\"@type\":\"ImageObject\",\"inLanguage\":\"pt-BR\",\"@id\":\"https:\\\/\\\/secure.gravatar.com\\\/avatar\\\/b09a1361215d06f22999124838358b6855376e2b7287de883b723960b0c03f82?s=96&d=mm&r=g\",\"url\":\"https:\\\/\\\/secure.gravatar.com\\\/avatar\\\/b09a1361215d06f22999124838358b6855376e2b7287de883b723960b0c03f82?s=96&d=mm&r=g\",\"contentUrl\":\"https:\\\/\\\/secure.gravatar.com\\\/avatar\\\/b09a1361215d06f22999124838358b6855376e2b7287de883b723960b0c03f82?s=96&d=mm&r=g\",\"caption\":\"Christopher Oliveira dos Reis\"},\"url\":\"https:\\\/\\\/blog.saocamilo-sp.br\\\/index.php\\\/author\\\/christopher-reis\\\/\"}]}<\/script>\n<!-- \/ Yoast SEO plugin. -->","yoast_head_json":{"title":"Janeiro Branco: 8 sugest\u00f5es para uma rotina mais leve e saud\u00e1vel","description":"Descubra 8 dicas simples do Janeiro Branco para cuidar da sa\u00fade mental, reduzir o estresse e construir uma rotina mais leve e equilibrada.","robots":{"index":"index","follow":"follow","max-snippet":"max-snippet:-1","max-image-preview":"max-image-preview:large","max-video-preview":"max-video-preview:-1"},"canonical":"https:\/\/blog.saocamilo-sp.br\/index.php\/2026\/01\/13\/janeiro-branco-8-dicas-saude-mental\/","og_locale":"pt_BR","og_type":"article","og_title":"Janeiro Branco: 8 sugest\u00f5es para uma rotina mais leve e saud\u00e1vel","og_description":"Descubra 8 dicas simples do Janeiro Branco para cuidar da sa\u00fade mental, reduzir o estresse e construir uma rotina mais leve e equilibrada.","og_url":"https:\/\/blog.saocamilo-sp.br\/index.php\/2026\/01\/13\/janeiro-branco-8-dicas-saude-mental\/","og_site_name":"Blog S\u00e3o Camilo","article_publisher":"https:\/\/www.facebook.com\/saocamilosp","article_published_time":"2026-01-13T13:01:16+00:00","article_modified_time":"2026-01-13T13:01:17+00:00","og_image":[{"width":600,"height":406,"url":"https:\/\/blog.saocamilo-sp.br\/wp-content\/uploads\/2026\/01\/ggfgffg.png","type":"image\/png"}],"author":"Christopher Oliveira dos Reis","twitter_card":"summary_large_image","twitter_creator":"@saocamilosp","twitter_site":"@saocamilosp","twitter_misc":{"Escrito por":"Christopher Oliveira dos Reis","Est. tempo de leitura":"6 minutos"},"schema":{"@context":"https:\/\/schema.org","@graph":[{"@type":"Article","@id":"https:\/\/blog.saocamilo-sp.br\/index.php\/2026\/01\/13\/janeiro-branco-8-dicas-saude-mental\/#article","isPartOf":{"@id":"https:\/\/blog.saocamilo-sp.br\/index.php\/2026\/01\/13\/janeiro-branco-8-dicas-saude-mental\/"},"author":{"name":"Christopher Oliveira dos Reis","@id":"https:\/\/blog.saocamilo-sp.br\/#\/schema\/person\/7dce5f342af0848eb2f06778b2737904"},"headline":"Janeiro Branco: 8 sugest\u00f5es para uma rotina mais leve e saud\u00e1vel","datePublished":"2026-01-13T13:01:16+00:00","dateModified":"2026-01-13T13:01:17+00:00","mainEntityOfPage":{"@id":"https:\/\/blog.saocamilo-sp.br\/index.php\/2026\/01\/13\/janeiro-branco-8-dicas-saude-mental\/"},"wordCount":690,"commentCount":0,"publisher":{"@id":"https:\/\/blog.saocamilo-sp.br\/#organization"},"image":{"@id":"https:\/\/blog.saocamilo-sp.br\/index.php\/2026\/01\/13\/janeiro-branco-8-dicas-saude-mental\/#primaryimage"},"thumbnailUrl":"https:\/\/blog.saocamilo-sp.br\/wp-content\/uploads\/2026\/01\/ggfgffg.png","keywords":["Bem-estar","Janeiro Branco","sa\u00fade mental"],"articleSection":["Cursos","Psicologia","Sa\u00fade"],"inLanguage":"pt-BR","potentialAction":[{"@type":"CommentAction","name":"Comment","target":["https:\/\/blog.saocamilo-sp.br\/index.php\/2026\/01\/13\/janeiro-branco-8-dicas-saude-mental\/#respond"]}]},{"@type":"WebPage","@id":"https:\/\/blog.saocamilo-sp.br\/index.php\/2026\/01\/13\/janeiro-branco-8-dicas-saude-mental\/","url":"https:\/\/blog.saocamilo-sp.br\/index.php\/2026\/01\/13\/janeiro-branco-8-dicas-saude-mental\/","name":"Janeiro Branco: 8 sugest\u00f5es para uma rotina mais leve e saud\u00e1vel","isPartOf":{"@id":"https:\/\/blog.saocamilo-sp.br\/#website"},"primaryImageOfPage":{"@id":"https:\/\/blog.saocamilo-sp.br\/index.php\/2026\/01\/13\/janeiro-branco-8-dicas-saude-mental\/#primaryimage"},"image":{"@id":"https:\/\/blog.saocamilo-sp.br\/index.php\/2026\/01\/13\/janeiro-branco-8-dicas-saude-mental\/#primaryimage"},"thumbnailUrl":"https:\/\/blog.saocamilo-sp.br\/wp-content\/uploads\/2026\/01\/ggfgffg.png","datePublished":"2026-01-13T13:01:16+00:00","dateModified":"2026-01-13T13:01:17+00:00","description":"Descubra 8 dicas simples do Janeiro Branco para cuidar da sa\u00fade mental, reduzir o estresse e construir uma rotina mais leve e equilibrada.","breadcrumb":{"@id":"https:\/\/blog.saocamilo-sp.br\/index.php\/2026\/01\/13\/janeiro-branco-8-dicas-saude-mental\/#breadcrumb"},"inLanguage":"pt-BR","potentialAction":[{"@type":"ReadAction","target":["https:\/\/blog.saocamilo-sp.br\/index.php\/2026\/01\/13\/janeiro-branco-8-dicas-saude-mental\/"]}]},{"@type":"ImageObject","inLanguage":"pt-BR","@id":"https:\/\/blog.saocamilo-sp.br\/index.php\/2026\/01\/13\/janeiro-branco-8-dicas-saude-mental\/#primaryimage","url":"https:\/\/blog.saocamilo-sp.br\/wp-content\/uploads\/2026\/01\/ggfgffg.png","contentUrl":"https:\/\/blog.saocamilo-sp.br\/wp-content\/uploads\/2026\/01\/ggfgffg.png","width":600,"height":406},{"@type":"BreadcrumbList","@id":"https:\/\/blog.saocamilo-sp.br\/index.php\/2026\/01\/13\/janeiro-branco-8-dicas-saude-mental\/#breadcrumb","itemListElement":[{"@type":"ListItem","position":1,"name":"In\u00edcio","item":"https:\/\/blog.saocamilo-sp.br\/"},{"@type":"ListItem","position":2,"name":"Janeiro Branco: 8 sugest\u00f5es para uma rotina mais leve e saud\u00e1vel"}]},{"@type":"WebSite","@id":"https:\/\/blog.saocamilo-sp.br\/#website","url":"https:\/\/blog.saocamilo-sp.br\/","name":"Blog S\u00e3o Camilo","description":"Blog do Centro Universit\u00e1rio S\u00e3o Camilo","publisher":{"@id":"https:\/\/blog.saocamilo-sp.br\/#organization"},"potentialAction":[{"@type":"SearchAction","target":{"@type":"EntryPoint","urlTemplate":"https:\/\/blog.saocamilo-sp.br\/?s={search_term_string}"},"query-input":{"@type":"PropertyValueSpecification","valueRequired":true,"valueName":"search_term_string"}}],"inLanguage":"pt-BR"},{"@type":"Organization","@id":"https:\/\/blog.saocamilo-sp.br\/#organization","name":"Blog S\u00e3o Camilo","url":"https:\/\/blog.saocamilo-sp.br\/","logo":{"@type":"ImageObject","inLanguage":"pt-BR","@id":"https:\/\/blog.saocamilo-sp.br\/#\/schema\/logo\/image\/","url":"https:\/\/blog.saocamilo-sp.br\/wp-content\/uploads\/2021\/12\/cropped-vazio-logo-topo.png","contentUrl":"https:\/\/blog.saocamilo-sp.br\/wp-content\/uploads\/2021\/12\/cropped-vazio-logo-topo.png","width":320,"height":240,"caption":"Blog S\u00e3o Camilo"},"image":{"@id":"https:\/\/blog.saocamilo-sp.br\/#\/schema\/logo\/image\/"},"sameAs":["https:\/\/www.facebook.com\/saocamilosp","https:\/\/x.com\/saocamilosp","https:\/\/www.linkedin.com\/school\/centro-universit-rio-s-o-camilo\/"]},{"@type":"Person","@id":"https:\/\/blog.saocamilo-sp.br\/#\/schema\/person\/7dce5f342af0848eb2f06778b2737904","name":"Christopher Oliveira dos Reis","image":{"@type":"ImageObject","inLanguage":"pt-BR","@id":"https:\/\/secure.gravatar.com\/avatar\/b09a1361215d06f22999124838358b6855376e2b7287de883b723960b0c03f82?s=96&d=mm&r=g","url":"https:\/\/secure.gravatar.com\/avatar\/b09a1361215d06f22999124838358b6855376e2b7287de883b723960b0c03f82?s=96&d=mm&r=g","contentUrl":"https:\/\/secure.gravatar.com\/avatar\/b09a1361215d06f22999124838358b6855376e2b7287de883b723960b0c03f82?s=96&d=mm&r=g","caption":"Christopher Oliveira dos Reis"},"url":"https:\/\/blog.saocamilo-sp.br\/index.php\/author\/christopher-reis\/"}]}},"_links":{"self":[{"href":"https:\/\/blog.saocamilo-sp.br\/index.php\/wp-json\/wp\/v2\/posts\/4534","targetHints":{"allow":["GET"]}}],"collection":[{"href":"https:\/\/blog.saocamilo-sp.br\/index.php\/wp-json\/wp\/v2\/posts"}],"about":[{"href":"https:\/\/blog.saocamilo-sp.br\/index.php\/wp-json\/wp\/v2\/types\/post"}],"author":[{"embeddable":true,"href":"https:\/\/blog.saocamilo-sp.br\/index.php\/wp-json\/wp\/v2\/users\/11"}],"replies":[{"embeddable":true,"href":"https:\/\/blog.saocamilo-sp.br\/index.php\/wp-json\/wp\/v2\/comments?post=4534"}],"version-history":[{"count":8,"href":"https:\/\/blog.saocamilo-sp.br\/index.php\/wp-json\/wp\/v2\/posts\/4534\/revisions"}],"predecessor-version":[{"id":4556,"href":"https:\/\/blog.saocamilo-sp.br\/index.php\/wp-json\/wp\/v2\/posts\/4534\/revisions\/4556"}],"wp:featuredmedia":[{"embeddable":true,"href":"https:\/\/blog.saocamilo-sp.br\/index.php\/wp-json\/wp\/v2\/media\/4539"}],"wp:attachment":[{"href":"https:\/\/blog.saocamilo-sp.br\/index.php\/wp-json\/wp\/v2\/media?parent=4534"}],"wp:term":[{"taxonomy":"category","embeddable":true,"href":"https:\/\/blog.saocamilo-sp.br\/index.php\/wp-json\/wp\/v2\/categories?post=4534"},{"taxonomy":"post_tag","embeddable":true,"href":"https:\/\/blog.saocamilo-sp.br\/index.php\/wp-json\/wp\/v2\/tags?post=4534"}],"curies":[{"name":"wp","href":"https:\/\/api.w.org\/{rel}","templated":true}]}}