{"id":4557,"date":"2026-01-21T18:23:42","date_gmt":"2026-01-21T21:23:42","guid":{"rendered":"https:\/\/blog.saocamilo-sp.br\/?p=4557"},"modified":"2026-01-23T12:55:59","modified_gmt":"2026-01-23T15:55:59","slug":"mitos-e-verdades-saude-mental","status":"publish","type":"post","link":"https:\/\/blog.saocamilo-sp.br\/index.php\/2026\/01\/21\/mitos-e-verdades-saude-mental\/","title":{"rendered":"Apoio Psicol\u00f3gico: descubra os principais mitos e verdades sobre sa\u00fade mental"},"content":{"rendered":"\n<p>  A sa\u00fade mental ainda \u00e9 cercada por estigmas, julgamentos e sil\u00eancios. Entretanto, discutir o tema tornou-se essencial para a constru\u00e7\u00e3o de uma sociedade mais emp\u00e1tica, consciente e saud\u00e1vel.<\/p>\n\n\n\n<p>Confira alguns mitos e verdades sobre esse tema elaborados pelo Apoio Psicol\u00f3gico do <a href=\"https:\/\/saocamilo-sp.br\/\">Centro Universit\u00e1rio S\u00e3o Camilo<\/a>.<\/p>\n\n\n\n<h3 class=\"wp-block-heading\">Buscar apoio psicol\u00f3gico \u00e9 sinal de fraqueza<\/h3>\n\n\n\n<p><strong>Mito.<\/strong><\/p>\n\n\n\n<p>Na realidade, pedir ajuda representa um ato de coragem. Ao reconhecer limites, emo\u00e7\u00f5es e dificuldades, a pessoa demonstra maturidade emocional e responsabilidade consigo mesma. Al\u00e9m disso, o apoio psicol\u00f3gico oferece acolhimento, orienta\u00e7\u00e3o e ferramentas para enfrentar desafios com mais equil\u00edbrio. Portanto, buscar ajuda n\u00e3o enfraquece \u2014 fortalece.<\/p>\n\n\n\n<h3 class=\"wp-block-heading\">Cuidar da mente \u00e9 t\u00e3o importante quanto cuidar do corpo<\/h3>\n\n\n\n<p><strong>Verdade.<\/strong><\/p>\n\n\n\n<p>Nossa sa\u00fade depende do equil\u00edbrio entre corpo, mente e rela\u00e7\u00f5es. Quando um desses pilares \u00e9 afetado, todo o sistema tamb\u00e9m sente os impactos. Por exemplo, o estresse constante pode gerar sintomas f\u00edsicos; da mesma forma, dores emocionais comprometem o sono, a alimenta\u00e7\u00e3o e a concentra\u00e7\u00e3o. Assim, cuidar da mente significa cuidar da vida como um todo.<\/p>\n\n\n\n<h3 class=\"wp-block-heading\">Terapia \u00e9 s\u00f3 para quem est\u00e1 em crise<\/h3>\n\n\n\n<p><strong>Mito.<\/strong><\/p>\n\n\n\n<p>Embora muitas pessoas procurem terapia em momentos dif\u00edceis, esse espa\u00e7o vai muito al\u00e9m do tratamento de crises. Nesse sentido, a terapia tamb\u00e9m atua na preven\u00e7\u00e3o, no autoconhecimento e no fortalecimento emocional. Em outras palavras, n\u00e3o \u00e9 preciso estar no limite para come\u00e7ar a se cuidar.<\/p>\n\n\n\n<p>Entre os principais benef\u00edcios, destacam-se:<\/p>\n\n\n\n<ul class=\"wp-block-list\">\n<li>Compreens\u00e3o dos pr\u00f3prios sentimentos;<\/li>\n\n\n\n<li>Melhoria nos relacionamentos;<\/li>\n\n\n\n<li>Desenvolvimento da autoestima;<\/li>\n\n\n\n<li>Apoio na tomada de decis\u00f5es;<\/li>\n\n\n\n<li>Constru\u00e7\u00e3o de uma vida mais equilibrada.<\/li>\n<\/ul>\n\n\n\n<h2 class=\"wp-block-heading\">Profissionais da sa\u00fade lidam melhor com as emo\u00e7\u00f5es<\/h2>\n\n\n\n<p><strong>Mito.<\/strong><\/p>\n\n\n\n<p>Apesar do conhecimento t\u00e9cnico, profissionais e estudantes tamb\u00e9m enfrentam medo, ansiedade, inseguran\u00e7a e exaust\u00e3o. Afinal, ser humano n\u00e3o deixa de sentir por exercer uma profiss\u00e3o. Nesse contexto, o Centro Universit\u00e1rio S\u00e3o Camilo refor\u00e7a a import\u00e2ncia de olhar para a sa\u00fade mental de forma integral, respeitando emo\u00e7\u00f5es, limites e processos individuais.<\/p>\n\n\n\n<h3 class=\"wp-block-heading\">\u201cTodo mundo est\u00e1 dando conta, menos eu\u201d<\/h3>\n\n\n\n<p><strong>Mito.<\/strong><\/p>\n\n\n\n<p>O que se v\u00ea dos outros \u00e9 apenas a parte vis\u00edvel. Por tr\u00e1s das conquistas, existem d\u00favidas, cansa\u00e7o e inseguran\u00e7as que raramente s\u00e3o compartilhados. Por isso, a compara\u00e7\u00e3o constante apenas afasta voc\u00ea de si mesmo(a). Consequentemente, cada pessoa deve respeitar seu pr\u00f3prio tempo, ritmo e percurso.<\/p>\n\n\n\n<h3 class=\"wp-block-heading\">Cuidar de si \u00e9 um ato de resist\u00eancia<\/h3>\n\n\n\n<p>Em um mundo que valoriza apenas produtividade, cuidar da sa\u00fade mental torna-se um ato de consci\u00eancia e amor-pr\u00f3prio. Assim, n\u00e3o \u00e9 necess\u00e1rio esperar o esgotamento para buscar apoio. Tampouco \u00e9 preciso justificar a pr\u00f3pria dor. Antes de tudo, \u00e9 fundamental permitir-se cuidar.<\/p>\n\n\n\n<p>Em resumo, falar sobre sa\u00fade mental \u00e9 falar sobre humanidade. Portanto, reconhecer emo\u00e7\u00f5es, respeitar limites e buscar apoio s\u00e3o atitudes que constroem rela\u00e7\u00f5es mais saud\u00e1veis consigo e com os outros.<\/p>\n\n\n\n<p><strong>Veja tamb\u00e9m:<\/strong><\/p>\n\n\n\n<p><a href=\"https:\/\/blog.saocamilo-sp.br\/index.php\/2026\/01\/13\/janeiro-branco-8-dicas-saude-mental\/\">Janeiro Branco: 8 sugest\u00f5es para uma rotina mais leve e saud\u00e1vel<\/a><\/p>\n\n\n\n<p><a href=\"https:\/\/blog.saocamilo-sp.br\/index.php\/2025\/11\/28\/atendimento-psicologico-gratuito-sao-camilo\/\">Atendimento psicol\u00f3gico gratuito na Cl\u00ednica-Escola S\u00e3o Camilo<\/a><\/p>\n\n\n\n<p><a href=\"https:\/\/blog.saocamilo-sp.br\/index.php\/2025\/07\/22\/como-saber-se-estou-triste-ou-deprimido-psiquiatra-explica\/\">Como saber se estou triste ou deprimido? Psiquiatra explica<\/a><\/p>\n","protected":false},"excerpt":{"rendered":"<p>A sa\u00fade mental ainda enfrenta estigmas e sil\u00eancios, mas debat\u00ea-la \u00e9 essencial para construir uma sociedade mais emp\u00e1tica e consciente.<\/p>\n","protected":false},"author":11,"featured_media":4606,"comment_status":"open","ping_status":"open","sticky":false,"template":"","format":"standard","meta":{"cybocfi_hide_featured_image":"","footnotes":""},"categories":[1,31],"tags":[220,223,136],"class_list":["post-4557","post","type-post","status-publish","format-standard","has-post-thumbnail","hentry","category-cursos","category-psicologia","tag-bem-estar","tag-qualidade-de-vida","tag-saude-mental"],"yoast_head":"<!-- This site is optimized with the Yoast SEO plugin v27.4 - https:\/\/yoast.com\/product\/yoast-seo-wordpress\/ -->\n<title>Apoio Psicol\u00f3gico: descubra os principais mitos e verdades sobre sa\u00fade mental - Blog S\u00e3o Camilo<\/title>\n<meta name=\"description\" content=\"A sa\u00fade mental ainda enfrenta estigmas e sil\u00eancios, mas debat\u00ea-la \u00e9 essencial para construir uma sociedade mais emp\u00e1tica e consciente.\" \/>\n<meta name=\"robots\" content=\"index, follow, max-snippet:-1, max-image-preview:large, max-video-preview:-1\" \/>\n<link rel=\"canonical\" href=\"https:\/\/blog.saocamilo-sp.br\/index.php\/2026\/01\/21\/mitos-e-verdades-saude-mental\/\" \/>\n<meta property=\"og:locale\" content=\"pt_BR\" \/>\n<meta property=\"og:type\" content=\"article\" \/>\n<meta property=\"og:title\" content=\"Apoio Psicol\u00f3gico: descubra os principais mitos e verdades sobre sa\u00fade mental - Blog S\u00e3o Camilo\" \/>\n<meta property=\"og:description\" content=\"A sa\u00fade mental ainda enfrenta estigmas e sil\u00eancios, mas debat\u00ea-la \u00e9 essencial para construir uma sociedade mais emp\u00e1tica e consciente.\" \/>\n<meta property=\"og:url\" content=\"https:\/\/blog.saocamilo-sp.br\/index.php\/2026\/01\/21\/mitos-e-verdades-saude-mental\/\" \/>\n<meta property=\"og:site_name\" content=\"Blog S\u00e3o Camilo\" \/>\n<meta property=\"article:publisher\" content=\"https:\/\/www.facebook.com\/saocamilosp\" \/>\n<meta property=\"article:published_time\" content=\"2026-01-21T21:23:42+00:00\" \/>\n<meta property=\"article:modified_time\" content=\"2026-01-23T15:55:59+00:00\" \/>\n<meta property=\"og:image\" content=\"https:\/\/blog.saocamilo-sp.br\/wp-content\/uploads\/2026\/01\/DFFDDF.png\" \/>\n\t<meta property=\"og:image:width\" content=\"600\" \/>\n\t<meta property=\"og:image:height\" content=\"406\" \/>\n\t<meta property=\"og:image:type\" content=\"image\/png\" \/>\n<meta name=\"author\" content=\"Christopher Oliveira dos Reis\" \/>\n<meta name=\"twitter:card\" content=\"summary_large_image\" \/>\n<meta name=\"twitter:creator\" content=\"@saocamilosp\" \/>\n<meta name=\"twitter:site\" content=\"@saocamilosp\" \/>\n<meta name=\"twitter:label1\" content=\"Escrito por\" \/>\n\t<meta name=\"twitter:data1\" content=\"Christopher Oliveira dos Reis\" \/>\n\t<meta name=\"twitter:label2\" content=\"Est. tempo de leitura\" \/>\n\t<meta name=\"twitter:data2\" content=\"3 minutos\" \/>\n<script type=\"application\/ld+json\" class=\"yoast-schema-graph\">{\"@context\":\"https:\\\/\\\/schema.org\",\"@graph\":[{\"@type\":\"Article\",\"@id\":\"https:\\\/\\\/blog.saocamilo-sp.br\\\/index.php\\\/2026\\\/01\\\/21\\\/mitos-e-verdades-saude-mental\\\/#article\",\"isPartOf\":{\"@id\":\"https:\\\/\\\/blog.saocamilo-sp.br\\\/index.php\\\/2026\\\/01\\\/21\\\/mitos-e-verdades-saude-mental\\\/\"},\"author\":{\"name\":\"Christopher Oliveira dos Reis\",\"@id\":\"https:\\\/\\\/blog.saocamilo-sp.br\\\/#\\\/schema\\\/person\\\/7dce5f342af0848eb2f06778b2737904\"},\"headline\":\"Apoio Psicol\u00f3gico: descubra os principais mitos e verdades sobre sa\u00fade mental\",\"datePublished\":\"2026-01-21T21:23:42+00:00\",\"dateModified\":\"2026-01-23T15:55:59+00:00\",\"mainEntityOfPage\":{\"@id\":\"https:\\\/\\\/blog.saocamilo-sp.br\\\/index.php\\\/2026\\\/01\\\/21\\\/mitos-e-verdades-saude-mental\\\/\"},\"wordCount\":544,\"commentCount\":0,\"publisher\":{\"@id\":\"https:\\\/\\\/blog.saocamilo-sp.br\\\/#organization\"},\"image\":{\"@id\":\"https:\\\/\\\/blog.saocamilo-sp.br\\\/index.php\\\/2026\\\/01\\\/21\\\/mitos-e-verdades-saude-mental\\\/#primaryimage\"},\"thumbnailUrl\":\"https:\\\/\\\/blog.saocamilo-sp.br\\\/wp-content\\\/uploads\\\/2026\\\/01\\\/DFFDDF.png\",\"keywords\":[\"Bem-estar\",\"Qualidade de Vida\",\"sa\u00fade mental\"],\"articleSection\":[\"Cursos\",\"Psicologia\"],\"inLanguage\":\"pt-BR\",\"potentialAction\":[{\"@type\":\"CommentAction\",\"name\":\"Comment\",\"target\":[\"https:\\\/\\\/blog.saocamilo-sp.br\\\/index.php\\\/2026\\\/01\\\/21\\\/mitos-e-verdades-saude-mental\\\/#respond\"]}]},{\"@type\":\"WebPage\",\"@id\":\"https:\\\/\\\/blog.saocamilo-sp.br\\\/index.php\\\/2026\\\/01\\\/21\\\/mitos-e-verdades-saude-mental\\\/\",\"url\":\"https:\\\/\\\/blog.saocamilo-sp.br\\\/index.php\\\/2026\\\/01\\\/21\\\/mitos-e-verdades-saude-mental\\\/\",\"name\":\"Apoio Psicol\u00f3gico: descubra os principais mitos e verdades sobre sa\u00fade mental - Blog S\u00e3o Camilo\",\"isPartOf\":{\"@id\":\"https:\\\/\\\/blog.saocamilo-sp.br\\\/#website\"},\"primaryImageOfPage\":{\"@id\":\"https:\\\/\\\/blog.saocamilo-sp.br\\\/index.php\\\/2026\\\/01\\\/21\\\/mitos-e-verdades-saude-mental\\\/#primaryimage\"},\"image\":{\"@id\":\"https:\\\/\\\/blog.saocamilo-sp.br\\\/index.php\\\/2026\\\/01\\\/21\\\/mitos-e-verdades-saude-mental\\\/#primaryimage\"},\"thumbnailUrl\":\"https:\\\/\\\/blog.saocamilo-sp.br\\\/wp-content\\\/uploads\\\/2026\\\/01\\\/DFFDDF.png\",\"datePublished\":\"2026-01-21T21:23:42+00:00\",\"dateModified\":\"2026-01-23T15:55:59+00:00\",\"description\":\"A sa\u00fade mental ainda enfrenta estigmas e sil\u00eancios, mas debat\u00ea-la \u00e9 essencial para construir uma sociedade mais emp\u00e1tica e consciente.\",\"breadcrumb\":{\"@id\":\"https:\\\/\\\/blog.saocamilo-sp.br\\\/index.php\\\/2026\\\/01\\\/21\\\/mitos-e-verdades-saude-mental\\\/#breadcrumb\"},\"inLanguage\":\"pt-BR\",\"potentialAction\":[{\"@type\":\"ReadAction\",\"target\":[\"https:\\\/\\\/blog.saocamilo-sp.br\\\/index.php\\\/2026\\\/01\\\/21\\\/mitos-e-verdades-saude-mental\\\/\"]}]},{\"@type\":\"ImageObject\",\"inLanguage\":\"pt-BR\",\"@id\":\"https:\\\/\\\/blog.saocamilo-sp.br\\\/index.php\\\/2026\\\/01\\\/21\\\/mitos-e-verdades-saude-mental\\\/#primaryimage\",\"url\":\"https:\\\/\\\/blog.saocamilo-sp.br\\\/wp-content\\\/uploads\\\/2026\\\/01\\\/DFFDDF.png\",\"contentUrl\":\"https:\\\/\\\/blog.saocamilo-sp.br\\\/wp-content\\\/uploads\\\/2026\\\/01\\\/DFFDDF.png\",\"width\":600,\"height\":406},{\"@type\":\"BreadcrumbList\",\"@id\":\"https:\\\/\\\/blog.saocamilo-sp.br\\\/index.php\\\/2026\\\/01\\\/21\\\/mitos-e-verdades-saude-mental\\\/#breadcrumb\",\"itemListElement\":[{\"@type\":\"ListItem\",\"position\":1,\"name\":\"In\u00edcio\",\"item\":\"https:\\\/\\\/blog.saocamilo-sp.br\\\/\"},{\"@type\":\"ListItem\",\"position\":2,\"name\":\"Apoio Psicol\u00f3gico: descubra os principais mitos e verdades sobre sa\u00fade mental\"}]},{\"@type\":\"WebSite\",\"@id\":\"https:\\\/\\\/blog.saocamilo-sp.br\\\/#website\",\"url\":\"https:\\\/\\\/blog.saocamilo-sp.br\\\/\",\"name\":\"Blog S\u00e3o Camilo\",\"description\":\"Blog do Centro Universit\u00e1rio S\u00e3o Camilo\",\"publisher\":{\"@id\":\"https:\\\/\\\/blog.saocamilo-sp.br\\\/#organization\"},\"potentialAction\":[{\"@type\":\"SearchAction\",\"target\":{\"@type\":\"EntryPoint\",\"urlTemplate\":\"https:\\\/\\\/blog.saocamilo-sp.br\\\/?s={search_term_string}\"},\"query-input\":{\"@type\":\"PropertyValueSpecification\",\"valueRequired\":true,\"valueName\":\"search_term_string\"}}],\"inLanguage\":\"pt-BR\"},{\"@type\":\"Organization\",\"@id\":\"https:\\\/\\\/blog.saocamilo-sp.br\\\/#organization\",\"name\":\"Blog S\u00e3o Camilo\",\"url\":\"https:\\\/\\\/blog.saocamilo-sp.br\\\/\",\"logo\":{\"@type\":\"ImageObject\",\"inLanguage\":\"pt-BR\",\"@id\":\"https:\\\/\\\/blog.saocamilo-sp.br\\\/#\\\/schema\\\/logo\\\/image\\\/\",\"url\":\"https:\\\/\\\/blog.saocamilo-sp.br\\\/wp-content\\\/uploads\\\/2021\\\/12\\\/cropped-vazio-logo-topo.png\",\"contentUrl\":\"https:\\\/\\\/blog.saocamilo-sp.br\\\/wp-content\\\/uploads\\\/2021\\\/12\\\/cropped-vazio-logo-topo.png\",\"width\":320,\"height\":240,\"caption\":\"Blog S\u00e3o Camilo\"},\"image\":{\"@id\":\"https:\\\/\\\/blog.saocamilo-sp.br\\\/#\\\/schema\\\/logo\\\/image\\\/\"},\"sameAs\":[\"https:\\\/\\\/www.facebook.com\\\/saocamilosp\",\"https:\\\/\\\/x.com\\\/saocamilosp\",\"https:\\\/\\\/www.linkedin.com\\\/school\\\/centro-universit-rio-s-o-camilo\\\/\"]},{\"@type\":\"Person\",\"@id\":\"https:\\\/\\\/blog.saocamilo-sp.br\\\/#\\\/schema\\\/person\\\/7dce5f342af0848eb2f06778b2737904\",\"name\":\"Christopher Oliveira dos Reis\",\"image\":{\"@type\":\"ImageObject\",\"inLanguage\":\"pt-BR\",\"@id\":\"https:\\\/\\\/secure.gravatar.com\\\/avatar\\\/b09a1361215d06f22999124838358b6855376e2b7287de883b723960b0c03f82?s=96&d=mm&r=g\",\"url\":\"https:\\\/\\\/secure.gravatar.com\\\/avatar\\\/b09a1361215d06f22999124838358b6855376e2b7287de883b723960b0c03f82?s=96&d=mm&r=g\",\"contentUrl\":\"https:\\\/\\\/secure.gravatar.com\\\/avatar\\\/b09a1361215d06f22999124838358b6855376e2b7287de883b723960b0c03f82?s=96&d=mm&r=g\",\"caption\":\"Christopher Oliveira dos Reis\"},\"url\":\"https:\\\/\\\/blog.saocamilo-sp.br\\\/index.php\\\/author\\\/christopher-reis\\\/\"}]}<\/script>\n<!-- \/ Yoast SEO plugin. -->","yoast_head_json":{"title":"Apoio Psicol\u00f3gico: descubra os principais mitos e verdades sobre sa\u00fade mental - Blog S\u00e3o Camilo","description":"A sa\u00fade mental ainda enfrenta estigmas e sil\u00eancios, mas debat\u00ea-la \u00e9 essencial para construir uma sociedade mais emp\u00e1tica e consciente.","robots":{"index":"index","follow":"follow","max-snippet":"max-snippet:-1","max-image-preview":"max-image-preview:large","max-video-preview":"max-video-preview:-1"},"canonical":"https:\/\/blog.saocamilo-sp.br\/index.php\/2026\/01\/21\/mitos-e-verdades-saude-mental\/","og_locale":"pt_BR","og_type":"article","og_title":"Apoio Psicol\u00f3gico: descubra os principais mitos e verdades sobre sa\u00fade mental - Blog S\u00e3o Camilo","og_description":"A sa\u00fade mental ainda enfrenta estigmas e sil\u00eancios, mas debat\u00ea-la \u00e9 essencial para construir uma sociedade mais emp\u00e1tica e consciente.","og_url":"https:\/\/blog.saocamilo-sp.br\/index.php\/2026\/01\/21\/mitos-e-verdades-saude-mental\/","og_site_name":"Blog S\u00e3o Camilo","article_publisher":"https:\/\/www.facebook.com\/saocamilosp","article_published_time":"2026-01-21T21:23:42+00:00","article_modified_time":"2026-01-23T15:55:59+00:00","og_image":[{"width":600,"height":406,"url":"https:\/\/blog.saocamilo-sp.br\/wp-content\/uploads\/2026\/01\/DFFDDF.png","type":"image\/png"}],"author":"Christopher Oliveira dos Reis","twitter_card":"summary_large_image","twitter_creator":"@saocamilosp","twitter_site":"@saocamilosp","twitter_misc":{"Escrito por":"Christopher Oliveira dos Reis","Est. tempo de leitura":"3 minutos"},"schema":{"@context":"https:\/\/schema.org","@graph":[{"@type":"Article","@id":"https:\/\/blog.saocamilo-sp.br\/index.php\/2026\/01\/21\/mitos-e-verdades-saude-mental\/#article","isPartOf":{"@id":"https:\/\/blog.saocamilo-sp.br\/index.php\/2026\/01\/21\/mitos-e-verdades-saude-mental\/"},"author":{"name":"Christopher Oliveira dos Reis","@id":"https:\/\/blog.saocamilo-sp.br\/#\/schema\/person\/7dce5f342af0848eb2f06778b2737904"},"headline":"Apoio Psicol\u00f3gico: descubra os principais mitos e verdades sobre sa\u00fade mental","datePublished":"2026-01-21T21:23:42+00:00","dateModified":"2026-01-23T15:55:59+00:00","mainEntityOfPage":{"@id":"https:\/\/blog.saocamilo-sp.br\/index.php\/2026\/01\/21\/mitos-e-verdades-saude-mental\/"},"wordCount":544,"commentCount":0,"publisher":{"@id":"https:\/\/blog.saocamilo-sp.br\/#organization"},"image":{"@id":"https:\/\/blog.saocamilo-sp.br\/index.php\/2026\/01\/21\/mitos-e-verdades-saude-mental\/#primaryimage"},"thumbnailUrl":"https:\/\/blog.saocamilo-sp.br\/wp-content\/uploads\/2026\/01\/DFFDDF.png","keywords":["Bem-estar","Qualidade de Vida","sa\u00fade mental"],"articleSection":["Cursos","Psicologia"],"inLanguage":"pt-BR","potentialAction":[{"@type":"CommentAction","name":"Comment","target":["https:\/\/blog.saocamilo-sp.br\/index.php\/2026\/01\/21\/mitos-e-verdades-saude-mental\/#respond"]}]},{"@type":"WebPage","@id":"https:\/\/blog.saocamilo-sp.br\/index.php\/2026\/01\/21\/mitos-e-verdades-saude-mental\/","url":"https:\/\/blog.saocamilo-sp.br\/index.php\/2026\/01\/21\/mitos-e-verdades-saude-mental\/","name":"Apoio Psicol\u00f3gico: descubra os principais mitos e verdades sobre sa\u00fade mental - Blog S\u00e3o Camilo","isPartOf":{"@id":"https:\/\/blog.saocamilo-sp.br\/#website"},"primaryImageOfPage":{"@id":"https:\/\/blog.saocamilo-sp.br\/index.php\/2026\/01\/21\/mitos-e-verdades-saude-mental\/#primaryimage"},"image":{"@id":"https:\/\/blog.saocamilo-sp.br\/index.php\/2026\/01\/21\/mitos-e-verdades-saude-mental\/#primaryimage"},"thumbnailUrl":"https:\/\/blog.saocamilo-sp.br\/wp-content\/uploads\/2026\/01\/DFFDDF.png","datePublished":"2026-01-21T21:23:42+00:00","dateModified":"2026-01-23T15:55:59+00:00","description":"A sa\u00fade mental ainda enfrenta estigmas e sil\u00eancios, mas debat\u00ea-la \u00e9 essencial para construir uma sociedade mais emp\u00e1tica e consciente.","breadcrumb":{"@id":"https:\/\/blog.saocamilo-sp.br\/index.php\/2026\/01\/21\/mitos-e-verdades-saude-mental\/#breadcrumb"},"inLanguage":"pt-BR","potentialAction":[{"@type":"ReadAction","target":["https:\/\/blog.saocamilo-sp.br\/index.php\/2026\/01\/21\/mitos-e-verdades-saude-mental\/"]}]},{"@type":"ImageObject","inLanguage":"pt-BR","@id":"https:\/\/blog.saocamilo-sp.br\/index.php\/2026\/01\/21\/mitos-e-verdades-saude-mental\/#primaryimage","url":"https:\/\/blog.saocamilo-sp.br\/wp-content\/uploads\/2026\/01\/DFFDDF.png","contentUrl":"https:\/\/blog.saocamilo-sp.br\/wp-content\/uploads\/2026\/01\/DFFDDF.png","width":600,"height":406},{"@type":"BreadcrumbList","@id":"https:\/\/blog.saocamilo-sp.br\/index.php\/2026\/01\/21\/mitos-e-verdades-saude-mental\/#breadcrumb","itemListElement":[{"@type":"ListItem","position":1,"name":"In\u00edcio","item":"https:\/\/blog.saocamilo-sp.br\/"},{"@type":"ListItem","position":2,"name":"Apoio Psicol\u00f3gico: descubra os principais mitos e verdades sobre sa\u00fade mental"}]},{"@type":"WebSite","@id":"https:\/\/blog.saocamilo-sp.br\/#website","url":"https:\/\/blog.saocamilo-sp.br\/","name":"Blog S\u00e3o Camilo","description":"Blog do Centro Universit\u00e1rio S\u00e3o Camilo","publisher":{"@id":"https:\/\/blog.saocamilo-sp.br\/#organization"},"potentialAction":[{"@type":"SearchAction","target":{"@type":"EntryPoint","urlTemplate":"https:\/\/blog.saocamilo-sp.br\/?s={search_term_string}"},"query-input":{"@type":"PropertyValueSpecification","valueRequired":true,"valueName":"search_term_string"}}],"inLanguage":"pt-BR"},{"@type":"Organization","@id":"https:\/\/blog.saocamilo-sp.br\/#organization","name":"Blog S\u00e3o Camilo","url":"https:\/\/blog.saocamilo-sp.br\/","logo":{"@type":"ImageObject","inLanguage":"pt-BR","@id":"https:\/\/blog.saocamilo-sp.br\/#\/schema\/logo\/image\/","url":"https:\/\/blog.saocamilo-sp.br\/wp-content\/uploads\/2021\/12\/cropped-vazio-logo-topo.png","contentUrl":"https:\/\/blog.saocamilo-sp.br\/wp-content\/uploads\/2021\/12\/cropped-vazio-logo-topo.png","width":320,"height":240,"caption":"Blog S\u00e3o Camilo"},"image":{"@id":"https:\/\/blog.saocamilo-sp.br\/#\/schema\/logo\/image\/"},"sameAs":["https:\/\/www.facebook.com\/saocamilosp","https:\/\/x.com\/saocamilosp","https:\/\/www.linkedin.com\/school\/centro-universit-rio-s-o-camilo\/"]},{"@type":"Person","@id":"https:\/\/blog.saocamilo-sp.br\/#\/schema\/person\/7dce5f342af0848eb2f06778b2737904","name":"Christopher Oliveira dos Reis","image":{"@type":"ImageObject","inLanguage":"pt-BR","@id":"https:\/\/secure.gravatar.com\/avatar\/b09a1361215d06f22999124838358b6855376e2b7287de883b723960b0c03f82?s=96&d=mm&r=g","url":"https:\/\/secure.gravatar.com\/avatar\/b09a1361215d06f22999124838358b6855376e2b7287de883b723960b0c03f82?s=96&d=mm&r=g","contentUrl":"https:\/\/secure.gravatar.com\/avatar\/b09a1361215d06f22999124838358b6855376e2b7287de883b723960b0c03f82?s=96&d=mm&r=g","caption":"Christopher Oliveira dos Reis"},"url":"https:\/\/blog.saocamilo-sp.br\/index.php\/author\/christopher-reis\/"}]}},"_links":{"self":[{"href":"https:\/\/blog.saocamilo-sp.br\/index.php\/wp-json\/wp\/v2\/posts\/4557","targetHints":{"allow":["GET"]}}],"collection":[{"href":"https:\/\/blog.saocamilo-sp.br\/index.php\/wp-json\/wp\/v2\/posts"}],"about":[{"href":"https:\/\/blog.saocamilo-sp.br\/index.php\/wp-json\/wp\/v2\/types\/post"}],"author":[{"embeddable":true,"href":"https:\/\/blog.saocamilo-sp.br\/index.php\/wp-json\/wp\/v2\/users\/11"}],"replies":[{"embeddable":true,"href":"https:\/\/blog.saocamilo-sp.br\/index.php\/wp-json\/wp\/v2\/comments?post=4557"}],"version-history":[{"count":6,"href":"https:\/\/blog.saocamilo-sp.br\/index.php\/wp-json\/wp\/v2\/posts\/4557\/revisions"}],"predecessor-version":[{"id":4599,"href":"https:\/\/blog.saocamilo-sp.br\/index.php\/wp-json\/wp\/v2\/posts\/4557\/revisions\/4599"}],"wp:featuredmedia":[{"embeddable":true,"href":"https:\/\/blog.saocamilo-sp.br\/index.php\/wp-json\/wp\/v2\/media\/4606"}],"wp:attachment":[{"href":"https:\/\/blog.saocamilo-sp.br\/index.php\/wp-json\/wp\/v2\/media?parent=4557"}],"wp:term":[{"taxonomy":"category","embeddable":true,"href":"https:\/\/blog.saocamilo-sp.br\/index.php\/wp-json\/wp\/v2\/categories?post=4557"},{"taxonomy":"post_tag","embeddable":true,"href":"https:\/\/blog.saocamilo-sp.br\/index.php\/wp-json\/wp\/v2\/tags?post=4557"}],"curies":[{"name":"wp","href":"https:\/\/api.w.org\/{rel}","templated":true}]}}