{"id":4573,"date":"2026-01-15T15:28:49","date_gmt":"2026-01-15T18:28:49","guid":{"rendered":"https:\/\/blog.saocamilo-sp.br\/?p=4573"},"modified":"2026-01-15T15:36:45","modified_gmt":"2026-01-15T18:36:45","slug":"saude-mental-no-tratamento-da-dor-cronica","status":"publish","type":"post","link":"https:\/\/blog.saocamilo-sp.br\/index.php\/2026\/01\/15\/saude-mental-no-tratamento-da-dor-cronica\/","title":{"rendered":"Sa\u00fade mental no tratamento da dor cr\u00f4nica \u00e9 foco de pesquisa\u00a0"},"content":{"rendered":"\n<p>A sa\u00fade mental desempenha papel decisivo no tratamento da dor cr\u00f4nica n\u00e3o oncol\u00f3gica e deve orientar a escolha das interven\u00e7\u00f5es cl\u00ednicas. Essa conclus\u00e3o emerge de um estudo conduzido por docentes e estudantes do curso de Medicina do<a href=\"https:\/\/saocamilo-sp.br\/\"> Centro Universit\u00e1rio S\u00e3o Camilo<\/a>, em parceria com pesquisadores da Universidade de S\u00e3o Paulo e do Hospital do Ex\u00e9rcito.<\/p>\n\n\n\n<p>Os autores publicaram o artigo na revista cient\u00edfica O Mundo da Sa\u00fade, peri\u00f3dico da S\u00e3o Camilo voltado \u00e0 comunidade acad\u00eamica e a profissionais da sa\u00fade. Al\u00e9m disso, o tema ganha destaque durante o Janeiro Branco, campanha nacional dedicada \u00e0 conscientiza\u00e7\u00e3o sobre a sa\u00fade emocional.<\/p>\n\n\n\n<h3 class=\"wp-block-heading\">Dor cr\u00f4nica n\u00e3o oncol\u00f3gica: impacto al\u00e9m do f\u00edsico<\/h3>\n\n\n\n<p>A dor cr\u00f4nica n\u00e3o oncol\u00f3gica persiste por mais de tr\u00eas meses e n\u00e3o se relaciona a processos cancer\u00edgenos. Diferentemente da dor aguda, essa condi\u00e7\u00e3o afeta de forma cont\u00ednua a qualidade de vida. Como consequ\u00eancia, muitos pacientes enfrentam limita\u00e7\u00f5es funcionais, preju\u00edzos emocionais e dificuldades nas rela\u00e7\u00f5es sociais.<\/p>\n\n\n\n<p>Apesar desse cen\u00e1rio, a pr\u00e1tica cl\u00ednica ainda prioriza fatores org\u00e2nicos. Entretanto, a literatura cient\u00edfica demonstra que aspectos emocionais e psicossociais influenciam diretamente a intensidade da dor e a resposta aos tratamentos. Por isso, especialistas defendem uma abordagem mais integrada.<\/p>\n\n\n\n<h3 class=\"wp-block-heading\">Sa\u00fade mental como eixo do cuidado integral<\/h3>\n\n\n\n<p>A pesquisa refor\u00e7a que a dor envolve dimens\u00f5es f\u00edsicas e emocionais. Segundo a Associa\u00e7\u00e3o Internacional para o Estudo da Dor, trata-se de uma experi\u00eancia sensorial e emocional desagrad\u00e1vel, associada a dano real ou potencial.<\/p>\n\n\n\n<p>Nesse sentido, fatores como ansiedade, medo e sofrimento ps\u00edquico intensificam a percep\u00e7\u00e3o dolorosa. Al\u00e9m disso, quando a equipe ignora esses aspectos, o risco de cronifica\u00e7\u00e3o aumenta, mesmo diante de recursos tecnol\u00f3gicos avan\u00e7ados. Portanto, avaliar a sa\u00fade mental desde o in\u00edcio do acompanhamento torna-se essencial.<\/p>\n\n\n\n<h3 class=\"wp-block-heading\">Recomenda\u00e7\u00f5es cl\u00ednicas baseadas em evid\u00eancias<\/h3>\n\n\n\n<p>A partir da revis\u00e3o sistem\u00e1tica da literatura e da an\u00e1lise da pr\u00e1tica cl\u00ednica, os pesquisadores prop\u00f5em diretrizes para aprimorar o cuidado aos pacientes com dor cr\u00f4nica refrat\u00e1ria. Entre elas, destacam-se:<\/p>\n\n\n\n<ul class=\"wp-block-list\">\n<li>Realizar anamnese completa e qualificada;<\/li>\n\n\n\n<li>Valorizar a escuta ativa da hist\u00f3ria psicossocial;<\/li>\n\n\n\n<li>Avaliar a sa\u00fade mental de forma sistem\u00e1tica;<\/li>\n\n\n\n<li>Fortalecer a rela\u00e7\u00e3o m\u00e9dico-paciente;<\/li>\n\n\n\n<li>Integrar a comunica\u00e7\u00e3o entre equipes multiprofissionais;<\/li>\n\n\n\n<li>Encaminhar o paciente para avalia\u00e7\u00e3o psicol\u00f3gica ou psiqui\u00e1trica, quando necess\u00e1rio.<\/li>\n<\/ul>\n\n\n\n<p>Essas a\u00e7\u00f5es promovem, portanto, um cuidado integral, centrado na pessoa e n\u00e3o apenas nos sintomas.<\/p>\n\n\n\n<p>O artigo, assinado por Jo\u00e3o Paulo Consentino Solano, Jos\u00e9 Eduardo Guimar\u00e3es Pereira, Rayane da Silva Souza Barbosa e Hazem Adel Ashmawi, est\u00e1 dispon\u00edvel na revista cient\u00edfica O Mundo da Sa\u00fade e pode ser acessado <a href=\"https:\/\/revistamundodasaude.emnuvens.com.br\/mundodasaude\/article\/view\/1684\/1603\">neste link<\/a>.<\/p>\n\n\n\n<h3 class=\"wp-block-heading\">A relev\u00e2ncia da revista O Mundo da Sa\u00fade<\/h3>\n\n\n\n<p>A revista O Mundo da Sa\u00fade divulga pesquisas nas \u00e1reas da sa\u00fade e campos correlatos. Al\u00e9m disso, publica estudos de pesquisadores do Brasil e do exterior, o que fortalece o interc\u00e2mbio cient\u00edfico.<\/p>\n\n\n\n<p>Com abordagem interdisciplinar, o peri\u00f3dico estimula reflex\u00f5es sobre sa\u00fade, pol\u00edticas p\u00fablicas e quest\u00f5es sociais. Ao mesmo tempo, mant\u00e9m compromisso com a ci\u00eancia aberta, a diversidade, a equidade, a inclus\u00e3o e a acessibilidade.<\/p>\n\n\n\n<h3 class=\"wp-block-heading\">Pesquisa e impacto social na S\u00e3o Camilo<\/h3>\n\n\n\n<p>O Centro Universit\u00e1rio S\u00e3o Camilo coloca a produ\u00e7\u00e3o cient\u00edfica como um de seus pilares. Por isso, incentiva a pesquisa desde a gradua\u00e7\u00e3o e aproxima docentes e estudantes dos desafios reais da sociedade.<\/p>\n\n\n\n<p>Dessa forma, ao fomentar estudos \u00e9ticos e aplicados, a institui\u00e7\u00e3o contribui para a qualifica\u00e7\u00e3o do cuidado em sa\u00fade e para a forma\u00e7\u00e3o de profissionais mais preparados e socialmente respons\u00e1veis.<\/p>\n\n\n\n<p><strong>Veja tamb\u00e9m:<\/strong><\/p>\n\n\n\n<p><a href=\"https:\/\/blog.saocamilo-sp.br\/index.php\/2026\/01\/13\/janeiro-branco-8-dicas-saude-mental\/\">Janeiro Branco: 8 sugest\u00f5es para uma rotina mais leve e saud\u00e1vel<\/a><\/p>\n\n\n\n<p><a href=\"https:\/\/blog.saocamilo-sp.br\/index.php\/2024\/10\/10\/saude-metal\/\">Dia Mundial da Sa\u00fade Mental: Reflex\u00f5es e Cuidados no Centro Universit\u00e1rio S\u00e3o Camilo<\/a><\/p>\n\n\n\n<p><a href=\"https:\/\/blog.saocamilo-sp.br\/index.php\/2023\/05\/08\/saude-mental-trabalhadores-medicos-na-area-de-saude\/\">Sa\u00fade mental em m\u00e9dicos: vira tema de pesquisa de docente e discente<\/a><\/p>\n\n\n\n<p><\/p>\n","protected":false},"excerpt":{"rendered":"<p>Pesquisa desenvolvida por docentes e alunos da S\u00e3o Camilo mostra que integrar sa\u00fade mental ao tratamento da dor cr\u00f4nica torna o cuidado mais efetivo. <\/p>\n","protected":false},"author":11,"featured_media":4575,"comment_status":"open","ping_status":"open","sticky":false,"template":"","format":"standard","meta":{"cybocfi_hide_featured_image":"","footnotes":""},"categories":[1,91,30,111,79],"tags":[],"class_list":["post-4573","post","type-post","status-publish","format-standard","has-post-thumbnail","hentry","category-cursos","category-institucional","category-medicina","category-pesquisas","category-saude"],"yoast_head":"<!-- This site is optimized with the Yoast SEO plugin v27.5 - https:\/\/yoast.com\/product\/yoast-seo-wordpress\/ -->\n<title>Sa\u00fade mental no tratamento da dor cr\u00f4nica \u00e9 foco de pesquisa\u00a0 - Blog S\u00e3o Camilo<\/title>\n<meta name=\"description\" content=\"pesquisa desenvolvida por docentes e alunos da S\u00e3o Camilo mostra que integrar sa\u00fade mental ao tratamento da dor cr\u00f4nica torna o cuidado mais efetivo.\" \/>\n<meta name=\"robots\" content=\"index, follow, max-snippet:-1, max-image-preview:large, max-video-preview:-1\" \/>\n<link rel=\"canonical\" href=\"https:\/\/blog.saocamilo-sp.br\/index.php\/2026\/01\/15\/saude-mental-no-tratamento-da-dor-cronica\/\" \/>\n<meta property=\"og:locale\" content=\"pt_BR\" \/>\n<meta property=\"og:type\" content=\"article\" \/>\n<meta property=\"og:title\" content=\"Sa\u00fade mental no tratamento da dor cr\u00f4nica \u00e9 foco de pesquisa\u00a0 - Blog S\u00e3o Camilo\" \/>\n<meta property=\"og:description\" content=\"pesquisa desenvolvida por docentes e alunos da S\u00e3o Camilo mostra que integrar sa\u00fade mental ao tratamento da dor cr\u00f4nica torna o cuidado mais efetivo.\" \/>\n<meta property=\"og:url\" content=\"https:\/\/blog.saocamilo-sp.br\/index.php\/2026\/01\/15\/saude-mental-no-tratamento-da-dor-cronica\/\" \/>\n<meta property=\"og:site_name\" content=\"Blog S\u00e3o Camilo\" \/>\n<meta property=\"article:publisher\" content=\"https:\/\/www.facebook.com\/saocamilosp\" \/>\n<meta property=\"article:published_time\" content=\"2026-01-15T18:28:49+00:00\" \/>\n<meta property=\"article:modified_time\" content=\"2026-01-15T18:36:45+00:00\" \/>\n<meta property=\"og:image\" content=\"https:\/\/blog.saocamilo-sp.br\/wp-content\/uploads\/2026\/01\/Saude-mental-no-tratamento-da-dor-cronica.png\" \/>\n\t<meta property=\"og:image:width\" content=\"600\" \/>\n\t<meta property=\"og:image:height\" content=\"406\" \/>\n\t<meta property=\"og:image:type\" content=\"image\/png\" \/>\n<meta name=\"author\" content=\"Christopher Oliveira dos Reis\" \/>\n<meta name=\"twitter:card\" content=\"summary_large_image\" \/>\n<meta name=\"twitter:creator\" content=\"@saocamilosp\" \/>\n<meta name=\"twitter:site\" content=\"@saocamilosp\" \/>\n<meta name=\"twitter:label1\" content=\"Escrito por\" \/>\n\t<meta name=\"twitter:data1\" content=\"Christopher Oliveira dos Reis\" \/>\n\t<meta name=\"twitter:label2\" content=\"Est. tempo de leitura\" \/>\n\t<meta name=\"twitter:data2\" content=\"4 minutos\" \/>\n<script type=\"application\/ld+json\" class=\"yoast-schema-graph\">{\"@context\":\"https:\\\/\\\/schema.org\",\"@graph\":[{\"@type\":\"Article\",\"@id\":\"https:\\\/\\\/blog.saocamilo-sp.br\\\/index.php\\\/2026\\\/01\\\/15\\\/saude-mental-no-tratamento-da-dor-cronica\\\/#article\",\"isPartOf\":{\"@id\":\"https:\\\/\\\/blog.saocamilo-sp.br\\\/index.php\\\/2026\\\/01\\\/15\\\/saude-mental-no-tratamento-da-dor-cronica\\\/\"},\"author\":{\"name\":\"Christopher Oliveira dos Reis\",\"@id\":\"https:\\\/\\\/blog.saocamilo-sp.br\\\/#\\\/schema\\\/person\\\/7dce5f342af0848eb2f06778b2737904\"},\"headline\":\"Sa\u00fade mental no tratamento da dor cr\u00f4nica \u00e9 foco de pesquisa\u00a0\",\"datePublished\":\"2026-01-15T18:28:49+00:00\",\"dateModified\":\"2026-01-15T18:36:45+00:00\",\"mainEntityOfPage\":{\"@id\":\"https:\\\/\\\/blog.saocamilo-sp.br\\\/index.php\\\/2026\\\/01\\\/15\\\/saude-mental-no-tratamento-da-dor-cronica\\\/\"},\"wordCount\":710,\"commentCount\":0,\"publisher\":{\"@id\":\"https:\\\/\\\/blog.saocamilo-sp.br\\\/#organization\"},\"image\":{\"@id\":\"https:\\\/\\\/blog.saocamilo-sp.br\\\/index.php\\\/2026\\\/01\\\/15\\\/saude-mental-no-tratamento-da-dor-cronica\\\/#primaryimage\"},\"thumbnailUrl\":\"https:\\\/\\\/blog.saocamilo-sp.br\\\/wp-content\\\/uploads\\\/2026\\\/01\\\/Saude-mental-no-tratamento-da-dor-cronica.png\",\"articleSection\":[\"Cursos\",\"Institucional\",\"Medicina\",\"Pesquisas\",\"Sa\u00fade\"],\"inLanguage\":\"pt-BR\",\"potentialAction\":[{\"@type\":\"CommentAction\",\"name\":\"Comment\",\"target\":[\"https:\\\/\\\/blog.saocamilo-sp.br\\\/index.php\\\/2026\\\/01\\\/15\\\/saude-mental-no-tratamento-da-dor-cronica\\\/#respond\"]}]},{\"@type\":\"WebPage\",\"@id\":\"https:\\\/\\\/blog.saocamilo-sp.br\\\/index.php\\\/2026\\\/01\\\/15\\\/saude-mental-no-tratamento-da-dor-cronica\\\/\",\"url\":\"https:\\\/\\\/blog.saocamilo-sp.br\\\/index.php\\\/2026\\\/01\\\/15\\\/saude-mental-no-tratamento-da-dor-cronica\\\/\",\"name\":\"Sa\u00fade mental no tratamento da dor cr\u00f4nica \u00e9 foco de pesquisa\u00a0 - Blog S\u00e3o Camilo\",\"isPartOf\":{\"@id\":\"https:\\\/\\\/blog.saocamilo-sp.br\\\/#website\"},\"primaryImageOfPage\":{\"@id\":\"https:\\\/\\\/blog.saocamilo-sp.br\\\/index.php\\\/2026\\\/01\\\/15\\\/saude-mental-no-tratamento-da-dor-cronica\\\/#primaryimage\"},\"image\":{\"@id\":\"https:\\\/\\\/blog.saocamilo-sp.br\\\/index.php\\\/2026\\\/01\\\/15\\\/saude-mental-no-tratamento-da-dor-cronica\\\/#primaryimage\"},\"thumbnailUrl\":\"https:\\\/\\\/blog.saocamilo-sp.br\\\/wp-content\\\/uploads\\\/2026\\\/01\\\/Saude-mental-no-tratamento-da-dor-cronica.png\",\"datePublished\":\"2026-01-15T18:28:49+00:00\",\"dateModified\":\"2026-01-15T18:36:45+00:00\",\"description\":\"pesquisa desenvolvida por docentes e alunos da S\u00e3o Camilo mostra que integrar sa\u00fade mental ao tratamento da dor cr\u00f4nica torna o cuidado mais efetivo.\",\"breadcrumb\":{\"@id\":\"https:\\\/\\\/blog.saocamilo-sp.br\\\/index.php\\\/2026\\\/01\\\/15\\\/saude-mental-no-tratamento-da-dor-cronica\\\/#breadcrumb\"},\"inLanguage\":\"pt-BR\",\"potentialAction\":[{\"@type\":\"ReadAction\",\"target\":[\"https:\\\/\\\/blog.saocamilo-sp.br\\\/index.php\\\/2026\\\/01\\\/15\\\/saude-mental-no-tratamento-da-dor-cronica\\\/\"]}]},{\"@type\":\"ImageObject\",\"inLanguage\":\"pt-BR\",\"@id\":\"https:\\\/\\\/blog.saocamilo-sp.br\\\/index.php\\\/2026\\\/01\\\/15\\\/saude-mental-no-tratamento-da-dor-cronica\\\/#primaryimage\",\"url\":\"https:\\\/\\\/blog.saocamilo-sp.br\\\/wp-content\\\/uploads\\\/2026\\\/01\\\/Saude-mental-no-tratamento-da-dor-cronica.png\",\"contentUrl\":\"https:\\\/\\\/blog.saocamilo-sp.br\\\/wp-content\\\/uploads\\\/2026\\\/01\\\/Saude-mental-no-tratamento-da-dor-cronica.png\",\"width\":600,\"height\":406},{\"@type\":\"BreadcrumbList\",\"@id\":\"https:\\\/\\\/blog.saocamilo-sp.br\\\/index.php\\\/2026\\\/01\\\/15\\\/saude-mental-no-tratamento-da-dor-cronica\\\/#breadcrumb\",\"itemListElement\":[{\"@type\":\"ListItem\",\"position\":1,\"name\":\"In\u00edcio\",\"item\":\"https:\\\/\\\/blog.saocamilo-sp.br\\\/\"},{\"@type\":\"ListItem\",\"position\":2,\"name\":\"Sa\u00fade mental no tratamento da dor cr\u00f4nica \u00e9 foco de pesquisa\u00a0\"}]},{\"@type\":\"WebSite\",\"@id\":\"https:\\\/\\\/blog.saocamilo-sp.br\\\/#website\",\"url\":\"https:\\\/\\\/blog.saocamilo-sp.br\\\/\",\"name\":\"Blog S\u00e3o Camilo\",\"description\":\"Blog do Centro Universit\u00e1rio S\u00e3o Camilo\",\"publisher\":{\"@id\":\"https:\\\/\\\/blog.saocamilo-sp.br\\\/#organization\"},\"potentialAction\":[{\"@type\":\"SearchAction\",\"target\":{\"@type\":\"EntryPoint\",\"urlTemplate\":\"https:\\\/\\\/blog.saocamilo-sp.br\\\/?s={search_term_string}\"},\"query-input\":{\"@type\":\"PropertyValueSpecification\",\"valueRequired\":true,\"valueName\":\"search_term_string\"}}],\"inLanguage\":\"pt-BR\"},{\"@type\":\"Organization\",\"@id\":\"https:\\\/\\\/blog.saocamilo-sp.br\\\/#organization\",\"name\":\"Blog S\u00e3o Camilo\",\"url\":\"https:\\\/\\\/blog.saocamilo-sp.br\\\/\",\"logo\":{\"@type\":\"ImageObject\",\"inLanguage\":\"pt-BR\",\"@id\":\"https:\\\/\\\/blog.saocamilo-sp.br\\\/#\\\/schema\\\/logo\\\/image\\\/\",\"url\":\"https:\\\/\\\/blog.saocamilo-sp.br\\\/wp-content\\\/uploads\\\/2021\\\/12\\\/cropped-vazio-logo-topo.png\",\"contentUrl\":\"https:\\\/\\\/blog.saocamilo-sp.br\\\/wp-content\\\/uploads\\\/2021\\\/12\\\/cropped-vazio-logo-topo.png\",\"width\":320,\"height\":240,\"caption\":\"Blog S\u00e3o Camilo\"},\"image\":{\"@id\":\"https:\\\/\\\/blog.saocamilo-sp.br\\\/#\\\/schema\\\/logo\\\/image\\\/\"},\"sameAs\":[\"https:\\\/\\\/www.facebook.com\\\/saocamilosp\",\"https:\\\/\\\/x.com\\\/saocamilosp\",\"https:\\\/\\\/www.linkedin.com\\\/school\\\/centro-universit-rio-s-o-camilo\\\/\"]},{\"@type\":\"Person\",\"@id\":\"https:\\\/\\\/blog.saocamilo-sp.br\\\/#\\\/schema\\\/person\\\/7dce5f342af0848eb2f06778b2737904\",\"name\":\"Christopher Oliveira dos Reis\",\"image\":{\"@type\":\"ImageObject\",\"inLanguage\":\"pt-BR\",\"@id\":\"https:\\\/\\\/secure.gravatar.com\\\/avatar\\\/b09a1361215d06f22999124838358b6855376e2b7287de883b723960b0c03f82?s=96&d=mm&r=g\",\"url\":\"https:\\\/\\\/secure.gravatar.com\\\/avatar\\\/b09a1361215d06f22999124838358b6855376e2b7287de883b723960b0c03f82?s=96&d=mm&r=g\",\"contentUrl\":\"https:\\\/\\\/secure.gravatar.com\\\/avatar\\\/b09a1361215d06f22999124838358b6855376e2b7287de883b723960b0c03f82?s=96&d=mm&r=g\",\"caption\":\"Christopher Oliveira dos Reis\"},\"url\":\"https:\\\/\\\/blog.saocamilo-sp.br\\\/index.php\\\/author\\\/christopher-reis\\\/\"}]}<\/script>\n<!-- \/ Yoast SEO plugin. -->","yoast_head_json":{"title":"Sa\u00fade mental no tratamento da dor cr\u00f4nica \u00e9 foco de pesquisa\u00a0 - Blog S\u00e3o Camilo","description":"pesquisa desenvolvida por docentes e alunos da S\u00e3o Camilo mostra que integrar sa\u00fade mental ao tratamento da dor cr\u00f4nica torna o cuidado mais efetivo.","robots":{"index":"index","follow":"follow","max-snippet":"max-snippet:-1","max-image-preview":"max-image-preview:large","max-video-preview":"max-video-preview:-1"},"canonical":"https:\/\/blog.saocamilo-sp.br\/index.php\/2026\/01\/15\/saude-mental-no-tratamento-da-dor-cronica\/","og_locale":"pt_BR","og_type":"article","og_title":"Sa\u00fade mental no tratamento da dor cr\u00f4nica \u00e9 foco de pesquisa\u00a0 - Blog S\u00e3o Camilo","og_description":"pesquisa desenvolvida por docentes e alunos da S\u00e3o Camilo mostra que integrar sa\u00fade mental ao tratamento da dor cr\u00f4nica torna o cuidado mais efetivo.","og_url":"https:\/\/blog.saocamilo-sp.br\/index.php\/2026\/01\/15\/saude-mental-no-tratamento-da-dor-cronica\/","og_site_name":"Blog S\u00e3o Camilo","article_publisher":"https:\/\/www.facebook.com\/saocamilosp","article_published_time":"2026-01-15T18:28:49+00:00","article_modified_time":"2026-01-15T18:36:45+00:00","og_image":[{"width":600,"height":406,"url":"https:\/\/blog.saocamilo-sp.br\/wp-content\/uploads\/2026\/01\/Saude-mental-no-tratamento-da-dor-cronica.png","type":"image\/png"}],"author":"Christopher Oliveira dos Reis","twitter_card":"summary_large_image","twitter_creator":"@saocamilosp","twitter_site":"@saocamilosp","twitter_misc":{"Escrito por":"Christopher Oliveira dos Reis","Est. tempo de leitura":"4 minutos"},"schema":{"@context":"https:\/\/schema.org","@graph":[{"@type":"Article","@id":"https:\/\/blog.saocamilo-sp.br\/index.php\/2026\/01\/15\/saude-mental-no-tratamento-da-dor-cronica\/#article","isPartOf":{"@id":"https:\/\/blog.saocamilo-sp.br\/index.php\/2026\/01\/15\/saude-mental-no-tratamento-da-dor-cronica\/"},"author":{"name":"Christopher Oliveira dos Reis","@id":"https:\/\/blog.saocamilo-sp.br\/#\/schema\/person\/7dce5f342af0848eb2f06778b2737904"},"headline":"Sa\u00fade mental no tratamento da dor cr\u00f4nica \u00e9 foco de pesquisa\u00a0","datePublished":"2026-01-15T18:28:49+00:00","dateModified":"2026-01-15T18:36:45+00:00","mainEntityOfPage":{"@id":"https:\/\/blog.saocamilo-sp.br\/index.php\/2026\/01\/15\/saude-mental-no-tratamento-da-dor-cronica\/"},"wordCount":710,"commentCount":0,"publisher":{"@id":"https:\/\/blog.saocamilo-sp.br\/#organization"},"image":{"@id":"https:\/\/blog.saocamilo-sp.br\/index.php\/2026\/01\/15\/saude-mental-no-tratamento-da-dor-cronica\/#primaryimage"},"thumbnailUrl":"https:\/\/blog.saocamilo-sp.br\/wp-content\/uploads\/2026\/01\/Saude-mental-no-tratamento-da-dor-cronica.png","articleSection":["Cursos","Institucional","Medicina","Pesquisas","Sa\u00fade"],"inLanguage":"pt-BR","potentialAction":[{"@type":"CommentAction","name":"Comment","target":["https:\/\/blog.saocamilo-sp.br\/index.php\/2026\/01\/15\/saude-mental-no-tratamento-da-dor-cronica\/#respond"]}]},{"@type":"WebPage","@id":"https:\/\/blog.saocamilo-sp.br\/index.php\/2026\/01\/15\/saude-mental-no-tratamento-da-dor-cronica\/","url":"https:\/\/blog.saocamilo-sp.br\/index.php\/2026\/01\/15\/saude-mental-no-tratamento-da-dor-cronica\/","name":"Sa\u00fade mental no tratamento da dor cr\u00f4nica \u00e9 foco de pesquisa\u00a0 - Blog S\u00e3o Camilo","isPartOf":{"@id":"https:\/\/blog.saocamilo-sp.br\/#website"},"primaryImageOfPage":{"@id":"https:\/\/blog.saocamilo-sp.br\/index.php\/2026\/01\/15\/saude-mental-no-tratamento-da-dor-cronica\/#primaryimage"},"image":{"@id":"https:\/\/blog.saocamilo-sp.br\/index.php\/2026\/01\/15\/saude-mental-no-tratamento-da-dor-cronica\/#primaryimage"},"thumbnailUrl":"https:\/\/blog.saocamilo-sp.br\/wp-content\/uploads\/2026\/01\/Saude-mental-no-tratamento-da-dor-cronica.png","datePublished":"2026-01-15T18:28:49+00:00","dateModified":"2026-01-15T18:36:45+00:00","description":"pesquisa desenvolvida por docentes e alunos da S\u00e3o Camilo mostra que integrar sa\u00fade mental ao tratamento da dor cr\u00f4nica torna o cuidado mais efetivo.","breadcrumb":{"@id":"https:\/\/blog.saocamilo-sp.br\/index.php\/2026\/01\/15\/saude-mental-no-tratamento-da-dor-cronica\/#breadcrumb"},"inLanguage":"pt-BR","potentialAction":[{"@type":"ReadAction","target":["https:\/\/blog.saocamilo-sp.br\/index.php\/2026\/01\/15\/saude-mental-no-tratamento-da-dor-cronica\/"]}]},{"@type":"ImageObject","inLanguage":"pt-BR","@id":"https:\/\/blog.saocamilo-sp.br\/index.php\/2026\/01\/15\/saude-mental-no-tratamento-da-dor-cronica\/#primaryimage","url":"https:\/\/blog.saocamilo-sp.br\/wp-content\/uploads\/2026\/01\/Saude-mental-no-tratamento-da-dor-cronica.png","contentUrl":"https:\/\/blog.saocamilo-sp.br\/wp-content\/uploads\/2026\/01\/Saude-mental-no-tratamento-da-dor-cronica.png","width":600,"height":406},{"@type":"BreadcrumbList","@id":"https:\/\/blog.saocamilo-sp.br\/index.php\/2026\/01\/15\/saude-mental-no-tratamento-da-dor-cronica\/#breadcrumb","itemListElement":[{"@type":"ListItem","position":1,"name":"In\u00edcio","item":"https:\/\/blog.saocamilo-sp.br\/"},{"@type":"ListItem","position":2,"name":"Sa\u00fade mental no tratamento da dor cr\u00f4nica \u00e9 foco de pesquisa\u00a0"}]},{"@type":"WebSite","@id":"https:\/\/blog.saocamilo-sp.br\/#website","url":"https:\/\/blog.saocamilo-sp.br\/","name":"Blog S\u00e3o Camilo","description":"Blog do Centro Universit\u00e1rio S\u00e3o Camilo","publisher":{"@id":"https:\/\/blog.saocamilo-sp.br\/#organization"},"potentialAction":[{"@type":"SearchAction","target":{"@type":"EntryPoint","urlTemplate":"https:\/\/blog.saocamilo-sp.br\/?s={search_term_string}"},"query-input":{"@type":"PropertyValueSpecification","valueRequired":true,"valueName":"search_term_string"}}],"inLanguage":"pt-BR"},{"@type":"Organization","@id":"https:\/\/blog.saocamilo-sp.br\/#organization","name":"Blog S\u00e3o Camilo","url":"https:\/\/blog.saocamilo-sp.br\/","logo":{"@type":"ImageObject","inLanguage":"pt-BR","@id":"https:\/\/blog.saocamilo-sp.br\/#\/schema\/logo\/image\/","url":"https:\/\/blog.saocamilo-sp.br\/wp-content\/uploads\/2021\/12\/cropped-vazio-logo-topo.png","contentUrl":"https:\/\/blog.saocamilo-sp.br\/wp-content\/uploads\/2021\/12\/cropped-vazio-logo-topo.png","width":320,"height":240,"caption":"Blog S\u00e3o Camilo"},"image":{"@id":"https:\/\/blog.saocamilo-sp.br\/#\/schema\/logo\/image\/"},"sameAs":["https:\/\/www.facebook.com\/saocamilosp","https:\/\/x.com\/saocamilosp","https:\/\/www.linkedin.com\/school\/centro-universit-rio-s-o-camilo\/"]},{"@type":"Person","@id":"https:\/\/blog.saocamilo-sp.br\/#\/schema\/person\/7dce5f342af0848eb2f06778b2737904","name":"Christopher Oliveira dos Reis","image":{"@type":"ImageObject","inLanguage":"pt-BR","@id":"https:\/\/secure.gravatar.com\/avatar\/b09a1361215d06f22999124838358b6855376e2b7287de883b723960b0c03f82?s=96&d=mm&r=g","url":"https:\/\/secure.gravatar.com\/avatar\/b09a1361215d06f22999124838358b6855376e2b7287de883b723960b0c03f82?s=96&d=mm&r=g","contentUrl":"https:\/\/secure.gravatar.com\/avatar\/b09a1361215d06f22999124838358b6855376e2b7287de883b723960b0c03f82?s=96&d=mm&r=g","caption":"Christopher Oliveira dos Reis"},"url":"https:\/\/blog.saocamilo-sp.br\/index.php\/author\/christopher-reis\/"}]}},"_links":{"self":[{"href":"https:\/\/blog.saocamilo-sp.br\/index.php\/wp-json\/wp\/v2\/posts\/4573","targetHints":{"allow":["GET"]}}],"collection":[{"href":"https:\/\/blog.saocamilo-sp.br\/index.php\/wp-json\/wp\/v2\/posts"}],"about":[{"href":"https:\/\/blog.saocamilo-sp.br\/index.php\/wp-json\/wp\/v2\/types\/post"}],"author":[{"embeddable":true,"href":"https:\/\/blog.saocamilo-sp.br\/index.php\/wp-json\/wp\/v2\/users\/11"}],"replies":[{"embeddable":true,"href":"https:\/\/blog.saocamilo-sp.br\/index.php\/wp-json\/wp\/v2\/comments?post=4573"}],"version-history":[{"count":5,"href":"https:\/\/blog.saocamilo-sp.br\/index.php\/wp-json\/wp\/v2\/posts\/4573\/revisions"}],"predecessor-version":[{"id":4581,"href":"https:\/\/blog.saocamilo-sp.br\/index.php\/wp-json\/wp\/v2\/posts\/4573\/revisions\/4581"}],"wp:featuredmedia":[{"embeddable":true,"href":"https:\/\/blog.saocamilo-sp.br\/index.php\/wp-json\/wp\/v2\/media\/4575"}],"wp:attachment":[{"href":"https:\/\/blog.saocamilo-sp.br\/index.php\/wp-json\/wp\/v2\/media?parent=4573"}],"wp:term":[{"taxonomy":"category","embeddable":true,"href":"https:\/\/blog.saocamilo-sp.br\/index.php\/wp-json\/wp\/v2\/categories?post=4573"},{"taxonomy":"post_tag","embeddable":true,"href":"https:\/\/blog.saocamilo-sp.br\/index.php\/wp-json\/wp\/v2\/tags?post=4573"}],"curies":[{"name":"wp","href":"https:\/\/api.w.org\/{rel}","templated":true}]}}