{"id":4584,"date":"2026-01-19T18:38:02","date_gmt":"2026-01-19T21:38:02","guid":{"rendered":"https:\/\/blog.saocamilo-sp.br\/?p=4584"},"modified":"2026-01-19T18:38:03","modified_gmt":"2026-01-19T21:38:03","slug":"curso-de-farmacia-carreira","status":"publish","type":"post","link":"https:\/\/blog.saocamilo-sp.br\/index.php\/2026\/01\/19\/curso-de-farmacia-carreira\/","title":{"rendered":"Curso de Farm\u00e1cia: carreira, sal\u00e1rio e onde atuar na profiss\u00e3o"},"content":{"rendered":"\n<p>O curso de Farm\u00e1cia forma profissionais essenciais para a promo\u00e7\u00e3o da sa\u00fade, o desenvolvimento de medicamentos, as an\u00e1lises cl\u00ednicas e a inova\u00e7\u00e3o cient\u00edfica. Al\u00e9m disso, ao longo da gradua\u00e7\u00e3o, o estudante constr\u00f3i uma forma\u00e7\u00e3o s\u00f3lida, pr\u00e1tica e estrat\u00e9gica. Assim, torna-se capaz de atender \u00e0s exig\u00eancias de um mercado cada vez mais din\u00e2mico e tecnol\u00f3gico.<\/p>\n\n\n\n<p>Al\u00e9m disso, a profiss\u00e3o farmac\u00eautica oferece alta empregabilidade, m\u00faltiplas \u00e1reas de atua\u00e7\u00e3o e oportunidades de crescimento constante. Por esse motivo, escolher Farm\u00e1cia significa investir em uma carreira com prop\u00f3sito, estabilidade e impacto social.<\/p>\n\n\n\n<h2 class=\"wp-block-heading\">O que faz um farmac\u00eautico?<\/h2>\n\n\n\n<p>O farmac\u00eautico \u00e9 respons\u00e1vel por garantir a qualidade, a seguran\u00e7a e a efic\u00e1cia de medicamentos, cosm\u00e9ticos, alimentos e produtos para a sa\u00fade. Entretanto, sua atua\u00e7\u00e3o vai muito al\u00e9m da dispensa\u00e7\u00e3o em farm\u00e1cias. Na pr\u00e1tica, o profissional participa ativamente de diferentes processos ligados \u00e0 promo\u00e7\u00e3o da sa\u00fade.<\/p>\n\n\n\n<p>Entre as principais atividades, est\u00e3o:<\/p>\n\n\n\n<ul class=\"wp-block-list\">\n<li>Desenvolvimento e controle de medicamentos<\/li>\n\n\n\n<li>An\u00e1lises cl\u00ednicas e toxicol\u00f3gicas<\/li>\n\n\n\n<li>Pesquisa cient\u00edfica<\/li>\n\n\n\n<li>Gest\u00e3o farmac\u00eautica<\/li>\n\n\n\n<li>Produ\u00e7\u00e3o de cosm\u00e9ticos<\/li>\n\n\n\n<li>Atua\u00e7\u00e3o hospitalar e cl\u00ednica<\/li>\n<\/ul>\n\n\n\n<p>Al\u00e9m disso, o farmac\u00eautico participa diretamente de decis\u00f5es terap\u00eauticas. Dessa forma, contribui para o cuidado integral e seguro dos pacientes.<\/p>\n\n\n\n<h3 class=\"wp-block-heading\">Quanto ganha um farmac\u00eautico?<\/h3>\n\n\n\n<p>O sal\u00e1rio do farmac\u00eautico varia conforme a especialidade, a regi\u00e3o e o setor de atua\u00e7\u00e3o. <strong>Em<\/strong> geral, trata-se de uma profiss\u00e3o com boa valoriza\u00e7\u00e3o no mercado. Al\u00e9m disso, a qualifica\u00e7\u00e3o cont\u00ednua impacta diretamente na remunera\u00e7\u00e3o ao longo da carreira.<\/p>\n\n\n\n<p>Segundo dados recentes de contrata\u00e7\u00f5es com carteira assinada, as m\u00e9dias salariais s\u00e3o:<\/p>\n\n\n\n<ul class=\"wp-block-list\">\n<li>Farmac\u00eautico: R$ 4.257,70<\/li>\n\n\n\n<li>Farmac\u00eautico cl\u00ednico: R$ 4.427,85<\/li>\n\n\n\n<li>Farmac\u00eautico analista cl\u00ednico: R$ 4.283,15<\/li>\n\n\n\n<li>Farmac\u00eautico acupunturista: R$ 4.661,69<\/li>\n\n\n\n<li>Farmac\u00eautico bromatologista: R$ 3.910,83<\/li>\n\n\n\n<li>Farmac\u00eautico em controle de qualidade e tratamento de \u00e1gua: R$ 6.025,96<\/li>\n\n\n\n<li>Farmac\u00eautico em alf\u00e2ndega: R$ 7.203,50<\/li>\n\n\n\n<li>Farmac\u00eautico em an\u00e1lise de solo: R$ 7.639,62<\/li>\n<\/ul>\n\n\n\n<p>Nesse cen\u00e1rio, \u00e9 poss\u00edvel perceber que \u00e1reas t\u00e9cnicas e estrat\u00e9gicas tendem a oferecer remunera\u00e7\u00f5es mais elevadas. Por outro lado, fun\u00e7\u00f5es mais tradicionais apresentam sal\u00e1rios compat\u00edveis com o in\u00edcio de carreira. Conforme informa\u00e7\u00f5es apuradas no site do Sindicato dos Farmac\u00eauticos no Estado de S\u00e3o Paulo (Sinfar-SP), o piso salarial do farmac\u00eautico no estado varia de acordo com a jornada e a \u00e1rea de atua\u00e7\u00e3o, podendo ultrapassar valores considerados atrativos para profissionais rec\u00e9m-formados e especialistas.<\/p>\n\n\n\n<p>Portanto, quanto maior o n\u00edvel de especializa\u00e7\u00e3o, maior \u00e9 o potencial de crescimento profissional. Al\u00e9m disso, a escolha do segmento de atua\u00e7\u00e3o influencia diretamente na progress\u00e3o salarial ao longo do tempo.<\/p>\n\n\n\n<h3 class=\"wp-block-heading\">Onde o farmac\u00eautico pode trabalhar?<\/h3>\n\n\n\n<p>O campo de atua\u00e7\u00e3o do farmac\u00eautico \u00e9 um dos mais amplos da \u00e1rea da sa\u00fade. Segundo o Conselho Federal de Farm\u00e1cia, existem mais de 180 possibilidades profissionais, n\u00famero que cresce \u00e0 medida que novas demandas cient\u00edficas, tecnol\u00f3gicas e sociais surgem. Essa versatilidade permite ao profissional construir trajet\u00f3rias diversas, em ambientes cl\u00ednicos, industriais, regulat\u00f3rios e de pesquisa.<\/p>\n\n\n\n<p><strong>Ind\u00fastria de cosm\u00e9ticos:<\/strong> formula\u00e7\u00e3o, testes e avalia\u00e7\u00e3o de seguran\u00e7a de produtos cosm\u00e9ticos e dermocosm\u00e9ticos.<\/p>\n\n\n\n<p><strong>Farm\u00e1cias e drogarias:<\/strong> orienta\u00e7\u00e3o ao paciente, dispensa\u00e7\u00e3o de medicamentos e servi\u00e7os cl\u00ednicos farmac\u00eauticos.<\/p>\n\n\n\n<p><strong>Laborat\u00f3rios de an\u00e1lises cl\u00ednicas:<\/strong> realiza\u00e7\u00e3o e interpreta\u00e7\u00e3o de exames para apoio ao diagn\u00f3stico.<\/p>\n\n\n\n<p><strong>Hospitais:<\/strong> atua\u00e7\u00e3o multiprofissional na seguran\u00e7a, efic\u00e1cia e gest\u00e3o da terapia medicamentosa.<\/p>\n\n\n\n<p><strong>Pesquisa e desenvolvimento:<\/strong> cria\u00e7\u00e3o de novos medicamentos, m\u00e9todos e tecnologias em sa\u00fade.<\/p>\n\n\n\n<p><strong>Vigil\u00e2ncia sanit\u00e1ria:<\/strong> fiscaliza\u00e7\u00e3o e controle de produtos e servi\u00e7os relacionados \u00e0 sa\u00fade.<\/p>\n\n\n\n<p><strong>Toxicologia:<\/strong> an\u00e1lise e preven\u00e7\u00e3o de intoxica\u00e7\u00f5es e riscos qu\u00edmicos, biol\u00f3gicos e ambientais.<\/p>\n\n\n\n<p><strong>Pesquisa cl\u00ednica:<\/strong> acompanhamento de estudos com novos tratamentos e medicamentos.<\/p>\n\n\n\n<p><strong>Cosm\u00e9ticos e est\u00e9tica:<\/strong> atua\u00e7\u00e3o em protocolos est\u00e9ticos e desenvolvimento de produtos com base cient\u00edfica.<\/p>\n\n\n\n<h3 class=\"wp-block-heading\">Quais especializa\u00e7\u00f5es o farmac\u00eautico pode fazer?<\/h3>\n\n\n\n<p>Ap\u00f3s o curso de Farm\u00e1cia, o profissional pode se especializar em diversas \u00e1reas. Entre elas, destacam-se:<br><strong>Farm\u00e1cia cl\u00ednica<\/strong> \u2013 Atua no cuidado direto ao paciente, promovendo o uso seguro, eficaz e racional dos medicamentos.<\/p>\n\n\n\n<p><strong>Cosmetologia e est\u00e9tica<\/strong> \u2013 Desenvolve, avalia e aplica produtos cosm\u00e9ticos voltados \u00e0 sa\u00fade, beleza e bem-estar.<\/p>\n\n\n\n<p><strong>An\u00e1lises cl\u00ednicas<\/strong> \u2013 Realiza exames laboratoriais essenciais para o diagn\u00f3stico, preven\u00e7\u00e3o e acompanhamento de doen\u00e7as.<\/p>\n\n\n\n<p><strong>Toxicologia<\/strong> \u2013 Estuda os efeitos de subst\u00e2ncias qu\u00edmicas no organismo e atua na preven\u00e7\u00e3o e tratamento de intoxica\u00e7\u00f5es.<\/p>\n\n\n\n<p><strong>Pesquisa cl\u00ednica<\/strong> \u2013 Participa do desenvolvimento e valida\u00e7\u00e3o cient\u00edfica de novos medicamentos e terapias.<\/p>\n\n\n\n<p><strong>Farm\u00e1cia hospitalar<\/strong> \u2013 Gerencia medicamentos em ambiente hospitalar, garantindo seguran\u00e7a, qualidade e suporte \u00e0s equipes de sa\u00fade.<\/p>\n\n\n\n<p><strong>Gest\u00e3o farmac\u00eautica<\/strong> \u2013 Atua na administra\u00e7\u00e3o de farm\u00e1cias, laborat\u00f3rios e servi\u00e7os de sa\u00fade com foco em efici\u00eancia e qualidade.<\/p>\n\n\n\n<p><strong>Biotecnologia<\/strong> \u2013 Trabalha com processos biol\u00f3gicos para desenvolvimento de medicamentos, vacinas e terapias inovadoras.<\/p>\n\n\n\n<p><strong>Ind\u00fastria farmac\u00eautica<\/strong> \u2013 Atua na produ\u00e7\u00e3o, controle de qualidade, desenvolvimento e regulamenta\u00e7\u00e3o de medicamentos.<\/p>\n\n\n\n<p>Dessa maneira, a carreira permite evolu\u00e7\u00e3o acad\u00eamica cont\u00ednua. Al\u00e9m disso, amplia significativamente as possibilidades de atua\u00e7\u00e3o.<\/p>\n\n\n\n<h3 class=\"wp-block-heading\">Conhe\u00e7a o curso de Farm\u00e1cia da S\u00e3o Camilo<\/h3>\n\n\n\n<p>O curso de <a href=\"https:\/\/saocamilo-sp.br\/cursos-graduacao\/farmacia\/\">Farm\u00e1cia<\/a> do Centro Universit\u00e1rio S\u00e3o Camilo, possui uma proposta pedag\u00f3gica alinhada \u00e0s Diretrizes Curriculares Nacionais e \u00e0s exig\u00eancias atuais do mercado. Al\u00e9m disso, valoriza a forma\u00e7\u00e3o humana e cient\u00edfica.<\/p>\n\n\n\n<p>A forma\u00e7\u00e3o \u00e9 generalista, humanista, cr\u00edtica e reflexiva. Com isso, o estudante se prepara para atuar com excel\u00eancia nos diversos \u00e2mbitos da profiss\u00e3o farmac\u00eautica.<\/p>\n\n\n\n<h3 class=\"wp-block-heading\">Amplo campo de atua\u00e7\u00e3o profissional<\/h3>\n\n\n\n<p>Com mais de 180 possibilidades de atua\u00e7\u00e3o, o curso de Farm\u00e1cia capacita o estudante para atuar tanto em segmentos tradicionais quanto em \u00e1reas emergentes, como a ind\u00fastria farmac\u00eautica, a cosmetologia, a toxicologia, a pesquisa cl\u00ednica e o desenvolvimento de novos medicamentos. Dessa forma, o egresso da S\u00e3o Camilo encontra um mercado amplo, diversificado e promissor, com m\u00faltiplas oportunidades de crescimento e especializa\u00e7\u00e3o ao longo da carreira.<\/p>\n\n\n\n<h3 class=\"wp-block-heading\">Aprendizado na pr\u00e1tica: a estrutura da S\u00e3o Camilo para o futuro farmac\u00eautico<\/h3>\n\n\n\n<p>A S\u00e3o Camilo oferece aos estudantes de Farm\u00e1cia est\u00e1gios em hospitais da Rede S\u00e3o Camilo, laborat\u00f3rios de an\u00e1lises cl\u00ednicas, farm\u00e1cias de manipula\u00e7\u00e3o e na <a href=\"http:\/\/Cl\u00ednica-escola PROMOVE oferece servi\u00e7os gratuitos \u00e0 popula\u00e7\u00e3o\">Cl\u00ednica-Escola Promove<\/a>, possibilitando o desenvolvimento de compet\u00eancias pr\u00e1ticas desde o in\u00edcio da gradua\u00e7\u00e3o. Dessa forma, o aluno constr\u00f3i uma experi\u00eancia real de mercado, alinhada \u00e0s exig\u00eancias da profiss\u00e3o.<\/p>\n\n\n\n<p>Al\u00e9m disso, a institui\u00e7\u00e3o conta com laborat\u00f3rios de \u00faltima gera\u00e7\u00e3o nas \u00e1reas de Biologia Molecular, Bromatologia, Microscopia, Qu\u00edmica e Bioqu\u00edmica e Fisiologia, o que favorece um ambiente de aprendizagem moderno, seguro e integrado \u00e0 pr\u00e1tica cient\u00edfica, contribuindo para uma forma\u00e7\u00e3o s\u00f3lida, atualizada e voltada para a excel\u00eancia profissional.<\/p>\n\n\n\n<h3 class=\"wp-block-heading\">Forma\u00e7\u00e3o estrat\u00e9gica e vis\u00e3o de mercado<\/h3>\n\n\n\n<p>O curso une ci\u00eancia, sa\u00fade e gest\u00e3o, permitindo que o estudante desenvolva habilidades para identificar tend\u00eancias, propor solu\u00e7\u00f5es inovadoras e atuar estrategicamente em diferentes contextos. Portanto, esse diferencial amplia significativamente a empregabilidade e a capacidade de adapta\u00e7\u00e3o do futuro profissional ao mercado.<\/p>\n\n\n\n<h3 class=\"wp-block-heading\">Pesquisa, inova\u00e7\u00e3o e produ\u00e7\u00e3o cient\u00edfica<\/h3>\n\n\n\n<p>A S\u00e3o Camilo incentiva a participa\u00e7\u00e3o em projetos cient\u00edficos, com orienta\u00e7\u00e3o de docentes mestres e doutores. Dessa forma, o aluno contribui ativamente para o avan\u00e7o da \u00e1rea farmac\u00eautica. Al\u00e9m disso, desenvolve pensamento cr\u00edtico e cient\u00edfico.<\/p>\n\n\n\n<h3 class=\"wp-block-heading\">Quais os benef\u00edcios de cursar Farm\u00e1cia na S\u00e3o Camilo?<\/h3>\n\n\n\n<p>Cursar Farm\u00e1cia no Centro universit\u00e1rio S\u00e3o Camilo significa escolher um ensino de excel\u00eancia reconhecido, com infraestrutura moderna, corpo docente altamente qualificado e oportunidades de est\u00e1gio em ambientes reais de pr\u00e1tica. A forma\u00e7\u00e3o oferecida une bases humanistas e cient\u00edficas, al\u00e9m de manter forte conex\u00e3o com o mercado de trabalho. Dessa forma, o estudante constr\u00f3i uma trajet\u00f3ria acad\u00eamica alinhada \u00e0s necessidades atuais da sa\u00fade e da sociedade.<\/p>\n\n\n\n<p><\/p>\n\n\n\n<p><strong>Veja tamb\u00e9m:<\/strong><\/p>\n\n\n\n<p><a href=\"https:\/\/blog.saocamilo-sp.br\/index.php\/2024\/01\/20\/farmacia\/\">Farm\u00e1cia: 5 \u00e1reas que voc\u00ea n\u00e3o sabia que existiam<\/a><\/p>\n\n\n\n<p><a href=\"https:\/\/blog.saocamilo-sp.br\/index.php\/2024\/03\/26\/resistencia-bacteriana\/\">Resist\u00eancia bacteriana: docentes e alunos de farm\u00e1cia realizam pesquisa sobre novas abordagens terap\u00eauticas<\/a><\/p>\n\n\n\n<p><a href=\"https:\/\/blog.saocamilo-sp.br\/index.php\/2025\/10\/15\/vestibular-sao-camilo-2026-1o-semestre-inscricoes-abertas\/\">Vestibular S\u00e3o Camilo 2026 | 1\u00ba semestre: inscri\u00e7\u00f5es abertas<\/a><\/p>\n","protected":false},"excerpt":{"rendered":"<p>Descubra tudo sobre o curso de Farm\u00e1cia, \u00e1reas de atua\u00e7\u00e3o, sal\u00e1rio e os diferenciais do curso da S\u00e3o Camilo. Conhe\u00e7a a profiss\u00e3o e planeje sua carreira.<\/p>\n","protected":false},"author":11,"featured_media":4588,"comment_status":"open","ping_status":"open","sticky":false,"template":"","format":"standard","meta":{"cybocfi_hide_featured_image":"","footnotes":""},"categories":[1,28,198,90,79,85],"tags":[],"class_list":["post-4584","post","type-post","status-publish","format-standard","has-post-thumbnail","hentry","category-cursos","category-farmacia","category-graduacao","category-mercado-profissional","category-saude","category-vestibular"],"yoast_head":"<!-- This site is optimized with the Yoast SEO plugin v27.5 - https:\/\/yoast.com\/product\/yoast-seo-wordpress\/ -->\n<title>Curso de Farm\u00e1cia: carreira, sal\u00e1rio e onde atuar na profiss\u00e3o - Blog S\u00e3o Camilo<\/title>\n<meta name=\"description\" content=\"Descubra tudo sobre o curso de Farm\u00e1cia, \u00e1reas de atua\u00e7\u00e3o, sal\u00e1rio e os diferenciais do curso da S\u00e3o Camilo. Conhe\u00e7a a profiss\u00e3o e planeje sua carreira.\" \/>\n<meta name=\"robots\" content=\"index, follow, max-snippet:-1, max-image-preview:large, max-video-preview:-1\" \/>\n<link rel=\"canonical\" href=\"https:\/\/blog.saocamilo-sp.br\/index.php\/2026\/01\/19\/curso-de-farmacia-carreira\/\" \/>\n<meta property=\"og:locale\" content=\"pt_BR\" \/>\n<meta property=\"og:type\" content=\"article\" \/>\n<meta property=\"og:title\" content=\"Curso de Farm\u00e1cia: carreira, sal\u00e1rio e onde atuar na profiss\u00e3o - Blog S\u00e3o Camilo\" \/>\n<meta property=\"og:description\" content=\"Descubra tudo sobre o curso de Farm\u00e1cia, \u00e1reas de atua\u00e7\u00e3o, sal\u00e1rio e os diferenciais do curso da S\u00e3o Camilo. Conhe\u00e7a a profiss\u00e3o e planeje sua carreira.\" \/>\n<meta property=\"og:url\" content=\"https:\/\/blog.saocamilo-sp.br\/index.php\/2026\/01\/19\/curso-de-farmacia-carreira\/\" \/>\n<meta property=\"og:site_name\" content=\"Blog S\u00e3o Camilo\" \/>\n<meta property=\"article:publisher\" content=\"https:\/\/www.facebook.com\/saocamilosp\" \/>\n<meta property=\"article:published_time\" content=\"2026-01-19T21:38:02+00:00\" \/>\n<meta property=\"article:modified_time\" content=\"2026-01-19T21:38:03+00:00\" \/>\n<meta property=\"og:image\" content=\"https:\/\/blog.saocamilo-sp.br\/wp-content\/uploads\/2026\/01\/curso-de-Farmacia.png\" \/>\n\t<meta property=\"og:image:width\" content=\"437\" \/>\n\t<meta property=\"og:image:height\" content=\"296\" \/>\n\t<meta property=\"og:image:type\" content=\"image\/png\" \/>\n<meta name=\"author\" content=\"Christopher Oliveira dos Reis\" \/>\n<meta name=\"twitter:card\" content=\"summary_large_image\" \/>\n<meta name=\"twitter:creator\" content=\"@saocamilosp\" \/>\n<meta name=\"twitter:site\" content=\"@saocamilosp\" \/>\n<meta name=\"twitter:label1\" content=\"Escrito por\" \/>\n\t<meta name=\"twitter:data1\" content=\"Christopher Oliveira dos Reis\" \/>\n\t<meta name=\"twitter:label2\" content=\"Est. tempo de leitura\" \/>\n\t<meta name=\"twitter:data2\" content=\"7 minutos\" \/>\n<script type=\"application\/ld+json\" class=\"yoast-schema-graph\">{\"@context\":\"https:\\\/\\\/schema.org\",\"@graph\":[{\"@type\":\"Article\",\"@id\":\"https:\\\/\\\/blog.saocamilo-sp.br\\\/index.php\\\/2026\\\/01\\\/19\\\/curso-de-farmacia-carreira\\\/#article\",\"isPartOf\":{\"@id\":\"https:\\\/\\\/blog.saocamilo-sp.br\\\/index.php\\\/2026\\\/01\\\/19\\\/curso-de-farmacia-carreira\\\/\"},\"author\":{\"name\":\"Christopher Oliveira dos Reis\",\"@id\":\"https:\\\/\\\/blog.saocamilo-sp.br\\\/#\\\/schema\\\/person\\\/7dce5f342af0848eb2f06778b2737904\"},\"headline\":\"Curso de Farm\u00e1cia: carreira, sal\u00e1rio e onde atuar na profiss\u00e3o\",\"datePublished\":\"2026-01-19T21:38:02+00:00\",\"dateModified\":\"2026-01-19T21:38:03+00:00\",\"mainEntityOfPage\":{\"@id\":\"https:\\\/\\\/blog.saocamilo-sp.br\\\/index.php\\\/2026\\\/01\\\/19\\\/curso-de-farmacia-carreira\\\/\"},\"wordCount\":1459,\"commentCount\":0,\"publisher\":{\"@id\":\"https:\\\/\\\/blog.saocamilo-sp.br\\\/#organization\"},\"image\":{\"@id\":\"https:\\\/\\\/blog.saocamilo-sp.br\\\/index.php\\\/2026\\\/01\\\/19\\\/curso-de-farmacia-carreira\\\/#primaryimage\"},\"thumbnailUrl\":\"https:\\\/\\\/blog.saocamilo-sp.br\\\/wp-content\\\/uploads\\\/2026\\\/01\\\/curso-de-Farmacia.png\",\"articleSection\":[\"Cursos\",\"Farm\u00e1cia\",\"Gradua\u00e7\u00e3o\",\"Mercado Profissional\",\"Sa\u00fade\",\"Vestibular\"],\"inLanguage\":\"pt-BR\",\"potentialAction\":[{\"@type\":\"CommentAction\",\"name\":\"Comment\",\"target\":[\"https:\\\/\\\/blog.saocamilo-sp.br\\\/index.php\\\/2026\\\/01\\\/19\\\/curso-de-farmacia-carreira\\\/#respond\"]}]},{\"@type\":\"WebPage\",\"@id\":\"https:\\\/\\\/blog.saocamilo-sp.br\\\/index.php\\\/2026\\\/01\\\/19\\\/curso-de-farmacia-carreira\\\/\",\"url\":\"https:\\\/\\\/blog.saocamilo-sp.br\\\/index.php\\\/2026\\\/01\\\/19\\\/curso-de-farmacia-carreira\\\/\",\"name\":\"Curso de Farm\u00e1cia: carreira, sal\u00e1rio e onde atuar na profiss\u00e3o - Blog S\u00e3o Camilo\",\"isPartOf\":{\"@id\":\"https:\\\/\\\/blog.saocamilo-sp.br\\\/#website\"},\"primaryImageOfPage\":{\"@id\":\"https:\\\/\\\/blog.saocamilo-sp.br\\\/index.php\\\/2026\\\/01\\\/19\\\/curso-de-farmacia-carreira\\\/#primaryimage\"},\"image\":{\"@id\":\"https:\\\/\\\/blog.saocamilo-sp.br\\\/index.php\\\/2026\\\/01\\\/19\\\/curso-de-farmacia-carreira\\\/#primaryimage\"},\"thumbnailUrl\":\"https:\\\/\\\/blog.saocamilo-sp.br\\\/wp-content\\\/uploads\\\/2026\\\/01\\\/curso-de-Farmacia.png\",\"datePublished\":\"2026-01-19T21:38:02+00:00\",\"dateModified\":\"2026-01-19T21:38:03+00:00\",\"description\":\"Descubra tudo sobre o curso de Farm\u00e1cia, \u00e1reas de atua\u00e7\u00e3o, sal\u00e1rio e os diferenciais do curso da S\u00e3o Camilo. Conhe\u00e7a a profiss\u00e3o e planeje sua carreira.\",\"breadcrumb\":{\"@id\":\"https:\\\/\\\/blog.saocamilo-sp.br\\\/index.php\\\/2026\\\/01\\\/19\\\/curso-de-farmacia-carreira\\\/#breadcrumb\"},\"inLanguage\":\"pt-BR\",\"potentialAction\":[{\"@type\":\"ReadAction\",\"target\":[\"https:\\\/\\\/blog.saocamilo-sp.br\\\/index.php\\\/2026\\\/01\\\/19\\\/curso-de-farmacia-carreira\\\/\"]}]},{\"@type\":\"ImageObject\",\"inLanguage\":\"pt-BR\",\"@id\":\"https:\\\/\\\/blog.saocamilo-sp.br\\\/index.php\\\/2026\\\/01\\\/19\\\/curso-de-farmacia-carreira\\\/#primaryimage\",\"url\":\"https:\\\/\\\/blog.saocamilo-sp.br\\\/wp-content\\\/uploads\\\/2026\\\/01\\\/curso-de-Farmacia.png\",\"contentUrl\":\"https:\\\/\\\/blog.saocamilo-sp.br\\\/wp-content\\\/uploads\\\/2026\\\/01\\\/curso-de-Farmacia.png\",\"width\":437,\"height\":296},{\"@type\":\"BreadcrumbList\",\"@id\":\"https:\\\/\\\/blog.saocamilo-sp.br\\\/index.php\\\/2026\\\/01\\\/19\\\/curso-de-farmacia-carreira\\\/#breadcrumb\",\"itemListElement\":[{\"@type\":\"ListItem\",\"position\":1,\"name\":\"In\u00edcio\",\"item\":\"https:\\\/\\\/blog.saocamilo-sp.br\\\/\"},{\"@type\":\"ListItem\",\"position\":2,\"name\":\"Curso de Farm\u00e1cia: carreira, sal\u00e1rio e onde atuar na profiss\u00e3o\"}]},{\"@type\":\"WebSite\",\"@id\":\"https:\\\/\\\/blog.saocamilo-sp.br\\\/#website\",\"url\":\"https:\\\/\\\/blog.saocamilo-sp.br\\\/\",\"name\":\"Blog S\u00e3o Camilo\",\"description\":\"Blog do Centro Universit\u00e1rio S\u00e3o Camilo\",\"publisher\":{\"@id\":\"https:\\\/\\\/blog.saocamilo-sp.br\\\/#organization\"},\"potentialAction\":[{\"@type\":\"SearchAction\",\"target\":{\"@type\":\"EntryPoint\",\"urlTemplate\":\"https:\\\/\\\/blog.saocamilo-sp.br\\\/?s={search_term_string}\"},\"query-input\":{\"@type\":\"PropertyValueSpecification\",\"valueRequired\":true,\"valueName\":\"search_term_string\"}}],\"inLanguage\":\"pt-BR\"},{\"@type\":\"Organization\",\"@id\":\"https:\\\/\\\/blog.saocamilo-sp.br\\\/#organization\",\"name\":\"Blog S\u00e3o Camilo\",\"url\":\"https:\\\/\\\/blog.saocamilo-sp.br\\\/\",\"logo\":{\"@type\":\"ImageObject\",\"inLanguage\":\"pt-BR\",\"@id\":\"https:\\\/\\\/blog.saocamilo-sp.br\\\/#\\\/schema\\\/logo\\\/image\\\/\",\"url\":\"https:\\\/\\\/blog.saocamilo-sp.br\\\/wp-content\\\/uploads\\\/2021\\\/12\\\/cropped-vazio-logo-topo.png\",\"contentUrl\":\"https:\\\/\\\/blog.saocamilo-sp.br\\\/wp-content\\\/uploads\\\/2021\\\/12\\\/cropped-vazio-logo-topo.png\",\"width\":320,\"height\":240,\"caption\":\"Blog S\u00e3o Camilo\"},\"image\":{\"@id\":\"https:\\\/\\\/blog.saocamilo-sp.br\\\/#\\\/schema\\\/logo\\\/image\\\/\"},\"sameAs\":[\"https:\\\/\\\/www.facebook.com\\\/saocamilosp\",\"https:\\\/\\\/x.com\\\/saocamilosp\",\"https:\\\/\\\/www.linkedin.com\\\/school\\\/centro-universit-rio-s-o-camilo\\\/\"]},{\"@type\":\"Person\",\"@id\":\"https:\\\/\\\/blog.saocamilo-sp.br\\\/#\\\/schema\\\/person\\\/7dce5f342af0848eb2f06778b2737904\",\"name\":\"Christopher Oliveira dos Reis\",\"image\":{\"@type\":\"ImageObject\",\"inLanguage\":\"pt-BR\",\"@id\":\"https:\\\/\\\/secure.gravatar.com\\\/avatar\\\/b09a1361215d06f22999124838358b6855376e2b7287de883b723960b0c03f82?s=96&d=mm&r=g\",\"url\":\"https:\\\/\\\/secure.gravatar.com\\\/avatar\\\/b09a1361215d06f22999124838358b6855376e2b7287de883b723960b0c03f82?s=96&d=mm&r=g\",\"contentUrl\":\"https:\\\/\\\/secure.gravatar.com\\\/avatar\\\/b09a1361215d06f22999124838358b6855376e2b7287de883b723960b0c03f82?s=96&d=mm&r=g\",\"caption\":\"Christopher Oliveira dos Reis\"},\"url\":\"https:\\\/\\\/blog.saocamilo-sp.br\\\/index.php\\\/author\\\/christopher-reis\\\/\"}]}<\/script>\n<!-- \/ Yoast SEO plugin. -->","yoast_head_json":{"title":"Curso de Farm\u00e1cia: carreira, sal\u00e1rio e onde atuar na profiss\u00e3o - Blog S\u00e3o Camilo","description":"Descubra tudo sobre o curso de Farm\u00e1cia, \u00e1reas de atua\u00e7\u00e3o, sal\u00e1rio e os diferenciais do curso da S\u00e3o Camilo. Conhe\u00e7a a profiss\u00e3o e planeje sua carreira.","robots":{"index":"index","follow":"follow","max-snippet":"max-snippet:-1","max-image-preview":"max-image-preview:large","max-video-preview":"max-video-preview:-1"},"canonical":"https:\/\/blog.saocamilo-sp.br\/index.php\/2026\/01\/19\/curso-de-farmacia-carreira\/","og_locale":"pt_BR","og_type":"article","og_title":"Curso de Farm\u00e1cia: carreira, sal\u00e1rio e onde atuar na profiss\u00e3o - Blog S\u00e3o Camilo","og_description":"Descubra tudo sobre o curso de Farm\u00e1cia, \u00e1reas de atua\u00e7\u00e3o, sal\u00e1rio e os diferenciais do curso da S\u00e3o Camilo. Conhe\u00e7a a profiss\u00e3o e planeje sua carreira.","og_url":"https:\/\/blog.saocamilo-sp.br\/index.php\/2026\/01\/19\/curso-de-farmacia-carreira\/","og_site_name":"Blog S\u00e3o Camilo","article_publisher":"https:\/\/www.facebook.com\/saocamilosp","article_published_time":"2026-01-19T21:38:02+00:00","article_modified_time":"2026-01-19T21:38:03+00:00","og_image":[{"width":437,"height":296,"url":"https:\/\/blog.saocamilo-sp.br\/wp-content\/uploads\/2026\/01\/curso-de-Farmacia.png","type":"image\/png"}],"author":"Christopher Oliveira dos Reis","twitter_card":"summary_large_image","twitter_creator":"@saocamilosp","twitter_site":"@saocamilosp","twitter_misc":{"Escrito por":"Christopher Oliveira dos Reis","Est. tempo de leitura":"7 minutos"},"schema":{"@context":"https:\/\/schema.org","@graph":[{"@type":"Article","@id":"https:\/\/blog.saocamilo-sp.br\/index.php\/2026\/01\/19\/curso-de-farmacia-carreira\/#article","isPartOf":{"@id":"https:\/\/blog.saocamilo-sp.br\/index.php\/2026\/01\/19\/curso-de-farmacia-carreira\/"},"author":{"name":"Christopher Oliveira dos Reis","@id":"https:\/\/blog.saocamilo-sp.br\/#\/schema\/person\/7dce5f342af0848eb2f06778b2737904"},"headline":"Curso de Farm\u00e1cia: carreira, sal\u00e1rio e onde atuar na profiss\u00e3o","datePublished":"2026-01-19T21:38:02+00:00","dateModified":"2026-01-19T21:38:03+00:00","mainEntityOfPage":{"@id":"https:\/\/blog.saocamilo-sp.br\/index.php\/2026\/01\/19\/curso-de-farmacia-carreira\/"},"wordCount":1459,"commentCount":0,"publisher":{"@id":"https:\/\/blog.saocamilo-sp.br\/#organization"},"image":{"@id":"https:\/\/blog.saocamilo-sp.br\/index.php\/2026\/01\/19\/curso-de-farmacia-carreira\/#primaryimage"},"thumbnailUrl":"https:\/\/blog.saocamilo-sp.br\/wp-content\/uploads\/2026\/01\/curso-de-Farmacia.png","articleSection":["Cursos","Farm\u00e1cia","Gradua\u00e7\u00e3o","Mercado Profissional","Sa\u00fade","Vestibular"],"inLanguage":"pt-BR","potentialAction":[{"@type":"CommentAction","name":"Comment","target":["https:\/\/blog.saocamilo-sp.br\/index.php\/2026\/01\/19\/curso-de-farmacia-carreira\/#respond"]}]},{"@type":"WebPage","@id":"https:\/\/blog.saocamilo-sp.br\/index.php\/2026\/01\/19\/curso-de-farmacia-carreira\/","url":"https:\/\/blog.saocamilo-sp.br\/index.php\/2026\/01\/19\/curso-de-farmacia-carreira\/","name":"Curso de Farm\u00e1cia: carreira, sal\u00e1rio e onde atuar na profiss\u00e3o - Blog S\u00e3o Camilo","isPartOf":{"@id":"https:\/\/blog.saocamilo-sp.br\/#website"},"primaryImageOfPage":{"@id":"https:\/\/blog.saocamilo-sp.br\/index.php\/2026\/01\/19\/curso-de-farmacia-carreira\/#primaryimage"},"image":{"@id":"https:\/\/blog.saocamilo-sp.br\/index.php\/2026\/01\/19\/curso-de-farmacia-carreira\/#primaryimage"},"thumbnailUrl":"https:\/\/blog.saocamilo-sp.br\/wp-content\/uploads\/2026\/01\/curso-de-Farmacia.png","datePublished":"2026-01-19T21:38:02+00:00","dateModified":"2026-01-19T21:38:03+00:00","description":"Descubra tudo sobre o curso de Farm\u00e1cia, \u00e1reas de atua\u00e7\u00e3o, sal\u00e1rio e os diferenciais do curso da S\u00e3o Camilo. Conhe\u00e7a a profiss\u00e3o e planeje sua carreira.","breadcrumb":{"@id":"https:\/\/blog.saocamilo-sp.br\/index.php\/2026\/01\/19\/curso-de-farmacia-carreira\/#breadcrumb"},"inLanguage":"pt-BR","potentialAction":[{"@type":"ReadAction","target":["https:\/\/blog.saocamilo-sp.br\/index.php\/2026\/01\/19\/curso-de-farmacia-carreira\/"]}]},{"@type":"ImageObject","inLanguage":"pt-BR","@id":"https:\/\/blog.saocamilo-sp.br\/index.php\/2026\/01\/19\/curso-de-farmacia-carreira\/#primaryimage","url":"https:\/\/blog.saocamilo-sp.br\/wp-content\/uploads\/2026\/01\/curso-de-Farmacia.png","contentUrl":"https:\/\/blog.saocamilo-sp.br\/wp-content\/uploads\/2026\/01\/curso-de-Farmacia.png","width":437,"height":296},{"@type":"BreadcrumbList","@id":"https:\/\/blog.saocamilo-sp.br\/index.php\/2026\/01\/19\/curso-de-farmacia-carreira\/#breadcrumb","itemListElement":[{"@type":"ListItem","position":1,"name":"In\u00edcio","item":"https:\/\/blog.saocamilo-sp.br\/"},{"@type":"ListItem","position":2,"name":"Curso de Farm\u00e1cia: carreira, sal\u00e1rio e onde atuar na profiss\u00e3o"}]},{"@type":"WebSite","@id":"https:\/\/blog.saocamilo-sp.br\/#website","url":"https:\/\/blog.saocamilo-sp.br\/","name":"Blog S\u00e3o Camilo","description":"Blog do Centro Universit\u00e1rio S\u00e3o Camilo","publisher":{"@id":"https:\/\/blog.saocamilo-sp.br\/#organization"},"potentialAction":[{"@type":"SearchAction","target":{"@type":"EntryPoint","urlTemplate":"https:\/\/blog.saocamilo-sp.br\/?s={search_term_string}"},"query-input":{"@type":"PropertyValueSpecification","valueRequired":true,"valueName":"search_term_string"}}],"inLanguage":"pt-BR"},{"@type":"Organization","@id":"https:\/\/blog.saocamilo-sp.br\/#organization","name":"Blog S\u00e3o Camilo","url":"https:\/\/blog.saocamilo-sp.br\/","logo":{"@type":"ImageObject","inLanguage":"pt-BR","@id":"https:\/\/blog.saocamilo-sp.br\/#\/schema\/logo\/image\/","url":"https:\/\/blog.saocamilo-sp.br\/wp-content\/uploads\/2021\/12\/cropped-vazio-logo-topo.png","contentUrl":"https:\/\/blog.saocamilo-sp.br\/wp-content\/uploads\/2021\/12\/cropped-vazio-logo-topo.png","width":320,"height":240,"caption":"Blog S\u00e3o Camilo"},"image":{"@id":"https:\/\/blog.saocamilo-sp.br\/#\/schema\/logo\/image\/"},"sameAs":["https:\/\/www.facebook.com\/saocamilosp","https:\/\/x.com\/saocamilosp","https:\/\/www.linkedin.com\/school\/centro-universit-rio-s-o-camilo\/"]},{"@type":"Person","@id":"https:\/\/blog.saocamilo-sp.br\/#\/schema\/person\/7dce5f342af0848eb2f06778b2737904","name":"Christopher Oliveira dos Reis","image":{"@type":"ImageObject","inLanguage":"pt-BR","@id":"https:\/\/secure.gravatar.com\/avatar\/b09a1361215d06f22999124838358b6855376e2b7287de883b723960b0c03f82?s=96&d=mm&r=g","url":"https:\/\/secure.gravatar.com\/avatar\/b09a1361215d06f22999124838358b6855376e2b7287de883b723960b0c03f82?s=96&d=mm&r=g","contentUrl":"https:\/\/secure.gravatar.com\/avatar\/b09a1361215d06f22999124838358b6855376e2b7287de883b723960b0c03f82?s=96&d=mm&r=g","caption":"Christopher Oliveira dos Reis"},"url":"https:\/\/blog.saocamilo-sp.br\/index.php\/author\/christopher-reis\/"}]}},"_links":{"self":[{"href":"https:\/\/blog.saocamilo-sp.br\/index.php\/wp-json\/wp\/v2\/posts\/4584","targetHints":{"allow":["GET"]}}],"collection":[{"href":"https:\/\/blog.saocamilo-sp.br\/index.php\/wp-json\/wp\/v2\/posts"}],"about":[{"href":"https:\/\/blog.saocamilo-sp.br\/index.php\/wp-json\/wp\/v2\/types\/post"}],"author":[{"embeddable":true,"href":"https:\/\/blog.saocamilo-sp.br\/index.php\/wp-json\/wp\/v2\/users\/11"}],"replies":[{"embeddable":true,"href":"https:\/\/blog.saocamilo-sp.br\/index.php\/wp-json\/wp\/v2\/comments?post=4584"}],"version-history":[{"count":4,"href":"https:\/\/blog.saocamilo-sp.br\/index.php\/wp-json\/wp\/v2\/posts\/4584\/revisions"}],"predecessor-version":[{"id":4591,"href":"https:\/\/blog.saocamilo-sp.br\/index.php\/wp-json\/wp\/v2\/posts\/4584\/revisions\/4591"}],"wp:featuredmedia":[{"embeddable":true,"href":"https:\/\/blog.saocamilo-sp.br\/index.php\/wp-json\/wp\/v2\/media\/4588"}],"wp:attachment":[{"href":"https:\/\/blog.saocamilo-sp.br\/index.php\/wp-json\/wp\/v2\/media?parent=4584"}],"wp:term":[{"taxonomy":"category","embeddable":true,"href":"https:\/\/blog.saocamilo-sp.br\/index.php\/wp-json\/wp\/v2\/categories?post=4584"},{"taxonomy":"post_tag","embeddable":true,"href":"https:\/\/blog.saocamilo-sp.br\/index.php\/wp-json\/wp\/v2\/tags?post=4584"}],"curies":[{"name":"wp","href":"https:\/\/api.w.org\/{rel}","templated":true}]}}