{"id":4748,"date":"2026-03-11T14:52:56","date_gmt":"2026-03-11T17:52:56","guid":{"rendered":"https:\/\/blog.saocamilo-sp.br\/?p=4748"},"modified":"2026-03-11T16:40:58","modified_gmt":"2026-03-11T19:40:58","slug":"sao-camilo-abre-inscricoes-para-o-vestibular-de-medicina-2026-2","status":"publish","type":"post","link":"https:\/\/blog.saocamilo-sp.br\/index.php\/2026\/03\/11\/sao-camilo-abre-inscricoes-para-o-vestibular-de-medicina-2026-2\/","title":{"rendered":"S\u00e3o Camilo abre inscri\u00e7\u00f5es para o Vestibular de Medicina 2026\/2"},"content":{"rendered":"\n<p>O Centro Universit\u00e1rio S\u00e3o Camilo abre inscri\u00e7\u00f5es para o Vestibular de Medicina 2026\/2, com 117 vagas em per\u00edodo integral no campus Ipiranga, localizado na Avenida Nazar\u00e9, 1501 \u2013 S\u00e3o Paulo (SP).<\/p>\n\n\n\n<h2 class=\"wp-block-heading\">Inscri\u00e7\u00f5es para o Vestibular de Medicina<\/h2>\n\n\n\n<p>As inscri\u00e7\u00f5es estar\u00e3o abertas de 16 de mar\u00e7o a 7 de maio de 2026, exclusivamente pelo site da <a href=\"https:\/\/www.vunesp.com.br\/CUSC2601\" target=\"_blank\" rel=\"noreferrer noopener\">Funda\u00e7\u00e3o Vunesp<\/a>.<\/p>\n\n\n\n<p>Al\u00e9m disso, para efetivar a candidatura, \u00e9 necess\u00e1rio preencher a ficha de inscri\u00e7\u00e3o e pagar a taxa de R$ 350,00. Dessa maneira, os candidatos garantem sua participa\u00e7\u00e3o no processo seletivo.<\/p>\n\n\n\n<h2 class=\"wp-block-heading\">Prova<\/h2>\n\n\n\n<p>O exame do vestibular ser\u00e1 realizado em 31 de maio de 2026, das 14h \u00e0s 19h, na cidade de S\u00e3o Paulo (SP).<\/p>\n\n\n\n<p>A prova ser\u00e1 composta por tr\u00eas partes: quest\u00f5es discursivas, objetivas e reda\u00e7\u00e3o em L\u00edngua Portuguesa. O conte\u00fado segue as Diretrizes e Par\u00e2metros Curriculares Nacionais do Ensino M\u00e9dio, avaliando conhecimentos, racioc\u00ednio cr\u00edtico e capacidade de an\u00e1lise e s\u00edntese dos candidatos.<\/p>\n\n\n\n<h2 class=\"wp-block-heading\">Vagas e modalidades<\/h2>\n\n\n\n<p>Do total de 117 vagas, a distribui\u00e7\u00e3o \u00e9 a seguinte:<\/p>\n\n\n\n<ul class=\"wp-block-list\">\n<li>111 vagas pelo processo seletivo com prova presencial;<\/li>\n\n\n\n<li>3 vagas destinadas ao International Baccalaureate (IB);<\/li>\n\n\n\n<li>3 vagas destinadas ao ABITUR.<\/li>\n<\/ul>\n\n\n\n<p>Caso as vagas das modalidades internacionais n\u00e3o sejam preenchidas, elas poder\u00e3o ser remanejadas para o processo seletivo com prova.<\/p>\n\n\n\n<h2 class=\"wp-block-heading\">Resultados e chamadas do Vestibular de Medicina<\/h2>\n\n\n\n<p>Os resultados ser\u00e3o divulgados nos sites da Vunesp e do <a href=\"http:\/\/www.saocamilo-sp.br\" target=\"_blank\" rel=\"noreferrer noopener\">Centro Universit\u00e1rio S\u00e3o Camilo<\/a>.<\/p>\n\n\n\n<ul class=\"wp-block-list\">\n<li><strong>1\u00aa chamada:<\/strong> 24 de junho de 2026, a partir das 16h.<\/li>\n\n\n\n<li><strong>2\u00aa chamada:<\/strong> 2 de julho de 2026, a partir das 16h.<\/li>\n<\/ul>\n\n\n\n<p>A convoca\u00e7\u00e3o dos candidatos seguir\u00e1 rigorosamente a ordem de classifica\u00e7\u00e3o prevista no edital.<br><br>Para matr\u00edcula em segunda chamada, os candidatos dever\u00e3o confirmar seu interesse em eventual vaga remanescente exclusivamente no site da Vunesp. Para isso, o procedimento dever\u00e1 ser realizado impreterivelmente das 10 horas de 24 de junho at\u00e9 \u00e0s 18 horas de 26 de junho de 2026.<\/p>\n\n\n\n<p>Al\u00e9m disso, a confirma\u00e7\u00e3o de interesse por eventuais vagas remanescentes ser\u00e1 considerada condi\u00e7\u00e3o obrigat\u00f3ria para os candidatos que n\u00e3o foram convocados para a 1\u00aa chamada. Dessa forma, somente poder\u00e3o concorrer \u00e0s chamadas subsequentes aqueles que registrarem essa confirma\u00e7\u00e3o, obedecendo, portanto, \u00e0 ordem de classifica\u00e7\u00e3o e ao termo de interesse de vaga.<\/p>\n\n\n\n<h2 class=\"wp-block-heading\">Matr\u00edcula<\/h2>\n\n\n\n<p>A matr\u00edcula dos aprovados seguir\u00e1 o cronograma abaixo:<\/p>\n\n\n\n<p><strong>1\u00aa chamada<\/strong><\/p>\n\n\n\n<ul class=\"wp-block-list\">\n<li>Matr\u00edcula online: 24 a 26 de junho de 2026<\/li>\n\n\n\n<li>Envio da documenta\u00e7\u00e3o: 24 a 27 de junho de 2026<\/li>\n<\/ul>\n\n\n\n<p><strong>2\u00aa chamada<\/strong><\/p>\n\n\n\n<ul class=\"wp-block-list\">\n<li>Matr\u00edcula online: 2 a 3 de julho de 2026<\/li>\n\n\n\n<li>Envio da documenta\u00e7\u00e3o: 2 a 4 de julho de 2026<\/li>\n<\/ul>\n\n\n\n<p>A confirma\u00e7\u00e3o da matr\u00edcula ser\u00e1 efetivada ap\u00f3s o envio da documenta\u00e7\u00e3o online e pagamento da primeira parcela do curso.<\/p>\n\n\n\n<h2 class=\"wp-block-heading\">Sobre o curso<\/h2>\n\n\n\n<p>O curso de Medicina do Centro Universit\u00e1rio S\u00e3o Camilo recebeu nota m\u00e1xima (5) no Conceito de Curso do MEC, reconhecimento que atesta a qualidade de sua estrutura, corpo docente, metodologia e resultados acad\u00eamicos.<\/p>\n\n\n\n<p>Al\u00e9m disso, o curso tamb\u00e9m foi acreditado pelo Sistema de Acredita\u00e7\u00e3o de Escolas M\u00e9dicas do Conselho Federal de Medicina (SAEME-CFM), recebendo um selo de reconhecimento internacional. Essa acredita\u00e7\u00e3o, alinhada \u00e0 World Federation of Medical Education, amplia as possibilidades de forma\u00e7\u00e3o e mobilidade acad\u00eamica dos egressos.<\/p>\n\n\n\n<p>A gradua\u00e7\u00e3o oferece experi\u00eancias pr\u00e1ticas desde os primeiros semestres, com atividades em laborat\u00f3rios de alta tecnologia, centros de simula\u00e7\u00e3o e campos de pr\u00e1tica em servi\u00e7os de sa\u00fade, incluindo Unidades B\u00e1sicas de Sa\u00fade, hospitais e centros especializados.<\/p>\n\n\n\n<p>Um dos destaques \u00e9 a Cl\u00ednica-escola PROMOVE S\u00e3o Camilo, que oferece assist\u00eancia \u00e0 popula\u00e7\u00e3o e promove forma\u00e7\u00e3o multiprofissional integrada.<br><br>Al\u00e9m da gradua\u00e7\u00e3o, o Centro Universit\u00e1rio S\u00e3o Camilo oferece diversos Programas de Resid\u00eancia M\u00e9dica com aprova\u00e7\u00e3o do Minist\u00e9rio da Educa\u00e7\u00e3o.<\/p>\n\n\n\n<p><\/p>\n\n\n\n<h2 class=\"wp-block-heading\">Mais informa\u00e7\u00f5es<\/h2>\n\n\n\n<p>Para consultar o edital completo e obter mais detalhes sobre o processo seletivo, acesse o site da Funda\u00e7\u00e3o Vunesp ou o portal do Centro Universit\u00e1rio S\u00e3o Camilo:\u00a0<a href=\"https:\/\/saocamilo-sp.br\/graduacao\/presencial\/medicina\/vestibular-medicina\" target=\"_blank\" rel=\"noreferrer noopener\">https:\/\/saocamilo-sp.br\/graduacao\/presencial\/medicina\/vestibular-medicina<\/a>.\u00a0<br><br>Central de Relacionamento com o Candidato: <strong>0300 017 8585<\/strong>\u00a0ou (<strong>11) 3465-2664<\/strong>\u00a0&#8211; op\u00e7\u00e3o 1.<\/p>\n\n\n\n<p><strong>Veja tamb\u00e9m:<\/strong><\/p>\n\n\n\n<p><a href=\"https:\/\/blog.saocamilo-sp.br\/index.php\/2026\/03\/03\/especialidades-medicas\/\">Especialidades m\u00e9dicas: guia completo de carreiras na Medicina<\/a><\/p>\n\n\n\n<p><a href=\"https:\/\/blog.saocamilo-sp.br\/index.php\/2026\/02\/11\/enamed-medicina-sao-camilo-conquista-conceito-4-na-avaliacao-do-mec\/\">Enamed Medicina: S\u00e3o Camilo conquista conceito 4 na avalia\u00e7\u00e3o do MEC<\/a><\/p>\n\n\n\n<p><\/p>\n","protected":false},"excerpt":{"rendered":"<p>Inscri\u00e7\u00f5es abertas para o Vestibular de Medicina S\u00e3o Camilo 2026\/2. Confira prazos, vagas e como participar do processo seletivo.<\/p>\n","protected":false},"author":11,"featured_media":4811,"comment_status":"open","ping_status":"open","sticky":false,"template":"","format":"standard","meta":{"cybocfi_hide_featured_image":"","footnotes":""},"categories":[198,30,79],"tags":[],"class_list":["post-4748","post","type-post","status-publish","format-standard","has-post-thumbnail","hentry","category-graduacao","category-medicina","category-saude"],"yoast_head":"<!-- This site is optimized with the Yoast SEO plugin v27.4 - https:\/\/yoast.com\/product\/yoast-seo-wordpress\/ -->\n<title>S\u00e3o Camilo abre inscri\u00e7\u00f5es para o Vestibular de Medicina 2026\/2<\/title>\n<meta name=\"description\" content=\"Inscri\u00e7\u00f5es abertas para o Vestibular de Medicina S\u00e3o Camilo 2026\/2. Confira prazos, vagas e como participar do processo seletivo.\" \/>\n<meta name=\"robots\" content=\"index, follow, max-snippet:-1, max-image-preview:large, max-video-preview:-1\" \/>\n<link rel=\"canonical\" href=\"https:\/\/blog.saocamilo-sp.br\/index.php\/2026\/03\/11\/sao-camilo-abre-inscricoes-para-o-vestibular-de-medicina-2026-2\/\" \/>\n<meta property=\"og:locale\" content=\"pt_BR\" \/>\n<meta property=\"og:type\" content=\"article\" \/>\n<meta property=\"og:title\" content=\"S\u00e3o Camilo abre inscri\u00e7\u00f5es para o Vestibular de Medicina 2026\/2\" \/>\n<meta property=\"og:description\" content=\"Inscri\u00e7\u00f5es abertas para o Vestibular de Medicina S\u00e3o Camilo 2026\/2. Confira prazos, vagas e como participar do processo seletivo.\" \/>\n<meta property=\"og:url\" content=\"https:\/\/blog.saocamilo-sp.br\/index.php\/2026\/03\/11\/sao-camilo-abre-inscricoes-para-o-vestibular-de-medicina-2026-2\/\" \/>\n<meta property=\"og:site_name\" content=\"Blog S\u00e3o Camilo\" \/>\n<meta property=\"article:publisher\" content=\"https:\/\/www.facebook.com\/saocamilosp\" \/>\n<meta property=\"article:published_time\" content=\"2026-03-11T17:52:56+00:00\" \/>\n<meta property=\"article:modified_time\" content=\"2026-03-11T19:40:58+00:00\" \/>\n<meta property=\"og:image\" content=\"https:\/\/blog.saocamilo-sp.br\/wp-content\/uploads\/2026\/03\/imagem-24.jpg\" \/>\n\t<meta property=\"og:image:width\" content=\"601\" \/>\n\t<meta property=\"og:image:height\" content=\"406\" \/>\n\t<meta property=\"og:image:type\" content=\"image\/jpeg\" \/>\n<meta name=\"author\" content=\"Christopher Oliveira dos Reis\" \/>\n<meta name=\"twitter:card\" content=\"summary_large_image\" \/>\n<meta name=\"twitter:creator\" content=\"@saocamilosp\" \/>\n<meta name=\"twitter:site\" content=\"@saocamilosp\" \/>\n<meta name=\"twitter:label1\" content=\"Escrito por\" \/>\n\t<meta name=\"twitter:data1\" content=\"Christopher Oliveira dos Reis\" \/>\n\t<meta name=\"twitter:label2\" content=\"Est. tempo de leitura\" \/>\n\t<meta name=\"twitter:data2\" content=\"4 minutos\" \/>\n<script type=\"application\/ld+json\" class=\"yoast-schema-graph\">{\"@context\":\"https:\\\/\\\/schema.org\",\"@graph\":[{\"@type\":\"Article\",\"@id\":\"https:\\\/\\\/blog.saocamilo-sp.br\\\/index.php\\\/2026\\\/03\\\/11\\\/sao-camilo-abre-inscricoes-para-o-vestibular-de-medicina-2026-2\\\/#article\",\"isPartOf\":{\"@id\":\"https:\\\/\\\/blog.saocamilo-sp.br\\\/index.php\\\/2026\\\/03\\\/11\\\/sao-camilo-abre-inscricoes-para-o-vestibular-de-medicina-2026-2\\\/\"},\"author\":{\"name\":\"Christopher Oliveira dos Reis\",\"@id\":\"https:\\\/\\\/blog.saocamilo-sp.br\\\/#\\\/schema\\\/person\\\/7dce5f342af0848eb2f06778b2737904\"},\"headline\":\"S\u00e3o Camilo abre inscri\u00e7\u00f5es para o Vestibular de Medicina 2026\\\/2\",\"datePublished\":\"2026-03-11T17:52:56+00:00\",\"dateModified\":\"2026-03-11T19:40:58+00:00\",\"mainEntityOfPage\":{\"@id\":\"https:\\\/\\\/blog.saocamilo-sp.br\\\/index.php\\\/2026\\\/03\\\/11\\\/sao-camilo-abre-inscricoes-para-o-vestibular-de-medicina-2026-2\\\/\"},\"wordCount\":707,\"commentCount\":0,\"publisher\":{\"@id\":\"https:\\\/\\\/blog.saocamilo-sp.br\\\/#organization\"},\"image\":{\"@id\":\"https:\\\/\\\/blog.saocamilo-sp.br\\\/index.php\\\/2026\\\/03\\\/11\\\/sao-camilo-abre-inscricoes-para-o-vestibular-de-medicina-2026-2\\\/#primaryimage\"},\"thumbnailUrl\":\"https:\\\/\\\/blog.saocamilo-sp.br\\\/wp-content\\\/uploads\\\/2026\\\/03\\\/imagem-24.jpg\",\"articleSection\":[\"Gradua\u00e7\u00e3o\",\"Medicina\",\"Sa\u00fade\"],\"inLanguage\":\"pt-BR\",\"potentialAction\":[{\"@type\":\"CommentAction\",\"name\":\"Comment\",\"target\":[\"https:\\\/\\\/blog.saocamilo-sp.br\\\/index.php\\\/2026\\\/03\\\/11\\\/sao-camilo-abre-inscricoes-para-o-vestibular-de-medicina-2026-2\\\/#respond\"]}]},{\"@type\":\"WebPage\",\"@id\":\"https:\\\/\\\/blog.saocamilo-sp.br\\\/index.php\\\/2026\\\/03\\\/11\\\/sao-camilo-abre-inscricoes-para-o-vestibular-de-medicina-2026-2\\\/\",\"url\":\"https:\\\/\\\/blog.saocamilo-sp.br\\\/index.php\\\/2026\\\/03\\\/11\\\/sao-camilo-abre-inscricoes-para-o-vestibular-de-medicina-2026-2\\\/\",\"name\":\"S\u00e3o Camilo abre inscri\u00e7\u00f5es para o Vestibular de Medicina 2026\\\/2\",\"isPartOf\":{\"@id\":\"https:\\\/\\\/blog.saocamilo-sp.br\\\/#website\"},\"primaryImageOfPage\":{\"@id\":\"https:\\\/\\\/blog.saocamilo-sp.br\\\/index.php\\\/2026\\\/03\\\/11\\\/sao-camilo-abre-inscricoes-para-o-vestibular-de-medicina-2026-2\\\/#primaryimage\"},\"image\":{\"@id\":\"https:\\\/\\\/blog.saocamilo-sp.br\\\/index.php\\\/2026\\\/03\\\/11\\\/sao-camilo-abre-inscricoes-para-o-vestibular-de-medicina-2026-2\\\/#primaryimage\"},\"thumbnailUrl\":\"https:\\\/\\\/blog.saocamilo-sp.br\\\/wp-content\\\/uploads\\\/2026\\\/03\\\/imagem-24.jpg\",\"datePublished\":\"2026-03-11T17:52:56+00:00\",\"dateModified\":\"2026-03-11T19:40:58+00:00\",\"description\":\"Inscri\u00e7\u00f5es abertas para o Vestibular de Medicina S\u00e3o Camilo 2026\\\/2. Confira prazos, vagas e como participar do processo seletivo.\",\"breadcrumb\":{\"@id\":\"https:\\\/\\\/blog.saocamilo-sp.br\\\/index.php\\\/2026\\\/03\\\/11\\\/sao-camilo-abre-inscricoes-para-o-vestibular-de-medicina-2026-2\\\/#breadcrumb\"},\"inLanguage\":\"pt-BR\",\"potentialAction\":[{\"@type\":\"ReadAction\",\"target\":[\"https:\\\/\\\/blog.saocamilo-sp.br\\\/index.php\\\/2026\\\/03\\\/11\\\/sao-camilo-abre-inscricoes-para-o-vestibular-de-medicina-2026-2\\\/\"]}]},{\"@type\":\"ImageObject\",\"inLanguage\":\"pt-BR\",\"@id\":\"https:\\\/\\\/blog.saocamilo-sp.br\\\/index.php\\\/2026\\\/03\\\/11\\\/sao-camilo-abre-inscricoes-para-o-vestibular-de-medicina-2026-2\\\/#primaryimage\",\"url\":\"https:\\\/\\\/blog.saocamilo-sp.br\\\/wp-content\\\/uploads\\\/2026\\\/03\\\/imagem-24.jpg\",\"contentUrl\":\"https:\\\/\\\/blog.saocamilo-sp.br\\\/wp-content\\\/uploads\\\/2026\\\/03\\\/imagem-24.jpg\",\"width\":601,\"height\":406},{\"@type\":\"BreadcrumbList\",\"@id\":\"https:\\\/\\\/blog.saocamilo-sp.br\\\/index.php\\\/2026\\\/03\\\/11\\\/sao-camilo-abre-inscricoes-para-o-vestibular-de-medicina-2026-2\\\/#breadcrumb\",\"itemListElement\":[{\"@type\":\"ListItem\",\"position\":1,\"name\":\"In\u00edcio\",\"item\":\"https:\\\/\\\/blog.saocamilo-sp.br\\\/\"},{\"@type\":\"ListItem\",\"position\":2,\"name\":\"S\u00e3o Camilo abre inscri\u00e7\u00f5es para o Vestibular de Medicina 2026\\\/2\"}]},{\"@type\":\"WebSite\",\"@id\":\"https:\\\/\\\/blog.saocamilo-sp.br\\\/#website\",\"url\":\"https:\\\/\\\/blog.saocamilo-sp.br\\\/\",\"name\":\"Blog S\u00e3o Camilo\",\"description\":\"Blog do Centro Universit\u00e1rio S\u00e3o Camilo\",\"publisher\":{\"@id\":\"https:\\\/\\\/blog.saocamilo-sp.br\\\/#organization\"},\"potentialAction\":[{\"@type\":\"SearchAction\",\"target\":{\"@type\":\"EntryPoint\",\"urlTemplate\":\"https:\\\/\\\/blog.saocamilo-sp.br\\\/?s={search_term_string}\"},\"query-input\":{\"@type\":\"PropertyValueSpecification\",\"valueRequired\":true,\"valueName\":\"search_term_string\"}}],\"inLanguage\":\"pt-BR\"},{\"@type\":\"Organization\",\"@id\":\"https:\\\/\\\/blog.saocamilo-sp.br\\\/#organization\",\"name\":\"Blog S\u00e3o Camilo\",\"url\":\"https:\\\/\\\/blog.saocamilo-sp.br\\\/\",\"logo\":{\"@type\":\"ImageObject\",\"inLanguage\":\"pt-BR\",\"@id\":\"https:\\\/\\\/blog.saocamilo-sp.br\\\/#\\\/schema\\\/logo\\\/image\\\/\",\"url\":\"https:\\\/\\\/blog.saocamilo-sp.br\\\/wp-content\\\/uploads\\\/2021\\\/12\\\/cropped-vazio-logo-topo.png\",\"contentUrl\":\"https:\\\/\\\/blog.saocamilo-sp.br\\\/wp-content\\\/uploads\\\/2021\\\/12\\\/cropped-vazio-logo-topo.png\",\"width\":320,\"height\":240,\"caption\":\"Blog S\u00e3o Camilo\"},\"image\":{\"@id\":\"https:\\\/\\\/blog.saocamilo-sp.br\\\/#\\\/schema\\\/logo\\\/image\\\/\"},\"sameAs\":[\"https:\\\/\\\/www.facebook.com\\\/saocamilosp\",\"https:\\\/\\\/x.com\\\/saocamilosp\",\"https:\\\/\\\/www.linkedin.com\\\/school\\\/centro-universit-rio-s-o-camilo\\\/\"]},{\"@type\":\"Person\",\"@id\":\"https:\\\/\\\/blog.saocamilo-sp.br\\\/#\\\/schema\\\/person\\\/7dce5f342af0848eb2f06778b2737904\",\"name\":\"Christopher Oliveira dos Reis\",\"image\":{\"@type\":\"ImageObject\",\"inLanguage\":\"pt-BR\",\"@id\":\"https:\\\/\\\/secure.gravatar.com\\\/avatar\\\/b09a1361215d06f22999124838358b6855376e2b7287de883b723960b0c03f82?s=96&d=mm&r=g\",\"url\":\"https:\\\/\\\/secure.gravatar.com\\\/avatar\\\/b09a1361215d06f22999124838358b6855376e2b7287de883b723960b0c03f82?s=96&d=mm&r=g\",\"contentUrl\":\"https:\\\/\\\/secure.gravatar.com\\\/avatar\\\/b09a1361215d06f22999124838358b6855376e2b7287de883b723960b0c03f82?s=96&d=mm&r=g\",\"caption\":\"Christopher Oliveira dos Reis\"},\"url\":\"https:\\\/\\\/blog.saocamilo-sp.br\\\/index.php\\\/author\\\/christopher-reis\\\/\"}]}<\/script>\n<!-- \/ Yoast SEO plugin. -->","yoast_head_json":{"title":"S\u00e3o Camilo abre inscri\u00e7\u00f5es para o Vestibular de Medicina 2026\/2","description":"Inscri\u00e7\u00f5es abertas para o Vestibular de Medicina S\u00e3o Camilo 2026\/2. Confira prazos, vagas e como participar do processo seletivo.","robots":{"index":"index","follow":"follow","max-snippet":"max-snippet:-1","max-image-preview":"max-image-preview:large","max-video-preview":"max-video-preview:-1"},"canonical":"https:\/\/blog.saocamilo-sp.br\/index.php\/2026\/03\/11\/sao-camilo-abre-inscricoes-para-o-vestibular-de-medicina-2026-2\/","og_locale":"pt_BR","og_type":"article","og_title":"S\u00e3o Camilo abre inscri\u00e7\u00f5es para o Vestibular de Medicina 2026\/2","og_description":"Inscri\u00e7\u00f5es abertas para o Vestibular de Medicina S\u00e3o Camilo 2026\/2. Confira prazos, vagas e como participar do processo seletivo.","og_url":"https:\/\/blog.saocamilo-sp.br\/index.php\/2026\/03\/11\/sao-camilo-abre-inscricoes-para-o-vestibular-de-medicina-2026-2\/","og_site_name":"Blog S\u00e3o Camilo","article_publisher":"https:\/\/www.facebook.com\/saocamilosp","article_published_time":"2026-03-11T17:52:56+00:00","article_modified_time":"2026-03-11T19:40:58+00:00","og_image":[{"width":601,"height":406,"url":"https:\/\/blog.saocamilo-sp.br\/wp-content\/uploads\/2026\/03\/imagem-24.jpg","type":"image\/jpeg"}],"author":"Christopher Oliveira dos Reis","twitter_card":"summary_large_image","twitter_creator":"@saocamilosp","twitter_site":"@saocamilosp","twitter_misc":{"Escrito por":"Christopher Oliveira dos Reis","Est. tempo de leitura":"4 minutos"},"schema":{"@context":"https:\/\/schema.org","@graph":[{"@type":"Article","@id":"https:\/\/blog.saocamilo-sp.br\/index.php\/2026\/03\/11\/sao-camilo-abre-inscricoes-para-o-vestibular-de-medicina-2026-2\/#article","isPartOf":{"@id":"https:\/\/blog.saocamilo-sp.br\/index.php\/2026\/03\/11\/sao-camilo-abre-inscricoes-para-o-vestibular-de-medicina-2026-2\/"},"author":{"name":"Christopher Oliveira dos Reis","@id":"https:\/\/blog.saocamilo-sp.br\/#\/schema\/person\/7dce5f342af0848eb2f06778b2737904"},"headline":"S\u00e3o Camilo abre inscri\u00e7\u00f5es para o Vestibular de Medicina 2026\/2","datePublished":"2026-03-11T17:52:56+00:00","dateModified":"2026-03-11T19:40:58+00:00","mainEntityOfPage":{"@id":"https:\/\/blog.saocamilo-sp.br\/index.php\/2026\/03\/11\/sao-camilo-abre-inscricoes-para-o-vestibular-de-medicina-2026-2\/"},"wordCount":707,"commentCount":0,"publisher":{"@id":"https:\/\/blog.saocamilo-sp.br\/#organization"},"image":{"@id":"https:\/\/blog.saocamilo-sp.br\/index.php\/2026\/03\/11\/sao-camilo-abre-inscricoes-para-o-vestibular-de-medicina-2026-2\/#primaryimage"},"thumbnailUrl":"https:\/\/blog.saocamilo-sp.br\/wp-content\/uploads\/2026\/03\/imagem-24.jpg","articleSection":["Gradua\u00e7\u00e3o","Medicina","Sa\u00fade"],"inLanguage":"pt-BR","potentialAction":[{"@type":"CommentAction","name":"Comment","target":["https:\/\/blog.saocamilo-sp.br\/index.php\/2026\/03\/11\/sao-camilo-abre-inscricoes-para-o-vestibular-de-medicina-2026-2\/#respond"]}]},{"@type":"WebPage","@id":"https:\/\/blog.saocamilo-sp.br\/index.php\/2026\/03\/11\/sao-camilo-abre-inscricoes-para-o-vestibular-de-medicina-2026-2\/","url":"https:\/\/blog.saocamilo-sp.br\/index.php\/2026\/03\/11\/sao-camilo-abre-inscricoes-para-o-vestibular-de-medicina-2026-2\/","name":"S\u00e3o Camilo abre inscri\u00e7\u00f5es para o Vestibular de Medicina 2026\/2","isPartOf":{"@id":"https:\/\/blog.saocamilo-sp.br\/#website"},"primaryImageOfPage":{"@id":"https:\/\/blog.saocamilo-sp.br\/index.php\/2026\/03\/11\/sao-camilo-abre-inscricoes-para-o-vestibular-de-medicina-2026-2\/#primaryimage"},"image":{"@id":"https:\/\/blog.saocamilo-sp.br\/index.php\/2026\/03\/11\/sao-camilo-abre-inscricoes-para-o-vestibular-de-medicina-2026-2\/#primaryimage"},"thumbnailUrl":"https:\/\/blog.saocamilo-sp.br\/wp-content\/uploads\/2026\/03\/imagem-24.jpg","datePublished":"2026-03-11T17:52:56+00:00","dateModified":"2026-03-11T19:40:58+00:00","description":"Inscri\u00e7\u00f5es abertas para o Vestibular de Medicina S\u00e3o Camilo 2026\/2. Confira prazos, vagas e como participar do processo seletivo.","breadcrumb":{"@id":"https:\/\/blog.saocamilo-sp.br\/index.php\/2026\/03\/11\/sao-camilo-abre-inscricoes-para-o-vestibular-de-medicina-2026-2\/#breadcrumb"},"inLanguage":"pt-BR","potentialAction":[{"@type":"ReadAction","target":["https:\/\/blog.saocamilo-sp.br\/index.php\/2026\/03\/11\/sao-camilo-abre-inscricoes-para-o-vestibular-de-medicina-2026-2\/"]}]},{"@type":"ImageObject","inLanguage":"pt-BR","@id":"https:\/\/blog.saocamilo-sp.br\/index.php\/2026\/03\/11\/sao-camilo-abre-inscricoes-para-o-vestibular-de-medicina-2026-2\/#primaryimage","url":"https:\/\/blog.saocamilo-sp.br\/wp-content\/uploads\/2026\/03\/imagem-24.jpg","contentUrl":"https:\/\/blog.saocamilo-sp.br\/wp-content\/uploads\/2026\/03\/imagem-24.jpg","width":601,"height":406},{"@type":"BreadcrumbList","@id":"https:\/\/blog.saocamilo-sp.br\/index.php\/2026\/03\/11\/sao-camilo-abre-inscricoes-para-o-vestibular-de-medicina-2026-2\/#breadcrumb","itemListElement":[{"@type":"ListItem","position":1,"name":"In\u00edcio","item":"https:\/\/blog.saocamilo-sp.br\/"},{"@type":"ListItem","position":2,"name":"S\u00e3o Camilo abre inscri\u00e7\u00f5es para o Vestibular de Medicina 2026\/2"}]},{"@type":"WebSite","@id":"https:\/\/blog.saocamilo-sp.br\/#website","url":"https:\/\/blog.saocamilo-sp.br\/","name":"Blog S\u00e3o Camilo","description":"Blog do Centro Universit\u00e1rio S\u00e3o Camilo","publisher":{"@id":"https:\/\/blog.saocamilo-sp.br\/#organization"},"potentialAction":[{"@type":"SearchAction","target":{"@type":"EntryPoint","urlTemplate":"https:\/\/blog.saocamilo-sp.br\/?s={search_term_string}"},"query-input":{"@type":"PropertyValueSpecification","valueRequired":true,"valueName":"search_term_string"}}],"inLanguage":"pt-BR"},{"@type":"Organization","@id":"https:\/\/blog.saocamilo-sp.br\/#organization","name":"Blog S\u00e3o Camilo","url":"https:\/\/blog.saocamilo-sp.br\/","logo":{"@type":"ImageObject","inLanguage":"pt-BR","@id":"https:\/\/blog.saocamilo-sp.br\/#\/schema\/logo\/image\/","url":"https:\/\/blog.saocamilo-sp.br\/wp-content\/uploads\/2021\/12\/cropped-vazio-logo-topo.png","contentUrl":"https:\/\/blog.saocamilo-sp.br\/wp-content\/uploads\/2021\/12\/cropped-vazio-logo-topo.png","width":320,"height":240,"caption":"Blog S\u00e3o Camilo"},"image":{"@id":"https:\/\/blog.saocamilo-sp.br\/#\/schema\/logo\/image\/"},"sameAs":["https:\/\/www.facebook.com\/saocamilosp","https:\/\/x.com\/saocamilosp","https:\/\/www.linkedin.com\/school\/centro-universit-rio-s-o-camilo\/"]},{"@type":"Person","@id":"https:\/\/blog.saocamilo-sp.br\/#\/schema\/person\/7dce5f342af0848eb2f06778b2737904","name":"Christopher Oliveira dos Reis","image":{"@type":"ImageObject","inLanguage":"pt-BR","@id":"https:\/\/secure.gravatar.com\/avatar\/b09a1361215d06f22999124838358b6855376e2b7287de883b723960b0c03f82?s=96&d=mm&r=g","url":"https:\/\/secure.gravatar.com\/avatar\/b09a1361215d06f22999124838358b6855376e2b7287de883b723960b0c03f82?s=96&d=mm&r=g","contentUrl":"https:\/\/secure.gravatar.com\/avatar\/b09a1361215d06f22999124838358b6855376e2b7287de883b723960b0c03f82?s=96&d=mm&r=g","caption":"Christopher Oliveira dos Reis"},"url":"https:\/\/blog.saocamilo-sp.br\/index.php\/author\/christopher-reis\/"}]}},"_links":{"self":[{"href":"https:\/\/blog.saocamilo-sp.br\/index.php\/wp-json\/wp\/v2\/posts\/4748","targetHints":{"allow":["GET"]}}],"collection":[{"href":"https:\/\/blog.saocamilo-sp.br\/index.php\/wp-json\/wp\/v2\/posts"}],"about":[{"href":"https:\/\/blog.saocamilo-sp.br\/index.php\/wp-json\/wp\/v2\/types\/post"}],"author":[{"embeddable":true,"href":"https:\/\/blog.saocamilo-sp.br\/index.php\/wp-json\/wp\/v2\/users\/11"}],"replies":[{"embeddable":true,"href":"https:\/\/blog.saocamilo-sp.br\/index.php\/wp-json\/wp\/v2\/comments?post=4748"}],"version-history":[{"count":6,"href":"https:\/\/blog.saocamilo-sp.br\/index.php\/wp-json\/wp\/v2\/posts\/4748\/revisions"}],"predecessor-version":[{"id":4814,"href":"https:\/\/blog.saocamilo-sp.br\/index.php\/wp-json\/wp\/v2\/posts\/4748\/revisions\/4814"}],"wp:featuredmedia":[{"embeddable":true,"href":"https:\/\/blog.saocamilo-sp.br\/index.php\/wp-json\/wp\/v2\/media\/4811"}],"wp:attachment":[{"href":"https:\/\/blog.saocamilo-sp.br\/index.php\/wp-json\/wp\/v2\/media?parent=4748"}],"wp:term":[{"taxonomy":"category","embeddable":true,"href":"https:\/\/blog.saocamilo-sp.br\/index.php\/wp-json\/wp\/v2\/categories?post=4748"},{"taxonomy":"post_tag","embeddable":true,"href":"https:\/\/blog.saocamilo-sp.br\/index.php\/wp-json\/wp\/v2\/tags?post=4748"}],"curies":[{"name":"wp","href":"https:\/\/api.w.org\/{rel}","templated":true}]}}