{"id":4759,"date":"2026-03-06T15:09:44","date_gmt":"2026-03-06T18:09:44","guid":{"rendered":"https:\/\/blog.saocamilo-sp.br\/?p=4759"},"modified":"2026-03-06T15:09:46","modified_gmt":"2026-03-06T18:09:46","slug":"mulheres-na-saude-cientistas-que-transformaram-o-cuidado-e-a-ciencia","status":"publish","type":"post","link":"https:\/\/blog.saocamilo-sp.br\/index.php\/2026\/03\/06\/mulheres-na-saude-cientistas-que-transformaram-o-cuidado-e-a-ciencia\/","title":{"rendered":"Mulheres na sa\u00fade: cientistas que transformaram o cuidado e a ci\u00eancia"},"content":{"rendered":"\n<p><br>Ao longo da hist\u00f3ria, o avan\u00e7o da sa\u00fade tamb\u00e9m foi constru\u00eddo por mulheres que desafiaram limites e transformaram a forma como entendemos o cuidado. Em diferentes \u00e1reas da enfermagem \u00e0 gen\u00e9tica, da sa\u00fade mental \u00e0 medicina muitas profissionais deixaram contribui\u00e7\u00f5es que impactam a vida de milh\u00f5es de pessoas at\u00e9 hoje.<\/p>\n\n\n\n<figure class=\"wp-block-image size-large\"><img loading=\"lazy\" decoding=\"async\" width=\"1024\" height=\"733\" src=\"https:\/\/blog.saocamilo-sp.br\/wp-content\/uploads\/2026\/03\/Gemini_Generated_Image_hggjdvhggjdvhggj-1-1024x733.png\" alt=\"\" class=\"wp-image-4787\" srcset=\"https:\/\/blog.saocamilo-sp.br\/wp-content\/uploads\/2026\/03\/Gemini_Generated_Image_hggjdvhggjdvhggj-1-1024x733.png 1024w, https:\/\/blog.saocamilo-sp.br\/wp-content\/uploads\/2026\/03\/Gemini_Generated_Image_hggjdvhggjdvhggj-1-300x215.png 300w, https:\/\/blog.saocamilo-sp.br\/wp-content\/uploads\/2026\/03\/Gemini_Generated_Image_hggjdvhggjdvhggj-1-768x550.png 768w, https:\/\/blog.saocamilo-sp.br\/wp-content\/uploads\/2026\/03\/Gemini_Generated_Image_hggjdvhggjdvhggj-1-600x429.png 600w, https:\/\/blog.saocamilo-sp.br\/wp-content\/uploads\/2026\/03\/Gemini_Generated_Image_hggjdvhggjdvhggj-1-945x676.png 945w, https:\/\/blog.saocamilo-sp.br\/wp-content\/uploads\/2026\/03\/Gemini_Generated_Image_hggjdvhggjdvhggj-1.png 1207w\" sizes=\"auto, (max-width: 1024px) 100vw, 1024px\" \/><\/figure>\n\n\n\n<p>No Dia Internacional da Mulher, reconhecemos as trajet\u00f3rias de mulheres que ampliaram o conhecimento cient\u00edfico e fortaleceram o cuidado em sa\u00fade.<br><br>Conhe\u00e7a algumas hist\u00f3rias de mulheres que marcaram profundamente a hist\u00f3ria da ci\u00eancia e da sa\u00fade e inspiram novas gera\u00e7\u00f5es de pesquisadoras, m\u00e9dicas e profissionais da sa\u00fade.<\/p>\n\n\n\n<h2 class=\"wp-block-heading\">Wanda de Aguiar Horta: a mulher que estruturou o cuidado no Brasil<\/h2>\n\n\n<div class=\"wp-block-image\">\n<figure class=\"aligncenter size-large is-resized\"><img loading=\"lazy\" decoding=\"async\" width=\"1024\" height=\"896\" src=\"https:\/\/blog.saocamilo-sp.br\/wp-content\/uploads\/2026\/03\/ggggf-1024x896.jpg\" alt=\"\" class=\"wp-image-4777\" style=\"width:379px;height:auto\" srcset=\"https:\/\/blog.saocamilo-sp.br\/wp-content\/uploads\/2026\/03\/ggggf-1024x896.jpg 1024w, https:\/\/blog.saocamilo-sp.br\/wp-content\/uploads\/2026\/03\/ggggf-300x263.jpg 300w, https:\/\/blog.saocamilo-sp.br\/wp-content\/uploads\/2026\/03\/ggggf-768x672.jpg 768w, https:\/\/blog.saocamilo-sp.br\/wp-content\/uploads\/2026\/03\/ggggf-600x525.jpg 600w, https:\/\/blog.saocamilo-sp.br\/wp-content\/uploads\/2026\/03\/ggggf-945x827.jpg 945w, https:\/\/blog.saocamilo-sp.br\/wp-content\/uploads\/2026\/03\/ggggf.jpg 1036w\" sizes=\"auto, (max-width: 1024px) 100vw, 1024px\" \/><\/figure>\n<\/div>\n\n\n<p>A enfermeira Wanda de Aguiar Horta \u00e9 considerada uma das figuras mais importantes da enfermagem brasileira. Seu trabalho ajudou a transformar a pr\u00e1tica da profiss\u00e3o no pa\u00eds.<\/p>\n\n\n\n<p>Ela foi pioneira na cria\u00e7\u00e3o da Sistematiza\u00e7\u00e3o da Assist\u00eancia de Enfermagem (SAE). Al\u00e9m disso, desenvolveu a Teoria das Necessidades Humanas B\u00e1sicas. Esse modelo orienta o cuidado a partir das necessidades f\u00edsicas, emocionais e sociais do paciente.<\/p>\n\n\n\n<p>Com essa proposta, a enfermagem passou a ter uma abordagem mais cient\u00edfica. O cuidado deixou de ser apenas execu\u00e7\u00e3o de procedimentos. Assim, passou a incluir planejamento, an\u00e1lise e acompanhamento cont\u00ednuo do paciente.<\/p>\n\n\n\n<p>Por isso, seu trabalho ajudou a fortalecer a enfermagem como uma profiss\u00e3o aut\u00f4noma e essencial dentro das equipes de sa\u00fade.<\/p>\n\n\n\n<h2 class=\"wp-block-heading\">Jaqueline Goes de Jesus: ci\u00eancia brasileira em resposta \u00e0 pandemia<\/h2>\n\n\n<div class=\"wp-block-image\">\n<figure class=\"aligncenter size-full is-resized\"><img loading=\"lazy\" decoding=\"async\" width=\"943\" height=\"965\" src=\"https:\/\/blog.saocamilo-sp.br\/wp-content\/uploads\/2026\/03\/ffghghg.jpg\" alt=\"\" class=\"wp-image-4780\" style=\"aspect-ratio:0.9772058021594503;width:514px;height:auto\" srcset=\"https:\/\/blog.saocamilo-sp.br\/wp-content\/uploads\/2026\/03\/ffghghg.jpg 943w, https:\/\/blog.saocamilo-sp.br\/wp-content\/uploads\/2026\/03\/ffghghg-293x300.jpg 293w, https:\/\/blog.saocamilo-sp.br\/wp-content\/uploads\/2026\/03\/ffghghg-768x786.jpg 768w, https:\/\/blog.saocamilo-sp.br\/wp-content\/uploads\/2026\/03\/ffghghg-600x614.jpg 600w\" sizes=\"auto, (max-width: 943px) 100vw, 943px\" \/><\/figure>\n<\/div>\n\n\n<p><br>A cientista Jaqueline Goes de Jesus ganhou destaque internacional durante a pandemia de COVID-19. Na \u00e9poca, ela integrou a equipe respons\u00e1vel pelo sequenciamento do v\u00edrus SARS-CoV-2 no Brasil.<\/p>\n\n\n\n<p>O resultado chamou aten\u00e7\u00e3o da comunidade cient\u00edfica. O sequenciamento foi realizado apenas 48 horas ap\u00f3s a confirma\u00e7\u00e3o do primeiro caso no pa\u00eds.<\/p>\n\n\n\n<p>Esse trabalho foi essencial para o monitoramento da pandemia. A partir dessas informa\u00e7\u00f5es, pesquisadores conseguiram acompanhar melhor a evolu\u00e7\u00e3o do v\u00edrus.<\/p>\n\n\n\n<p>Al\u00e9m disso, a pesquisa contribuiu para estrat\u00e9gias de vigil\u00e2ncia epidemiol\u00f3gica. Dessa forma, ajudou autoridades de sa\u00fade a tomar decis\u00f5es mais r\u00e1pidas.<\/p>\n\n\n\n<p>Assim, o trabalho de Jaqueline refor\u00e7a a import\u00e2ncia da ci\u00eancia no enfrentamento de crises sanit\u00e1rias.<\/p>\n\n\n\n<h2 class=\"wp-block-heading\">Nise da Silveira: a m\u00e9dica que humanizou a sa\u00fade mental<\/h2>\n\n\n<div class=\"wp-block-image\">\n<figure class=\"aligncenter size-large is-resized\"><img loading=\"lazy\" decoding=\"async\" width=\"1024\" height=\"817\" src=\"https:\/\/blog.saocamilo-sp.br\/wp-content\/uploads\/2026\/03\/jkjhjj-1024x817.jpg\" alt=\"\" class=\"wp-image-4781\" style=\"aspect-ratio:1.2533805837918492;width:534px;height:auto\" srcset=\"https:\/\/blog.saocamilo-sp.br\/wp-content\/uploads\/2026\/03\/jkjhjj-1024x817.jpg 1024w, https:\/\/blog.saocamilo-sp.br\/wp-content\/uploads\/2026\/03\/jkjhjj-300x239.jpg 300w, https:\/\/blog.saocamilo-sp.br\/wp-content\/uploads\/2026\/03\/jkjhjj-768x613.jpg 768w, https:\/\/blog.saocamilo-sp.br\/wp-content\/uploads\/2026\/03\/jkjhjj-600x479.jpg 600w, https:\/\/blog.saocamilo-sp.br\/wp-content\/uploads\/2026\/03\/jkjhjj-945x754.jpg 945w, https:\/\/blog.saocamilo-sp.br\/wp-content\/uploads\/2026\/03\/jkjhjj.jpg 1080w\" sizes=\"auto, (max-width: 1024px) 100vw, 1024px\" \/><\/figure>\n<\/div>\n\n\n<p>A psiquiatra Nise da Silveira revolucionou o cuidado em sa\u00fade mental no Brasil.<\/p>\n\n\n\n<p>Na \u00e9poca em que atuava, tratamentos agressivos eram comuns. Entre eles estavam eletrochoques e lobotomias. No entanto, Nise se posicionou contra essas pr\u00e1ticas.<\/p>\n\n\n\n<p>Em vez disso, ela defendeu uma abordagem mais humana no tratamento dos pacientes. Al\u00e9m disso, introduziu a arte como ferramenta terap\u00eautica.<\/p>\n\n\n\n<p>Pacientes passaram a expressar emo\u00e7\u00f5es e experi\u00eancias por meio de pinturas, esculturas e outras formas de cria\u00e7\u00e3o. Dessa maneira, o tratamento passou a valorizar a express\u00e3o individual.<\/p>\n\n\n\n<p>Seu trabalho trouxe novas perspectivas para a Psiquiatria. Al\u00e9m disso, ajudou a consolidar pr\u00e1ticas mais sens\u00edveis e respeitosas na sa\u00fade mental.<\/p>\n\n\n\n<h2 class=\"wp-block-heading\">Mayana Zatz: refer\u00eancia mundial em gen\u00e9tica<\/h2>\n\n\n<div class=\"wp-block-image\">\n<figure class=\"aligncenter size-large is-resized\"><img loading=\"lazy\" decoding=\"async\" width=\"1024\" height=\"900\" src=\"https:\/\/blog.saocamilo-sp.br\/wp-content\/uploads\/2026\/03\/imagem-11-1024x900.png\" alt=\"\" class=\"wp-image-4776\" style=\"aspect-ratio:1.1378844711177794;width:519px;height:auto\" srcset=\"https:\/\/blog.saocamilo-sp.br\/wp-content\/uploads\/2026\/03\/imagem-11-1024x900.png 1024w, https:\/\/blog.saocamilo-sp.br\/wp-content\/uploads\/2026\/03\/imagem-11-300x264.png 300w, https:\/\/blog.saocamilo-sp.br\/wp-content\/uploads\/2026\/03\/imagem-11-768x675.png 768w, https:\/\/blog.saocamilo-sp.br\/wp-content\/uploads\/2026\/03\/imagem-11-600x527.png 600w, https:\/\/blog.saocamilo-sp.br\/wp-content\/uploads\/2026\/03\/imagem-11-945x830.png 945w, https:\/\/blog.saocamilo-sp.br\/wp-content\/uploads\/2026\/03\/imagem-11.png 1080w\" sizes=\"auto, (max-width: 1024px) 100vw, 1024px\" \/><\/figure>\n<\/div>\n\n\n<p>A geneticista Mayana Zatz \u00e9 uma das principais pesquisadoras da \u00e1rea de gen\u00e9tica no Brasil. Al\u00e9m disso, \u00e9 reconhecida internacionalmente por seus estudos sobre doen\u00e7as neuromusculares.<\/p>\n\n\n\n<p>Ao longo de sua carreira, dedicou-se principalmente \u00e0s pesquisas sobre distrofias musculares. Esse trabalho contribuiu para ampliar o diagn\u00f3stico e o entendimento dessas doen\u00e7as.<\/p>\n\n\n\n<p>Al\u00e9m da produ\u00e7\u00e3o cient\u00edfica, Mayana tamb\u00e9m defende o uso \u00e9tico da terapia g\u00eanica. Da mesma forma, incentiva a inclus\u00e3o e o acesso ao conhecimento cient\u00edfico.<\/p>\n\n\n\n<p>Assim, suas pesquisas ajudam a abrir caminhos para novos tratamentos. Al\u00e9m disso, trazem esperan\u00e7a para pacientes e fam\u00edlias que convivem com doen\u00e7as gen\u00e9ticas.<\/p>\n\n\n\n<h2 class=\"wp-block-heading\">Zilda Arns: cuidado e solidariedade na sa\u00fade p\u00fablica<\/h2>\n\n\n<div class=\"wp-block-image\">\n<figure class=\"aligncenter size-large is-resized\"><img loading=\"lazy\" decoding=\"async\" width=\"1024\" height=\"716\" src=\"https:\/\/blog.saocamilo-sp.br\/wp-content\/uploads\/2026\/03\/hhggh-1024x716.jpg\" alt=\"\" class=\"wp-image-4778\" style=\"aspect-ratio:1.4302687411598303;width:578px;height:auto\" srcset=\"https:\/\/blog.saocamilo-sp.br\/wp-content\/uploads\/2026\/03\/hhggh-1024x716.jpg 1024w, https:\/\/blog.saocamilo-sp.br\/wp-content\/uploads\/2026\/03\/hhggh-300x210.jpg 300w, https:\/\/blog.saocamilo-sp.br\/wp-content\/uploads\/2026\/03\/hhggh-768x537.jpg 768w, https:\/\/blog.saocamilo-sp.br\/wp-content\/uploads\/2026\/03\/hhggh-600x419.jpg 600w, https:\/\/blog.saocamilo-sp.br\/wp-content\/uploads\/2026\/03\/hhggh-945x661.jpg 945w, https:\/\/blog.saocamilo-sp.br\/wp-content\/uploads\/2026\/03\/hhggh.jpg 1080w\" sizes=\"auto, (max-width: 1024px) 100vw, 1024px\" \/><\/figure>\n<\/div>\n\n\n<p>A m\u00e9dica pediatra Zilda Arns marcou profundamente a hist\u00f3ria da sa\u00fade p\u00fablica no Brasil. Seu trabalho demonstrou que a\u00e7\u00f5es simples, quando realizadas com orienta\u00e7\u00e3o e presen\u00e7a comunit\u00e1ria, podem salvar milhares de vidas.<\/p>\n\n\n\n<p>Ela foi fundadora da Pastoral da Crian\u00e7a, uma iniciativa voltada ao acompanhamento de gestantes, crian\u00e7as e fam\u00edlias em situa\u00e7\u00e3o de vulnerabilidade social.<\/p>\n\n\n\n<p>Por meio da educa\u00e7\u00e3o em sa\u00fade e de a\u00e7\u00f5es comunit\u00e1rias, o projeto ajudou a reduzir de forma significativa a mortalidade infantil em diversas regi\u00f5es do pa\u00eds.<\/p>\n\n\n\n<p>Al\u00e9m disso, a iniciativa mobilizou volunt\u00e1rios e comunidades inteiras. Dessa forma, levou informa\u00e7\u00e3o, preven\u00e7\u00e3o e cuidado a lugares onde muitas vezes o sistema de sa\u00fade n\u00e3o conseguia chegar.<\/p>\n\n\n\n<p>Seu legado permanece como um exemplo de solidariedade, compromisso social e defesa da vida.<\/p>\n\n\n\n<h2 class=\"wp-block-heading\">Marie Curie: a cientista que abriu caminhos para a medicina moderna<\/h2>\n\n\n<div class=\"wp-block-image\">\n<figure class=\"aligncenter size-large is-resized\"><img loading=\"lazy\" decoding=\"async\" width=\"1024\" height=\"812\" src=\"https:\/\/blog.saocamilo-sp.br\/wp-content\/uploads\/2026\/03\/fggf-1024x812.jpg\" alt=\"\" class=\"wp-image-4779\" style=\"aspect-ratio:1.2612137203166227;width:452px;height:auto\" srcset=\"https:\/\/blog.saocamilo-sp.br\/wp-content\/uploads\/2026\/03\/fggf-1024x812.jpg 1024w, https:\/\/blog.saocamilo-sp.br\/wp-content\/uploads\/2026\/03\/fggf-300x238.jpg 300w, https:\/\/blog.saocamilo-sp.br\/wp-content\/uploads\/2026\/03\/fggf-768x609.jpg 768w, https:\/\/blog.saocamilo-sp.br\/wp-content\/uploads\/2026\/03\/fggf-600x476.jpg 600w, https:\/\/blog.saocamilo-sp.br\/wp-content\/uploads\/2026\/03\/fggf-945x749.jpg 945w, https:\/\/blog.saocamilo-sp.br\/wp-content\/uploads\/2026\/03\/fggf.jpg 1077w\" sizes=\"auto, (max-width: 1024px) 100vw, 1024px\" \/><\/figure>\n<\/div>\n\n\n<p>Entre os nomes mais importantes da hist\u00f3ria da ci\u00eancia est\u00e1 Marie Curie. Seu trabalho revolucionou o conhecimento sobre a radioatividade.<\/p>\n\n\n\n<p>Ela descobriu dois elementos qu\u00edmicos importantes: o pol\u00f4nio e o r\u00e1dio. A partir dessas descobertas, surgiu uma nova \u00e1rea de pesquisa cient\u00edfica.<\/p>\n\n\n\n<p>Al\u00e9m disso, esses estudos abriram caminho para o desenvolvimento da radioterapia. Atualmente, esse tratamento \u00e9 fundamental no combate ao c\u00e2ncer.<\/p>\n\n\n\n<p>Marie Curie tamb\u00e9m entrou para a hist\u00f3ria ao receber o Pr\u00eamio Nobel. Ela foi a primeira mulher a conquistar a premia\u00e7\u00e3o.<\/p>\n\n\n\n<p>Posteriormente, recebeu um segundo Nobel em outra \u00e1rea cient\u00edfica. At\u00e9 hoje, permanece como a \u00fanica pessoa a conquistar dois pr\u00eamios Nobel em campos cient\u00edficos diferentes.<\/p>\n\n\n\n<h2 class=\"wp-block-heading\">Quando mulheres pesquisam, a sa\u00fade avan\u00e7a<\/h2>\n\n\n\n<p>A presen\u00e7a feminina na ci\u00eancia e na sa\u00fade \u00e9 essencial para o avan\u00e7o do conhecimento. Mulheres contribuem diariamente para novas descobertas, tratamentos e formas de cuidado.<\/p>\n\n\n\n<p>Nas universidades, como o<a href=\"https:\/\/saocamilo-sp.br\/\" type=\"link\" id=\"https:\/\/saocamilo-sp.br\/\"> Centro Universit\u00e1rio S\u00e3o Camilo,<\/a> essa forma\u00e7\u00e3o tamb\u00e9m \u00e9 estimulada. Assim, novos profissionais s\u00e3o preparados para atuar com conhecimento, responsabilidade e compromisso com a vida.<\/p>\n\n\n\n<p>Por isso, celebrar essas trajet\u00f3rias no Dia Internacional da Mulher tamb\u00e9m \u00e9 reconhecer o papel das mulheres na constru\u00e7\u00e3o do futuro da ci\u00eancia.<\/p>\n\n\n\n<p>A sa\u00fade avan\u00e7a quando mulheres pesquisam. Quando mulheres lideram. E quando mulheres cuidam.<\/p>\n\n\n\n<p>Institui\u00e7\u00f5es de ensino tamb\u00e9m t\u00eam papel importante nesse processo. No Centro Universit\u00e1rio S\u00e3o Camilo, por exemplo, a forma\u00e7\u00e3o em sa\u00fade valoriza o conhecimento cient\u00edfico, a \u00e9tica e o cuidado humanizado. Assim, a universidade contribui para preparar profissionais capazes de transformar a realidade da sa\u00fade.<\/p>\n\n\n\n<p><strong>Veja tamb\u00e9m:<\/strong><\/p>\n\n\n\n<p><a href=\"https:\/\/blog.saocamilo-sp.br\/index.php\/2024\/02\/11\/dia-internacional-das-mulheres-e-meninas-na-ciencia-reconhecimento-e-inspiracao\/\">Dia Internacional das Mulheres e Meninas na Ci\u00eancia: reconhecimento e inspira\u00e7\u00e3o<\/a><\/p>\n\n\n\n<p><a href=\"https:\/\/blog.saocamilo-sp.br\/index.php\/2023\/10\/31\/responsabilidade-social-feminina\/\">S\u00e3o Camilo conquista Selo de Responsabilidade Social Feminina<\/a><\/p>\n\n\n\n<p><a href=\"https:\/\/blog.saocamilo-sp.br\/index.php\/2024\/10\/16\/outubro-rosa\/\">Outubro Rosa: Conscientiza\u00e7\u00e3o e a Import\u00e2ncia do Autoexame de Mama<\/a><\/p>\n","protected":false},"excerpt":{"rendered":"<p>Conhe\u00e7a mulheres que marcaram a hist\u00f3ria da sa\u00fade e da ci\u00eancia, transformando o cuidado, a pesquisa e inspirando novas gera\u00e7\u00f5es de profissionais.<\/p>\n","protected":false},"author":11,"featured_media":4774,"comment_status":"open","ping_status":"open","sticky":false,"template":"","format":"standard","meta":{"cybocfi_hide_featured_image":"","footnotes":""},"categories":[79],"tags":[147,244],"class_list":["post-4759","post","type-post","status-publish","format-standard","has-post-thumbnail","hentry","category-saude","tag-ciencia","tag-dia-das-mulheres"],"yoast_head":"<!-- This site is optimized with the Yoast SEO plugin v27.4 - https:\/\/yoast.com\/product\/yoast-seo-wordpress\/ -->\n<title>Mulheres na sa\u00fade: cientistas que transformaram o cuidado e a ci\u00eancia<\/title>\n<meta name=\"description\" content=\"Conhe\u00e7a mulheres que marcaram a hist\u00f3ria da sa\u00fade e da ci\u00eancia, transformando o cuidado, a pesquisa e inspirando novas gera\u00e7\u00f5es de profissionais.\" \/>\n<meta name=\"robots\" content=\"index, follow, max-snippet:-1, max-image-preview:large, max-video-preview:-1\" \/>\n<link rel=\"canonical\" href=\"https:\/\/blog.saocamilo-sp.br\/index.php\/2026\/03\/06\/mulheres-na-saude-cientistas-que-transformaram-o-cuidado-e-a-ciencia\/\" \/>\n<meta property=\"og:locale\" content=\"pt_BR\" \/>\n<meta property=\"og:type\" content=\"article\" \/>\n<meta property=\"og:title\" content=\"Mulheres na sa\u00fade: cientistas que transformaram o cuidado e a ci\u00eancia\" \/>\n<meta property=\"og:description\" content=\"Conhe\u00e7a mulheres que marcaram a hist\u00f3ria da sa\u00fade e da ci\u00eancia, transformando o cuidado, a pesquisa e inspirando novas gera\u00e7\u00f5es de profissionais.\" \/>\n<meta property=\"og:url\" content=\"https:\/\/blog.saocamilo-sp.br\/index.php\/2026\/03\/06\/mulheres-na-saude-cientistas-que-transformaram-o-cuidado-e-a-ciencia\/\" \/>\n<meta property=\"og:site_name\" content=\"Blog S\u00e3o Camilo\" \/>\n<meta property=\"article:publisher\" content=\"https:\/\/www.facebook.com\/saocamilosp\" \/>\n<meta property=\"article:published_time\" content=\"2026-03-06T18:09:44+00:00\" \/>\n<meta property=\"article:modified_time\" content=\"2026-03-06T18:09:46+00:00\" \/>\n<meta property=\"og:image\" content=\"https:\/\/blog.saocamilo-sp.br\/wp-content\/uploads\/2026\/03\/mulheres-na-saude.jpg\" \/>\n\t<meta property=\"og:image:width\" content=\"600\" \/>\n\t<meta property=\"og:image:height\" content=\"406\" \/>\n\t<meta property=\"og:image:type\" content=\"image\/jpeg\" \/>\n<meta name=\"author\" content=\"Christopher Oliveira dos Reis\" \/>\n<meta name=\"twitter:card\" content=\"summary_large_image\" \/>\n<meta name=\"twitter:creator\" content=\"@saocamilosp\" \/>\n<meta name=\"twitter:site\" content=\"@saocamilosp\" \/>\n<meta name=\"twitter:label1\" content=\"Escrito por\" \/>\n\t<meta name=\"twitter:data1\" content=\"Christopher Oliveira dos Reis\" \/>\n\t<meta name=\"twitter:label2\" content=\"Est. tempo de leitura\" \/>\n\t<meta name=\"twitter:data2\" content=\"8 minutos\" \/>\n<script type=\"application\/ld+json\" class=\"yoast-schema-graph\">{\"@context\":\"https:\\\/\\\/schema.org\",\"@graph\":[{\"@type\":\"Article\",\"@id\":\"https:\\\/\\\/blog.saocamilo-sp.br\\\/index.php\\\/2026\\\/03\\\/06\\\/mulheres-na-saude-cientistas-que-transformaram-o-cuidado-e-a-ciencia\\\/#article\",\"isPartOf\":{\"@id\":\"https:\\\/\\\/blog.saocamilo-sp.br\\\/index.php\\\/2026\\\/03\\\/06\\\/mulheres-na-saude-cientistas-que-transformaram-o-cuidado-e-a-ciencia\\\/\"},\"author\":{\"name\":\"Christopher Oliveira dos Reis\",\"@id\":\"https:\\\/\\\/blog.saocamilo-sp.br\\\/#\\\/schema\\\/person\\\/7dce5f342af0848eb2f06778b2737904\"},\"headline\":\"Mulheres na sa\u00fade: cientistas que transformaram o cuidado e a ci\u00eancia\",\"datePublished\":\"2026-03-06T18:09:44+00:00\",\"dateModified\":\"2026-03-06T18:09:46+00:00\",\"mainEntityOfPage\":{\"@id\":\"https:\\\/\\\/blog.saocamilo-sp.br\\\/index.php\\\/2026\\\/03\\\/06\\\/mulheres-na-saude-cientistas-que-transformaram-o-cuidado-e-a-ciencia\\\/\"},\"wordCount\":1146,\"commentCount\":0,\"publisher\":{\"@id\":\"https:\\\/\\\/blog.saocamilo-sp.br\\\/#organization\"},\"image\":{\"@id\":\"https:\\\/\\\/blog.saocamilo-sp.br\\\/index.php\\\/2026\\\/03\\\/06\\\/mulheres-na-saude-cientistas-que-transformaram-o-cuidado-e-a-ciencia\\\/#primaryimage\"},\"thumbnailUrl\":\"https:\\\/\\\/blog.saocamilo-sp.br\\\/wp-content\\\/uploads\\\/2026\\\/03\\\/mulheres-na-saude.jpg\",\"keywords\":[\"ci\u00eancia\",\"dia das mulheres\"],\"articleSection\":[\"Sa\u00fade\"],\"inLanguage\":\"pt-BR\",\"potentialAction\":[{\"@type\":\"CommentAction\",\"name\":\"Comment\",\"target\":[\"https:\\\/\\\/blog.saocamilo-sp.br\\\/index.php\\\/2026\\\/03\\\/06\\\/mulheres-na-saude-cientistas-que-transformaram-o-cuidado-e-a-ciencia\\\/#respond\"]}]},{\"@type\":\"WebPage\",\"@id\":\"https:\\\/\\\/blog.saocamilo-sp.br\\\/index.php\\\/2026\\\/03\\\/06\\\/mulheres-na-saude-cientistas-que-transformaram-o-cuidado-e-a-ciencia\\\/\",\"url\":\"https:\\\/\\\/blog.saocamilo-sp.br\\\/index.php\\\/2026\\\/03\\\/06\\\/mulheres-na-saude-cientistas-que-transformaram-o-cuidado-e-a-ciencia\\\/\",\"name\":\"Mulheres na sa\u00fade: cientistas que transformaram o cuidado e a ci\u00eancia\",\"isPartOf\":{\"@id\":\"https:\\\/\\\/blog.saocamilo-sp.br\\\/#website\"},\"primaryImageOfPage\":{\"@id\":\"https:\\\/\\\/blog.saocamilo-sp.br\\\/index.php\\\/2026\\\/03\\\/06\\\/mulheres-na-saude-cientistas-que-transformaram-o-cuidado-e-a-ciencia\\\/#primaryimage\"},\"image\":{\"@id\":\"https:\\\/\\\/blog.saocamilo-sp.br\\\/index.php\\\/2026\\\/03\\\/06\\\/mulheres-na-saude-cientistas-que-transformaram-o-cuidado-e-a-ciencia\\\/#primaryimage\"},\"thumbnailUrl\":\"https:\\\/\\\/blog.saocamilo-sp.br\\\/wp-content\\\/uploads\\\/2026\\\/03\\\/mulheres-na-saude.jpg\",\"datePublished\":\"2026-03-06T18:09:44+00:00\",\"dateModified\":\"2026-03-06T18:09:46+00:00\",\"description\":\"Conhe\u00e7a mulheres que marcaram a hist\u00f3ria da sa\u00fade e da ci\u00eancia, transformando o cuidado, a pesquisa e inspirando novas gera\u00e7\u00f5es de profissionais.\",\"breadcrumb\":{\"@id\":\"https:\\\/\\\/blog.saocamilo-sp.br\\\/index.php\\\/2026\\\/03\\\/06\\\/mulheres-na-saude-cientistas-que-transformaram-o-cuidado-e-a-ciencia\\\/#breadcrumb\"},\"inLanguage\":\"pt-BR\",\"potentialAction\":[{\"@type\":\"ReadAction\",\"target\":[\"https:\\\/\\\/blog.saocamilo-sp.br\\\/index.php\\\/2026\\\/03\\\/06\\\/mulheres-na-saude-cientistas-que-transformaram-o-cuidado-e-a-ciencia\\\/\"]}]},{\"@type\":\"ImageObject\",\"inLanguage\":\"pt-BR\",\"@id\":\"https:\\\/\\\/blog.saocamilo-sp.br\\\/index.php\\\/2026\\\/03\\\/06\\\/mulheres-na-saude-cientistas-que-transformaram-o-cuidado-e-a-ciencia\\\/#primaryimage\",\"url\":\"https:\\\/\\\/blog.saocamilo-sp.br\\\/wp-content\\\/uploads\\\/2026\\\/03\\\/mulheres-na-saude.jpg\",\"contentUrl\":\"https:\\\/\\\/blog.saocamilo-sp.br\\\/wp-content\\\/uploads\\\/2026\\\/03\\\/mulheres-na-saude.jpg\",\"width\":600,\"height\":406},{\"@type\":\"BreadcrumbList\",\"@id\":\"https:\\\/\\\/blog.saocamilo-sp.br\\\/index.php\\\/2026\\\/03\\\/06\\\/mulheres-na-saude-cientistas-que-transformaram-o-cuidado-e-a-ciencia\\\/#breadcrumb\",\"itemListElement\":[{\"@type\":\"ListItem\",\"position\":1,\"name\":\"In\u00edcio\",\"item\":\"https:\\\/\\\/blog.saocamilo-sp.br\\\/\"},{\"@type\":\"ListItem\",\"position\":2,\"name\":\"Mulheres na sa\u00fade: cientistas que transformaram o cuidado e a ci\u00eancia\"}]},{\"@type\":\"WebSite\",\"@id\":\"https:\\\/\\\/blog.saocamilo-sp.br\\\/#website\",\"url\":\"https:\\\/\\\/blog.saocamilo-sp.br\\\/\",\"name\":\"Blog S\u00e3o Camilo\",\"description\":\"Blog do Centro Universit\u00e1rio S\u00e3o Camilo\",\"publisher\":{\"@id\":\"https:\\\/\\\/blog.saocamilo-sp.br\\\/#organization\"},\"potentialAction\":[{\"@type\":\"SearchAction\",\"target\":{\"@type\":\"EntryPoint\",\"urlTemplate\":\"https:\\\/\\\/blog.saocamilo-sp.br\\\/?s={search_term_string}\"},\"query-input\":{\"@type\":\"PropertyValueSpecification\",\"valueRequired\":true,\"valueName\":\"search_term_string\"}}],\"inLanguage\":\"pt-BR\"},{\"@type\":\"Organization\",\"@id\":\"https:\\\/\\\/blog.saocamilo-sp.br\\\/#organization\",\"name\":\"Blog S\u00e3o Camilo\",\"url\":\"https:\\\/\\\/blog.saocamilo-sp.br\\\/\",\"logo\":{\"@type\":\"ImageObject\",\"inLanguage\":\"pt-BR\",\"@id\":\"https:\\\/\\\/blog.saocamilo-sp.br\\\/#\\\/schema\\\/logo\\\/image\\\/\",\"url\":\"https:\\\/\\\/blog.saocamilo-sp.br\\\/wp-content\\\/uploads\\\/2021\\\/12\\\/cropped-vazio-logo-topo.png\",\"contentUrl\":\"https:\\\/\\\/blog.saocamilo-sp.br\\\/wp-content\\\/uploads\\\/2021\\\/12\\\/cropped-vazio-logo-topo.png\",\"width\":320,\"height\":240,\"caption\":\"Blog S\u00e3o Camilo\"},\"image\":{\"@id\":\"https:\\\/\\\/blog.saocamilo-sp.br\\\/#\\\/schema\\\/logo\\\/image\\\/\"},\"sameAs\":[\"https:\\\/\\\/www.facebook.com\\\/saocamilosp\",\"https:\\\/\\\/x.com\\\/saocamilosp\",\"https:\\\/\\\/www.linkedin.com\\\/school\\\/centro-universit-rio-s-o-camilo\\\/\"]},{\"@type\":\"Person\",\"@id\":\"https:\\\/\\\/blog.saocamilo-sp.br\\\/#\\\/schema\\\/person\\\/7dce5f342af0848eb2f06778b2737904\",\"name\":\"Christopher Oliveira dos Reis\",\"image\":{\"@type\":\"ImageObject\",\"inLanguage\":\"pt-BR\",\"@id\":\"https:\\\/\\\/secure.gravatar.com\\\/avatar\\\/b09a1361215d06f22999124838358b6855376e2b7287de883b723960b0c03f82?s=96&d=mm&r=g\",\"url\":\"https:\\\/\\\/secure.gravatar.com\\\/avatar\\\/b09a1361215d06f22999124838358b6855376e2b7287de883b723960b0c03f82?s=96&d=mm&r=g\",\"contentUrl\":\"https:\\\/\\\/secure.gravatar.com\\\/avatar\\\/b09a1361215d06f22999124838358b6855376e2b7287de883b723960b0c03f82?s=96&d=mm&r=g\",\"caption\":\"Christopher Oliveira dos Reis\"},\"url\":\"https:\\\/\\\/blog.saocamilo-sp.br\\\/index.php\\\/author\\\/christopher-reis\\\/\"}]}<\/script>\n<!-- \/ Yoast SEO plugin. -->","yoast_head_json":{"title":"Mulheres na sa\u00fade: cientistas que transformaram o cuidado e a ci\u00eancia","description":"Conhe\u00e7a mulheres que marcaram a hist\u00f3ria da sa\u00fade e da ci\u00eancia, transformando o cuidado, a pesquisa e inspirando novas gera\u00e7\u00f5es de profissionais.","robots":{"index":"index","follow":"follow","max-snippet":"max-snippet:-1","max-image-preview":"max-image-preview:large","max-video-preview":"max-video-preview:-1"},"canonical":"https:\/\/blog.saocamilo-sp.br\/index.php\/2026\/03\/06\/mulheres-na-saude-cientistas-que-transformaram-o-cuidado-e-a-ciencia\/","og_locale":"pt_BR","og_type":"article","og_title":"Mulheres na sa\u00fade: cientistas que transformaram o cuidado e a ci\u00eancia","og_description":"Conhe\u00e7a mulheres que marcaram a hist\u00f3ria da sa\u00fade e da ci\u00eancia, transformando o cuidado, a pesquisa e inspirando novas gera\u00e7\u00f5es de profissionais.","og_url":"https:\/\/blog.saocamilo-sp.br\/index.php\/2026\/03\/06\/mulheres-na-saude-cientistas-que-transformaram-o-cuidado-e-a-ciencia\/","og_site_name":"Blog S\u00e3o Camilo","article_publisher":"https:\/\/www.facebook.com\/saocamilosp","article_published_time":"2026-03-06T18:09:44+00:00","article_modified_time":"2026-03-06T18:09:46+00:00","og_image":[{"width":600,"height":406,"url":"https:\/\/blog.saocamilo-sp.br\/wp-content\/uploads\/2026\/03\/mulheres-na-saude.jpg","type":"image\/jpeg"}],"author":"Christopher Oliveira dos Reis","twitter_card":"summary_large_image","twitter_creator":"@saocamilosp","twitter_site":"@saocamilosp","twitter_misc":{"Escrito por":"Christopher Oliveira dos Reis","Est. tempo de leitura":"8 minutos"},"schema":{"@context":"https:\/\/schema.org","@graph":[{"@type":"Article","@id":"https:\/\/blog.saocamilo-sp.br\/index.php\/2026\/03\/06\/mulheres-na-saude-cientistas-que-transformaram-o-cuidado-e-a-ciencia\/#article","isPartOf":{"@id":"https:\/\/blog.saocamilo-sp.br\/index.php\/2026\/03\/06\/mulheres-na-saude-cientistas-que-transformaram-o-cuidado-e-a-ciencia\/"},"author":{"name":"Christopher Oliveira dos Reis","@id":"https:\/\/blog.saocamilo-sp.br\/#\/schema\/person\/7dce5f342af0848eb2f06778b2737904"},"headline":"Mulheres na sa\u00fade: cientistas que transformaram o cuidado e a ci\u00eancia","datePublished":"2026-03-06T18:09:44+00:00","dateModified":"2026-03-06T18:09:46+00:00","mainEntityOfPage":{"@id":"https:\/\/blog.saocamilo-sp.br\/index.php\/2026\/03\/06\/mulheres-na-saude-cientistas-que-transformaram-o-cuidado-e-a-ciencia\/"},"wordCount":1146,"commentCount":0,"publisher":{"@id":"https:\/\/blog.saocamilo-sp.br\/#organization"},"image":{"@id":"https:\/\/blog.saocamilo-sp.br\/index.php\/2026\/03\/06\/mulheres-na-saude-cientistas-que-transformaram-o-cuidado-e-a-ciencia\/#primaryimage"},"thumbnailUrl":"https:\/\/blog.saocamilo-sp.br\/wp-content\/uploads\/2026\/03\/mulheres-na-saude.jpg","keywords":["ci\u00eancia","dia das mulheres"],"articleSection":["Sa\u00fade"],"inLanguage":"pt-BR","potentialAction":[{"@type":"CommentAction","name":"Comment","target":["https:\/\/blog.saocamilo-sp.br\/index.php\/2026\/03\/06\/mulheres-na-saude-cientistas-que-transformaram-o-cuidado-e-a-ciencia\/#respond"]}]},{"@type":"WebPage","@id":"https:\/\/blog.saocamilo-sp.br\/index.php\/2026\/03\/06\/mulheres-na-saude-cientistas-que-transformaram-o-cuidado-e-a-ciencia\/","url":"https:\/\/blog.saocamilo-sp.br\/index.php\/2026\/03\/06\/mulheres-na-saude-cientistas-que-transformaram-o-cuidado-e-a-ciencia\/","name":"Mulheres na sa\u00fade: cientistas que transformaram o cuidado e a ci\u00eancia","isPartOf":{"@id":"https:\/\/blog.saocamilo-sp.br\/#website"},"primaryImageOfPage":{"@id":"https:\/\/blog.saocamilo-sp.br\/index.php\/2026\/03\/06\/mulheres-na-saude-cientistas-que-transformaram-o-cuidado-e-a-ciencia\/#primaryimage"},"image":{"@id":"https:\/\/blog.saocamilo-sp.br\/index.php\/2026\/03\/06\/mulheres-na-saude-cientistas-que-transformaram-o-cuidado-e-a-ciencia\/#primaryimage"},"thumbnailUrl":"https:\/\/blog.saocamilo-sp.br\/wp-content\/uploads\/2026\/03\/mulheres-na-saude.jpg","datePublished":"2026-03-06T18:09:44+00:00","dateModified":"2026-03-06T18:09:46+00:00","description":"Conhe\u00e7a mulheres que marcaram a hist\u00f3ria da sa\u00fade e da ci\u00eancia, transformando o cuidado, a pesquisa e inspirando novas gera\u00e7\u00f5es de profissionais.","breadcrumb":{"@id":"https:\/\/blog.saocamilo-sp.br\/index.php\/2026\/03\/06\/mulheres-na-saude-cientistas-que-transformaram-o-cuidado-e-a-ciencia\/#breadcrumb"},"inLanguage":"pt-BR","potentialAction":[{"@type":"ReadAction","target":["https:\/\/blog.saocamilo-sp.br\/index.php\/2026\/03\/06\/mulheres-na-saude-cientistas-que-transformaram-o-cuidado-e-a-ciencia\/"]}]},{"@type":"ImageObject","inLanguage":"pt-BR","@id":"https:\/\/blog.saocamilo-sp.br\/index.php\/2026\/03\/06\/mulheres-na-saude-cientistas-que-transformaram-o-cuidado-e-a-ciencia\/#primaryimage","url":"https:\/\/blog.saocamilo-sp.br\/wp-content\/uploads\/2026\/03\/mulheres-na-saude.jpg","contentUrl":"https:\/\/blog.saocamilo-sp.br\/wp-content\/uploads\/2026\/03\/mulheres-na-saude.jpg","width":600,"height":406},{"@type":"BreadcrumbList","@id":"https:\/\/blog.saocamilo-sp.br\/index.php\/2026\/03\/06\/mulheres-na-saude-cientistas-que-transformaram-o-cuidado-e-a-ciencia\/#breadcrumb","itemListElement":[{"@type":"ListItem","position":1,"name":"In\u00edcio","item":"https:\/\/blog.saocamilo-sp.br\/"},{"@type":"ListItem","position":2,"name":"Mulheres na sa\u00fade: cientistas que transformaram o cuidado e a ci\u00eancia"}]},{"@type":"WebSite","@id":"https:\/\/blog.saocamilo-sp.br\/#website","url":"https:\/\/blog.saocamilo-sp.br\/","name":"Blog S\u00e3o Camilo","description":"Blog do Centro Universit\u00e1rio S\u00e3o Camilo","publisher":{"@id":"https:\/\/blog.saocamilo-sp.br\/#organization"},"potentialAction":[{"@type":"SearchAction","target":{"@type":"EntryPoint","urlTemplate":"https:\/\/blog.saocamilo-sp.br\/?s={search_term_string}"},"query-input":{"@type":"PropertyValueSpecification","valueRequired":true,"valueName":"search_term_string"}}],"inLanguage":"pt-BR"},{"@type":"Organization","@id":"https:\/\/blog.saocamilo-sp.br\/#organization","name":"Blog S\u00e3o Camilo","url":"https:\/\/blog.saocamilo-sp.br\/","logo":{"@type":"ImageObject","inLanguage":"pt-BR","@id":"https:\/\/blog.saocamilo-sp.br\/#\/schema\/logo\/image\/","url":"https:\/\/blog.saocamilo-sp.br\/wp-content\/uploads\/2021\/12\/cropped-vazio-logo-topo.png","contentUrl":"https:\/\/blog.saocamilo-sp.br\/wp-content\/uploads\/2021\/12\/cropped-vazio-logo-topo.png","width":320,"height":240,"caption":"Blog S\u00e3o Camilo"},"image":{"@id":"https:\/\/blog.saocamilo-sp.br\/#\/schema\/logo\/image\/"},"sameAs":["https:\/\/www.facebook.com\/saocamilosp","https:\/\/x.com\/saocamilosp","https:\/\/www.linkedin.com\/school\/centro-universit-rio-s-o-camilo\/"]},{"@type":"Person","@id":"https:\/\/blog.saocamilo-sp.br\/#\/schema\/person\/7dce5f342af0848eb2f06778b2737904","name":"Christopher Oliveira dos Reis","image":{"@type":"ImageObject","inLanguage":"pt-BR","@id":"https:\/\/secure.gravatar.com\/avatar\/b09a1361215d06f22999124838358b6855376e2b7287de883b723960b0c03f82?s=96&d=mm&r=g","url":"https:\/\/secure.gravatar.com\/avatar\/b09a1361215d06f22999124838358b6855376e2b7287de883b723960b0c03f82?s=96&d=mm&r=g","contentUrl":"https:\/\/secure.gravatar.com\/avatar\/b09a1361215d06f22999124838358b6855376e2b7287de883b723960b0c03f82?s=96&d=mm&r=g","caption":"Christopher Oliveira dos Reis"},"url":"https:\/\/blog.saocamilo-sp.br\/index.php\/author\/christopher-reis\/"}]}},"_links":{"self":[{"href":"https:\/\/blog.saocamilo-sp.br\/index.php\/wp-json\/wp\/v2\/posts\/4759","targetHints":{"allow":["GET"]}}],"collection":[{"href":"https:\/\/blog.saocamilo-sp.br\/index.php\/wp-json\/wp\/v2\/posts"}],"about":[{"href":"https:\/\/blog.saocamilo-sp.br\/index.php\/wp-json\/wp\/v2\/types\/post"}],"author":[{"embeddable":true,"href":"https:\/\/blog.saocamilo-sp.br\/index.php\/wp-json\/wp\/v2\/users\/11"}],"replies":[{"embeddable":true,"href":"https:\/\/blog.saocamilo-sp.br\/index.php\/wp-json\/wp\/v2\/comments?post=4759"}],"version-history":[{"count":9,"href":"https:\/\/blog.saocamilo-sp.br\/index.php\/wp-json\/wp\/v2\/posts\/4759\/revisions"}],"predecessor-version":[{"id":4788,"href":"https:\/\/blog.saocamilo-sp.br\/index.php\/wp-json\/wp\/v2\/posts\/4759\/revisions\/4788"}],"wp:featuredmedia":[{"embeddable":true,"href":"https:\/\/blog.saocamilo-sp.br\/index.php\/wp-json\/wp\/v2\/media\/4774"}],"wp:attachment":[{"href":"https:\/\/blog.saocamilo-sp.br\/index.php\/wp-json\/wp\/v2\/media?parent=4759"}],"wp:term":[{"taxonomy":"category","embeddable":true,"href":"https:\/\/blog.saocamilo-sp.br\/index.php\/wp-json\/wp\/v2\/categories?post=4759"},{"taxonomy":"post_tag","embeddable":true,"href":"https:\/\/blog.saocamilo-sp.br\/index.php\/wp-json\/wp\/v2\/tags?post=4759"}],"curies":[{"name":"wp","href":"https:\/\/api.w.org\/{rel}","templated":true}]}}