{"id":488,"date":"2023-02-28T17:49:23","date_gmt":"2023-02-28T20:49:23","guid":{"rendered":"https:\/\/blog.saocamilo-sp.br\/?p=488"},"modified":"2023-03-28T15:03:11","modified_gmt":"2023-03-28T18:03:11","slug":"farmacia-conheca-as-alternativas-em-casos-de-desabastecimento","status":"publish","type":"post","link":"https:\/\/blog.saocamilo-sp.br\/index.php\/2023\/02\/28\/farmacia-conheca-as-alternativas-em-casos-de-desabastecimento\/","title":{"rendered":"Farm\u00e1cia: conhe\u00e7a as alternativas em casos de desabastecimento"},"content":{"rendered":"\n<p>O coordenador do <a href=\"https:\/\/saocamilo-sp.br\/graduacao\/presencial\/farmacia\" target=\"_blank\" rel=\"noreferrer noopener\">curso de Farm\u00e1cia<\/a> do Centro Universit\u00e1rio S\u00e3o Camilo, <a href=\"http:\/\/lattes.cnpq.br\/5355321140431427\" target=\"_blank\" rel=\"noreferrer noopener\">Andr\u00e9 Luiz de Moura<\/a> indica farm\u00e1cias de manipula\u00e7\u00e3o como alternativa devido ao desabastecimento de rem\u00e9dios nas farm\u00e1cias.<\/p>\n\n\n\n<h3 class=\"wp-block-heading\">O aumento de infec\u00e7\u00f5es respirat\u00f3rias e a procura por medicamentos<\/h3>\n\n\n\n<p>Isto \u00e9, o sobe e desce da temperatura, a poeira e o ar seco, al\u00e9m da pandemia da Covid-19, s\u00e3o algumas causas de infec\u00e7\u00f5es respirat\u00f3rias. Sendo assim, a grande busca por antibi\u00f3ticos e rem\u00e9dios para febre, tosse, alergia e falta de ar. <\/p>\n\n\n\n<p>De acordo com o professor e coordenador do curso de <a href=\"https:\/\/blog.saocamilo-sp.br\/index.php\/2021\/12\/17\/video-vida-de-estagiario-sao-camilo-farmacia\/\" target=\"_blank\" rel=\"noreferrer noopener\">Farm\u00e1ci<\/a>a da S\u00e3o Camilo, 98% das farm\u00e1cias relataram falta de algumas de medica\u00e7\u00f5es em um levantamento feito pelo Conselho Regional de Farm\u00e1cias de S\u00e3o Paulo. <\/p>\n\n\n\n<p>\u201cO motivo do desabastecimento \u00e9 a falta do gerenciamento das ind\u00fastrias farmac\u00eauticas p\u00f3s pandemia. Pois, al\u00e9m da dificuldade de importa\u00e7\u00e3o de insumos produzidos na \u00cdndia e na China, atrelado ao aumento do consumo em decorr\u00eancia da varia\u00e7\u00e3o do clima\u201d , afirmou.<\/p>\n\n\n\n<h3 class=\"wp-block-heading\">Desabastecimento de rem\u00e9dios na farm\u00e1cia e alternativas: gen\u00e9ricos e rem\u00e9dios manipulados<\/h3>\n\n\n\n<p>Em suma, o paciente pode solicitar ao m\u00e9dico que prescreva gen\u00e9ricos, contudo que tenham simililaridade com o medicamento de refer\u00eancia. Ou seja, os rem\u00e9dios manipulados a partir do princ\u00edpio ativo em farm\u00e1cias magistrais.<\/p>\n\n\n\n<h2 class=\"wp-block-heading\">Curtiu? Confira o epis\u00f3dio completo:<\/h2>\n\n\n\n<figure class=\"wp-block-embed is-type-video is-provider-spotify wp-block-embed-spotify wp-embed-aspect-16-9 wp-has-aspect-ratio\"><div class=\"wp-block-embed__wrapper\">\n<iframe title=\"Spotify Embed: Medicamentos manipulados podem ser solu\u00e7\u00e3o para desabastecimento de rem\u00e9dios nas farm\u00e1cias\" style=\"border-radius: 12px\" width=\"624\" height=\"351\" frameborder=\"0\" allowfullscreen allow=\"autoplay; clipboard-write; encrypted-media; fullscreen; picture-in-picture\" loading=\"lazy\" src=\"https:\/\/open.spotify.com\/embed\/episode\/1SIjVafNkv5bbwNcVlcICr\/video?si=1196a842fd1646db&#038;utm_source=oembed\"><\/iframe>\n<\/div><\/figure>\n\n\n<div class=\"wp-block-post-author\"><div class=\"wp-block-post-author__avatar\"><img alt='' src='https:\/\/secure.gravatar.com\/avatar\/bcd2d703cbb48116eaac2cac8643792535238ff30b2d7ce9e16f9254ec9cae83?s=48&#038;d=mm&#038;r=g' srcset='https:\/\/secure.gravatar.com\/avatar\/bcd2d703cbb48116eaac2cac8643792535238ff30b2d7ce9e16f9254ec9cae83?s=96&#038;d=mm&#038;r=g 2x' class='avatar avatar-48 photo' height='48' width='48' \/><\/div><div class=\"wp-block-post-author__content\"><p class=\"wp-block-post-author__byline\">Texto escrito e podcast produzido por <a href=\"https:\/\/activacomunicacao.com.br\/\" target=\"_blank\" rel=\"noreferrer noopener\">Activia Comunica\u00e7\u00e3o<\/a>. Adapta\u00e7\u00e3o para blog por:<\/p><p class=\"wp-block-post-author__name\">Lucas Soares Gon\u00e7alves<\/p><\/div><\/div>\n\n\n<h6 class=\"wp-block-heading\">Navegue pelas palavras-chave:<\/h6>\n\n\n<div class=\"taxonomy-post_tag wp-block-post-terms\"><a href=\"https:\/\/blog.saocamilo-sp.br\/index.php\/tag\/desabastecimento\/\" rel=\"tag\">Desabastecimento<\/a><span class=\"wp-block-post-terms__separator\">, <\/span><a href=\"https:\/\/blog.saocamilo-sp.br\/index.php\/tag\/farmacia\/\" rel=\"tag\">Farm\u00e1cia<\/a><span class=\"wp-block-post-terms__separator\">, <\/span><a href=\"https:\/\/blog.saocamilo-sp.br\/index.php\/tag\/medicamentos\/\" rel=\"tag\">Medicamentos<\/a><span class=\"wp-block-post-terms__separator\">, <\/span><a href=\"https:\/\/blog.saocamilo-sp.br\/index.php\/tag\/saude\/\" rel=\"tag\">Sa\u00fade<\/a><\/div>\n\n\n<ul class=\"wp-block-social-links is-layout-flex wp-block-social-links-is-layout-flex\">\n\n\n\n\n\n\n\n\n\n\n\n<li class=\"wp-social-link wp-social-link-tiktok  wp-block-social-link\"><a href=\"https:\/\/www.tiktok.com\/@saocamilosp\" class=\"wp-block-social-link-anchor\"><svg width=\"24\" height=\"24\" viewBox=\"0 0 32 32\" version=\"1.1\" xmlns=\"http:\/\/www.w3.org\/2000\/svg\" aria-hidden=\"true\" focusable=\"false\"><path d=\"M16.708 0.027c1.745-0.027 3.48-0.011 5.213-0.027 0.105 2.041 0.839 4.12 2.333 5.563 1.491 1.479 3.6 2.156 5.652 2.385v5.369c-1.923-0.063-3.855-0.463-5.6-1.291-0.76-0.344-1.468-0.787-2.161-1.24-0.009 3.896 0.016 7.787-0.025 11.667-0.104 1.864-0.719 3.719-1.803 5.255-1.744 2.557-4.771 4.224-7.88 4.276-1.907 0.109-3.812-0.411-5.437-1.369-2.693-1.588-4.588-4.495-4.864-7.615-0.032-0.667-0.043-1.333-0.016-1.984 0.24-2.537 1.495-4.964 3.443-6.615 2.208-1.923 5.301-2.839 8.197-2.297 0.027 1.975-0.052 3.948-0.052 5.923-1.323-0.428-2.869-0.308-4.025 0.495-0.844 0.547-1.485 1.385-1.819 2.333-0.276 0.676-0.197 1.427-0.181 2.145 0.317 2.188 2.421 4.027 4.667 3.828 1.489-0.016 2.916-0.88 3.692-2.145 0.251-0.443 0.532-0.896 0.547-1.417 0.131-2.385 0.079-4.76 0.095-7.145 0.011-5.375-0.016-10.735 0.025-16.093z\" \/><\/svg><span class=\"wp-block-social-link-label screen-reader-text\">TikTok<\/span><\/a><\/li><\/ul>\n\n\n\n<p><\/p>\n","protected":false},"excerpt":{"rendered":"<p>O coordenador do curso de Farm\u00e1cia do Centro Universit\u00e1rio S\u00e3o Camilo, Andr\u00e9 Luiz de Moura indica farm\u00e1cias de manipula\u00e7\u00e3o como alternativa devido ao desabastecimento de rem\u00e9dios nas farm\u00e1cias.<\/p>\n","protected":false},"author":4,"featured_media":490,"comment_status":"open","ping_status":"open","sticky":false,"template":"","format":"standard","meta":{"cybocfi_hide_featured_image":"","footnotes":""},"categories":[1],"tags":[55,11,54,17],"class_list":["post-488","post","type-post","status-publish","format-standard","has-post-thumbnail","hentry","category-cursos","tag-desabastecimento","tag-farmacia","tag-medicamentos","tag-saude"],"yoast_head":"<!-- This site is optimized with the Yoast SEO plugin v27.5 - https:\/\/yoast.com\/product\/yoast-seo-wordpress\/ -->\n<title>Farm\u00e1cia: conhe\u00e7a as alternativas em casos de desabastecimento<\/title>\n<meta name=\"description\" content=\"Desabastecimento de rem\u00e9dios na farm\u00e1cia: conhe\u00e7a as alternativas, como farm\u00e1cias de manipula\u00e7\u00e3o e gen\u00e9ricos\" \/>\n<meta name=\"robots\" content=\"index, follow, max-snippet:-1, max-image-preview:large, max-video-preview:-1\" \/>\n<link rel=\"canonical\" href=\"https:\/\/blog.saocamilo-sp.br\/index.php\/2023\/02\/28\/farmacia-conheca-as-alternativas-em-casos-de-desabastecimento\/\" \/>\n<meta property=\"og:locale\" content=\"pt_BR\" \/>\n<meta property=\"og:type\" content=\"article\" \/>\n<meta property=\"og:title\" content=\"Farm\u00e1cia: conhe\u00e7a as alternativas em casos de desabastecimento\" \/>\n<meta property=\"og:description\" content=\"Desabastecimento de rem\u00e9dios na farm\u00e1cia: conhe\u00e7a as alternativas, como farm\u00e1cias de manipula\u00e7\u00e3o e gen\u00e9ricos\" \/>\n<meta property=\"og:url\" content=\"https:\/\/blog.saocamilo-sp.br\/index.php\/2023\/02\/28\/farmacia-conheca-as-alternativas-em-casos-de-desabastecimento\/\" \/>\n<meta property=\"og:site_name\" content=\"Blog S\u00e3o Camilo\" \/>\n<meta property=\"article:publisher\" content=\"https:\/\/www.facebook.com\/saocamilosp\" \/>\n<meta property=\"article:published_time\" content=\"2023-02-28T20:49:23+00:00\" \/>\n<meta property=\"article:modified_time\" content=\"2023-03-28T18:03:11+00:00\" \/>\n<meta property=\"og:image\" content=\"https:\/\/blog.saocamilo-sp.br\/wp-content\/uploads\/2023\/01\/medicamentos_manipulados_podem_ser_solucao_para_desabastecimento_de_remedios_nas_farmacias_blog_sao_camilo-scaled.jpg\" \/>\n\t<meta property=\"og:image:width\" content=\"2560\" \/>\n\t<meta property=\"og:image:height\" content=\"1706\" \/>\n\t<meta property=\"og:image:type\" content=\"image\/jpeg\" \/>\n<meta name=\"author\" content=\"Lucas Soares Gon\u00e7alves\" \/>\n<meta name=\"twitter:card\" content=\"summary_large_image\" \/>\n<meta name=\"twitter:creator\" content=\"@saocamilosp\" \/>\n<meta name=\"twitter:site\" content=\"@saocamilosp\" \/>\n<meta name=\"twitter:label1\" content=\"Escrito por\" \/>\n\t<meta name=\"twitter:data1\" content=\"Lucas Soares Gon\u00e7alves\" \/>\n\t<meta name=\"twitter:label2\" content=\"Est. tempo de leitura\" \/>\n\t<meta name=\"twitter:data2\" content=\"2 minutos\" \/>\n<script type=\"application\/ld+json\" class=\"yoast-schema-graph\">{\"@context\":\"https:\\\/\\\/schema.org\",\"@graph\":[{\"@type\":\"Article\",\"@id\":\"https:\\\/\\\/blog.saocamilo-sp.br\\\/index.php\\\/2023\\\/02\\\/28\\\/farmacia-conheca-as-alternativas-em-casos-de-desabastecimento\\\/#article\",\"isPartOf\":{\"@id\":\"https:\\\/\\\/blog.saocamilo-sp.br\\\/index.php\\\/2023\\\/02\\\/28\\\/farmacia-conheca-as-alternativas-em-casos-de-desabastecimento\\\/\"},\"author\":{\"name\":\"Lucas Soares Gon\u00e7alves\",\"@id\":\"https:\\\/\\\/blog.saocamilo-sp.br\\\/#\\\/schema\\\/person\\\/781135418152912d4b58f2db13a2eaf0\"},\"headline\":\"Farm\u00e1cia: conhe\u00e7a as alternativas em casos de desabastecimento\",\"datePublished\":\"2023-02-28T20:49:23+00:00\",\"dateModified\":\"2023-03-28T18:03:11+00:00\",\"mainEntityOfPage\":{\"@id\":\"https:\\\/\\\/blog.saocamilo-sp.br\\\/index.php\\\/2023\\\/02\\\/28\\\/farmacia-conheca-as-alternativas-em-casos-de-desabastecimento\\\/\"},\"wordCount\":264,\"commentCount\":0,\"publisher\":{\"@id\":\"https:\\\/\\\/blog.saocamilo-sp.br\\\/#organization\"},\"image\":{\"@id\":\"https:\\\/\\\/blog.saocamilo-sp.br\\\/index.php\\\/2023\\\/02\\\/28\\\/farmacia-conheca-as-alternativas-em-casos-de-desabastecimento\\\/#primaryimage\"},\"thumbnailUrl\":\"https:\\\/\\\/blog.saocamilo-sp.br\\\/wp-content\\\/uploads\\\/2023\\\/01\\\/medicamentos_manipulados_podem_ser_solucao_para_desabastecimento_de_remedios_nas_farmacias_blog_sao_camilo-scaled.jpg\",\"keywords\":[\"Desabastecimento\",\"Farm\u00e1cia\",\"Medicamentos\",\"Sa\u00fade\"],\"articleSection\":[\"Cursos\"],\"inLanguage\":\"pt-BR\",\"potentialAction\":[{\"@type\":\"CommentAction\",\"name\":\"Comment\",\"target\":[\"https:\\\/\\\/blog.saocamilo-sp.br\\\/index.php\\\/2023\\\/02\\\/28\\\/farmacia-conheca-as-alternativas-em-casos-de-desabastecimento\\\/#respond\"]}]},{\"@type\":\"WebPage\",\"@id\":\"https:\\\/\\\/blog.saocamilo-sp.br\\\/index.php\\\/2023\\\/02\\\/28\\\/farmacia-conheca-as-alternativas-em-casos-de-desabastecimento\\\/\",\"url\":\"https:\\\/\\\/blog.saocamilo-sp.br\\\/index.php\\\/2023\\\/02\\\/28\\\/farmacia-conheca-as-alternativas-em-casos-de-desabastecimento\\\/\",\"name\":\"Farm\u00e1cia: conhe\u00e7a as alternativas em casos de desabastecimento\",\"isPartOf\":{\"@id\":\"https:\\\/\\\/blog.saocamilo-sp.br\\\/#website\"},\"primaryImageOfPage\":{\"@id\":\"https:\\\/\\\/blog.saocamilo-sp.br\\\/index.php\\\/2023\\\/02\\\/28\\\/farmacia-conheca-as-alternativas-em-casos-de-desabastecimento\\\/#primaryimage\"},\"image\":{\"@id\":\"https:\\\/\\\/blog.saocamilo-sp.br\\\/index.php\\\/2023\\\/02\\\/28\\\/farmacia-conheca-as-alternativas-em-casos-de-desabastecimento\\\/#primaryimage\"},\"thumbnailUrl\":\"https:\\\/\\\/blog.saocamilo-sp.br\\\/wp-content\\\/uploads\\\/2023\\\/01\\\/medicamentos_manipulados_podem_ser_solucao_para_desabastecimento_de_remedios_nas_farmacias_blog_sao_camilo-scaled.jpg\",\"datePublished\":\"2023-02-28T20:49:23+00:00\",\"dateModified\":\"2023-03-28T18:03:11+00:00\",\"description\":\"Desabastecimento de rem\u00e9dios na farm\u00e1cia: conhe\u00e7a as alternativas, como farm\u00e1cias de manipula\u00e7\u00e3o e gen\u00e9ricos\",\"breadcrumb\":{\"@id\":\"https:\\\/\\\/blog.saocamilo-sp.br\\\/index.php\\\/2023\\\/02\\\/28\\\/farmacia-conheca-as-alternativas-em-casos-de-desabastecimento\\\/#breadcrumb\"},\"inLanguage\":\"pt-BR\",\"potentialAction\":[{\"@type\":\"ReadAction\",\"target\":[\"https:\\\/\\\/blog.saocamilo-sp.br\\\/index.php\\\/2023\\\/02\\\/28\\\/farmacia-conheca-as-alternativas-em-casos-de-desabastecimento\\\/\"]}]},{\"@type\":\"ImageObject\",\"inLanguage\":\"pt-BR\",\"@id\":\"https:\\\/\\\/blog.saocamilo-sp.br\\\/index.php\\\/2023\\\/02\\\/28\\\/farmacia-conheca-as-alternativas-em-casos-de-desabastecimento\\\/#primaryimage\",\"url\":\"https:\\\/\\\/blog.saocamilo-sp.br\\\/wp-content\\\/uploads\\\/2023\\\/01\\\/medicamentos_manipulados_podem_ser_solucao_para_desabastecimento_de_remedios_nas_farmacias_blog_sao_camilo-scaled.jpg\",\"contentUrl\":\"https:\\\/\\\/blog.saocamilo-sp.br\\\/wp-content\\\/uploads\\\/2023\\\/01\\\/medicamentos_manipulados_podem_ser_solucao_para_desabastecimento_de_remedios_nas_farmacias_blog_sao_camilo-scaled.jpg\",\"width\":2560,\"height\":1706},{\"@type\":\"BreadcrumbList\",\"@id\":\"https:\\\/\\\/blog.saocamilo-sp.br\\\/index.php\\\/2023\\\/02\\\/28\\\/farmacia-conheca-as-alternativas-em-casos-de-desabastecimento\\\/#breadcrumb\",\"itemListElement\":[{\"@type\":\"ListItem\",\"position\":1,\"name\":\"In\u00edcio\",\"item\":\"https:\\\/\\\/blog.saocamilo-sp.br\\\/\"},{\"@type\":\"ListItem\",\"position\":2,\"name\":\"Farm\u00e1cia: conhe\u00e7a as alternativas em casos de desabastecimento\"}]},{\"@type\":\"WebSite\",\"@id\":\"https:\\\/\\\/blog.saocamilo-sp.br\\\/#website\",\"url\":\"https:\\\/\\\/blog.saocamilo-sp.br\\\/\",\"name\":\"Blog S\u00e3o Camilo\",\"description\":\"Blog do Centro Universit\u00e1rio S\u00e3o Camilo\",\"publisher\":{\"@id\":\"https:\\\/\\\/blog.saocamilo-sp.br\\\/#organization\"},\"potentialAction\":[{\"@type\":\"SearchAction\",\"target\":{\"@type\":\"EntryPoint\",\"urlTemplate\":\"https:\\\/\\\/blog.saocamilo-sp.br\\\/?s={search_term_string}\"},\"query-input\":{\"@type\":\"PropertyValueSpecification\",\"valueRequired\":true,\"valueName\":\"search_term_string\"}}],\"inLanguage\":\"pt-BR\"},{\"@type\":\"Organization\",\"@id\":\"https:\\\/\\\/blog.saocamilo-sp.br\\\/#organization\",\"name\":\"Blog S\u00e3o Camilo\",\"url\":\"https:\\\/\\\/blog.saocamilo-sp.br\\\/\",\"logo\":{\"@type\":\"ImageObject\",\"inLanguage\":\"pt-BR\",\"@id\":\"https:\\\/\\\/blog.saocamilo-sp.br\\\/#\\\/schema\\\/logo\\\/image\\\/\",\"url\":\"https:\\\/\\\/blog.saocamilo-sp.br\\\/wp-content\\\/uploads\\\/2021\\\/12\\\/cropped-vazio-logo-topo.png\",\"contentUrl\":\"https:\\\/\\\/blog.saocamilo-sp.br\\\/wp-content\\\/uploads\\\/2021\\\/12\\\/cropped-vazio-logo-topo.png\",\"width\":320,\"height\":240,\"caption\":\"Blog S\u00e3o Camilo\"},\"image\":{\"@id\":\"https:\\\/\\\/blog.saocamilo-sp.br\\\/#\\\/schema\\\/logo\\\/image\\\/\"},\"sameAs\":[\"https:\\\/\\\/www.facebook.com\\\/saocamilosp\",\"https:\\\/\\\/x.com\\\/saocamilosp\",\"https:\\\/\\\/www.linkedin.com\\\/school\\\/centro-universit-rio-s-o-camilo\\\/\"]},{\"@type\":\"Person\",\"@id\":\"https:\\\/\\\/blog.saocamilo-sp.br\\\/#\\\/schema\\\/person\\\/781135418152912d4b58f2db13a2eaf0\",\"name\":\"Lucas Soares Gon\u00e7alves\",\"image\":{\"@type\":\"ImageObject\",\"inLanguage\":\"pt-BR\",\"@id\":\"https:\\\/\\\/secure.gravatar.com\\\/avatar\\\/bcd2d703cbb48116eaac2cac8643792535238ff30b2d7ce9e16f9254ec9cae83?s=96&d=mm&r=g\",\"url\":\"https:\\\/\\\/secure.gravatar.com\\\/avatar\\\/bcd2d703cbb48116eaac2cac8643792535238ff30b2d7ce9e16f9254ec9cae83?s=96&d=mm&r=g\",\"contentUrl\":\"https:\\\/\\\/secure.gravatar.com\\\/avatar\\\/bcd2d703cbb48116eaac2cac8643792535238ff30b2d7ce9e16f9254ec9cae83?s=96&d=mm&r=g\",\"caption\":\"Lucas Soares Gon\u00e7alves\"},\"url\":\"https:\\\/\\\/blog.saocamilo-sp.br\\\/index.php\\\/author\\\/lucas-soares-goncalves\\\/\"}]}<\/script>\n<!-- \/ Yoast SEO plugin. -->","yoast_head_json":{"title":"Farm\u00e1cia: conhe\u00e7a as alternativas em casos de desabastecimento","description":"Desabastecimento de rem\u00e9dios na farm\u00e1cia: conhe\u00e7a as alternativas, como farm\u00e1cias de manipula\u00e7\u00e3o e gen\u00e9ricos","robots":{"index":"index","follow":"follow","max-snippet":"max-snippet:-1","max-image-preview":"max-image-preview:large","max-video-preview":"max-video-preview:-1"},"canonical":"https:\/\/blog.saocamilo-sp.br\/index.php\/2023\/02\/28\/farmacia-conheca-as-alternativas-em-casos-de-desabastecimento\/","og_locale":"pt_BR","og_type":"article","og_title":"Farm\u00e1cia: conhe\u00e7a as alternativas em casos de desabastecimento","og_description":"Desabastecimento de rem\u00e9dios na farm\u00e1cia: conhe\u00e7a as alternativas, como farm\u00e1cias de manipula\u00e7\u00e3o e gen\u00e9ricos","og_url":"https:\/\/blog.saocamilo-sp.br\/index.php\/2023\/02\/28\/farmacia-conheca-as-alternativas-em-casos-de-desabastecimento\/","og_site_name":"Blog S\u00e3o Camilo","article_publisher":"https:\/\/www.facebook.com\/saocamilosp","article_published_time":"2023-02-28T20:49:23+00:00","article_modified_time":"2023-03-28T18:03:11+00:00","og_image":[{"width":2560,"height":1706,"url":"https:\/\/blog.saocamilo-sp.br\/wp-content\/uploads\/2023\/01\/medicamentos_manipulados_podem_ser_solucao_para_desabastecimento_de_remedios_nas_farmacias_blog_sao_camilo-scaled.jpg","type":"image\/jpeg"}],"author":"Lucas Soares Gon\u00e7alves","twitter_card":"summary_large_image","twitter_creator":"@saocamilosp","twitter_site":"@saocamilosp","twitter_misc":{"Escrito por":"Lucas Soares Gon\u00e7alves","Est. tempo de leitura":"2 minutos"},"schema":{"@context":"https:\/\/schema.org","@graph":[{"@type":"Article","@id":"https:\/\/blog.saocamilo-sp.br\/index.php\/2023\/02\/28\/farmacia-conheca-as-alternativas-em-casos-de-desabastecimento\/#article","isPartOf":{"@id":"https:\/\/blog.saocamilo-sp.br\/index.php\/2023\/02\/28\/farmacia-conheca-as-alternativas-em-casos-de-desabastecimento\/"},"author":{"name":"Lucas Soares Gon\u00e7alves","@id":"https:\/\/blog.saocamilo-sp.br\/#\/schema\/person\/781135418152912d4b58f2db13a2eaf0"},"headline":"Farm\u00e1cia: conhe\u00e7a as alternativas em casos de desabastecimento","datePublished":"2023-02-28T20:49:23+00:00","dateModified":"2023-03-28T18:03:11+00:00","mainEntityOfPage":{"@id":"https:\/\/blog.saocamilo-sp.br\/index.php\/2023\/02\/28\/farmacia-conheca-as-alternativas-em-casos-de-desabastecimento\/"},"wordCount":264,"commentCount":0,"publisher":{"@id":"https:\/\/blog.saocamilo-sp.br\/#organization"},"image":{"@id":"https:\/\/blog.saocamilo-sp.br\/index.php\/2023\/02\/28\/farmacia-conheca-as-alternativas-em-casos-de-desabastecimento\/#primaryimage"},"thumbnailUrl":"https:\/\/blog.saocamilo-sp.br\/wp-content\/uploads\/2023\/01\/medicamentos_manipulados_podem_ser_solucao_para_desabastecimento_de_remedios_nas_farmacias_blog_sao_camilo-scaled.jpg","keywords":["Desabastecimento","Farm\u00e1cia","Medicamentos","Sa\u00fade"],"articleSection":["Cursos"],"inLanguage":"pt-BR","potentialAction":[{"@type":"CommentAction","name":"Comment","target":["https:\/\/blog.saocamilo-sp.br\/index.php\/2023\/02\/28\/farmacia-conheca-as-alternativas-em-casos-de-desabastecimento\/#respond"]}]},{"@type":"WebPage","@id":"https:\/\/blog.saocamilo-sp.br\/index.php\/2023\/02\/28\/farmacia-conheca-as-alternativas-em-casos-de-desabastecimento\/","url":"https:\/\/blog.saocamilo-sp.br\/index.php\/2023\/02\/28\/farmacia-conheca-as-alternativas-em-casos-de-desabastecimento\/","name":"Farm\u00e1cia: conhe\u00e7a as alternativas em casos de desabastecimento","isPartOf":{"@id":"https:\/\/blog.saocamilo-sp.br\/#website"},"primaryImageOfPage":{"@id":"https:\/\/blog.saocamilo-sp.br\/index.php\/2023\/02\/28\/farmacia-conheca-as-alternativas-em-casos-de-desabastecimento\/#primaryimage"},"image":{"@id":"https:\/\/blog.saocamilo-sp.br\/index.php\/2023\/02\/28\/farmacia-conheca-as-alternativas-em-casos-de-desabastecimento\/#primaryimage"},"thumbnailUrl":"https:\/\/blog.saocamilo-sp.br\/wp-content\/uploads\/2023\/01\/medicamentos_manipulados_podem_ser_solucao_para_desabastecimento_de_remedios_nas_farmacias_blog_sao_camilo-scaled.jpg","datePublished":"2023-02-28T20:49:23+00:00","dateModified":"2023-03-28T18:03:11+00:00","description":"Desabastecimento de rem\u00e9dios na farm\u00e1cia: conhe\u00e7a as alternativas, como farm\u00e1cias de manipula\u00e7\u00e3o e gen\u00e9ricos","breadcrumb":{"@id":"https:\/\/blog.saocamilo-sp.br\/index.php\/2023\/02\/28\/farmacia-conheca-as-alternativas-em-casos-de-desabastecimento\/#breadcrumb"},"inLanguage":"pt-BR","potentialAction":[{"@type":"ReadAction","target":["https:\/\/blog.saocamilo-sp.br\/index.php\/2023\/02\/28\/farmacia-conheca-as-alternativas-em-casos-de-desabastecimento\/"]}]},{"@type":"ImageObject","inLanguage":"pt-BR","@id":"https:\/\/blog.saocamilo-sp.br\/index.php\/2023\/02\/28\/farmacia-conheca-as-alternativas-em-casos-de-desabastecimento\/#primaryimage","url":"https:\/\/blog.saocamilo-sp.br\/wp-content\/uploads\/2023\/01\/medicamentos_manipulados_podem_ser_solucao_para_desabastecimento_de_remedios_nas_farmacias_blog_sao_camilo-scaled.jpg","contentUrl":"https:\/\/blog.saocamilo-sp.br\/wp-content\/uploads\/2023\/01\/medicamentos_manipulados_podem_ser_solucao_para_desabastecimento_de_remedios_nas_farmacias_blog_sao_camilo-scaled.jpg","width":2560,"height":1706},{"@type":"BreadcrumbList","@id":"https:\/\/blog.saocamilo-sp.br\/index.php\/2023\/02\/28\/farmacia-conheca-as-alternativas-em-casos-de-desabastecimento\/#breadcrumb","itemListElement":[{"@type":"ListItem","position":1,"name":"In\u00edcio","item":"https:\/\/blog.saocamilo-sp.br\/"},{"@type":"ListItem","position":2,"name":"Farm\u00e1cia: conhe\u00e7a as alternativas em casos de desabastecimento"}]},{"@type":"WebSite","@id":"https:\/\/blog.saocamilo-sp.br\/#website","url":"https:\/\/blog.saocamilo-sp.br\/","name":"Blog S\u00e3o Camilo","description":"Blog do Centro Universit\u00e1rio S\u00e3o Camilo","publisher":{"@id":"https:\/\/blog.saocamilo-sp.br\/#organization"},"potentialAction":[{"@type":"SearchAction","target":{"@type":"EntryPoint","urlTemplate":"https:\/\/blog.saocamilo-sp.br\/?s={search_term_string}"},"query-input":{"@type":"PropertyValueSpecification","valueRequired":true,"valueName":"search_term_string"}}],"inLanguage":"pt-BR"},{"@type":"Organization","@id":"https:\/\/blog.saocamilo-sp.br\/#organization","name":"Blog S\u00e3o Camilo","url":"https:\/\/blog.saocamilo-sp.br\/","logo":{"@type":"ImageObject","inLanguage":"pt-BR","@id":"https:\/\/blog.saocamilo-sp.br\/#\/schema\/logo\/image\/","url":"https:\/\/blog.saocamilo-sp.br\/wp-content\/uploads\/2021\/12\/cropped-vazio-logo-topo.png","contentUrl":"https:\/\/blog.saocamilo-sp.br\/wp-content\/uploads\/2021\/12\/cropped-vazio-logo-topo.png","width":320,"height":240,"caption":"Blog S\u00e3o Camilo"},"image":{"@id":"https:\/\/blog.saocamilo-sp.br\/#\/schema\/logo\/image\/"},"sameAs":["https:\/\/www.facebook.com\/saocamilosp","https:\/\/x.com\/saocamilosp","https:\/\/www.linkedin.com\/school\/centro-universit-rio-s-o-camilo\/"]},{"@type":"Person","@id":"https:\/\/blog.saocamilo-sp.br\/#\/schema\/person\/781135418152912d4b58f2db13a2eaf0","name":"Lucas Soares Gon\u00e7alves","image":{"@type":"ImageObject","inLanguage":"pt-BR","@id":"https:\/\/secure.gravatar.com\/avatar\/bcd2d703cbb48116eaac2cac8643792535238ff30b2d7ce9e16f9254ec9cae83?s=96&d=mm&r=g","url":"https:\/\/secure.gravatar.com\/avatar\/bcd2d703cbb48116eaac2cac8643792535238ff30b2d7ce9e16f9254ec9cae83?s=96&d=mm&r=g","contentUrl":"https:\/\/secure.gravatar.com\/avatar\/bcd2d703cbb48116eaac2cac8643792535238ff30b2d7ce9e16f9254ec9cae83?s=96&d=mm&r=g","caption":"Lucas Soares Gon\u00e7alves"},"url":"https:\/\/blog.saocamilo-sp.br\/index.php\/author\/lucas-soares-goncalves\/"}]}},"_links":{"self":[{"href":"https:\/\/blog.saocamilo-sp.br\/index.php\/wp-json\/wp\/v2\/posts\/488","targetHints":{"allow":["GET"]}}],"collection":[{"href":"https:\/\/blog.saocamilo-sp.br\/index.php\/wp-json\/wp\/v2\/posts"}],"about":[{"href":"https:\/\/blog.saocamilo-sp.br\/index.php\/wp-json\/wp\/v2\/types\/post"}],"author":[{"embeddable":true,"href":"https:\/\/blog.saocamilo-sp.br\/index.php\/wp-json\/wp\/v2\/users\/4"}],"replies":[{"embeddable":true,"href":"https:\/\/blog.saocamilo-sp.br\/index.php\/wp-json\/wp\/v2\/comments?post=488"}],"version-history":[{"count":15,"href":"https:\/\/blog.saocamilo-sp.br\/index.php\/wp-json\/wp\/v2\/posts\/488\/revisions"}],"predecessor-version":[{"id":885,"href":"https:\/\/blog.saocamilo-sp.br\/index.php\/wp-json\/wp\/v2\/posts\/488\/revisions\/885"}],"wp:featuredmedia":[{"embeddable":true,"href":"https:\/\/blog.saocamilo-sp.br\/index.php\/wp-json\/wp\/v2\/media\/490"}],"wp:attachment":[{"href":"https:\/\/blog.saocamilo-sp.br\/index.php\/wp-json\/wp\/v2\/media?parent=488"}],"wp:term":[{"taxonomy":"category","embeddable":true,"href":"https:\/\/blog.saocamilo-sp.br\/index.php\/wp-json\/wp\/v2\/categories?post=488"},{"taxonomy":"post_tag","embeddable":true,"href":"https:\/\/blog.saocamilo-sp.br\/index.php\/wp-json\/wp\/v2\/tags?post=488"}],"curies":[{"name":"wp","href":"https:\/\/api.w.org\/{rel}","templated":true}]}}