{"id":5155,"date":"2026-04-28T11:36:41","date_gmt":"2026-04-28T14:36:41","guid":{"rendered":"https:\/\/blog.saocamilo-sp.br\/?p=5155"},"modified":"2026-04-28T11:45:01","modified_gmt":"2026-04-28T14:45:01","slug":"campanha-autismo-conscientizacao-tea-inclusao","status":"publish","type":"post","link":"https:\/\/blog.saocamilo-sp.br\/index.php\/2026\/04\/28\/campanha-autismo-conscientizacao-tea-inclusao\/","title":{"rendered":"TEA conhe\u00e7a os s\u00edmbolos e como promover inclus\u00e3o"},"content":{"rendered":"\n<p>A campanha mundial sobre o Transtorno do Espectro Autista (TEA) tem como principal objetivo ampliar o conhecimento da sociedade sobre o tema. Mais do que uma data simb\u00f3lica, esse movimento convida \u00e0 reflex\u00e3o, ao respeito e, sobretudo, \u00e0 constru\u00e7\u00e3o de rela\u00e7\u00f5es mais inclusivas no cotidiano.<\/p>\n\n\n\n<p>Nesse contexto, o m\u00eas de abril ganha destaque com o movimento conhecido como Abril Azul. A iniciativa \u00e9 voltada \u00e0 conscientiza\u00e7\u00e3o sobre o autismo e busca dar visibilidade \u00e0s pessoas dentro do espectro, promovendo informa\u00e7\u00e3o, empatia e inclus\u00e3o.<\/p>\n\n\n\n<p>Al\u00e9m disso, o dia 2 de abril \u00e9 reconhecido como o Dia Mundial de Conscientiza\u00e7\u00e3o do Autismo, refor\u00e7ando a import\u00e2ncia de discutir o tema em diferentes espa\u00e7os, como escolas, servi\u00e7os de sa\u00fade e ambientes sociais.<\/p>\n\n\n\n<p>Primeiramente, \u00e9 importante entender que o autismo n\u00e3o \u00e9 uma doen\u00e7a, mas sim uma condi\u00e7\u00e3o do neurodesenvolvimento. Ou seja, trata-se de uma forma diferente de perceber, interpretar e interagir com o mundo.<\/p>\n\n\n\n<h3 class=\"wp-block-heading\">O que \u00e9 o Transtorno do Espectro Autista (TEA)?<\/h3>\n\n\n\n<p>O Transtorno do Espectro Autista (TEA) influencia diretamente as experi\u00eancias e intera\u00e7\u00f5es sociais de cada indiv\u00edduo. Essa condi\u00e7\u00e3o \u00e9 caracterizada por diferen\u00e7as na comunica\u00e7\u00e3o, na intera\u00e7\u00e3o social e nos comportamentos, que podem incluir interesses espec\u00edficos e padr\u00f5es repetitivos.<\/p>\n\n\n\n<p>Al\u00e9m disso, o TEA \u00e9 considerado uma neurodiverg\u00eancia. Em outras palavras, significa que o funcionamento do c\u00e9rebro segue caminhos diferentes do padr\u00e3o mais comum \u2014 e isso n\u00e3o deve ser visto como um d\u00e9ficit, mas como uma varia\u00e7\u00e3o humana.<\/p>\n\n\n\n<p>No entanto, \u00e9 fundamental compreender que existe uma grande diversidade dentro do espectro. Cada pessoa autista \u00e9 \u00fanica, com suas pr\u00f3prias habilidades, desafios e formas de se expressar.<\/p>\n\n\n\n<p>Nesse contexto, a forma\u00e7\u00e3o de profissionais preparados para lidar com essa diversidade torna-se essencial. O <a href=\"https:\/\/saocamilo-sp.br\/?utm_source=google_ads&amp;utm_medium=cpc&amp;utm_campaign=20328879031\" type=\"link\" id=\"https:\/\/saocamilo-sp.br\/?utm_source=google_ads&amp;utm_medium=cpc&amp;utm_campaign=20328879031\">Centro Universit\u00e1rio S\u00e3o Camilo<\/a> contribui para essa constru\u00e7\u00e3o ao promover uma educa\u00e7\u00e3o que integra conhecimento t\u00e9cnico e sensibilidade humana, preparando estudantes para atuar de forma \u00e9tica e inclusiva por meio de a\u00e7\u00f5es do N\u00facleo de Assessibilidade e do Apoio Psicopedag\u00f3gico.<\/p>\n\n\n\n<h3 class=\"wp-block-heading\">Por que a conscientiza\u00e7\u00e3o sobre o autismo \u00e9 t\u00e3o importante?<\/h3>\n\n\n\n<p>A conscientiza\u00e7\u00e3o \u00e9 um dos pilares para a inclus\u00e3o. Isso porque muitas barreiras enfrentadas por pessoas autistas n\u00e3o est\u00e3o na condi\u00e7\u00e3o em si, mas na falta de informa\u00e7\u00e3o da sociedade.<\/p>\n\n\n\n<p>Por exemplo, dificuldades na comunica\u00e7\u00e3o podem ser interpretadas de forma equivocada como desinteresse ou falta de educa\u00e7\u00e3o. Da mesma forma, comportamentos repetitivos podem ser vistos com estranhamento, quando, na verdade, fazem parte da forma como aquela pessoa organiza suas experi\u00eancias.<\/p>\n\n\n\n<p>Portanto, campanhas de conscientiza\u00e7\u00e3o ajudam a reduzir preconceitos, ampliar o entendimento e incentivar atitudes mais emp\u00e1ticas no dia a dia.<\/p>\n\n\n\n<h3 class=\"wp-block-heading\">S\u00edmbolos do autismo: o que os cord\u00f5es representam?<\/h3>\n\n\n\n<p>Nos \u00faltimos anos, o uso de cord\u00f5es tem se tornado uma importante ferramenta de comunica\u00e7\u00e3o n\u00e3o verbal. Esses s\u00edmbolos ajudam a sinalizar necessidades espec\u00edficas de forma discreta, promovendo respeito e acolhimento em diferentes ambientes.<\/p>\n\n\n\n<h3 class=\"wp-block-heading\">Cord\u00e3o de quebra-cabe\u00e7a<\/h3>\n\n\n\n<figure class=\"wp-block-image size-full is-resized\"><img loading=\"lazy\" decoding=\"async\" width=\"225\" height=\"225\" src=\"https:\/\/blog.saocamilo-sp.br\/wp-content\/uploads\/2026\/04\/images-1.jpg\" alt=\"\" class=\"wp-image-5167\" style=\"width:199px;height:auto\" srcset=\"https:\/\/blog.saocamilo-sp.br\/wp-content\/uploads\/2026\/04\/images-1.jpg 225w, https:\/\/blog.saocamilo-sp.br\/wp-content\/uploads\/2026\/04\/images-1-150x150.jpg 150w\" sizes=\"auto, (max-width: 225px) 100vw, 225px\" \/><\/figure>\n\n\n\n<p>Utilizado por pessoas com TEA, o cord\u00e3o de quebra-cabe\u00e7a indica que a pessoa pode precisar de suporte espec\u00edfico. Al\u00e9m disso, sinaliza a import\u00e2ncia de respeitar seus espa\u00e7os e compreender suas formas de intera\u00e7\u00e3o.<\/p>\n\n\n\n<h3 class=\"wp-block-heading\">Cord\u00e3o de girassol<\/h3>\n\n\n\n<figure class=\"wp-block-image size-full is-resized\"><img loading=\"lazy\" decoding=\"async\" width=\"870\" height=\"420\" src=\"https:\/\/blog.saocamilo-sp.br\/wp-content\/uploads\/2026\/04\/cordaogirassol.jpg\" alt=\"\" class=\"wp-image-5168\" style=\"aspect-ratio:2.0714368281123567;width:377px;height:auto\" srcset=\"https:\/\/blog.saocamilo-sp.br\/wp-content\/uploads\/2026\/04\/cordaogirassol.jpg 870w, https:\/\/blog.saocamilo-sp.br\/wp-content\/uploads\/2026\/04\/cordaogirassol-300x145.jpg 300w, https:\/\/blog.saocamilo-sp.br\/wp-content\/uploads\/2026\/04\/cordaogirassol-768x371.jpg 768w, https:\/\/blog.saocamilo-sp.br\/wp-content\/uploads\/2026\/04\/cordaogirassol-600x290.jpg 600w\" sizes=\"auto, (max-width: 870px) 100vw, 870px\" \/><\/figure>\n\n\n\n<p>Esse cord\u00e3o \u00e9 voltado para pessoas com defici\u00eancias ocultas. Ou seja, condi\u00e7\u00f5es que n\u00e3o s\u00e3o imediatamente vis\u00edveis, como ansiedade, surdez, diabetes ou o pr\u00f3prio autismo.<\/p>\n\n\n\n<p>Nesse sentido, o s\u00edmbolo funciona como um convite \u00e0 empatia. Ele indica que a pessoa pode precisar de mais tempo, paci\u00eancia ou apoio em determinadas situa\u00e7\u00f5es.<\/p>\n\n\n\n<h3 class=\"wp-block-heading\">Cord\u00e3o de infinito<\/h3>\n\n\n\n<figure class=\"wp-block-image size-large is-resized\"><img loading=\"lazy\" decoding=\"async\" width=\"768\" height=\"1024\" src=\"https:\/\/blog.saocamilo-sp.br\/wp-content\/uploads\/2026\/04\/51XYhHHpOoL-768x1024.jpg\" alt=\"\" class=\"wp-image-5170\" style=\"aspect-ratio:0.750005476091385;width:166px;height:auto\" srcset=\"https:\/\/blog.saocamilo-sp.br\/wp-content\/uploads\/2026\/04\/51XYhHHpOoL-768x1024.jpg 768w, https:\/\/blog.saocamilo-sp.br\/wp-content\/uploads\/2026\/04\/51XYhHHpOoL-225x300.jpg 225w, https:\/\/blog.saocamilo-sp.br\/wp-content\/uploads\/2026\/04\/51XYhHHpOoL-600x800.jpg 600w, https:\/\/blog.saocamilo-sp.br\/wp-content\/uploads\/2026\/04\/51XYhHHpOoL-945x1260.jpg 945w, https:\/\/blog.saocamilo-sp.br\/wp-content\/uploads\/2026\/04\/51XYhHHpOoL.jpg 960w\" sizes=\"auto, (max-width: 768px) 100vw, 768px\" \/><\/figure>\n\n\n\n<p>Al\u00e9m disso, esse s\u00edmbolo refor\u00e7a a ideia de que existem m\u00faltiplas formas de pensar, aprender e se relacionar todas igualmente v\u00e1lidas.<\/p>\n\n\n\n<h3 class=\"wp-block-heading\">Erros comuns ao lidar com o autismo e como evitar<\/h3>\n\n\n\n<p>Apesar dos avan\u00e7os na conscientiza\u00e7\u00e3o, ainda existem equ\u00edvocos que podem dificultar a inclus\u00e3o. Identific\u00e1-los \u00e9 um passo importante para promover mudan\u00e7as reais.<\/p>\n\n\n\n<p><strong>1. Achar que todas as pessoas autistas s\u00e3o iguais<\/strong><br>Na verdade, o espectro \u00e9 amplo. Portanto, generaliza\u00e7\u00f5es podem gerar expectativas inadequadas e prejudicar a compreens\u00e3o individual.<\/p>\n\n\n\n<p><strong>2. Ignorar sinais de necessidade de apoio<\/strong><br>Cord\u00f5es e outros indicadores existem justamente para facilitar a conviv\u00eancia. Assim, respeit\u00e1-los \u00e9 essencial.<\/p>\n\n\n\n<p><strong>3. For\u00e7ar intera\u00e7\u00f5es sociais<\/strong><br>Embora a socializa\u00e7\u00e3o seja importante, ela deve acontecer de forma respeitosa, considerando o tempo e o conforto de cada pessoa.<\/p>\n\n\n\n<p><strong>4. Subestimar capacidades<\/strong><br>Pessoas autistas possuem habilidades diversas. Muitas vezes, inclusive, apresentam talentos espec\u00edficos que devem ser reconhecidos e estimulados.<\/p>\n\n\n\n<p>Dessa forma, pequenas mudan\u00e7as de atitude podem gerar impactos significativos na constru\u00e7\u00e3o de ambientes mais inclusivos.<\/p>\n\n\n\n<h3 class=\"wp-block-heading\">Inclus\u00e3o come\u00e7a com informa\u00e7\u00e3o e atitude<\/h3>\n\n\n\n<p>Promover a inclus\u00e3o de pessoas autistas n\u00e3o depende apenas de pol\u00edticas p\u00fablicas ou institui\u00e7\u00f5es. Ela come\u00e7a nas rela\u00e7\u00f5es cotidianas na escola, na fam\u00edlia, no trabalho e nos espa\u00e7os sociais.<\/p>\n\n\n\n<p>Ao mesmo tempo, movimentos como o Abril Azul refor\u00e7am a import\u00e2ncia de manter o tema em evid\u00eancia, estimulando o aprendizado cont\u00ednuo e a constru\u00e7\u00e3o de uma cultura mais emp\u00e1tica.<\/p>\n\n\n\n<p>A educa\u00e7\u00e3o tem um papel central nesse processo. Ambientes educacionais preparados s\u00e3o capazes de acolher, orientar e desenvolver o potencial de cada indiv\u00edduo.<\/p>\n\n\n\n<p>A constru\u00e7\u00e3o de uma sociedade mais inclusiva passa pela informa\u00e7\u00e3o de qualidade e pela forma\u00e7\u00e3o de cidad\u00e3os conscientes. O Centro Universit\u00e1rio S\u00e3o Camilo contribui ativamente para esse movimento, fortalecendo o di\u00e1logo entre educa\u00e7\u00e3o, sa\u00fade e responsabilidade social.<\/p>\n\n\n\n<p>Em s\u00edntese, compreender o TEA \u00e9 o primeiro passo. O pr\u00f3ximo e mais importante \u00e9 transformar esse conhecimento em atitudes di\u00e1rias de respeito, escuta e inclus\u00e3o.<\/p>\n\n\n\n<p>Este conte\u00fado foi elaborado com base em orienta\u00e7\u00f5es e materiais do Setor de Apoio <a href=\"https:\/\/portal.saocamilo-sp.br\/servicos\/apoio-psicologico-psicopedagogico.php\" type=\"link\" id=\"https:\/\/portal.saocamilo-sp.br\/servicos\/apoio-psicologico-psicopedagogico.php\">Psicopedag\u00f3gico<\/a>, refor\u00e7ando o compromisso com a informa\u00e7\u00e3o qualificada e o cuidado com a comunidade acad\u00eamica.<\/p>\n\n\n\n<p><strong>Veja tamb\u00e9m:<\/strong><\/p>\n\n\n\n<p><a href=\"https:\/\/blog.saocamilo-sp.br\/index.php\/2025\/04\/09\/autista\/\">Abril Azul: m\u00eas de conscientiza\u00e7\u00e3o sobre o autismo<\/a><\/p>\n\n\n\n<p><a href=\"https:\/\/blog.saocamilo-sp.br\/index.php\/2025\/04\/09\/venha-conhecer-a-clinica-escola-promove-no-ipiranga\/\">Cl\u00ednica-escola PROMOVE oferece servi\u00e7os gratuitos \u00e0 popula\u00e7\u00e3o<\/a><\/p>\n\n\n\n<p><a href=\"https:\/\/blog.saocamilo-sp.br\/index.php\/2024\/11\/12\/1211-dia-do-psicopedagogo-docente-fala-mais-sobre-o-curso-que-ganha-forca-na-educacao\/\">12|11&nbsp; \u2013 Dia do Psicopedagogo: docente fala mais sobre o curso que ganha for\u00e7a na educa\u00e7\u00e3o<\/a><\/p>\n","protected":false},"excerpt":{"rendered":"<p>Entenda o que \u00e9 o Transtorno do Espectro Autista, a import\u00e2ncia da campanha e como promover inclus\u00e3o com atitudes simples e conscientes no dia a dia.<\/p>\n","protected":false},"author":11,"featured_media":5156,"comment_status":"open","ping_status":"open","sticky":false,"template":"","format":"standard","meta":{"cybocfi_hide_featured_image":"","footnotes":""},"categories":[1],"tags":[],"class_list":["post-5155","post","type-post","status-publish","format-standard","has-post-thumbnail","hentry","category-cursos"],"yoast_head":"<!-- This site is optimized with the Yoast SEO plugin v27.5 - https:\/\/yoast.com\/product\/yoast-seo-wordpress\/ -->\n<title>TEA conhe\u00e7a os s\u00edmbolos e como promover inclus\u00e3o<\/title>\n<meta name=\"description\" content=\"Entenda o que \u00e9 o Transtorno do Espectro Autista, a import\u00e2ncia da campanha e como promover inclus\u00e3o com atitudes simples e conscientes no dia a dia.\" \/>\n<meta name=\"robots\" content=\"index, follow, max-snippet:-1, max-image-preview:large, max-video-preview:-1\" \/>\n<link rel=\"canonical\" href=\"https:\/\/blog.saocamilo-sp.br\/index.php\/2026\/04\/28\/campanha-autismo-conscientizacao-tea-inclusao\/\" \/>\n<meta property=\"og:locale\" content=\"pt_BR\" \/>\n<meta property=\"og:type\" content=\"article\" \/>\n<meta property=\"og:title\" content=\"TEA conhe\u00e7a os s\u00edmbolos e como promover inclus\u00e3o\" \/>\n<meta property=\"og:description\" content=\"Entenda o que \u00e9 o Transtorno do Espectro Autista, a import\u00e2ncia da campanha e como promover inclus\u00e3o com atitudes simples e conscientes no dia a dia.\" \/>\n<meta property=\"og:url\" content=\"https:\/\/blog.saocamilo-sp.br\/index.php\/2026\/04\/28\/campanha-autismo-conscientizacao-tea-inclusao\/\" \/>\n<meta property=\"og:site_name\" content=\"Blog S\u00e3o Camilo\" \/>\n<meta property=\"article:publisher\" content=\"https:\/\/www.facebook.com\/saocamilosp\" \/>\n<meta property=\"article:published_time\" content=\"2026-04-28T14:36:41+00:00\" \/>\n<meta property=\"article:modified_time\" content=\"2026-04-28T14:45:01+00:00\" \/>\n<meta property=\"og:image\" content=\"https:\/\/blog.saocamilo-sp.br\/wp-content\/uploads\/2026\/04\/campanha-sobre-o-autismo.png\" \/>\n\t<meta property=\"og:image:width\" content=\"591\" \/>\n\t<meta property=\"og:image:height\" content=\"398\" \/>\n\t<meta property=\"og:image:type\" content=\"image\/png\" \/>\n<meta name=\"author\" content=\"Christopher Oliveira dos Reis\" \/>\n<meta name=\"twitter:card\" content=\"summary_large_image\" \/>\n<meta name=\"twitter:creator\" content=\"@saocamilosp\" \/>\n<meta name=\"twitter:site\" content=\"@saocamilosp\" \/>\n<meta name=\"twitter:label1\" content=\"Escrito por\" \/>\n\t<meta name=\"twitter:data1\" content=\"Christopher Oliveira dos Reis\" \/>\n\t<meta name=\"twitter:label2\" content=\"Est. tempo de leitura\" \/>\n\t<meta name=\"twitter:data2\" content=\"6 minutos\" \/>\n<script type=\"application\/ld+json\" class=\"yoast-schema-graph\">{\"@context\":\"https:\\\/\\\/schema.org\",\"@graph\":[{\"@type\":\"Article\",\"@id\":\"https:\\\/\\\/blog.saocamilo-sp.br\\\/index.php\\\/2026\\\/04\\\/28\\\/campanha-autismo-conscientizacao-tea-inclusao\\\/#article\",\"isPartOf\":{\"@id\":\"https:\\\/\\\/blog.saocamilo-sp.br\\\/index.php\\\/2026\\\/04\\\/28\\\/campanha-autismo-conscientizacao-tea-inclusao\\\/\"},\"author\":{\"name\":\"Christopher Oliveira dos Reis\",\"@id\":\"https:\\\/\\\/blog.saocamilo-sp.br\\\/#\\\/schema\\\/person\\\/7dce5f342af0848eb2f06778b2737904\"},\"headline\":\"TEA conhe\u00e7a os s\u00edmbolos e como promover inclus\u00e3o\",\"datePublished\":\"2026-04-28T14:36:41+00:00\",\"dateModified\":\"2026-04-28T14:45:01+00:00\",\"mainEntityOfPage\":{\"@id\":\"https:\\\/\\\/blog.saocamilo-sp.br\\\/index.php\\\/2026\\\/04\\\/28\\\/campanha-autismo-conscientizacao-tea-inclusao\\\/\"},\"wordCount\":1064,\"commentCount\":0,\"publisher\":{\"@id\":\"https:\\\/\\\/blog.saocamilo-sp.br\\\/#organization\"},\"image\":{\"@id\":\"https:\\\/\\\/blog.saocamilo-sp.br\\\/index.php\\\/2026\\\/04\\\/28\\\/campanha-autismo-conscientizacao-tea-inclusao\\\/#primaryimage\"},\"thumbnailUrl\":\"https:\\\/\\\/blog.saocamilo-sp.br\\\/wp-content\\\/uploads\\\/2026\\\/04\\\/campanha-sobre-o-autismo.png\",\"articleSection\":[\"Cursos\"],\"inLanguage\":\"pt-BR\",\"potentialAction\":[{\"@type\":\"CommentAction\",\"name\":\"Comment\",\"target\":[\"https:\\\/\\\/blog.saocamilo-sp.br\\\/index.php\\\/2026\\\/04\\\/28\\\/campanha-autismo-conscientizacao-tea-inclusao\\\/#respond\"]}]},{\"@type\":\"WebPage\",\"@id\":\"https:\\\/\\\/blog.saocamilo-sp.br\\\/index.php\\\/2026\\\/04\\\/28\\\/campanha-autismo-conscientizacao-tea-inclusao\\\/\",\"url\":\"https:\\\/\\\/blog.saocamilo-sp.br\\\/index.php\\\/2026\\\/04\\\/28\\\/campanha-autismo-conscientizacao-tea-inclusao\\\/\",\"name\":\"TEA conhe\u00e7a os s\u00edmbolos e como promover inclus\u00e3o\",\"isPartOf\":{\"@id\":\"https:\\\/\\\/blog.saocamilo-sp.br\\\/#website\"},\"primaryImageOfPage\":{\"@id\":\"https:\\\/\\\/blog.saocamilo-sp.br\\\/index.php\\\/2026\\\/04\\\/28\\\/campanha-autismo-conscientizacao-tea-inclusao\\\/#primaryimage\"},\"image\":{\"@id\":\"https:\\\/\\\/blog.saocamilo-sp.br\\\/index.php\\\/2026\\\/04\\\/28\\\/campanha-autismo-conscientizacao-tea-inclusao\\\/#primaryimage\"},\"thumbnailUrl\":\"https:\\\/\\\/blog.saocamilo-sp.br\\\/wp-content\\\/uploads\\\/2026\\\/04\\\/campanha-sobre-o-autismo.png\",\"datePublished\":\"2026-04-28T14:36:41+00:00\",\"dateModified\":\"2026-04-28T14:45:01+00:00\",\"description\":\"Entenda o que \u00e9 o Transtorno do Espectro Autista, a import\u00e2ncia da campanha e como promover inclus\u00e3o com atitudes simples e conscientes no dia a dia.\",\"breadcrumb\":{\"@id\":\"https:\\\/\\\/blog.saocamilo-sp.br\\\/index.php\\\/2026\\\/04\\\/28\\\/campanha-autismo-conscientizacao-tea-inclusao\\\/#breadcrumb\"},\"inLanguage\":\"pt-BR\",\"potentialAction\":[{\"@type\":\"ReadAction\",\"target\":[\"https:\\\/\\\/blog.saocamilo-sp.br\\\/index.php\\\/2026\\\/04\\\/28\\\/campanha-autismo-conscientizacao-tea-inclusao\\\/\"]}]},{\"@type\":\"ImageObject\",\"inLanguage\":\"pt-BR\",\"@id\":\"https:\\\/\\\/blog.saocamilo-sp.br\\\/index.php\\\/2026\\\/04\\\/28\\\/campanha-autismo-conscientizacao-tea-inclusao\\\/#primaryimage\",\"url\":\"https:\\\/\\\/blog.saocamilo-sp.br\\\/wp-content\\\/uploads\\\/2026\\\/04\\\/campanha-sobre-o-autismo.png\",\"contentUrl\":\"https:\\\/\\\/blog.saocamilo-sp.br\\\/wp-content\\\/uploads\\\/2026\\\/04\\\/campanha-sobre-o-autismo.png\",\"width\":591,\"height\":398},{\"@type\":\"BreadcrumbList\",\"@id\":\"https:\\\/\\\/blog.saocamilo-sp.br\\\/index.php\\\/2026\\\/04\\\/28\\\/campanha-autismo-conscientizacao-tea-inclusao\\\/#breadcrumb\",\"itemListElement\":[{\"@type\":\"ListItem\",\"position\":1,\"name\":\"In\u00edcio\",\"item\":\"https:\\\/\\\/blog.saocamilo-sp.br\\\/\"},{\"@type\":\"ListItem\",\"position\":2,\"name\":\"TEA conhe\u00e7a os s\u00edmbolos e como promover inclus\u00e3o\"}]},{\"@type\":\"WebSite\",\"@id\":\"https:\\\/\\\/blog.saocamilo-sp.br\\\/#website\",\"url\":\"https:\\\/\\\/blog.saocamilo-sp.br\\\/\",\"name\":\"Blog S\u00e3o Camilo\",\"description\":\"Blog do Centro Universit\u00e1rio S\u00e3o Camilo\",\"publisher\":{\"@id\":\"https:\\\/\\\/blog.saocamilo-sp.br\\\/#organization\"},\"potentialAction\":[{\"@type\":\"SearchAction\",\"target\":{\"@type\":\"EntryPoint\",\"urlTemplate\":\"https:\\\/\\\/blog.saocamilo-sp.br\\\/?s={search_term_string}\"},\"query-input\":{\"@type\":\"PropertyValueSpecification\",\"valueRequired\":true,\"valueName\":\"search_term_string\"}}],\"inLanguage\":\"pt-BR\"},{\"@type\":\"Organization\",\"@id\":\"https:\\\/\\\/blog.saocamilo-sp.br\\\/#organization\",\"name\":\"Blog S\u00e3o Camilo\",\"url\":\"https:\\\/\\\/blog.saocamilo-sp.br\\\/\",\"logo\":{\"@type\":\"ImageObject\",\"inLanguage\":\"pt-BR\",\"@id\":\"https:\\\/\\\/blog.saocamilo-sp.br\\\/#\\\/schema\\\/logo\\\/image\\\/\",\"url\":\"https:\\\/\\\/blog.saocamilo-sp.br\\\/wp-content\\\/uploads\\\/2021\\\/12\\\/cropped-vazio-logo-topo.png\",\"contentUrl\":\"https:\\\/\\\/blog.saocamilo-sp.br\\\/wp-content\\\/uploads\\\/2021\\\/12\\\/cropped-vazio-logo-topo.png\",\"width\":320,\"height\":240,\"caption\":\"Blog S\u00e3o Camilo\"},\"image\":{\"@id\":\"https:\\\/\\\/blog.saocamilo-sp.br\\\/#\\\/schema\\\/logo\\\/image\\\/\"},\"sameAs\":[\"https:\\\/\\\/www.facebook.com\\\/saocamilosp\",\"https:\\\/\\\/x.com\\\/saocamilosp\",\"https:\\\/\\\/www.linkedin.com\\\/school\\\/centro-universit-rio-s-o-camilo\\\/\"]},{\"@type\":\"Person\",\"@id\":\"https:\\\/\\\/blog.saocamilo-sp.br\\\/#\\\/schema\\\/person\\\/7dce5f342af0848eb2f06778b2737904\",\"name\":\"Christopher Oliveira dos Reis\",\"image\":{\"@type\":\"ImageObject\",\"inLanguage\":\"pt-BR\",\"@id\":\"https:\\\/\\\/secure.gravatar.com\\\/avatar\\\/b09a1361215d06f22999124838358b6855376e2b7287de883b723960b0c03f82?s=96&d=mm&r=g\",\"url\":\"https:\\\/\\\/secure.gravatar.com\\\/avatar\\\/b09a1361215d06f22999124838358b6855376e2b7287de883b723960b0c03f82?s=96&d=mm&r=g\",\"contentUrl\":\"https:\\\/\\\/secure.gravatar.com\\\/avatar\\\/b09a1361215d06f22999124838358b6855376e2b7287de883b723960b0c03f82?s=96&d=mm&r=g\",\"caption\":\"Christopher Oliveira dos Reis\"},\"url\":\"https:\\\/\\\/blog.saocamilo-sp.br\\\/index.php\\\/author\\\/christopher-reis\\\/\"}]}<\/script>\n<!-- \/ Yoast SEO plugin. -->","yoast_head_json":{"title":"TEA conhe\u00e7a os s\u00edmbolos e como promover inclus\u00e3o","description":"Entenda o que \u00e9 o Transtorno do Espectro Autista, a import\u00e2ncia da campanha e como promover inclus\u00e3o com atitudes simples e conscientes no dia a dia.","robots":{"index":"index","follow":"follow","max-snippet":"max-snippet:-1","max-image-preview":"max-image-preview:large","max-video-preview":"max-video-preview:-1"},"canonical":"https:\/\/blog.saocamilo-sp.br\/index.php\/2026\/04\/28\/campanha-autismo-conscientizacao-tea-inclusao\/","og_locale":"pt_BR","og_type":"article","og_title":"TEA conhe\u00e7a os s\u00edmbolos e como promover inclus\u00e3o","og_description":"Entenda o que \u00e9 o Transtorno do Espectro Autista, a import\u00e2ncia da campanha e como promover inclus\u00e3o com atitudes simples e conscientes no dia a dia.","og_url":"https:\/\/blog.saocamilo-sp.br\/index.php\/2026\/04\/28\/campanha-autismo-conscientizacao-tea-inclusao\/","og_site_name":"Blog S\u00e3o Camilo","article_publisher":"https:\/\/www.facebook.com\/saocamilosp","article_published_time":"2026-04-28T14:36:41+00:00","article_modified_time":"2026-04-28T14:45:01+00:00","og_image":[{"width":591,"height":398,"url":"https:\/\/blog.saocamilo-sp.br\/wp-content\/uploads\/2026\/04\/campanha-sobre-o-autismo.png","type":"image\/png"}],"author":"Christopher Oliveira dos Reis","twitter_card":"summary_large_image","twitter_creator":"@saocamilosp","twitter_site":"@saocamilosp","twitter_misc":{"Escrito por":"Christopher Oliveira dos Reis","Est. tempo de leitura":"6 minutos"},"schema":{"@context":"https:\/\/schema.org","@graph":[{"@type":"Article","@id":"https:\/\/blog.saocamilo-sp.br\/index.php\/2026\/04\/28\/campanha-autismo-conscientizacao-tea-inclusao\/#article","isPartOf":{"@id":"https:\/\/blog.saocamilo-sp.br\/index.php\/2026\/04\/28\/campanha-autismo-conscientizacao-tea-inclusao\/"},"author":{"name":"Christopher Oliveira dos Reis","@id":"https:\/\/blog.saocamilo-sp.br\/#\/schema\/person\/7dce5f342af0848eb2f06778b2737904"},"headline":"TEA conhe\u00e7a os s\u00edmbolos e como promover inclus\u00e3o","datePublished":"2026-04-28T14:36:41+00:00","dateModified":"2026-04-28T14:45:01+00:00","mainEntityOfPage":{"@id":"https:\/\/blog.saocamilo-sp.br\/index.php\/2026\/04\/28\/campanha-autismo-conscientizacao-tea-inclusao\/"},"wordCount":1064,"commentCount":0,"publisher":{"@id":"https:\/\/blog.saocamilo-sp.br\/#organization"},"image":{"@id":"https:\/\/blog.saocamilo-sp.br\/index.php\/2026\/04\/28\/campanha-autismo-conscientizacao-tea-inclusao\/#primaryimage"},"thumbnailUrl":"https:\/\/blog.saocamilo-sp.br\/wp-content\/uploads\/2026\/04\/campanha-sobre-o-autismo.png","articleSection":["Cursos"],"inLanguage":"pt-BR","potentialAction":[{"@type":"CommentAction","name":"Comment","target":["https:\/\/blog.saocamilo-sp.br\/index.php\/2026\/04\/28\/campanha-autismo-conscientizacao-tea-inclusao\/#respond"]}]},{"@type":"WebPage","@id":"https:\/\/blog.saocamilo-sp.br\/index.php\/2026\/04\/28\/campanha-autismo-conscientizacao-tea-inclusao\/","url":"https:\/\/blog.saocamilo-sp.br\/index.php\/2026\/04\/28\/campanha-autismo-conscientizacao-tea-inclusao\/","name":"TEA conhe\u00e7a os s\u00edmbolos e como promover inclus\u00e3o","isPartOf":{"@id":"https:\/\/blog.saocamilo-sp.br\/#website"},"primaryImageOfPage":{"@id":"https:\/\/blog.saocamilo-sp.br\/index.php\/2026\/04\/28\/campanha-autismo-conscientizacao-tea-inclusao\/#primaryimage"},"image":{"@id":"https:\/\/blog.saocamilo-sp.br\/index.php\/2026\/04\/28\/campanha-autismo-conscientizacao-tea-inclusao\/#primaryimage"},"thumbnailUrl":"https:\/\/blog.saocamilo-sp.br\/wp-content\/uploads\/2026\/04\/campanha-sobre-o-autismo.png","datePublished":"2026-04-28T14:36:41+00:00","dateModified":"2026-04-28T14:45:01+00:00","description":"Entenda o que \u00e9 o Transtorno do Espectro Autista, a import\u00e2ncia da campanha e como promover inclus\u00e3o com atitudes simples e conscientes no dia a dia.","breadcrumb":{"@id":"https:\/\/blog.saocamilo-sp.br\/index.php\/2026\/04\/28\/campanha-autismo-conscientizacao-tea-inclusao\/#breadcrumb"},"inLanguage":"pt-BR","potentialAction":[{"@type":"ReadAction","target":["https:\/\/blog.saocamilo-sp.br\/index.php\/2026\/04\/28\/campanha-autismo-conscientizacao-tea-inclusao\/"]}]},{"@type":"ImageObject","inLanguage":"pt-BR","@id":"https:\/\/blog.saocamilo-sp.br\/index.php\/2026\/04\/28\/campanha-autismo-conscientizacao-tea-inclusao\/#primaryimage","url":"https:\/\/blog.saocamilo-sp.br\/wp-content\/uploads\/2026\/04\/campanha-sobre-o-autismo.png","contentUrl":"https:\/\/blog.saocamilo-sp.br\/wp-content\/uploads\/2026\/04\/campanha-sobre-o-autismo.png","width":591,"height":398},{"@type":"BreadcrumbList","@id":"https:\/\/blog.saocamilo-sp.br\/index.php\/2026\/04\/28\/campanha-autismo-conscientizacao-tea-inclusao\/#breadcrumb","itemListElement":[{"@type":"ListItem","position":1,"name":"In\u00edcio","item":"https:\/\/blog.saocamilo-sp.br\/"},{"@type":"ListItem","position":2,"name":"TEA conhe\u00e7a os s\u00edmbolos e como promover inclus\u00e3o"}]},{"@type":"WebSite","@id":"https:\/\/blog.saocamilo-sp.br\/#website","url":"https:\/\/blog.saocamilo-sp.br\/","name":"Blog S\u00e3o Camilo","description":"Blog do Centro Universit\u00e1rio S\u00e3o Camilo","publisher":{"@id":"https:\/\/blog.saocamilo-sp.br\/#organization"},"potentialAction":[{"@type":"SearchAction","target":{"@type":"EntryPoint","urlTemplate":"https:\/\/blog.saocamilo-sp.br\/?s={search_term_string}"},"query-input":{"@type":"PropertyValueSpecification","valueRequired":true,"valueName":"search_term_string"}}],"inLanguage":"pt-BR"},{"@type":"Organization","@id":"https:\/\/blog.saocamilo-sp.br\/#organization","name":"Blog S\u00e3o Camilo","url":"https:\/\/blog.saocamilo-sp.br\/","logo":{"@type":"ImageObject","inLanguage":"pt-BR","@id":"https:\/\/blog.saocamilo-sp.br\/#\/schema\/logo\/image\/","url":"https:\/\/blog.saocamilo-sp.br\/wp-content\/uploads\/2021\/12\/cropped-vazio-logo-topo.png","contentUrl":"https:\/\/blog.saocamilo-sp.br\/wp-content\/uploads\/2021\/12\/cropped-vazio-logo-topo.png","width":320,"height":240,"caption":"Blog S\u00e3o Camilo"},"image":{"@id":"https:\/\/blog.saocamilo-sp.br\/#\/schema\/logo\/image\/"},"sameAs":["https:\/\/www.facebook.com\/saocamilosp","https:\/\/x.com\/saocamilosp","https:\/\/www.linkedin.com\/school\/centro-universit-rio-s-o-camilo\/"]},{"@type":"Person","@id":"https:\/\/blog.saocamilo-sp.br\/#\/schema\/person\/7dce5f342af0848eb2f06778b2737904","name":"Christopher Oliveira dos Reis","image":{"@type":"ImageObject","inLanguage":"pt-BR","@id":"https:\/\/secure.gravatar.com\/avatar\/b09a1361215d06f22999124838358b6855376e2b7287de883b723960b0c03f82?s=96&d=mm&r=g","url":"https:\/\/secure.gravatar.com\/avatar\/b09a1361215d06f22999124838358b6855376e2b7287de883b723960b0c03f82?s=96&d=mm&r=g","contentUrl":"https:\/\/secure.gravatar.com\/avatar\/b09a1361215d06f22999124838358b6855376e2b7287de883b723960b0c03f82?s=96&d=mm&r=g","caption":"Christopher Oliveira dos Reis"},"url":"https:\/\/blog.saocamilo-sp.br\/index.php\/author\/christopher-reis\/"}]}},"_links":{"self":[{"href":"https:\/\/blog.saocamilo-sp.br\/index.php\/wp-json\/wp\/v2\/posts\/5155","targetHints":{"allow":["GET"]}}],"collection":[{"href":"https:\/\/blog.saocamilo-sp.br\/index.php\/wp-json\/wp\/v2\/posts"}],"about":[{"href":"https:\/\/blog.saocamilo-sp.br\/index.php\/wp-json\/wp\/v2\/types\/post"}],"author":[{"embeddable":true,"href":"https:\/\/blog.saocamilo-sp.br\/index.php\/wp-json\/wp\/v2\/users\/11"}],"replies":[{"embeddable":true,"href":"https:\/\/blog.saocamilo-sp.br\/index.php\/wp-json\/wp\/v2\/comments?post=5155"}],"version-history":[{"count":8,"href":"https:\/\/blog.saocamilo-sp.br\/index.php\/wp-json\/wp\/v2\/posts\/5155\/revisions"}],"predecessor-version":[{"id":5173,"href":"https:\/\/blog.saocamilo-sp.br\/index.php\/wp-json\/wp\/v2\/posts\/5155\/revisions\/5173"}],"wp:featuredmedia":[{"embeddable":true,"href":"https:\/\/blog.saocamilo-sp.br\/index.php\/wp-json\/wp\/v2\/media\/5156"}],"wp:attachment":[{"href":"https:\/\/blog.saocamilo-sp.br\/index.php\/wp-json\/wp\/v2\/media?parent=5155"}],"wp:term":[{"taxonomy":"category","embeddable":true,"href":"https:\/\/blog.saocamilo-sp.br\/index.php\/wp-json\/wp\/v2\/categories?post=5155"},{"taxonomy":"post_tag","embeddable":true,"href":"https:\/\/blog.saocamilo-sp.br\/index.php\/wp-json\/wp\/v2\/tags?post=5155"}],"curies":[{"name":"wp","href":"https:\/\/api.w.org\/{rel}","templated":true}]}}