{"id":69,"date":"2021-11-03T09:44:33","date_gmt":"2021-11-03T12:44:33","guid":{"rendered":"https:\/\/blog.saocamilo-sp.br\/?p=69"},"modified":"2023-02-02T10:57:29","modified_gmt":"2023-02-02T13:57:29","slug":"curso-de-fisioterapia-um-amor-alem-da-reabilitacao-da-saude","status":"publish","type":"post","link":"https:\/\/blog.saocamilo-sp.br\/index.php\/2021\/11\/03\/curso-de-fisioterapia-um-amor-alem-da-reabilitacao-da-saude\/","title":{"rendered":"Curso de Fisioterapia: um amor al\u00e9m da reabilita\u00e7\u00e3o da sa\u00fade"},"content":{"rendered":"\n<p>Oiiiiii! Essa semana vou falar aqui no blog sobre um curso que \u00e9 sempre lembrado quando falamos de reabilita\u00e7\u00e3o da sa\u00fade: <strong><a href=\"https:\/\/saocamilo-sp.br\/graduacao\/presencial\/fisioterapia\" target=\"_blank\" rel=\"noreferrer noopener\">FISIOTERAPIA<\/a><\/strong>.<\/p>\n\n\n\n<p>Para saber mais sobre a profiss\u00e3o, conversei com a coordenadora do curso de fisioterapia da <a href=\"https:\/\/saocamilo-sp.br\/\" target=\"_blank\" rel=\"noreferrer noopener\">S\u00e3o Camilo<\/a>. Logo de cara, ela me lembrou que a atua\u00e7\u00e3o deste profissional vai al\u00e9m da reabilita\u00e7\u00e3o e tamb\u00e9m est\u00e1 na preven\u00e7\u00e3o e manuten\u00e7\u00e3o da sa\u00fade.<\/p>\n\n\n\n<h3 class=\"wp-block-heading\">O que \u00e9 Fisioterapia?<\/h3>\n\n\n\n<p>Dei uma pesquisada e encontrei essa defini\u00e7\u00e3o da profiss\u00e3o pelo <a href=\"https:\/\/www.coffito.gov.br\/nsite\/?page_id=9\" target=\"_blank\" rel=\"noreferrer noopener\">Conselho Federal de Fisioterapia Ocupacional (Coffito)<\/a>:<\/p>\n\n\n\n<p><em>&#8220;Ci\u00eancia da Sa\u00fade que <strong>estuda, previne e trata<\/strong> os dist\u00farbios cin\u00e9ticos funcionais intercorrentes em \u00f3rg\u00e3os e sistemas do corpo humano, gerados por altera\u00e7\u00f5es gen\u00e9ticas, por traumas e por doen\u00e7as adquiridas.&#8221;<\/em><\/p>\n\n\n\n<p>Isso mostra que o campo de atua\u00e7\u00e3o \u00e9 bem mais amplo do que eu imaginava. Desse modo, O profissional est\u00e1 presente em hospitais, UTIs, cl\u00ednicas, consult\u00f3rios, centros de reabilita\u00e7\u00e3o, clubes esportivos, unidades b\u00e1sicas de sa\u00fade e que pode atuar em atendimento domiciliar (home care).<\/p>\n\n\n\n<p><strong>Uma curiosidade (e oportunidade): a pandemia gerou uma demanda grande pelo atendimento domiciliar e os reflexos ser\u00e3o sentidos pelos pr\u00f3ximos anos, absorvendo inclusive quem ingressar no curso agora.<\/strong><\/p>\n\n\n\n<p>Em primeiro lugar, a coordenadora disse que os calouros t\u00eam interesse maior pelas especialidades cardiovascular, traumato-ortop\u00e9dica, respirat\u00f3ria e do esporte. Contudo, ao longo do curso, encontram (e se encantam por) outras possibilidades como dermatofuncional, do trabalho e da sa\u00fade do homem.<\/p>\n\n\n\n<p><strong>REVELA\u00c7\u00c3O DO DIA!<\/strong> Eu sempre achei que para estudar Fisioterapia tinha que gostar de biologia, mas nunca imaginei que os alunos precisam saber um pouco de f\u00edsica tamb\u00e9m. Voc\u00ea sabia que na grade est\u00e3o disciplinas que exigem c\u00e1lculo de volume, torque, \u00e2ngulo e for\u00e7a?<\/p>\n\n\n\n<p>Os cursos de Fisioterapia podem ter 4 ou 5 anos. Na <a href=\"https:\/\/saocamilo-sp.br\/\" target=\"_blank\" rel=\"noreferrer noopener\">S\u00e3o Camilo<\/a> o curso tem dura\u00e7\u00e3o de cinco anos, sendo o \u00faltimo para realiza\u00e7\u00e3o de est\u00e1gios. O interessante \u00e9 que o contato com pacientes acontece j\u00e1 no primeiro semestre, com ambienta\u00e7\u00e3o pr\u00e1tica no <a href=\"https:\/\/saocamilo-sp.br\/institucional\/servicos_comunidade\/clnica_escola_promove\" target=\"_blank\" rel=\"noreferrer noopener\">Centro de Promo\u00e7\u00e3o e Reabilita\u00e7\u00e3o em Sa\u00fade e Integra\u00e7\u00e3o Social \u2013 PROMOVE<\/a>.<\/p>\n\n\n\n<h3 class=\"wp-block-heading\">Estude sua escolha<\/h3>\n\n\n\n<p>Ali\u00e1s, na hora da escolha da institui\u00e7\u00e3o, avalie com cuidado a estrutura oferecida. Para aproveitar ao m\u00e1ximo um curso que tem esse perfil te\u00f3rico-pr\u00e1tico, \u00e9 fundamental estudar em uma institui\u00e7\u00e3o que possui cl\u00ednicas, laborat\u00f3rios e equipamentos de primeira.<\/p>\n\n\n\n<p>Por exemplo, a <a href=\"https:\/\/saocamilo-sp.br\/\" target=\"_blank\" rel=\"noreferrer noopener\">S\u00e3o Camilo<\/a> tem um Centro de Simula\u00e7\u00e3o Real\u00edstica, onde o professor pode simular situa\u00e7\u00f5es dentro de uma UTI, o que ajuda na prepara\u00e7\u00e3o dos alunos para abordagem ao paciente cr\u00edtico. Demais, n\u00e3o?<\/p>\n\n\n\n<p>Ent\u00e3o, se identificou com essa profiss\u00e3o? Clique aqui para ver a grade curricular e as disciplinas abordadas no curso.<\/p>\n\n\n\n<p><em>Acompanhe aqui no blog a minha saga na busca pela profiss\u00e3o dos sonhos!<\/em><\/p>\n\n\n\n<iframe loading=\"lazy\" src=\"https:\/\/saocamilo.apprbs.com.br\/tenho-interesse-blog\" height=\"380px\" width=\"100%\" frameborder=\"0\"><!-- Google Tag Manager -->\n<script>(function(w,d,s,l,i){w[l]=w[l]||[];w[l].push({'gtm.start':\nnew Date().getTime(),event:'gtm.js'});var f=d.getElementsByTagName(s)[0],\nj=d.createElement(s),dl=l!='dataLayer'?'&l='+l:'';j.async=true;j.src=\n'https:\/\/www.googletagmanager.com\/gtm.js?id='+i+dl;f.parentNode.insertBefore(j,f);\n})(window,document,'script','dataLayer','GTM-ND53CJ4');<\/script>\n<!-- End Google Tag Manager --><\/iframe>\n","protected":false},"excerpt":{"rendered":"<p>Oiiiiii! Essa semana vou falar aqui no blog sobre um curso que \u00e9 sempre lembrado quando falamos de reabilita\u00e7\u00e3o da sa\u00fade: FISIOTERAPIA. Para saber mais sobre a profiss\u00e3o, conversei com a coordenadora do curso de fisioterapia da S\u00e3o Camilo. Logo&#8230; <a class=\"more-link\" href=\"https:\/\/blog.saocamilo-sp.br\/index.php\/2021\/11\/03\/curso-de-fisioterapia-um-amor-alem-da-reabilitacao-da-saude\/\">Continue Reading &rarr;<\/a><\/p>\n","protected":false},"author":5,"featured_media":295,"comment_status":"open","ping_status":"open","sticky":false,"template":"","format":"standard","meta":{"cybocfi_hide_featured_image":"","footnotes":""},"categories":[1],"tags":[6],"class_list":["post-69","post","type-post","status-publish","format-standard","has-post-thumbnail","hentry","category-cursos","tag-fisioterapia"],"yoast_head":"<!-- This site is optimized with the Yoast SEO plugin v27.5 - https:\/\/yoast.com\/product\/yoast-seo-wordpress\/ -->\n<title>Curso de Fisioterapia: um amor al\u00e9m da reabilita\u00e7\u00e3o da sa\u00fade<\/title>\n<meta name=\"description\" content=\"O curso de fisioterapia proporciona uma forma\u00e7\u00e3o al\u00e9m da reabilita\u00e7\u00e3o e tamb\u00e9m est\u00e1 na preven\u00e7\u00e3o e manuten\u00e7\u00e3o da sa\u00fade.\" \/>\n<meta name=\"robots\" content=\"index, follow, max-snippet:-1, max-image-preview:large, max-video-preview:-1\" \/>\n<link rel=\"canonical\" href=\"https:\/\/blog.saocamilo-sp.br\/index.php\/2021\/11\/03\/curso-de-fisioterapia-um-amor-alem-da-reabilitacao-da-saude\/\" \/>\n<meta property=\"og:locale\" content=\"pt_BR\" \/>\n<meta property=\"og:type\" content=\"article\" \/>\n<meta property=\"og:title\" content=\"Curso de Fisioterapia: um amor al\u00e9m da reabilita\u00e7\u00e3o da sa\u00fade\" \/>\n<meta property=\"og:description\" content=\"O curso de fisioterapia proporciona uma forma\u00e7\u00e3o al\u00e9m da reabilita\u00e7\u00e3o e tamb\u00e9m est\u00e1 na preven\u00e7\u00e3o e manuten\u00e7\u00e3o da sa\u00fade.\" \/>\n<meta property=\"og:url\" content=\"https:\/\/blog.saocamilo-sp.br\/index.php\/2021\/11\/03\/curso-de-fisioterapia-um-amor-alem-da-reabilitacao-da-saude\/\" \/>\n<meta property=\"og:site_name\" content=\"Blog S\u00e3o Camilo\" \/>\n<meta property=\"article:publisher\" content=\"https:\/\/www.facebook.com\/saocamilosp\" \/>\n<meta property=\"article:published_time\" content=\"2021-11-03T12:44:33+00:00\" \/>\n<meta property=\"article:modified_time\" content=\"2023-02-02T13:57:29+00:00\" \/>\n<meta property=\"og:image\" content=\"https:\/\/blog.saocamilo-sp.br\/wp-content\/uploads\/2021\/11\/Curso-de-Fisioterapia_um-amor-alem-da-reabilitacao-da-saude.jpg\" \/>\n\t<meta property=\"og:image:width\" content=\"1024\" \/>\n\t<meta property=\"og:image:height\" content=\"683\" \/>\n\t<meta property=\"og:image:type\" content=\"image\/jpeg\" \/>\n<meta name=\"author\" content=\"Giancarlo Bonato\" \/>\n<meta name=\"twitter:card\" content=\"summary_large_image\" \/>\n<meta name=\"twitter:creator\" content=\"@saocamilosp\" \/>\n<meta name=\"twitter:site\" content=\"@saocamilosp\" \/>\n<meta name=\"twitter:label1\" content=\"Escrito por\" \/>\n\t<meta name=\"twitter:data1\" content=\"Giancarlo Bonato\" \/>\n\t<meta name=\"twitter:label2\" content=\"Est. tempo de leitura\" \/>\n\t<meta name=\"twitter:data2\" content=\"3 minutos\" \/>\n<script type=\"application\/ld+json\" class=\"yoast-schema-graph\">{\"@context\":\"https:\\\/\\\/schema.org\",\"@graph\":[{\"@type\":\"Article\",\"@id\":\"https:\\\/\\\/blog.saocamilo-sp.br\\\/index.php\\\/2021\\\/11\\\/03\\\/curso-de-fisioterapia-um-amor-alem-da-reabilitacao-da-saude\\\/#article\",\"isPartOf\":{\"@id\":\"https:\\\/\\\/blog.saocamilo-sp.br\\\/index.php\\\/2021\\\/11\\\/03\\\/curso-de-fisioterapia-um-amor-alem-da-reabilitacao-da-saude\\\/\"},\"author\":{\"name\":\"Giancarlo Bonato\",\"@id\":\"https:\\\/\\\/blog.saocamilo-sp.br\\\/#\\\/schema\\\/person\\\/2f1abef72dd95b45ae5f8e75003b32a9\"},\"headline\":\"Curso de Fisioterapia: um amor al\u00e9m da reabilita\u00e7\u00e3o da sa\u00fade\",\"datePublished\":\"2021-11-03T12:44:33+00:00\",\"dateModified\":\"2023-02-02T13:57:29+00:00\",\"mainEntityOfPage\":{\"@id\":\"https:\\\/\\\/blog.saocamilo-sp.br\\\/index.php\\\/2021\\\/11\\\/03\\\/curso-de-fisioterapia-um-amor-alem-da-reabilitacao-da-saude\\\/\"},\"wordCount\":506,\"commentCount\":5,\"publisher\":{\"@id\":\"https:\\\/\\\/blog.saocamilo-sp.br\\\/#organization\"},\"image\":{\"@id\":\"https:\\\/\\\/blog.saocamilo-sp.br\\\/index.php\\\/2021\\\/11\\\/03\\\/curso-de-fisioterapia-um-amor-alem-da-reabilitacao-da-saude\\\/#primaryimage\"},\"thumbnailUrl\":\"https:\\\/\\\/blog.saocamilo-sp.br\\\/wp-content\\\/uploads\\\/2021\\\/11\\\/Curso-de-Fisioterapia_um-amor-alem-da-reabilitacao-da-saude.jpg\",\"keywords\":[\"Fisioterapia\"],\"articleSection\":[\"Cursos\"],\"inLanguage\":\"pt-BR\",\"potentialAction\":[{\"@type\":\"CommentAction\",\"name\":\"Comment\",\"target\":[\"https:\\\/\\\/blog.saocamilo-sp.br\\\/index.php\\\/2021\\\/11\\\/03\\\/curso-de-fisioterapia-um-amor-alem-da-reabilitacao-da-saude\\\/#respond\"]}]},{\"@type\":\"WebPage\",\"@id\":\"https:\\\/\\\/blog.saocamilo-sp.br\\\/index.php\\\/2021\\\/11\\\/03\\\/curso-de-fisioterapia-um-amor-alem-da-reabilitacao-da-saude\\\/\",\"url\":\"https:\\\/\\\/blog.saocamilo-sp.br\\\/index.php\\\/2021\\\/11\\\/03\\\/curso-de-fisioterapia-um-amor-alem-da-reabilitacao-da-saude\\\/\",\"name\":\"Curso de Fisioterapia: um amor al\u00e9m da reabilita\u00e7\u00e3o da sa\u00fade\",\"isPartOf\":{\"@id\":\"https:\\\/\\\/blog.saocamilo-sp.br\\\/#website\"},\"primaryImageOfPage\":{\"@id\":\"https:\\\/\\\/blog.saocamilo-sp.br\\\/index.php\\\/2021\\\/11\\\/03\\\/curso-de-fisioterapia-um-amor-alem-da-reabilitacao-da-saude\\\/#primaryimage\"},\"image\":{\"@id\":\"https:\\\/\\\/blog.saocamilo-sp.br\\\/index.php\\\/2021\\\/11\\\/03\\\/curso-de-fisioterapia-um-amor-alem-da-reabilitacao-da-saude\\\/#primaryimage\"},\"thumbnailUrl\":\"https:\\\/\\\/blog.saocamilo-sp.br\\\/wp-content\\\/uploads\\\/2021\\\/11\\\/Curso-de-Fisioterapia_um-amor-alem-da-reabilitacao-da-saude.jpg\",\"datePublished\":\"2021-11-03T12:44:33+00:00\",\"dateModified\":\"2023-02-02T13:57:29+00:00\",\"description\":\"O curso de fisioterapia proporciona uma forma\u00e7\u00e3o al\u00e9m da reabilita\u00e7\u00e3o e tamb\u00e9m est\u00e1 na preven\u00e7\u00e3o e manuten\u00e7\u00e3o da sa\u00fade.\",\"breadcrumb\":{\"@id\":\"https:\\\/\\\/blog.saocamilo-sp.br\\\/index.php\\\/2021\\\/11\\\/03\\\/curso-de-fisioterapia-um-amor-alem-da-reabilitacao-da-saude\\\/#breadcrumb\"},\"inLanguage\":\"pt-BR\",\"potentialAction\":[{\"@type\":\"ReadAction\",\"target\":[\"https:\\\/\\\/blog.saocamilo-sp.br\\\/index.php\\\/2021\\\/11\\\/03\\\/curso-de-fisioterapia-um-amor-alem-da-reabilitacao-da-saude\\\/\"]}]},{\"@type\":\"ImageObject\",\"inLanguage\":\"pt-BR\",\"@id\":\"https:\\\/\\\/blog.saocamilo-sp.br\\\/index.php\\\/2021\\\/11\\\/03\\\/curso-de-fisioterapia-um-amor-alem-da-reabilitacao-da-saude\\\/#primaryimage\",\"url\":\"https:\\\/\\\/blog.saocamilo-sp.br\\\/wp-content\\\/uploads\\\/2021\\\/11\\\/Curso-de-Fisioterapia_um-amor-alem-da-reabilitacao-da-saude.jpg\",\"contentUrl\":\"https:\\\/\\\/blog.saocamilo-sp.br\\\/wp-content\\\/uploads\\\/2021\\\/11\\\/Curso-de-Fisioterapia_um-amor-alem-da-reabilitacao-da-saude.jpg\",\"width\":1024,\"height\":683,\"caption\":\"refer\u00eancia ao curso de fisioterapia e ao amor da reabilita\u00e7\u00e3o da saude por meio do curso de fisioterapia\"},{\"@type\":\"BreadcrumbList\",\"@id\":\"https:\\\/\\\/blog.saocamilo-sp.br\\\/index.php\\\/2021\\\/11\\\/03\\\/curso-de-fisioterapia-um-amor-alem-da-reabilitacao-da-saude\\\/#breadcrumb\",\"itemListElement\":[{\"@type\":\"ListItem\",\"position\":1,\"name\":\"In\u00edcio\",\"item\":\"https:\\\/\\\/blog.saocamilo-sp.br\\\/\"},{\"@type\":\"ListItem\",\"position\":2,\"name\":\"Curso de Fisioterapia: um amor al\u00e9m da reabilita\u00e7\u00e3o da sa\u00fade\"}]},{\"@type\":\"WebSite\",\"@id\":\"https:\\\/\\\/blog.saocamilo-sp.br\\\/#website\",\"url\":\"https:\\\/\\\/blog.saocamilo-sp.br\\\/\",\"name\":\"Blog S\u00e3o Camilo\",\"description\":\"Blog do Centro Universit\u00e1rio S\u00e3o Camilo\",\"publisher\":{\"@id\":\"https:\\\/\\\/blog.saocamilo-sp.br\\\/#organization\"},\"potentialAction\":[{\"@type\":\"SearchAction\",\"target\":{\"@type\":\"EntryPoint\",\"urlTemplate\":\"https:\\\/\\\/blog.saocamilo-sp.br\\\/?s={search_term_string}\"},\"query-input\":{\"@type\":\"PropertyValueSpecification\",\"valueRequired\":true,\"valueName\":\"search_term_string\"}}],\"inLanguage\":\"pt-BR\"},{\"@type\":\"Organization\",\"@id\":\"https:\\\/\\\/blog.saocamilo-sp.br\\\/#organization\",\"name\":\"Blog S\u00e3o Camilo\",\"url\":\"https:\\\/\\\/blog.saocamilo-sp.br\\\/\",\"logo\":{\"@type\":\"ImageObject\",\"inLanguage\":\"pt-BR\",\"@id\":\"https:\\\/\\\/blog.saocamilo-sp.br\\\/#\\\/schema\\\/logo\\\/image\\\/\",\"url\":\"https:\\\/\\\/blog.saocamilo-sp.br\\\/wp-content\\\/uploads\\\/2021\\\/12\\\/cropped-vazio-logo-topo.png\",\"contentUrl\":\"https:\\\/\\\/blog.saocamilo-sp.br\\\/wp-content\\\/uploads\\\/2021\\\/12\\\/cropped-vazio-logo-topo.png\",\"width\":320,\"height\":240,\"caption\":\"Blog S\u00e3o Camilo\"},\"image\":{\"@id\":\"https:\\\/\\\/blog.saocamilo-sp.br\\\/#\\\/schema\\\/logo\\\/image\\\/\"},\"sameAs\":[\"https:\\\/\\\/www.facebook.com\\\/saocamilosp\",\"https:\\\/\\\/x.com\\\/saocamilosp\",\"https:\\\/\\\/www.linkedin.com\\\/school\\\/centro-universit-rio-s-o-camilo\\\/\"]},{\"@type\":\"Person\",\"@id\":\"https:\\\/\\\/blog.saocamilo-sp.br\\\/#\\\/schema\\\/person\\\/2f1abef72dd95b45ae5f8e75003b32a9\",\"name\":\"Giancarlo Bonato\",\"image\":{\"@type\":\"ImageObject\",\"inLanguage\":\"pt-BR\",\"@id\":\"https:\\\/\\\/secure.gravatar.com\\\/avatar\\\/cbed0d57a74836e8481bb4b2ac15163f24841505b47ce8f4d0b58343bcbe6d77?s=96&d=mm&r=g\",\"url\":\"https:\\\/\\\/secure.gravatar.com\\\/avatar\\\/cbed0d57a74836e8481bb4b2ac15163f24841505b47ce8f4d0b58343bcbe6d77?s=96&d=mm&r=g\",\"contentUrl\":\"https:\\\/\\\/secure.gravatar.com\\\/avatar\\\/cbed0d57a74836e8481bb4b2ac15163f24841505b47ce8f4d0b58343bcbe6d77?s=96&d=mm&r=g\",\"caption\":\"Giancarlo Bonato\"},\"url\":\"https:\\\/\\\/blog.saocamilo-sp.br\\\/index.php\\\/author\\\/gbonato\\\/\"}]}<\/script>\n<!-- \/ Yoast SEO plugin. -->","yoast_head_json":{"title":"Curso de Fisioterapia: um amor al\u00e9m da reabilita\u00e7\u00e3o da sa\u00fade","description":"O curso de fisioterapia proporciona uma forma\u00e7\u00e3o al\u00e9m da reabilita\u00e7\u00e3o e tamb\u00e9m est\u00e1 na preven\u00e7\u00e3o e manuten\u00e7\u00e3o da sa\u00fade.","robots":{"index":"index","follow":"follow","max-snippet":"max-snippet:-1","max-image-preview":"max-image-preview:large","max-video-preview":"max-video-preview:-1"},"canonical":"https:\/\/blog.saocamilo-sp.br\/index.php\/2021\/11\/03\/curso-de-fisioterapia-um-amor-alem-da-reabilitacao-da-saude\/","og_locale":"pt_BR","og_type":"article","og_title":"Curso de Fisioterapia: um amor al\u00e9m da reabilita\u00e7\u00e3o da sa\u00fade","og_description":"O curso de fisioterapia proporciona uma forma\u00e7\u00e3o al\u00e9m da reabilita\u00e7\u00e3o e tamb\u00e9m est\u00e1 na preven\u00e7\u00e3o e manuten\u00e7\u00e3o da sa\u00fade.","og_url":"https:\/\/blog.saocamilo-sp.br\/index.php\/2021\/11\/03\/curso-de-fisioterapia-um-amor-alem-da-reabilitacao-da-saude\/","og_site_name":"Blog S\u00e3o Camilo","article_publisher":"https:\/\/www.facebook.com\/saocamilosp","article_published_time":"2021-11-03T12:44:33+00:00","article_modified_time":"2023-02-02T13:57:29+00:00","og_image":[{"width":1024,"height":683,"url":"https:\/\/blog.saocamilo-sp.br\/wp-content\/uploads\/2021\/11\/Curso-de-Fisioterapia_um-amor-alem-da-reabilitacao-da-saude.jpg","type":"image\/jpeg"}],"author":"Giancarlo Bonato","twitter_card":"summary_large_image","twitter_creator":"@saocamilosp","twitter_site":"@saocamilosp","twitter_misc":{"Escrito por":"Giancarlo Bonato","Est. tempo de leitura":"3 minutos"},"schema":{"@context":"https:\/\/schema.org","@graph":[{"@type":"Article","@id":"https:\/\/blog.saocamilo-sp.br\/index.php\/2021\/11\/03\/curso-de-fisioterapia-um-amor-alem-da-reabilitacao-da-saude\/#article","isPartOf":{"@id":"https:\/\/blog.saocamilo-sp.br\/index.php\/2021\/11\/03\/curso-de-fisioterapia-um-amor-alem-da-reabilitacao-da-saude\/"},"author":{"name":"Giancarlo Bonato","@id":"https:\/\/blog.saocamilo-sp.br\/#\/schema\/person\/2f1abef72dd95b45ae5f8e75003b32a9"},"headline":"Curso de Fisioterapia: um amor al\u00e9m da reabilita\u00e7\u00e3o da sa\u00fade","datePublished":"2021-11-03T12:44:33+00:00","dateModified":"2023-02-02T13:57:29+00:00","mainEntityOfPage":{"@id":"https:\/\/blog.saocamilo-sp.br\/index.php\/2021\/11\/03\/curso-de-fisioterapia-um-amor-alem-da-reabilitacao-da-saude\/"},"wordCount":506,"commentCount":5,"publisher":{"@id":"https:\/\/blog.saocamilo-sp.br\/#organization"},"image":{"@id":"https:\/\/blog.saocamilo-sp.br\/index.php\/2021\/11\/03\/curso-de-fisioterapia-um-amor-alem-da-reabilitacao-da-saude\/#primaryimage"},"thumbnailUrl":"https:\/\/blog.saocamilo-sp.br\/wp-content\/uploads\/2021\/11\/Curso-de-Fisioterapia_um-amor-alem-da-reabilitacao-da-saude.jpg","keywords":["Fisioterapia"],"articleSection":["Cursos"],"inLanguage":"pt-BR","potentialAction":[{"@type":"CommentAction","name":"Comment","target":["https:\/\/blog.saocamilo-sp.br\/index.php\/2021\/11\/03\/curso-de-fisioterapia-um-amor-alem-da-reabilitacao-da-saude\/#respond"]}]},{"@type":"WebPage","@id":"https:\/\/blog.saocamilo-sp.br\/index.php\/2021\/11\/03\/curso-de-fisioterapia-um-amor-alem-da-reabilitacao-da-saude\/","url":"https:\/\/blog.saocamilo-sp.br\/index.php\/2021\/11\/03\/curso-de-fisioterapia-um-amor-alem-da-reabilitacao-da-saude\/","name":"Curso de Fisioterapia: um amor al\u00e9m da reabilita\u00e7\u00e3o da sa\u00fade","isPartOf":{"@id":"https:\/\/blog.saocamilo-sp.br\/#website"},"primaryImageOfPage":{"@id":"https:\/\/blog.saocamilo-sp.br\/index.php\/2021\/11\/03\/curso-de-fisioterapia-um-amor-alem-da-reabilitacao-da-saude\/#primaryimage"},"image":{"@id":"https:\/\/blog.saocamilo-sp.br\/index.php\/2021\/11\/03\/curso-de-fisioterapia-um-amor-alem-da-reabilitacao-da-saude\/#primaryimage"},"thumbnailUrl":"https:\/\/blog.saocamilo-sp.br\/wp-content\/uploads\/2021\/11\/Curso-de-Fisioterapia_um-amor-alem-da-reabilitacao-da-saude.jpg","datePublished":"2021-11-03T12:44:33+00:00","dateModified":"2023-02-02T13:57:29+00:00","description":"O curso de fisioterapia proporciona uma forma\u00e7\u00e3o al\u00e9m da reabilita\u00e7\u00e3o e tamb\u00e9m est\u00e1 na preven\u00e7\u00e3o e manuten\u00e7\u00e3o da sa\u00fade.","breadcrumb":{"@id":"https:\/\/blog.saocamilo-sp.br\/index.php\/2021\/11\/03\/curso-de-fisioterapia-um-amor-alem-da-reabilitacao-da-saude\/#breadcrumb"},"inLanguage":"pt-BR","potentialAction":[{"@type":"ReadAction","target":["https:\/\/blog.saocamilo-sp.br\/index.php\/2021\/11\/03\/curso-de-fisioterapia-um-amor-alem-da-reabilitacao-da-saude\/"]}]},{"@type":"ImageObject","inLanguage":"pt-BR","@id":"https:\/\/blog.saocamilo-sp.br\/index.php\/2021\/11\/03\/curso-de-fisioterapia-um-amor-alem-da-reabilitacao-da-saude\/#primaryimage","url":"https:\/\/blog.saocamilo-sp.br\/wp-content\/uploads\/2021\/11\/Curso-de-Fisioterapia_um-amor-alem-da-reabilitacao-da-saude.jpg","contentUrl":"https:\/\/blog.saocamilo-sp.br\/wp-content\/uploads\/2021\/11\/Curso-de-Fisioterapia_um-amor-alem-da-reabilitacao-da-saude.jpg","width":1024,"height":683,"caption":"refer\u00eancia ao curso de fisioterapia e ao amor da reabilita\u00e7\u00e3o da saude por meio do curso de fisioterapia"},{"@type":"BreadcrumbList","@id":"https:\/\/blog.saocamilo-sp.br\/index.php\/2021\/11\/03\/curso-de-fisioterapia-um-amor-alem-da-reabilitacao-da-saude\/#breadcrumb","itemListElement":[{"@type":"ListItem","position":1,"name":"In\u00edcio","item":"https:\/\/blog.saocamilo-sp.br\/"},{"@type":"ListItem","position":2,"name":"Curso de Fisioterapia: um amor al\u00e9m da reabilita\u00e7\u00e3o da sa\u00fade"}]},{"@type":"WebSite","@id":"https:\/\/blog.saocamilo-sp.br\/#website","url":"https:\/\/blog.saocamilo-sp.br\/","name":"Blog S\u00e3o Camilo","description":"Blog do Centro Universit\u00e1rio S\u00e3o Camilo","publisher":{"@id":"https:\/\/blog.saocamilo-sp.br\/#organization"},"potentialAction":[{"@type":"SearchAction","target":{"@type":"EntryPoint","urlTemplate":"https:\/\/blog.saocamilo-sp.br\/?s={search_term_string}"},"query-input":{"@type":"PropertyValueSpecification","valueRequired":true,"valueName":"search_term_string"}}],"inLanguage":"pt-BR"},{"@type":"Organization","@id":"https:\/\/blog.saocamilo-sp.br\/#organization","name":"Blog S\u00e3o Camilo","url":"https:\/\/blog.saocamilo-sp.br\/","logo":{"@type":"ImageObject","inLanguage":"pt-BR","@id":"https:\/\/blog.saocamilo-sp.br\/#\/schema\/logo\/image\/","url":"https:\/\/blog.saocamilo-sp.br\/wp-content\/uploads\/2021\/12\/cropped-vazio-logo-topo.png","contentUrl":"https:\/\/blog.saocamilo-sp.br\/wp-content\/uploads\/2021\/12\/cropped-vazio-logo-topo.png","width":320,"height":240,"caption":"Blog S\u00e3o Camilo"},"image":{"@id":"https:\/\/blog.saocamilo-sp.br\/#\/schema\/logo\/image\/"},"sameAs":["https:\/\/www.facebook.com\/saocamilosp","https:\/\/x.com\/saocamilosp","https:\/\/www.linkedin.com\/school\/centro-universit-rio-s-o-camilo\/"]},{"@type":"Person","@id":"https:\/\/blog.saocamilo-sp.br\/#\/schema\/person\/2f1abef72dd95b45ae5f8e75003b32a9","name":"Giancarlo Bonato","image":{"@type":"ImageObject","inLanguage":"pt-BR","@id":"https:\/\/secure.gravatar.com\/avatar\/cbed0d57a74836e8481bb4b2ac15163f24841505b47ce8f4d0b58343bcbe6d77?s=96&d=mm&r=g","url":"https:\/\/secure.gravatar.com\/avatar\/cbed0d57a74836e8481bb4b2ac15163f24841505b47ce8f4d0b58343bcbe6d77?s=96&d=mm&r=g","contentUrl":"https:\/\/secure.gravatar.com\/avatar\/cbed0d57a74836e8481bb4b2ac15163f24841505b47ce8f4d0b58343bcbe6d77?s=96&d=mm&r=g","caption":"Giancarlo Bonato"},"url":"https:\/\/blog.saocamilo-sp.br\/index.php\/author\/gbonato\/"}]}},"_links":{"self":[{"href":"https:\/\/blog.saocamilo-sp.br\/index.php\/wp-json\/wp\/v2\/posts\/69","targetHints":{"allow":["GET"]}}],"collection":[{"href":"https:\/\/blog.saocamilo-sp.br\/index.php\/wp-json\/wp\/v2\/posts"}],"about":[{"href":"https:\/\/blog.saocamilo-sp.br\/index.php\/wp-json\/wp\/v2\/types\/post"}],"author":[{"embeddable":true,"href":"https:\/\/blog.saocamilo-sp.br\/index.php\/wp-json\/wp\/v2\/users\/5"}],"replies":[{"embeddable":true,"href":"https:\/\/blog.saocamilo-sp.br\/index.php\/wp-json\/wp\/v2\/comments?post=69"}],"version-history":[{"count":17,"href":"https:\/\/blog.saocamilo-sp.br\/index.php\/wp-json\/wp\/v2\/posts\/69\/revisions"}],"predecessor-version":[{"id":775,"href":"https:\/\/blog.saocamilo-sp.br\/index.php\/wp-json\/wp\/v2\/posts\/69\/revisions\/775"}],"wp:featuredmedia":[{"embeddable":true,"href":"https:\/\/blog.saocamilo-sp.br\/index.php\/wp-json\/wp\/v2\/media\/295"}],"wp:attachment":[{"href":"https:\/\/blog.saocamilo-sp.br\/index.php\/wp-json\/wp\/v2\/media?parent=69"}],"wp:term":[{"taxonomy":"category","embeddable":true,"href":"https:\/\/blog.saocamilo-sp.br\/index.php\/wp-json\/wp\/v2\/categories?post=69"},{"taxonomy":"post_tag","embeddable":true,"href":"https:\/\/blog.saocamilo-sp.br\/index.php\/wp-json\/wp\/v2\/tags?post=69"}],"curies":[{"name":"wp","href":"https:\/\/api.w.org\/{rel}","templated":true}]}}