{"id":690,"date":"2023-01-26T11:47:14","date_gmt":"2023-01-26T14:47:14","guid":{"rendered":"https:\/\/blog.saocamilo-sp.br\/?p=690"},"modified":"2023-01-27T10:49:58","modified_gmt":"2023-01-27T13:49:58","slug":"um-riso-atrasado-ainda-e-um-otimo-riso","status":"publish","type":"post","link":"https:\/\/blog.saocamilo-sp.br\/index.php\/2023\/01\/26\/um-riso-atrasado-ainda-e-um-otimo-riso\/","title":{"rendered":"<strong>Um riso atrasado ainda \u00e9 um \u00f3timo riso<\/strong>"},"content":{"rendered":"\n<p><\/p>\n\n\n\n<p>Existem v\u00e1rios tipos de riso: gargalhada descontrolada, risadinha de vergonha, sorriso amarelo e risada for\u00e7ada para fingir que a piada do sogro foi engra\u00e7ada.<\/p>\n\n\n\n<p>Nas mensagens de texto, tem gente que ri com \u201chahahaha\u201d ou \u201cihihihi\u201d. Confesso que n\u00e3o respeito muito quem usa \u201ckkkk\u201d, mas \u00e9 uma opini\u00e3o minha.<\/p>\n\n\n\n<p>Por que estou falando sobre isso?<\/p>\n\n\n\n<p>Porque o <strong><mark style=\"background-color:rgba(0, 0, 0, 0)\" class=\"has-inline-color has-black-color\"><a href=\"https:\/\/blog.saocamilo-sp.br\/\" target=\"_blank\" rel=\"noreferrer noopener\">blog da S\u00e3o Camilo<\/a><\/mark><\/strong> me convidou, representando o<strong> <a href=\"https:\/\/narizesdeplantao.com.br\/\" target=\"_blank\" rel=\"noreferrer noopener\">Narizes de Plant\u00e3o<\/a><\/strong>, para publicar aqui um texto conectado ao dia do riso. E esse convite me trouxe <strong><u>3 reflex\u00f5es diferentes.<\/u><\/strong><\/p>\n\n\n\n<h3 class=\"wp-block-heading\">A primeira tem a ver com miss\u00e3o<\/h3>\n\n\n\n<p>Contudo, o convite me foi enviado por email no dia 12 de janeiro, seis dias antes do dia do riso, que \u00e9 dia 18. Mas eu s\u00f3 fui ver o email no dia 23! Ou seja, quando vi, j\u00e1 tinha passado a data!<\/p>\n\n\n\n<p>Mas como isso foi acontecer? Vou explicar.<\/p>\n\n\n\n<p>Eu estava de f\u00e9rias e prometi a mim mesmo que n\u00e3o olharia meu email. Pode parecer algo trivial para voc\u00ea, mas para mim n\u00e3o \u00e9. Sou um tanto <em>workaholic<\/em>, fa\u00e7o v\u00e1rios projetos ao mesmo tempo e sempre quero resolver as demandas que aparecem. S\u00f3 que eu preciso aprender a descansar tamb\u00e9m.<\/p>\n\n\n\n<p>Isso tem muito a ver com a miss\u00e3o do Narizes de Plant\u00e3o, que \u00e9 o projeto de extens\u00e3o da S\u00e3o Camilo que usa a linguagem do palha\u00e7o para que os futuros profissionais da sa\u00fade aprendam coisas que a faculdade n\u00e3o tem tanto tempo de ensinar. No Narizes, dizemos que \u201ca gente cuida da gente para cuidar de gente\u201d.<\/p>\n\n\n\n<p>Portanto, entendemos que acolhimento, treinamento e aten\u00e7\u00e3o s\u00e3o maneiras que encontramos para cuidar dos participantes do projeto, que, por sua vez, cuidar\u00e3o de seus pacientes no futuro. A gente cuida da gente, para cuidar de gente.<\/p>\n\n\n\n<p>Ent\u00e3o o que eu fiz nas f\u00e9rias? Cuidei de mim. Viajei um pouco, joguei squash, terminei o jogo God of War&#8230; e n\u00e3o vi meus emails. Com muito orgulho!<\/p>\n\n\n\n<h3 class=\"wp-block-heading\">A segunda tem a ver com leveza<\/h3>\n\n\n\n<p>O palha\u00e7o, que normalmente est\u00e1 associado com o riso (embora seja uma figura bem mais complexa), me ensinou a levar a vida com mais leveza. Ele me ensinou que grandes preciosidades podem nascer do que normalmente consideramos um \u201cerro\u201d. O palha\u00e7o me ensinou que quando rimos de n\u00f3s mesmos, tudo fica um pouquinho mais f\u00e1cil. At\u00e9 porque provavelmente as outras pessoas v\u00e3o rir junto e isso \u00e9 uma del\u00edcia.<\/p>\n\n\n\n<p>Este pr\u00f3prio texto que voc\u00ea est\u00e1 lendo \u00e9 uma manifesta\u00e7\u00e3o do meu ato de rir de mim mesmo e do meu pr\u00f3prio atraso em escrever para o blog.<\/p>\n\n\n\n<p>\u00c9 um texto sobre o dia do riso, que est\u00e1 sendo publicado v\u00e1rios dias depois da data. Que coisa rid\u00edcula, n\u00e3o? O Mauro de anos atr\u00e1s acharia isso p\u00e9ssimo e provavelmente se culparia por n\u00e3o ter cumprido o cronograma. Mas eu, hoje, entendo que n\u00e3o existem erros, mas, sim, acontecimentos.<\/p>\n\n\n\n<p>E se n\u00e3o fosse todo esse atraso, este texto n\u00e3o existiria do jeitinho que est\u00e1 sendo escrito. E, sinceramente, estou curtindo bastante escrev\u00ea-lo.<\/p>\n\n\n\n<p><\/p>\n\n\n\n<h3 class=\"wp-block-heading\">A terceira tem a ver com ci\u00eancia<\/h3>\n\n\n\n<p>Al\u00e9m de palha\u00e7o, eu tamb\u00e9m sou cientista, ent\u00e3o sempre me interessou saber sobre os impactos que visitas de palha\u00e7o t\u00eam sobre pessoas internadas em hospitais.<\/p>\n\n\n\n<p>Por muito tempo n\u00e3o havia rigorosos estudos cient\u00edficos sobre o assunto, sabia? Apenas algumas pesquisas rudimentares e sugest\u00f5es baseadas no bom senso. Mas de uns anos para c\u00e1, a quantidade de bons artigos cient\u00edficos que mediram &#8211; cada um do seu jeito &#8211; a influ\u00eancia dos palha\u00e7os nos hospitais aumentou bastante. Que \u00f3timo!<\/p>\n\n\n\n<p>Se voc\u00ea se interessa pelo assunto, pode gostar de ler o <a href=\"https:\/\/www.ncbi.nlm.nih.gov\/pmc\/articles\/PMC7737653\/\" target=\"_blank\" rel=\"noreferrer noopener\">artigo<\/a> publicado por autores brasileiros e canadenses, que analisou pesquisas anteriores, para dar ao leitor uma ideia do cen\u00e1rio atual do conhecimento sobre a participa\u00e7\u00e3o de palha\u00e7os no hospital. N\u00f3s chamamos esse tipo de artigo de uma revis\u00e3o sistem\u00e1tica.<\/p>\n\n\n\n<p>Nessa revis\u00e3o, os autores perceberam que a grande maioria dos estudos j\u00e1 realizados pelo mundo mostra um benef\u00edcio da presen\u00e7a de palha\u00e7os nos hospitais, em especial na redu\u00e7\u00e3o de dor e ansiedade de crian\u00e7as hospitalizadas. Legal, n\u00e9?<\/p>\n\n\n\n<p>Para terminar, vou deixar tr\u00eas recomenda\u00e7\u00f5es para voc\u00ea:<br>1. N\u00e3o precisa esperar o dia 18 de janeiro para dar risada, t\u00e1?<\/p>\n\n\n\n<p>2. Ria mais de si mesmo, vale a pena.<\/p>\n\n\n\n<p>3. Pare de usar \u201ckkk\u201d. N\u00e3o pega bem.<\/p>\n\n\n\n<p><a href=\"http:\/\/lattes.cnpq.br\/9760291414615111\" target=\"_blank\" rel=\"noreferrer noopener\"><mark style=\"background-color:rgba(0, 0, 0, 0);color:#9f1c22\" class=\"has-inline-color\"><strong>Mauro Fantini<\/strong><\/mark><\/a> <br>Professor do Centro Universit\u00e1rio S\u00e3o Camilo e coordenador do Projeto de Extens\u00e3o Narizes de Plant\u00e3o.<\/p>\n\n\n\n<p><\/p>\n\n\n<div class=\"wp-block-post-author\"><div class=\"wp-block-post-author__avatar\"><img alt='' src='https:\/\/secure.gravatar.com\/avatar\/ec4232fb8d50d80f1c672353dc4c2876490e6a0a2a33d6572c0ba1fb78f115cf?s=48&#038;d=mm&#038;r=g' srcset='https:\/\/secure.gravatar.com\/avatar\/ec4232fb8d50d80f1c672353dc4c2876490e6a0a2a33d6572c0ba1fb78f115cf?s=96&#038;d=mm&#038;r=g 2x' class='avatar avatar-48 photo' height='48' width='48' \/><\/div><div class=\"wp-block-post-author__content\"><p class=\"wp-block-post-author__byline\">Texto escrito e produzido po<a href=\"https:\/\/activacomunicacao.com.br\/\" target=\"_blank\" rel=\"noreferrer noopener\">r<\/a> Mauro Fantini. Adapta\u00e7\u00e3o para blog por:<\/p><p class=\"wp-block-post-author__name\">Leandro Lafr\u00e1gola<\/p><\/div><\/div>","protected":false},"excerpt":{"rendered":"<p>Porque o blog da S\u00e3o Camilo convidou o Narizes de Plant\u00e3o, para falar sobre dia do riso. Confira tr\u00eas reflex\u00f5es sobre a data<\/p>\n","protected":false},"author":13,"featured_media":693,"comment_status":"open","ping_status":"open","sticky":false,"template":"","format":"standard","meta":{"cybocfi_hide_featured_image":"","footnotes":""},"categories":[58],"tags":[60,61,59],"class_list":["post-690","post","type-post","status-publish","format-standard","has-post-thumbnail","hentry","category-narizes-de-plantao","tag-dia-do-riso","tag-humanizacao","tag-narizes-de-plantao"],"yoast_head":"<!-- This site is optimized with the Yoast SEO plugin v27.4 - https:\/\/yoast.com\/product\/yoast-seo-wordpress\/ -->\n<title>Um riso atrasado ainda \u00e9 um \u00f3timo riso<\/title>\n<meta name=\"robots\" content=\"index, follow, max-snippet:-1, max-image-preview:large, max-video-preview:-1\" \/>\n<link rel=\"canonical\" href=\"https:\/\/blog.saocamilo-sp.br\/index.php\/2023\/01\/26\/um-riso-atrasado-ainda-e-um-otimo-riso\/\" \/>\n<meta property=\"og:locale\" content=\"pt_BR\" \/>\n<meta property=\"og:type\" content=\"article\" \/>\n<meta property=\"og:title\" content=\"Um riso atrasado ainda \u00e9 um \u00f3timo riso\" \/>\n<meta property=\"og:description\" content=\"Porque o blog da S\u00e3o Camilo convidou o Narizes de Plant\u00e3o, para falar sobre dia do riso. Confira tr\u00eas reflex\u00f5es sobre a data\" \/>\n<meta property=\"og:url\" content=\"https:\/\/blog.saocamilo-sp.br\/index.php\/2023\/01\/26\/um-riso-atrasado-ainda-e-um-otimo-riso\/\" \/>\n<meta property=\"og:site_name\" content=\"Blog S\u00e3o Camilo\" \/>\n<meta property=\"article:publisher\" content=\"https:\/\/www.facebook.com\/saocamilosp\" \/>\n<meta property=\"article:published_time\" content=\"2023-01-26T14:47:14+00:00\" \/>\n<meta property=\"article:modified_time\" content=\"2023-01-27T13:49:58+00:00\" \/>\n<meta property=\"og:image\" content=\"https:\/\/blog.saocamilo-sp.br\/wp-content\/uploads\/2023\/01\/narizes_de_plantao_riso_atrasado.png\" \/>\n\t<meta property=\"og:image:width\" content=\"1080\" \/>\n\t<meta property=\"og:image:height\" content=\"717\" \/>\n\t<meta property=\"og:image:type\" content=\"image\/png\" \/>\n<meta name=\"author\" content=\"Leandro Lafr\u00e1gola\" \/>\n<meta name=\"twitter:card\" content=\"summary_large_image\" \/>\n<meta name=\"twitter:creator\" content=\"@saocamilosp\" \/>\n<meta name=\"twitter:site\" content=\"@saocamilosp\" \/>\n<meta name=\"twitter:label1\" content=\"Escrito por\" \/>\n\t<meta name=\"twitter:data1\" content=\"Leandro Lafr\u00e1gola\" \/>\n\t<meta name=\"twitter:label2\" content=\"Est. tempo de leitura\" \/>\n\t<meta name=\"twitter:data2\" content=\"4 minutos\" \/>\n<script type=\"application\/ld+json\" class=\"yoast-schema-graph\">{\"@context\":\"https:\\\/\\\/schema.org\",\"@graph\":[{\"@type\":\"Article\",\"@id\":\"https:\\\/\\\/blog.saocamilo-sp.br\\\/index.php\\\/2023\\\/01\\\/26\\\/um-riso-atrasado-ainda-e-um-otimo-riso\\\/#article\",\"isPartOf\":{\"@id\":\"https:\\\/\\\/blog.saocamilo-sp.br\\\/index.php\\\/2023\\\/01\\\/26\\\/um-riso-atrasado-ainda-e-um-otimo-riso\\\/\"},\"author\":{\"name\":\"Leandro Lafr\u00e1gola\",\"@id\":\"https:\\\/\\\/blog.saocamilo-sp.br\\\/#\\\/schema\\\/person\\\/1a99645faaab0bb55105f817e866e19b\"},\"headline\":\"Um riso atrasado ainda \u00e9 um \u00f3timo riso\",\"datePublished\":\"2023-01-26T14:47:14+00:00\",\"dateModified\":\"2023-01-27T13:49:58+00:00\",\"mainEntityOfPage\":{\"@id\":\"https:\\\/\\\/blog.saocamilo-sp.br\\\/index.php\\\/2023\\\/01\\\/26\\\/um-riso-atrasado-ainda-e-um-otimo-riso\\\/\"},\"wordCount\":793,\"commentCount\":0,\"publisher\":{\"@id\":\"https:\\\/\\\/blog.saocamilo-sp.br\\\/#organization\"},\"image\":{\"@id\":\"https:\\\/\\\/blog.saocamilo-sp.br\\\/index.php\\\/2023\\\/01\\\/26\\\/um-riso-atrasado-ainda-e-um-otimo-riso\\\/#primaryimage\"},\"thumbnailUrl\":\"https:\\\/\\\/blog.saocamilo-sp.br\\\/wp-content\\\/uploads\\\/2023\\\/01\\\/narizes_de_plantao_riso_atrasado.png\",\"keywords\":[\"Dia do Riso\",\"Humaniza\u00e7\u00e3o\",\"Narizes de Plant\u00e3o\"],\"articleSection\":[\"Narizes de Plant\u00e3o\"],\"inLanguage\":\"pt-BR\",\"potentialAction\":[{\"@type\":\"CommentAction\",\"name\":\"Comment\",\"target\":[\"https:\\\/\\\/blog.saocamilo-sp.br\\\/index.php\\\/2023\\\/01\\\/26\\\/um-riso-atrasado-ainda-e-um-otimo-riso\\\/#respond\"]}]},{\"@type\":\"WebPage\",\"@id\":\"https:\\\/\\\/blog.saocamilo-sp.br\\\/index.php\\\/2023\\\/01\\\/26\\\/um-riso-atrasado-ainda-e-um-otimo-riso\\\/\",\"url\":\"https:\\\/\\\/blog.saocamilo-sp.br\\\/index.php\\\/2023\\\/01\\\/26\\\/um-riso-atrasado-ainda-e-um-otimo-riso\\\/\",\"name\":\"Um riso atrasado ainda \u00e9 um \u00f3timo riso\",\"isPartOf\":{\"@id\":\"https:\\\/\\\/blog.saocamilo-sp.br\\\/#website\"},\"primaryImageOfPage\":{\"@id\":\"https:\\\/\\\/blog.saocamilo-sp.br\\\/index.php\\\/2023\\\/01\\\/26\\\/um-riso-atrasado-ainda-e-um-otimo-riso\\\/#primaryimage\"},\"image\":{\"@id\":\"https:\\\/\\\/blog.saocamilo-sp.br\\\/index.php\\\/2023\\\/01\\\/26\\\/um-riso-atrasado-ainda-e-um-otimo-riso\\\/#primaryimage\"},\"thumbnailUrl\":\"https:\\\/\\\/blog.saocamilo-sp.br\\\/wp-content\\\/uploads\\\/2023\\\/01\\\/narizes_de_plantao_riso_atrasado.png\",\"datePublished\":\"2023-01-26T14:47:14+00:00\",\"dateModified\":\"2023-01-27T13:49:58+00:00\",\"breadcrumb\":{\"@id\":\"https:\\\/\\\/blog.saocamilo-sp.br\\\/index.php\\\/2023\\\/01\\\/26\\\/um-riso-atrasado-ainda-e-um-otimo-riso\\\/#breadcrumb\"},\"inLanguage\":\"pt-BR\",\"potentialAction\":[{\"@type\":\"ReadAction\",\"target\":[\"https:\\\/\\\/blog.saocamilo-sp.br\\\/index.php\\\/2023\\\/01\\\/26\\\/um-riso-atrasado-ainda-e-um-otimo-riso\\\/\"]}]},{\"@type\":\"ImageObject\",\"inLanguage\":\"pt-BR\",\"@id\":\"https:\\\/\\\/blog.saocamilo-sp.br\\\/index.php\\\/2023\\\/01\\\/26\\\/um-riso-atrasado-ainda-e-um-otimo-riso\\\/#primaryimage\",\"url\":\"https:\\\/\\\/blog.saocamilo-sp.br\\\/wp-content\\\/uploads\\\/2023\\\/01\\\/narizes_de_plantao_riso_atrasado.png\",\"contentUrl\":\"https:\\\/\\\/blog.saocamilo-sp.br\\\/wp-content\\\/uploads\\\/2023\\\/01\\\/narizes_de_plantao_riso_atrasado.png\",\"width\":1080,\"height\":717,\"caption\":\"Tr\u00eas estudantes vestidas de palha\u00e7as rindo\"},{\"@type\":\"BreadcrumbList\",\"@id\":\"https:\\\/\\\/blog.saocamilo-sp.br\\\/index.php\\\/2023\\\/01\\\/26\\\/um-riso-atrasado-ainda-e-um-otimo-riso\\\/#breadcrumb\",\"itemListElement\":[{\"@type\":\"ListItem\",\"position\":1,\"name\":\"In\u00edcio\",\"item\":\"https:\\\/\\\/blog.saocamilo-sp.br\\\/\"},{\"@type\":\"ListItem\",\"position\":2,\"name\":\"Um riso atrasado ainda \u00e9 um \u00f3timo riso\"}]},{\"@type\":\"WebSite\",\"@id\":\"https:\\\/\\\/blog.saocamilo-sp.br\\\/#website\",\"url\":\"https:\\\/\\\/blog.saocamilo-sp.br\\\/\",\"name\":\"Blog S\u00e3o Camilo\",\"description\":\"Blog do Centro Universit\u00e1rio S\u00e3o Camilo\",\"publisher\":{\"@id\":\"https:\\\/\\\/blog.saocamilo-sp.br\\\/#organization\"},\"potentialAction\":[{\"@type\":\"SearchAction\",\"target\":{\"@type\":\"EntryPoint\",\"urlTemplate\":\"https:\\\/\\\/blog.saocamilo-sp.br\\\/?s={search_term_string}\"},\"query-input\":{\"@type\":\"PropertyValueSpecification\",\"valueRequired\":true,\"valueName\":\"search_term_string\"}}],\"inLanguage\":\"pt-BR\"},{\"@type\":\"Organization\",\"@id\":\"https:\\\/\\\/blog.saocamilo-sp.br\\\/#organization\",\"name\":\"Blog S\u00e3o Camilo\",\"url\":\"https:\\\/\\\/blog.saocamilo-sp.br\\\/\",\"logo\":{\"@type\":\"ImageObject\",\"inLanguage\":\"pt-BR\",\"@id\":\"https:\\\/\\\/blog.saocamilo-sp.br\\\/#\\\/schema\\\/logo\\\/image\\\/\",\"url\":\"https:\\\/\\\/blog.saocamilo-sp.br\\\/wp-content\\\/uploads\\\/2021\\\/12\\\/cropped-vazio-logo-topo.png\",\"contentUrl\":\"https:\\\/\\\/blog.saocamilo-sp.br\\\/wp-content\\\/uploads\\\/2021\\\/12\\\/cropped-vazio-logo-topo.png\",\"width\":320,\"height\":240,\"caption\":\"Blog S\u00e3o Camilo\"},\"image\":{\"@id\":\"https:\\\/\\\/blog.saocamilo-sp.br\\\/#\\\/schema\\\/logo\\\/image\\\/\"},\"sameAs\":[\"https:\\\/\\\/www.facebook.com\\\/saocamilosp\",\"https:\\\/\\\/x.com\\\/saocamilosp\",\"https:\\\/\\\/www.linkedin.com\\\/school\\\/centro-universit-rio-s-o-camilo\\\/\"]},{\"@type\":\"Person\",\"@id\":\"https:\\\/\\\/blog.saocamilo-sp.br\\\/#\\\/schema\\\/person\\\/1a99645faaab0bb55105f817e866e19b\",\"name\":\"Leandro Lafr\u00e1gola\",\"image\":{\"@type\":\"ImageObject\",\"inLanguage\":\"pt-BR\",\"@id\":\"https:\\\/\\\/secure.gravatar.com\\\/avatar\\\/ec4232fb8d50d80f1c672353dc4c2876490e6a0a2a33d6572c0ba1fb78f115cf?s=96&d=mm&r=g\",\"url\":\"https:\\\/\\\/secure.gravatar.com\\\/avatar\\\/ec4232fb8d50d80f1c672353dc4c2876490e6a0a2a33d6572c0ba1fb78f115cf?s=96&d=mm&r=g\",\"contentUrl\":\"https:\\\/\\\/secure.gravatar.com\\\/avatar\\\/ec4232fb8d50d80f1c672353dc4c2876490e6a0a2a33d6572c0ba1fb78f115cf?s=96&d=mm&r=g\",\"caption\":\"Leandro Lafr\u00e1gola\"},\"url\":\"https:\\\/\\\/blog.saocamilo-sp.br\\\/index.php\\\/author\\\/llafragola\\\/\"}]}<\/script>\n<!-- \/ Yoast SEO plugin. -->","yoast_head_json":{"title":"Um riso atrasado ainda \u00e9 um \u00f3timo riso","robots":{"index":"index","follow":"follow","max-snippet":"max-snippet:-1","max-image-preview":"max-image-preview:large","max-video-preview":"max-video-preview:-1"},"canonical":"https:\/\/blog.saocamilo-sp.br\/index.php\/2023\/01\/26\/um-riso-atrasado-ainda-e-um-otimo-riso\/","og_locale":"pt_BR","og_type":"article","og_title":"Um riso atrasado ainda \u00e9 um \u00f3timo riso","og_description":"Porque o blog da S\u00e3o Camilo convidou o Narizes de Plant\u00e3o, para falar sobre dia do riso. Confira tr\u00eas reflex\u00f5es sobre a data","og_url":"https:\/\/blog.saocamilo-sp.br\/index.php\/2023\/01\/26\/um-riso-atrasado-ainda-e-um-otimo-riso\/","og_site_name":"Blog S\u00e3o Camilo","article_publisher":"https:\/\/www.facebook.com\/saocamilosp","article_published_time":"2023-01-26T14:47:14+00:00","article_modified_time":"2023-01-27T13:49:58+00:00","og_image":[{"width":1080,"height":717,"url":"https:\/\/blog.saocamilo-sp.br\/wp-content\/uploads\/2023\/01\/narizes_de_plantao_riso_atrasado.png","type":"image\/png"}],"author":"Leandro Lafr\u00e1gola","twitter_card":"summary_large_image","twitter_creator":"@saocamilosp","twitter_site":"@saocamilosp","twitter_misc":{"Escrito por":"Leandro Lafr\u00e1gola","Est. tempo de leitura":"4 minutos"},"schema":{"@context":"https:\/\/schema.org","@graph":[{"@type":"Article","@id":"https:\/\/blog.saocamilo-sp.br\/index.php\/2023\/01\/26\/um-riso-atrasado-ainda-e-um-otimo-riso\/#article","isPartOf":{"@id":"https:\/\/blog.saocamilo-sp.br\/index.php\/2023\/01\/26\/um-riso-atrasado-ainda-e-um-otimo-riso\/"},"author":{"name":"Leandro Lafr\u00e1gola","@id":"https:\/\/blog.saocamilo-sp.br\/#\/schema\/person\/1a99645faaab0bb55105f817e866e19b"},"headline":"Um riso atrasado ainda \u00e9 um \u00f3timo riso","datePublished":"2023-01-26T14:47:14+00:00","dateModified":"2023-01-27T13:49:58+00:00","mainEntityOfPage":{"@id":"https:\/\/blog.saocamilo-sp.br\/index.php\/2023\/01\/26\/um-riso-atrasado-ainda-e-um-otimo-riso\/"},"wordCount":793,"commentCount":0,"publisher":{"@id":"https:\/\/blog.saocamilo-sp.br\/#organization"},"image":{"@id":"https:\/\/blog.saocamilo-sp.br\/index.php\/2023\/01\/26\/um-riso-atrasado-ainda-e-um-otimo-riso\/#primaryimage"},"thumbnailUrl":"https:\/\/blog.saocamilo-sp.br\/wp-content\/uploads\/2023\/01\/narizes_de_plantao_riso_atrasado.png","keywords":["Dia do Riso","Humaniza\u00e7\u00e3o","Narizes de Plant\u00e3o"],"articleSection":["Narizes de Plant\u00e3o"],"inLanguage":"pt-BR","potentialAction":[{"@type":"CommentAction","name":"Comment","target":["https:\/\/blog.saocamilo-sp.br\/index.php\/2023\/01\/26\/um-riso-atrasado-ainda-e-um-otimo-riso\/#respond"]}]},{"@type":"WebPage","@id":"https:\/\/blog.saocamilo-sp.br\/index.php\/2023\/01\/26\/um-riso-atrasado-ainda-e-um-otimo-riso\/","url":"https:\/\/blog.saocamilo-sp.br\/index.php\/2023\/01\/26\/um-riso-atrasado-ainda-e-um-otimo-riso\/","name":"Um riso atrasado ainda \u00e9 um \u00f3timo riso","isPartOf":{"@id":"https:\/\/blog.saocamilo-sp.br\/#website"},"primaryImageOfPage":{"@id":"https:\/\/blog.saocamilo-sp.br\/index.php\/2023\/01\/26\/um-riso-atrasado-ainda-e-um-otimo-riso\/#primaryimage"},"image":{"@id":"https:\/\/blog.saocamilo-sp.br\/index.php\/2023\/01\/26\/um-riso-atrasado-ainda-e-um-otimo-riso\/#primaryimage"},"thumbnailUrl":"https:\/\/blog.saocamilo-sp.br\/wp-content\/uploads\/2023\/01\/narizes_de_plantao_riso_atrasado.png","datePublished":"2023-01-26T14:47:14+00:00","dateModified":"2023-01-27T13:49:58+00:00","breadcrumb":{"@id":"https:\/\/blog.saocamilo-sp.br\/index.php\/2023\/01\/26\/um-riso-atrasado-ainda-e-um-otimo-riso\/#breadcrumb"},"inLanguage":"pt-BR","potentialAction":[{"@type":"ReadAction","target":["https:\/\/blog.saocamilo-sp.br\/index.php\/2023\/01\/26\/um-riso-atrasado-ainda-e-um-otimo-riso\/"]}]},{"@type":"ImageObject","inLanguage":"pt-BR","@id":"https:\/\/blog.saocamilo-sp.br\/index.php\/2023\/01\/26\/um-riso-atrasado-ainda-e-um-otimo-riso\/#primaryimage","url":"https:\/\/blog.saocamilo-sp.br\/wp-content\/uploads\/2023\/01\/narizes_de_plantao_riso_atrasado.png","contentUrl":"https:\/\/blog.saocamilo-sp.br\/wp-content\/uploads\/2023\/01\/narizes_de_plantao_riso_atrasado.png","width":1080,"height":717,"caption":"Tr\u00eas estudantes vestidas de palha\u00e7as rindo"},{"@type":"BreadcrumbList","@id":"https:\/\/blog.saocamilo-sp.br\/index.php\/2023\/01\/26\/um-riso-atrasado-ainda-e-um-otimo-riso\/#breadcrumb","itemListElement":[{"@type":"ListItem","position":1,"name":"In\u00edcio","item":"https:\/\/blog.saocamilo-sp.br\/"},{"@type":"ListItem","position":2,"name":"Um riso atrasado ainda \u00e9 um \u00f3timo riso"}]},{"@type":"WebSite","@id":"https:\/\/blog.saocamilo-sp.br\/#website","url":"https:\/\/blog.saocamilo-sp.br\/","name":"Blog S\u00e3o Camilo","description":"Blog do Centro Universit\u00e1rio S\u00e3o Camilo","publisher":{"@id":"https:\/\/blog.saocamilo-sp.br\/#organization"},"potentialAction":[{"@type":"SearchAction","target":{"@type":"EntryPoint","urlTemplate":"https:\/\/blog.saocamilo-sp.br\/?s={search_term_string}"},"query-input":{"@type":"PropertyValueSpecification","valueRequired":true,"valueName":"search_term_string"}}],"inLanguage":"pt-BR"},{"@type":"Organization","@id":"https:\/\/blog.saocamilo-sp.br\/#organization","name":"Blog S\u00e3o Camilo","url":"https:\/\/blog.saocamilo-sp.br\/","logo":{"@type":"ImageObject","inLanguage":"pt-BR","@id":"https:\/\/blog.saocamilo-sp.br\/#\/schema\/logo\/image\/","url":"https:\/\/blog.saocamilo-sp.br\/wp-content\/uploads\/2021\/12\/cropped-vazio-logo-topo.png","contentUrl":"https:\/\/blog.saocamilo-sp.br\/wp-content\/uploads\/2021\/12\/cropped-vazio-logo-topo.png","width":320,"height":240,"caption":"Blog S\u00e3o Camilo"},"image":{"@id":"https:\/\/blog.saocamilo-sp.br\/#\/schema\/logo\/image\/"},"sameAs":["https:\/\/www.facebook.com\/saocamilosp","https:\/\/x.com\/saocamilosp","https:\/\/www.linkedin.com\/school\/centro-universit-rio-s-o-camilo\/"]},{"@type":"Person","@id":"https:\/\/blog.saocamilo-sp.br\/#\/schema\/person\/1a99645faaab0bb55105f817e866e19b","name":"Leandro Lafr\u00e1gola","image":{"@type":"ImageObject","inLanguage":"pt-BR","@id":"https:\/\/secure.gravatar.com\/avatar\/ec4232fb8d50d80f1c672353dc4c2876490e6a0a2a33d6572c0ba1fb78f115cf?s=96&d=mm&r=g","url":"https:\/\/secure.gravatar.com\/avatar\/ec4232fb8d50d80f1c672353dc4c2876490e6a0a2a33d6572c0ba1fb78f115cf?s=96&d=mm&r=g","contentUrl":"https:\/\/secure.gravatar.com\/avatar\/ec4232fb8d50d80f1c672353dc4c2876490e6a0a2a33d6572c0ba1fb78f115cf?s=96&d=mm&r=g","caption":"Leandro Lafr\u00e1gola"},"url":"https:\/\/blog.saocamilo-sp.br\/index.php\/author\/llafragola\/"}]}},"_links":{"self":[{"href":"https:\/\/blog.saocamilo-sp.br\/index.php\/wp-json\/wp\/v2\/posts\/690","targetHints":{"allow":["GET"]}}],"collection":[{"href":"https:\/\/blog.saocamilo-sp.br\/index.php\/wp-json\/wp\/v2\/posts"}],"about":[{"href":"https:\/\/blog.saocamilo-sp.br\/index.php\/wp-json\/wp\/v2\/types\/post"}],"author":[{"embeddable":true,"href":"https:\/\/blog.saocamilo-sp.br\/index.php\/wp-json\/wp\/v2\/users\/13"}],"replies":[{"embeddable":true,"href":"https:\/\/blog.saocamilo-sp.br\/index.php\/wp-json\/wp\/v2\/comments?post=690"}],"version-history":[{"count":12,"href":"https:\/\/blog.saocamilo-sp.br\/index.php\/wp-json\/wp\/v2\/posts\/690\/revisions"}],"predecessor-version":[{"id":715,"href":"https:\/\/blog.saocamilo-sp.br\/index.php\/wp-json\/wp\/v2\/posts\/690\/revisions\/715"}],"wp:featuredmedia":[{"embeddable":true,"href":"https:\/\/blog.saocamilo-sp.br\/index.php\/wp-json\/wp\/v2\/media\/693"}],"wp:attachment":[{"href":"https:\/\/blog.saocamilo-sp.br\/index.php\/wp-json\/wp\/v2\/media?parent=690"}],"wp:term":[{"taxonomy":"category","embeddable":true,"href":"https:\/\/blog.saocamilo-sp.br\/index.php\/wp-json\/wp\/v2\/categories?post=690"},{"taxonomy":"post_tag","embeddable":true,"href":"https:\/\/blog.saocamilo-sp.br\/index.php\/wp-json\/wp\/v2\/tags?post=690"}],"curies":[{"name":"wp","href":"https:\/\/api.w.org\/{rel}","templated":true}]}}