{"id":801,"date":"2023-02-13T23:11:12","date_gmt":"2023-02-14T02:11:12","guid":{"rendered":"https:\/\/blog.saocamilo-sp.br\/?p=801"},"modified":"2025-11-25T10:14:10","modified_gmt":"2025-11-25T13:14:10","slug":"curso-de-medicina-do-centro-universitario-sao-camilo-recebe-certificacao-do-cfm","status":"publish","type":"post","link":"https:\/\/blog.saocamilo-sp.br\/index.php\/2023\/02\/13\/curso-de-medicina-do-centro-universitario-sao-camilo-recebe-certificacao-do-cfm\/","title":{"rendered":"Medicina da S\u00e3o Camilo recebe certifica\u00e7\u00e3o do CFM"},"content":{"rendered":"\n<p><em>A certifica\u00e7\u00e3o do Sistema de Acredita\u00e7\u00e3o de Escolas M\u00e9dicas (<\/em><em>SAEME-CFM<\/em><em>) atesta a qualidade da escola m\u00e9dica em uma s\u00e9rie de dom\u00ednios e subdom\u00ednios; apenas cerca de 14% das faculdades de Medicina do Brasil s\u00e3o certificadas<\/em><\/p>\n\n\n\n<p>O compromisso com a excel\u00eancia na forma\u00e7\u00e3o de profissionais m\u00e9dicos j\u00e1 \u00e9 rotina para o Centro Universit\u00e1rio S\u00e3o Camilo, e essa certeza n\u00e3o parte apenas dos estudantes e do corpo docente. O curso de <a href=\"https:\/\/saocamilo-sp.br\/graduacao\/presencial\/medicina\" target=\"_blank\" rel=\"noreferrer noopener\">Medicina<\/a> da Institui\u00e7\u00e3o foi certificado pelo Sistema de Acredita\u00e7\u00e3o de Escolas M\u00e9dicas (SAEME-CFM), do Conselho Federal de Medicina. Entre as 353 faculdades desta \u00e1rea no Brasil (conforme dados de um estudo do CFM de 2021), apenas 50 receberam a certifica\u00e7\u00e3o at\u00e9 o momento \u2013 aproximadamente 14% do total.<\/p>\n\n\n\n<p>O coordenador de Medicina do Centro Universit\u00e1rio S\u00e3o Camilo, doutor Raphael Einsfeld, explica que a Acredita\u00e7\u00e3o partiu de uma proposta da Organiza\u00e7\u00e3o Mundial da Sa\u00fade (OMS). \u201cA OMS fez uma carta de inten\u00e7\u00e3o em que descreve que as escolas m\u00e9dicas do mundo deveriam receber uma certifica\u00e7\u00e3o de qualidade para garantir que seus egressos conseguissem cuidar da popula\u00e7\u00e3o efetivamente. A <em>World Federation for Medical Education<\/em>, que \u00e9 o certificador internacional desse processo, identifica dentro dos pa\u00edses as estruturas que podem servir como certificadoras locais e, no caso do Brasil, \u00e9 o Conselho Federal de Medicina\u201d, detalha.<\/p>\n\n\n\n<p>A Acredita\u00e7\u00e3o certifica os cursos a partir de aspectos como o contexto e a pol\u00edtica institucional, projeto pedag\u00f3gico, programa educacional, corpo docente e discente e ambiente educacional. O reconhecimento concedido ao Centro Universit\u00e1rio S\u00e3o Camilo permanecer\u00e1 vigente at\u00e9 dezembro de 2028.<\/p>\n\n\n\n<p>Raphael Einsfeld ressalta, ainda, que a certifica\u00e7\u00e3o garante que no momento da sua forma\u00e7\u00e3o, o estudante possa pleitear, por exemplo, uma vaga de resid\u00eancia em qualquer lugar do mundo, uma vez que \u201co local que estiver recebendo o estudante saber\u00e1 que ele \u00e9 oriundo de uma institui\u00e7\u00e3o que foi certificada pela <em>World Federation<\/em>\u201d. \u201c\u00c9 uma chancela internacional afirmando que fazemos um bom trabalho, por isso \u00e9 t\u00e3o importante\u201d, afirma o coordenador.<\/p>\n\n\n\n<p><\/p>\n\n\n\n<p>Quer saber mais sobre o <a href=\"https:\/\/saocamilo-sp.br\/graduacao\/presencial\/medicina\">curso de Medicina<\/a>? <a href=\"https:\/\/saocamilo-sp.br\/graduacao\/presencial\/medicina\/matriz-curricular\">Clique aqui<\/a> para ver a grade curricular do curso oferecido pelo <a href=\"https:\/\/saocamilo-sp.br\/\" target=\"_blank\" rel=\"noreferrer noopener\">Centro Universit\u00e1rio S\u00e3o Camilo<\/a>!<\/p>\n\n\n\n<iframe loading=\"lazy\" src=\"https:\/\/saocamilo.apprbs.com.br\/tenho-interesse-blog\" height=\"530px\" width=\"100%\" frameborder=\"0\"><\/iframe>\n\n\n\n<p><\/p>\n","protected":false},"excerpt":{"rendered":"<p>A certifica\u00e7\u00e3o do Sistema de Acredita\u00e7\u00e3o de Escolas M\u00e9dicas (SAEME-CFM) atesta a qualidade da escola m\u00e9dica<\/p>\n","protected":false},"author":13,"featured_media":802,"comment_status":"open","ping_status":"open","sticky":false,"template":"","format":"standard","meta":{"cybocfi_hide_featured_image":"","footnotes":""},"categories":[1],"tags":[12],"class_list":["post-801","post","type-post","status-publish","format-standard","has-post-thumbnail","hentry","category-cursos","tag-medicina"],"yoast_head":"<!-- This site is optimized with the Yoast SEO plugin v27.5 - https:\/\/yoast.com\/product\/yoast-seo-wordpress\/ -->\n<title>Medicina da S\u00e3o Camilo recebe certifica\u00e7\u00e3o do CFM - Blog S\u00e3o Camilo<\/title>\n<meta name=\"robots\" content=\"index, follow, max-snippet:-1, max-image-preview:large, max-video-preview:-1\" \/>\n<link rel=\"canonical\" href=\"https:\/\/blog.saocamilo-sp.br\/index.php\/2023\/02\/13\/curso-de-medicina-do-centro-universitario-sao-camilo-recebe-certificacao-do-cfm\/\" \/>\n<meta property=\"og:locale\" content=\"pt_BR\" \/>\n<meta property=\"og:type\" content=\"article\" \/>\n<meta property=\"og:title\" content=\"Medicina da S\u00e3o Camilo recebe certifica\u00e7\u00e3o do CFM - Blog S\u00e3o Camilo\" \/>\n<meta property=\"og:description\" content=\"A certifica\u00e7\u00e3o do Sistema de Acredita\u00e7\u00e3o de Escolas M\u00e9dicas (SAEME-CFM) atesta a qualidade da escola m\u00e9dica\" \/>\n<meta property=\"og:url\" content=\"https:\/\/blog.saocamilo-sp.br\/index.php\/2023\/02\/13\/curso-de-medicina-do-centro-universitario-sao-camilo-recebe-certificacao-do-cfm\/\" \/>\n<meta property=\"og:site_name\" content=\"Blog S\u00e3o Camilo\" \/>\n<meta property=\"article:publisher\" content=\"https:\/\/www.facebook.com\/saocamilosp\" \/>\n<meta property=\"article:published_time\" content=\"2023-02-14T02:11:12+00:00\" \/>\n<meta property=\"article:modified_time\" content=\"2025-11-25T13:14:10+00:00\" \/>\n<meta property=\"og:image\" content=\"https:\/\/blog.saocamilo-sp.br\/wp-content\/uploads\/2023\/02\/saeme_medicina.png\" \/>\n\t<meta property=\"og:image:width\" content=\"600\" \/>\n\t<meta property=\"og:image:height\" content=\"398\" \/>\n\t<meta property=\"og:image:type\" content=\"image\/png\" \/>\n<meta name=\"author\" content=\"Leandro Lafr\u00e1gola\" \/>\n<meta name=\"twitter:card\" content=\"summary_large_image\" \/>\n<meta name=\"twitter:creator\" content=\"@saocamilosp\" \/>\n<meta name=\"twitter:site\" content=\"@saocamilosp\" \/>\n<meta name=\"twitter:label1\" content=\"Escrito por\" \/>\n\t<meta name=\"twitter:data1\" content=\"Leandro Lafr\u00e1gola\" \/>\n\t<meta name=\"twitter:label2\" content=\"Est. tempo de leitura\" \/>\n\t<meta name=\"twitter:data2\" content=\"3 minutos\" \/>\n<script type=\"application\/ld+json\" class=\"yoast-schema-graph\">{\"@context\":\"https:\\\/\\\/schema.org\",\"@graph\":[{\"@type\":\"Article\",\"@id\":\"https:\\\/\\\/blog.saocamilo-sp.br\\\/index.php\\\/2023\\\/02\\\/13\\\/curso-de-medicina-do-centro-universitario-sao-camilo-recebe-certificacao-do-cfm\\\/#article\",\"isPartOf\":{\"@id\":\"https:\\\/\\\/blog.saocamilo-sp.br\\\/index.php\\\/2023\\\/02\\\/13\\\/curso-de-medicina-do-centro-universitario-sao-camilo-recebe-certificacao-do-cfm\\\/\"},\"author\":{\"name\":\"Leandro Lafr\u00e1gola\",\"@id\":\"https:\\\/\\\/blog.saocamilo-sp.br\\\/#\\\/schema\\\/person\\\/1a99645faaab0bb55105f817e866e19b\"},\"headline\":\"Medicina da S\u00e3o Camilo recebe certifica\u00e7\u00e3o do CFM\",\"datePublished\":\"2023-02-14T02:11:12+00:00\",\"dateModified\":\"2025-11-25T13:14:10+00:00\",\"mainEntityOfPage\":{\"@id\":\"https:\\\/\\\/blog.saocamilo-sp.br\\\/index.php\\\/2023\\\/02\\\/13\\\/curso-de-medicina-do-centro-universitario-sao-camilo-recebe-certificacao-do-cfm\\\/\"},\"wordCount\":384,\"commentCount\":0,\"publisher\":{\"@id\":\"https:\\\/\\\/blog.saocamilo-sp.br\\\/#organization\"},\"image\":{\"@id\":\"https:\\\/\\\/blog.saocamilo-sp.br\\\/index.php\\\/2023\\\/02\\\/13\\\/curso-de-medicina-do-centro-universitario-sao-camilo-recebe-certificacao-do-cfm\\\/#primaryimage\"},\"thumbnailUrl\":\"https:\\\/\\\/blog.saocamilo-sp.br\\\/wp-content\\\/uploads\\\/2023\\\/02\\\/saeme_medicina.png\",\"keywords\":[\"Medicina\"],\"articleSection\":[\"Cursos\"],\"inLanguage\":\"pt-BR\",\"potentialAction\":[{\"@type\":\"CommentAction\",\"name\":\"Comment\",\"target\":[\"https:\\\/\\\/blog.saocamilo-sp.br\\\/index.php\\\/2023\\\/02\\\/13\\\/curso-de-medicina-do-centro-universitario-sao-camilo-recebe-certificacao-do-cfm\\\/#respond\"]}]},{\"@type\":\"WebPage\",\"@id\":\"https:\\\/\\\/blog.saocamilo-sp.br\\\/index.php\\\/2023\\\/02\\\/13\\\/curso-de-medicina-do-centro-universitario-sao-camilo-recebe-certificacao-do-cfm\\\/\",\"url\":\"https:\\\/\\\/blog.saocamilo-sp.br\\\/index.php\\\/2023\\\/02\\\/13\\\/curso-de-medicina-do-centro-universitario-sao-camilo-recebe-certificacao-do-cfm\\\/\",\"name\":\"Medicina da S\u00e3o Camilo recebe certifica\u00e7\u00e3o do CFM - Blog S\u00e3o Camilo\",\"isPartOf\":{\"@id\":\"https:\\\/\\\/blog.saocamilo-sp.br\\\/#website\"},\"primaryImageOfPage\":{\"@id\":\"https:\\\/\\\/blog.saocamilo-sp.br\\\/index.php\\\/2023\\\/02\\\/13\\\/curso-de-medicina-do-centro-universitario-sao-camilo-recebe-certificacao-do-cfm\\\/#primaryimage\"},\"image\":{\"@id\":\"https:\\\/\\\/blog.saocamilo-sp.br\\\/index.php\\\/2023\\\/02\\\/13\\\/curso-de-medicina-do-centro-universitario-sao-camilo-recebe-certificacao-do-cfm\\\/#primaryimage\"},\"thumbnailUrl\":\"https:\\\/\\\/blog.saocamilo-sp.br\\\/wp-content\\\/uploads\\\/2023\\\/02\\\/saeme_medicina.png\",\"datePublished\":\"2023-02-14T02:11:12+00:00\",\"dateModified\":\"2025-11-25T13:14:10+00:00\",\"breadcrumb\":{\"@id\":\"https:\\\/\\\/blog.saocamilo-sp.br\\\/index.php\\\/2023\\\/02\\\/13\\\/curso-de-medicina-do-centro-universitario-sao-camilo-recebe-certificacao-do-cfm\\\/#breadcrumb\"},\"inLanguage\":\"pt-BR\",\"potentialAction\":[{\"@type\":\"ReadAction\",\"target\":[\"https:\\\/\\\/blog.saocamilo-sp.br\\\/index.php\\\/2023\\\/02\\\/13\\\/curso-de-medicina-do-centro-universitario-sao-camilo-recebe-certificacao-do-cfm\\\/\"]}]},{\"@type\":\"ImageObject\",\"inLanguage\":\"pt-BR\",\"@id\":\"https:\\\/\\\/blog.saocamilo-sp.br\\\/index.php\\\/2023\\\/02\\\/13\\\/curso-de-medicina-do-centro-universitario-sao-camilo-recebe-certificacao-do-cfm\\\/#primaryimage\",\"url\":\"https:\\\/\\\/blog.saocamilo-sp.br\\\/wp-content\\\/uploads\\\/2023\\\/02\\\/saeme_medicina.png\",\"contentUrl\":\"https:\\\/\\\/blog.saocamilo-sp.br\\\/wp-content\\\/uploads\\\/2023\\\/02\\\/saeme_medicina.png\",\"width\":600,\"height\":398,\"caption\":\"logo do saeme sistemas de acredita\u00e7\u00e3o de escolas m\u00e9dicas\"},{\"@type\":\"BreadcrumbList\",\"@id\":\"https:\\\/\\\/blog.saocamilo-sp.br\\\/index.php\\\/2023\\\/02\\\/13\\\/curso-de-medicina-do-centro-universitario-sao-camilo-recebe-certificacao-do-cfm\\\/#breadcrumb\",\"itemListElement\":[{\"@type\":\"ListItem\",\"position\":1,\"name\":\"In\u00edcio\",\"item\":\"https:\\\/\\\/blog.saocamilo-sp.br\\\/\"},{\"@type\":\"ListItem\",\"position\":2,\"name\":\"Medicina da S\u00e3o Camilo recebe certifica\u00e7\u00e3o do CFM\"}]},{\"@type\":\"WebSite\",\"@id\":\"https:\\\/\\\/blog.saocamilo-sp.br\\\/#website\",\"url\":\"https:\\\/\\\/blog.saocamilo-sp.br\\\/\",\"name\":\"Blog S\u00e3o Camilo\",\"description\":\"Blog do Centro Universit\u00e1rio S\u00e3o Camilo\",\"publisher\":{\"@id\":\"https:\\\/\\\/blog.saocamilo-sp.br\\\/#organization\"},\"potentialAction\":[{\"@type\":\"SearchAction\",\"target\":{\"@type\":\"EntryPoint\",\"urlTemplate\":\"https:\\\/\\\/blog.saocamilo-sp.br\\\/?s={search_term_string}\"},\"query-input\":{\"@type\":\"PropertyValueSpecification\",\"valueRequired\":true,\"valueName\":\"search_term_string\"}}],\"inLanguage\":\"pt-BR\"},{\"@type\":\"Organization\",\"@id\":\"https:\\\/\\\/blog.saocamilo-sp.br\\\/#organization\",\"name\":\"Blog S\u00e3o Camilo\",\"url\":\"https:\\\/\\\/blog.saocamilo-sp.br\\\/\",\"logo\":{\"@type\":\"ImageObject\",\"inLanguage\":\"pt-BR\",\"@id\":\"https:\\\/\\\/blog.saocamilo-sp.br\\\/#\\\/schema\\\/logo\\\/image\\\/\",\"url\":\"https:\\\/\\\/blog.saocamilo-sp.br\\\/wp-content\\\/uploads\\\/2021\\\/12\\\/cropped-vazio-logo-topo.png\",\"contentUrl\":\"https:\\\/\\\/blog.saocamilo-sp.br\\\/wp-content\\\/uploads\\\/2021\\\/12\\\/cropped-vazio-logo-topo.png\",\"width\":320,\"height\":240,\"caption\":\"Blog S\u00e3o Camilo\"},\"image\":{\"@id\":\"https:\\\/\\\/blog.saocamilo-sp.br\\\/#\\\/schema\\\/logo\\\/image\\\/\"},\"sameAs\":[\"https:\\\/\\\/www.facebook.com\\\/saocamilosp\",\"https:\\\/\\\/x.com\\\/saocamilosp\",\"https:\\\/\\\/www.linkedin.com\\\/school\\\/centro-universit-rio-s-o-camilo\\\/\"]},{\"@type\":\"Person\",\"@id\":\"https:\\\/\\\/blog.saocamilo-sp.br\\\/#\\\/schema\\\/person\\\/1a99645faaab0bb55105f817e866e19b\",\"name\":\"Leandro Lafr\u00e1gola\",\"image\":{\"@type\":\"ImageObject\",\"inLanguage\":\"pt-BR\",\"@id\":\"https:\\\/\\\/secure.gravatar.com\\\/avatar\\\/ec4232fb8d50d80f1c672353dc4c2876490e6a0a2a33d6572c0ba1fb78f115cf?s=96&d=mm&r=g\",\"url\":\"https:\\\/\\\/secure.gravatar.com\\\/avatar\\\/ec4232fb8d50d80f1c672353dc4c2876490e6a0a2a33d6572c0ba1fb78f115cf?s=96&d=mm&r=g\",\"contentUrl\":\"https:\\\/\\\/secure.gravatar.com\\\/avatar\\\/ec4232fb8d50d80f1c672353dc4c2876490e6a0a2a33d6572c0ba1fb78f115cf?s=96&d=mm&r=g\",\"caption\":\"Leandro Lafr\u00e1gola\"},\"url\":\"https:\\\/\\\/blog.saocamilo-sp.br\\\/index.php\\\/author\\\/llafragola\\\/\"}]}<\/script>\n<!-- \/ Yoast SEO plugin. -->","yoast_head_json":{"title":"Medicina da S\u00e3o Camilo recebe certifica\u00e7\u00e3o do CFM - Blog S\u00e3o Camilo","robots":{"index":"index","follow":"follow","max-snippet":"max-snippet:-1","max-image-preview":"max-image-preview:large","max-video-preview":"max-video-preview:-1"},"canonical":"https:\/\/blog.saocamilo-sp.br\/index.php\/2023\/02\/13\/curso-de-medicina-do-centro-universitario-sao-camilo-recebe-certificacao-do-cfm\/","og_locale":"pt_BR","og_type":"article","og_title":"Medicina da S\u00e3o Camilo recebe certifica\u00e7\u00e3o do CFM - Blog S\u00e3o Camilo","og_description":"A certifica\u00e7\u00e3o do Sistema de Acredita\u00e7\u00e3o de Escolas M\u00e9dicas (SAEME-CFM) atesta a qualidade da escola m\u00e9dica","og_url":"https:\/\/blog.saocamilo-sp.br\/index.php\/2023\/02\/13\/curso-de-medicina-do-centro-universitario-sao-camilo-recebe-certificacao-do-cfm\/","og_site_name":"Blog S\u00e3o Camilo","article_publisher":"https:\/\/www.facebook.com\/saocamilosp","article_published_time":"2023-02-14T02:11:12+00:00","article_modified_time":"2025-11-25T13:14:10+00:00","og_image":[{"width":600,"height":398,"url":"https:\/\/blog.saocamilo-sp.br\/wp-content\/uploads\/2023\/02\/saeme_medicina.png","type":"image\/png"}],"author":"Leandro Lafr\u00e1gola","twitter_card":"summary_large_image","twitter_creator":"@saocamilosp","twitter_site":"@saocamilosp","twitter_misc":{"Escrito por":"Leandro Lafr\u00e1gola","Est. tempo de leitura":"3 minutos"},"schema":{"@context":"https:\/\/schema.org","@graph":[{"@type":"Article","@id":"https:\/\/blog.saocamilo-sp.br\/index.php\/2023\/02\/13\/curso-de-medicina-do-centro-universitario-sao-camilo-recebe-certificacao-do-cfm\/#article","isPartOf":{"@id":"https:\/\/blog.saocamilo-sp.br\/index.php\/2023\/02\/13\/curso-de-medicina-do-centro-universitario-sao-camilo-recebe-certificacao-do-cfm\/"},"author":{"name":"Leandro Lafr\u00e1gola","@id":"https:\/\/blog.saocamilo-sp.br\/#\/schema\/person\/1a99645faaab0bb55105f817e866e19b"},"headline":"Medicina da S\u00e3o Camilo recebe certifica\u00e7\u00e3o do CFM","datePublished":"2023-02-14T02:11:12+00:00","dateModified":"2025-11-25T13:14:10+00:00","mainEntityOfPage":{"@id":"https:\/\/blog.saocamilo-sp.br\/index.php\/2023\/02\/13\/curso-de-medicina-do-centro-universitario-sao-camilo-recebe-certificacao-do-cfm\/"},"wordCount":384,"commentCount":0,"publisher":{"@id":"https:\/\/blog.saocamilo-sp.br\/#organization"},"image":{"@id":"https:\/\/blog.saocamilo-sp.br\/index.php\/2023\/02\/13\/curso-de-medicina-do-centro-universitario-sao-camilo-recebe-certificacao-do-cfm\/#primaryimage"},"thumbnailUrl":"https:\/\/blog.saocamilo-sp.br\/wp-content\/uploads\/2023\/02\/saeme_medicina.png","keywords":["Medicina"],"articleSection":["Cursos"],"inLanguage":"pt-BR","potentialAction":[{"@type":"CommentAction","name":"Comment","target":["https:\/\/blog.saocamilo-sp.br\/index.php\/2023\/02\/13\/curso-de-medicina-do-centro-universitario-sao-camilo-recebe-certificacao-do-cfm\/#respond"]}]},{"@type":"WebPage","@id":"https:\/\/blog.saocamilo-sp.br\/index.php\/2023\/02\/13\/curso-de-medicina-do-centro-universitario-sao-camilo-recebe-certificacao-do-cfm\/","url":"https:\/\/blog.saocamilo-sp.br\/index.php\/2023\/02\/13\/curso-de-medicina-do-centro-universitario-sao-camilo-recebe-certificacao-do-cfm\/","name":"Medicina da S\u00e3o Camilo recebe certifica\u00e7\u00e3o do CFM - Blog S\u00e3o Camilo","isPartOf":{"@id":"https:\/\/blog.saocamilo-sp.br\/#website"},"primaryImageOfPage":{"@id":"https:\/\/blog.saocamilo-sp.br\/index.php\/2023\/02\/13\/curso-de-medicina-do-centro-universitario-sao-camilo-recebe-certificacao-do-cfm\/#primaryimage"},"image":{"@id":"https:\/\/blog.saocamilo-sp.br\/index.php\/2023\/02\/13\/curso-de-medicina-do-centro-universitario-sao-camilo-recebe-certificacao-do-cfm\/#primaryimage"},"thumbnailUrl":"https:\/\/blog.saocamilo-sp.br\/wp-content\/uploads\/2023\/02\/saeme_medicina.png","datePublished":"2023-02-14T02:11:12+00:00","dateModified":"2025-11-25T13:14:10+00:00","breadcrumb":{"@id":"https:\/\/blog.saocamilo-sp.br\/index.php\/2023\/02\/13\/curso-de-medicina-do-centro-universitario-sao-camilo-recebe-certificacao-do-cfm\/#breadcrumb"},"inLanguage":"pt-BR","potentialAction":[{"@type":"ReadAction","target":["https:\/\/blog.saocamilo-sp.br\/index.php\/2023\/02\/13\/curso-de-medicina-do-centro-universitario-sao-camilo-recebe-certificacao-do-cfm\/"]}]},{"@type":"ImageObject","inLanguage":"pt-BR","@id":"https:\/\/blog.saocamilo-sp.br\/index.php\/2023\/02\/13\/curso-de-medicina-do-centro-universitario-sao-camilo-recebe-certificacao-do-cfm\/#primaryimage","url":"https:\/\/blog.saocamilo-sp.br\/wp-content\/uploads\/2023\/02\/saeme_medicina.png","contentUrl":"https:\/\/blog.saocamilo-sp.br\/wp-content\/uploads\/2023\/02\/saeme_medicina.png","width":600,"height":398,"caption":"logo do saeme sistemas de acredita\u00e7\u00e3o de escolas m\u00e9dicas"},{"@type":"BreadcrumbList","@id":"https:\/\/blog.saocamilo-sp.br\/index.php\/2023\/02\/13\/curso-de-medicina-do-centro-universitario-sao-camilo-recebe-certificacao-do-cfm\/#breadcrumb","itemListElement":[{"@type":"ListItem","position":1,"name":"In\u00edcio","item":"https:\/\/blog.saocamilo-sp.br\/"},{"@type":"ListItem","position":2,"name":"Medicina da S\u00e3o Camilo recebe certifica\u00e7\u00e3o do CFM"}]},{"@type":"WebSite","@id":"https:\/\/blog.saocamilo-sp.br\/#website","url":"https:\/\/blog.saocamilo-sp.br\/","name":"Blog S\u00e3o Camilo","description":"Blog do Centro Universit\u00e1rio S\u00e3o Camilo","publisher":{"@id":"https:\/\/blog.saocamilo-sp.br\/#organization"},"potentialAction":[{"@type":"SearchAction","target":{"@type":"EntryPoint","urlTemplate":"https:\/\/blog.saocamilo-sp.br\/?s={search_term_string}"},"query-input":{"@type":"PropertyValueSpecification","valueRequired":true,"valueName":"search_term_string"}}],"inLanguage":"pt-BR"},{"@type":"Organization","@id":"https:\/\/blog.saocamilo-sp.br\/#organization","name":"Blog S\u00e3o Camilo","url":"https:\/\/blog.saocamilo-sp.br\/","logo":{"@type":"ImageObject","inLanguage":"pt-BR","@id":"https:\/\/blog.saocamilo-sp.br\/#\/schema\/logo\/image\/","url":"https:\/\/blog.saocamilo-sp.br\/wp-content\/uploads\/2021\/12\/cropped-vazio-logo-topo.png","contentUrl":"https:\/\/blog.saocamilo-sp.br\/wp-content\/uploads\/2021\/12\/cropped-vazio-logo-topo.png","width":320,"height":240,"caption":"Blog S\u00e3o Camilo"},"image":{"@id":"https:\/\/blog.saocamilo-sp.br\/#\/schema\/logo\/image\/"},"sameAs":["https:\/\/www.facebook.com\/saocamilosp","https:\/\/x.com\/saocamilosp","https:\/\/www.linkedin.com\/school\/centro-universit-rio-s-o-camilo\/"]},{"@type":"Person","@id":"https:\/\/blog.saocamilo-sp.br\/#\/schema\/person\/1a99645faaab0bb55105f817e866e19b","name":"Leandro Lafr\u00e1gola","image":{"@type":"ImageObject","inLanguage":"pt-BR","@id":"https:\/\/secure.gravatar.com\/avatar\/ec4232fb8d50d80f1c672353dc4c2876490e6a0a2a33d6572c0ba1fb78f115cf?s=96&d=mm&r=g","url":"https:\/\/secure.gravatar.com\/avatar\/ec4232fb8d50d80f1c672353dc4c2876490e6a0a2a33d6572c0ba1fb78f115cf?s=96&d=mm&r=g","contentUrl":"https:\/\/secure.gravatar.com\/avatar\/ec4232fb8d50d80f1c672353dc4c2876490e6a0a2a33d6572c0ba1fb78f115cf?s=96&d=mm&r=g","caption":"Leandro Lafr\u00e1gola"},"url":"https:\/\/blog.saocamilo-sp.br\/index.php\/author\/llafragola\/"}]}},"_links":{"self":[{"href":"https:\/\/blog.saocamilo-sp.br\/index.php\/wp-json\/wp\/v2\/posts\/801","targetHints":{"allow":["GET"]}}],"collection":[{"href":"https:\/\/blog.saocamilo-sp.br\/index.php\/wp-json\/wp\/v2\/posts"}],"about":[{"href":"https:\/\/blog.saocamilo-sp.br\/index.php\/wp-json\/wp\/v2\/types\/post"}],"author":[{"embeddable":true,"href":"https:\/\/blog.saocamilo-sp.br\/index.php\/wp-json\/wp\/v2\/users\/13"}],"replies":[{"embeddable":true,"href":"https:\/\/blog.saocamilo-sp.br\/index.php\/wp-json\/wp\/v2\/comments?post=801"}],"version-history":[{"count":5,"href":"https:\/\/blog.saocamilo-sp.br\/index.php\/wp-json\/wp\/v2\/posts\/801\/revisions"}],"predecessor-version":[{"id":816,"href":"https:\/\/blog.saocamilo-sp.br\/index.php\/wp-json\/wp\/v2\/posts\/801\/revisions\/816"}],"wp:featuredmedia":[{"embeddable":true,"href":"https:\/\/blog.saocamilo-sp.br\/index.php\/wp-json\/wp\/v2\/media\/802"}],"wp:attachment":[{"href":"https:\/\/blog.saocamilo-sp.br\/index.php\/wp-json\/wp\/v2\/media?parent=801"}],"wp:term":[{"taxonomy":"category","embeddable":true,"href":"https:\/\/blog.saocamilo-sp.br\/index.php\/wp-json\/wp\/v2\/categories?post=801"},{"taxonomy":"post_tag","embeddable":true,"href":"https:\/\/blog.saocamilo-sp.br\/index.php\/wp-json\/wp\/v2\/tags?post=801"}],"curies":[{"name":"wp","href":"https:\/\/api.w.org\/{rel}","templated":true}]}}