{"id":819,"date":"2023-02-27T12:26:49","date_gmt":"2023-02-27T15:26:49","guid":{"rendered":"https:\/\/blog.saocamilo-sp.br\/?p=819"},"modified":"2023-02-27T13:14:25","modified_gmt":"2023-02-27T16:14:25","slug":"podcast_narizes_de_plantao","status":"publish","type":"post","link":"https:\/\/blog.saocamilo-sp.br\/index.php\/2023\/02\/27\/podcast_narizes_de_plantao\/","title":{"rendered":"31 de dezembro &#8211; O Podcast do Narizes de Plant\u00e3o"},"content":{"rendered":"\n<p>O 31 de dezembro \u00e9 o <a href=\"https:\/\/open.spotify.com\/show\/5tcCBhId3CIIl0opgs8TLQ\" target=\"_blank\" rel=\"noreferrer noopener\">podcast<\/a> do <a href=\"https:\/\/blog.saocamilo-sp.br\/index.php\/2023\/01\/26\/um-riso-atrasado-ainda-e-um-otimo-riso\/\" target=\"_blank\" rel=\"noreferrer noopener\">Narizes de Plant\u00e3o<\/a>. Pra voc\u00ea que n\u00e3o conhece, o grupo \u00e9 formado por estudantes da \u00e1rea da sa\u00fade, do Centro Universit\u00e1rio S\u00e3o Camilo. Esse projeto de extens\u00e3o estuda e aplica a linguagem do palha\u00e7o nos hospitais.<\/p>\n\n\n\n<p>Nessa curta temporada especial, o podcast est\u00e1 dedicado aos alunos ingressantes do Centro Universit\u00e1rio S\u00e3o Camilo.<\/p>\n\n\n\n<p>Est\u00e1 perdido? N\u00e3o sabe como ser\u00e1 essa coisa de fazer faculdade? O Pessoal do Narizes de Plant\u00e3o vai te dar uma luz!<\/p>\n\n\n\n<h2 class=\"wp-block-heading\">Confira os dois epis\u00f3dios do Especial Ingressantes do Podcast 31 de dezembro :<\/h2>\n\n\n\n<figure class=\"wp-block-embed is-type-rich is-provider-spotify wp-block-embed-spotify wp-embed-aspect-21-9 wp-has-aspect-ratio\"><div class=\"wp-block-embed__wrapper\">\n<iframe title=\"Spotify Embed: [T5E1] Especial Ingressantes - N\u00e3o fique parado\" style=\"border-radius: 12px\" width=\"100%\" height=\"152\" frameborder=\"0\" allowfullscreen allow=\"autoplay; clipboard-write; encrypted-media; fullscreen; picture-in-picture\" loading=\"lazy\" src=\"https:\/\/open.spotify.com\/embed\/episode\/0T2ZDSrsyEffz5TliWvC4S?si=xeuWL1P3S-aM2a695ya3PA&#038;nd=1&#038;utm_source=oembed\"><\/iframe>\n<\/div><\/figure>\n\n\n\n<p><\/p>\n\n\n\n<figure class=\"wp-block-embed is-type-rich is-provider-spotify wp-block-embed-spotify wp-embed-aspect-21-9 wp-has-aspect-ratio\"><div class=\"wp-block-embed__wrapper\">\n<iframe title=\"Spotify Embed: [T5E2] Especial Ingressantes - Dicas para n\u00e3o ficar perdido\" style=\"border-radius: 12px\" width=\"100%\" height=\"152\" frameborder=\"0\" allowfullscreen allow=\"autoplay; clipboard-write; encrypted-media; fullscreen; picture-in-picture\" loading=\"lazy\" src=\"https:\/\/open.spotify.com\/embed\/episode\/6q3LmnQUcfJgIYVaHJgfPR?si=OfFVoOPoQKSfVb-UaN3Wog&#038;nd=1&#038;utm_source=oembed\"><\/iframe>\n<\/div><\/figure>\n\n\n\n<p><\/p>\n\n\n<div class=\"wp-block-post-author\"><div class=\"wp-block-post-author__avatar\"><img alt='' src='https:\/\/secure.gravatar.com\/avatar\/cbed0d57a74836e8481bb4b2ac15163f24841505b47ce8f4d0b58343bcbe6d77?s=48&#038;d=mm&#038;r=g' srcset='https:\/\/secure.gravatar.com\/avatar\/cbed0d57a74836e8481bb4b2ac15163f24841505b47ce8f4d0b58343bcbe6d77?s=96&#038;d=mm&#038;r=g 2x' class='avatar avatar-48 photo' height='48' width='48' \/><\/div><div class=\"wp-block-post-author__content\"><p class=\"wp-block-post-author__byline\">Texto escrito e podcast produzido por <a href=\"https:\/\/narizesdeplantao.com.br\/\" target=\"_blank\" rel=\"noreferrer noopener\">Narizes de Plant\u00e3o<\/a>. Adapta\u00e7\u00e3o para blog por:<\/p><p class=\"wp-block-post-author__name\">Giancarlo Bonato<\/p><\/div><\/div>","protected":false},"excerpt":{"rendered":"<p>O 31 de dezembro \u00e9 o podcast do Narizes de Plant\u00e3o. Pra voc\u00ea que n\u00e3o conhece, o grupo \u00e9 formado por estudantes da \u00e1rea da sa\u00fade, do Centro Universit\u00e1rio S\u00e3o Camilo. Esse projeto de extens\u00e3o estuda e aplica a linguagem&#8230; <a class=\"more-link\" href=\"https:\/\/blog.saocamilo-sp.br\/index.php\/2023\/02\/27\/podcast_narizes_de_plantao\/\">Continue Reading &rarr;<\/a><\/p>\n","protected":false},"author":5,"featured_media":828,"comment_status":"open","ping_status":"open","sticky":false,"template":"","format":"standard","meta":{"cybocfi_hide_featured_image":"","footnotes":""},"categories":[1],"tags":[59,17,16],"class_list":["post-819","post","type-post","status-publish","format-standard","has-post-thumbnail","hentry","category-cursos","tag-narizes-de-plantao","tag-saude","tag-vida-universitaria"],"yoast_head":"<!-- This site is optimized with the Yoast SEO plugin v27.4 - https:\/\/yoast.com\/product\/yoast-seo-wordpress\/ -->\n<title>31 de dezembro - O Podcast do Narizes de Plant\u00e3o<\/title>\n<meta name=\"description\" content=\"N\u00e3o sabe como ser\u00e1 essa coisa de fazer faculdade? O Pessoal do Narizes de Plant\u00e3o com o seu podcast 31 de dezembro vai te dar uma luz!\" \/>\n<meta name=\"robots\" content=\"index, follow, max-snippet:-1, max-image-preview:large, max-video-preview:-1\" \/>\n<link rel=\"canonical\" href=\"https:\/\/blog.saocamilo-sp.br\/index.php\/2023\/02\/27\/podcast_narizes_de_plantao\/\" \/>\n<meta property=\"og:locale\" content=\"pt_BR\" \/>\n<meta property=\"og:type\" content=\"article\" \/>\n<meta property=\"og:title\" content=\"31 de dezembro - O Podcast do Narizes de Plant\u00e3o\" \/>\n<meta property=\"og:description\" content=\"N\u00e3o sabe como ser\u00e1 essa coisa de fazer faculdade? O Pessoal do Narizes de Plant\u00e3o com o seu podcast 31 de dezembro vai te dar uma luz!\" \/>\n<meta property=\"og:url\" content=\"https:\/\/blog.saocamilo-sp.br\/index.php\/2023\/02\/27\/podcast_narizes_de_plantao\/\" \/>\n<meta property=\"og:site_name\" content=\"Blog S\u00e3o Camilo\" \/>\n<meta property=\"article:publisher\" content=\"https:\/\/www.facebook.com\/saocamilosp\" \/>\n<meta property=\"article:published_time\" content=\"2023-02-27T15:26:49+00:00\" \/>\n<meta property=\"article:modified_time\" content=\"2023-02-27T16:14:25+00:00\" \/>\n<meta property=\"og:image\" content=\"https:\/\/blog.saocamilo-sp.br\/wp-content\/uploads\/2023\/02\/Narizes.png\" \/>\n\t<meta property=\"og:image:width\" content=\"1000\" \/>\n\t<meta property=\"og:image:height\" content=\"668\" \/>\n\t<meta property=\"og:image:type\" content=\"image\/png\" \/>\n<meta name=\"author\" content=\"Giancarlo Bonato\" \/>\n<meta name=\"twitter:card\" content=\"summary_large_image\" \/>\n<meta name=\"twitter:creator\" content=\"@saocamilosp\" \/>\n<meta name=\"twitter:site\" content=\"@saocamilosp\" \/>\n<meta name=\"twitter:label1\" content=\"Escrito por\" \/>\n\t<meta name=\"twitter:data1\" content=\"Giancarlo Bonato\" \/>\n\t<meta name=\"twitter:label2\" content=\"Est. tempo de leitura\" \/>\n\t<meta name=\"twitter:data2\" content=\"1 minuto\" \/>\n<script type=\"application\/ld+json\" class=\"yoast-schema-graph\">{\"@context\":\"https:\\\/\\\/schema.org\",\"@graph\":[{\"@type\":\"Article\",\"@id\":\"https:\\\/\\\/blog.saocamilo-sp.br\\\/index.php\\\/2023\\\/02\\\/27\\\/podcast_narizes_de_plantao\\\/#article\",\"isPartOf\":{\"@id\":\"https:\\\/\\\/blog.saocamilo-sp.br\\\/index.php\\\/2023\\\/02\\\/27\\\/podcast_narizes_de_plantao\\\/\"},\"author\":{\"name\":\"Giancarlo Bonato\",\"@id\":\"https:\\\/\\\/blog.saocamilo-sp.br\\\/#\\\/schema\\\/person\\\/2f1abef72dd95b45ae5f8e75003b32a9\"},\"headline\":\"31 de dezembro &#8211; O Podcast do Narizes de Plant\u00e3o\",\"datePublished\":\"2023-02-27T15:26:49+00:00\",\"dateModified\":\"2023-02-27T16:14:25+00:00\",\"mainEntityOfPage\":{\"@id\":\"https:\\\/\\\/blog.saocamilo-sp.br\\\/index.php\\\/2023\\\/02\\\/27\\\/podcast_narizes_de_plantao\\\/\"},\"wordCount\":142,\"commentCount\":0,\"publisher\":{\"@id\":\"https:\\\/\\\/blog.saocamilo-sp.br\\\/#organization\"},\"image\":{\"@id\":\"https:\\\/\\\/blog.saocamilo-sp.br\\\/index.php\\\/2023\\\/02\\\/27\\\/podcast_narizes_de_plantao\\\/#primaryimage\"},\"thumbnailUrl\":\"https:\\\/\\\/blog.saocamilo-sp.br\\\/wp-content\\\/uploads\\\/2023\\\/02\\\/Narizes.png\",\"keywords\":[\"Narizes de Plant\u00e3o\",\"Sa\u00fade\",\"Vida Universit\u00e1ria\"],\"articleSection\":[\"Cursos\"],\"inLanguage\":\"pt-BR\",\"potentialAction\":[{\"@type\":\"CommentAction\",\"name\":\"Comment\",\"target\":[\"https:\\\/\\\/blog.saocamilo-sp.br\\\/index.php\\\/2023\\\/02\\\/27\\\/podcast_narizes_de_plantao\\\/#respond\"]}]},{\"@type\":\"WebPage\",\"@id\":\"https:\\\/\\\/blog.saocamilo-sp.br\\\/index.php\\\/2023\\\/02\\\/27\\\/podcast_narizes_de_plantao\\\/\",\"url\":\"https:\\\/\\\/blog.saocamilo-sp.br\\\/index.php\\\/2023\\\/02\\\/27\\\/podcast_narizes_de_plantao\\\/\",\"name\":\"31 de dezembro - O Podcast do Narizes de Plant\u00e3o\",\"isPartOf\":{\"@id\":\"https:\\\/\\\/blog.saocamilo-sp.br\\\/#website\"},\"primaryImageOfPage\":{\"@id\":\"https:\\\/\\\/blog.saocamilo-sp.br\\\/index.php\\\/2023\\\/02\\\/27\\\/podcast_narizes_de_plantao\\\/#primaryimage\"},\"image\":{\"@id\":\"https:\\\/\\\/blog.saocamilo-sp.br\\\/index.php\\\/2023\\\/02\\\/27\\\/podcast_narizes_de_plantao\\\/#primaryimage\"},\"thumbnailUrl\":\"https:\\\/\\\/blog.saocamilo-sp.br\\\/wp-content\\\/uploads\\\/2023\\\/02\\\/Narizes.png\",\"datePublished\":\"2023-02-27T15:26:49+00:00\",\"dateModified\":\"2023-02-27T16:14:25+00:00\",\"description\":\"N\u00e3o sabe como ser\u00e1 essa coisa de fazer faculdade? O Pessoal do Narizes de Plant\u00e3o com o seu podcast 31 de dezembro vai te dar uma luz!\",\"breadcrumb\":{\"@id\":\"https:\\\/\\\/blog.saocamilo-sp.br\\\/index.php\\\/2023\\\/02\\\/27\\\/podcast_narizes_de_plantao\\\/#breadcrumb\"},\"inLanguage\":\"pt-BR\",\"potentialAction\":[{\"@type\":\"ReadAction\",\"target\":[\"https:\\\/\\\/blog.saocamilo-sp.br\\\/index.php\\\/2023\\\/02\\\/27\\\/podcast_narizes_de_plantao\\\/\"]}]},{\"@type\":\"ImageObject\",\"inLanguage\":\"pt-BR\",\"@id\":\"https:\\\/\\\/blog.saocamilo-sp.br\\\/index.php\\\/2023\\\/02\\\/27\\\/podcast_narizes_de_plantao\\\/#primaryimage\",\"url\":\"https:\\\/\\\/blog.saocamilo-sp.br\\\/wp-content\\\/uploads\\\/2023\\\/02\\\/Narizes.png\",\"contentUrl\":\"https:\\\/\\\/blog.saocamilo-sp.br\\\/wp-content\\\/uploads\\\/2023\\\/02\\\/Narizes.png\",\"width\":1000,\"height\":668,\"caption\":\"imagem sobre o podcast 31 de dezembro do projeto narizes de plant\u00e3o fazendo refer\u00eancia aos dois primeiros epis\u00f3dios com o tema dos ingressantes\"},{\"@type\":\"BreadcrumbList\",\"@id\":\"https:\\\/\\\/blog.saocamilo-sp.br\\\/index.php\\\/2023\\\/02\\\/27\\\/podcast_narizes_de_plantao\\\/#breadcrumb\",\"itemListElement\":[{\"@type\":\"ListItem\",\"position\":1,\"name\":\"In\u00edcio\",\"item\":\"https:\\\/\\\/blog.saocamilo-sp.br\\\/\"},{\"@type\":\"ListItem\",\"position\":2,\"name\":\"31 de dezembro &#8211; O Podcast do Narizes de Plant\u00e3o\"}]},{\"@type\":\"WebSite\",\"@id\":\"https:\\\/\\\/blog.saocamilo-sp.br\\\/#website\",\"url\":\"https:\\\/\\\/blog.saocamilo-sp.br\\\/\",\"name\":\"Blog S\u00e3o Camilo\",\"description\":\"Blog do Centro Universit\u00e1rio S\u00e3o Camilo\",\"publisher\":{\"@id\":\"https:\\\/\\\/blog.saocamilo-sp.br\\\/#organization\"},\"potentialAction\":[{\"@type\":\"SearchAction\",\"target\":{\"@type\":\"EntryPoint\",\"urlTemplate\":\"https:\\\/\\\/blog.saocamilo-sp.br\\\/?s={search_term_string}\"},\"query-input\":{\"@type\":\"PropertyValueSpecification\",\"valueRequired\":true,\"valueName\":\"search_term_string\"}}],\"inLanguage\":\"pt-BR\"},{\"@type\":\"Organization\",\"@id\":\"https:\\\/\\\/blog.saocamilo-sp.br\\\/#organization\",\"name\":\"Blog S\u00e3o Camilo\",\"url\":\"https:\\\/\\\/blog.saocamilo-sp.br\\\/\",\"logo\":{\"@type\":\"ImageObject\",\"inLanguage\":\"pt-BR\",\"@id\":\"https:\\\/\\\/blog.saocamilo-sp.br\\\/#\\\/schema\\\/logo\\\/image\\\/\",\"url\":\"https:\\\/\\\/blog.saocamilo-sp.br\\\/wp-content\\\/uploads\\\/2021\\\/12\\\/cropped-vazio-logo-topo.png\",\"contentUrl\":\"https:\\\/\\\/blog.saocamilo-sp.br\\\/wp-content\\\/uploads\\\/2021\\\/12\\\/cropped-vazio-logo-topo.png\",\"width\":320,\"height\":240,\"caption\":\"Blog S\u00e3o Camilo\"},\"image\":{\"@id\":\"https:\\\/\\\/blog.saocamilo-sp.br\\\/#\\\/schema\\\/logo\\\/image\\\/\"},\"sameAs\":[\"https:\\\/\\\/www.facebook.com\\\/saocamilosp\",\"https:\\\/\\\/x.com\\\/saocamilosp\",\"https:\\\/\\\/www.linkedin.com\\\/school\\\/centro-universit-rio-s-o-camilo\\\/\"]},{\"@type\":\"Person\",\"@id\":\"https:\\\/\\\/blog.saocamilo-sp.br\\\/#\\\/schema\\\/person\\\/2f1abef72dd95b45ae5f8e75003b32a9\",\"name\":\"Giancarlo Bonato\",\"image\":{\"@type\":\"ImageObject\",\"inLanguage\":\"pt-BR\",\"@id\":\"https:\\\/\\\/secure.gravatar.com\\\/avatar\\\/cbed0d57a74836e8481bb4b2ac15163f24841505b47ce8f4d0b58343bcbe6d77?s=96&d=mm&r=g\",\"url\":\"https:\\\/\\\/secure.gravatar.com\\\/avatar\\\/cbed0d57a74836e8481bb4b2ac15163f24841505b47ce8f4d0b58343bcbe6d77?s=96&d=mm&r=g\",\"contentUrl\":\"https:\\\/\\\/secure.gravatar.com\\\/avatar\\\/cbed0d57a74836e8481bb4b2ac15163f24841505b47ce8f4d0b58343bcbe6d77?s=96&d=mm&r=g\",\"caption\":\"Giancarlo Bonato\"},\"url\":\"https:\\\/\\\/blog.saocamilo-sp.br\\\/index.php\\\/author\\\/gbonato\\\/\"}]}<\/script>\n<!-- \/ Yoast SEO plugin. -->","yoast_head_json":{"title":"31 de dezembro - O Podcast do Narizes de Plant\u00e3o","description":"N\u00e3o sabe como ser\u00e1 essa coisa de fazer faculdade? O Pessoal do Narizes de Plant\u00e3o com o seu podcast 31 de dezembro vai te dar uma luz!","robots":{"index":"index","follow":"follow","max-snippet":"max-snippet:-1","max-image-preview":"max-image-preview:large","max-video-preview":"max-video-preview:-1"},"canonical":"https:\/\/blog.saocamilo-sp.br\/index.php\/2023\/02\/27\/podcast_narizes_de_plantao\/","og_locale":"pt_BR","og_type":"article","og_title":"31 de dezembro - O Podcast do Narizes de Plant\u00e3o","og_description":"N\u00e3o sabe como ser\u00e1 essa coisa de fazer faculdade? O Pessoal do Narizes de Plant\u00e3o com o seu podcast 31 de dezembro vai te dar uma luz!","og_url":"https:\/\/blog.saocamilo-sp.br\/index.php\/2023\/02\/27\/podcast_narizes_de_plantao\/","og_site_name":"Blog S\u00e3o Camilo","article_publisher":"https:\/\/www.facebook.com\/saocamilosp","article_published_time":"2023-02-27T15:26:49+00:00","article_modified_time":"2023-02-27T16:14:25+00:00","og_image":[{"width":1000,"height":668,"url":"https:\/\/blog.saocamilo-sp.br\/wp-content\/uploads\/2023\/02\/Narizes.png","type":"image\/png"}],"author":"Giancarlo Bonato","twitter_card":"summary_large_image","twitter_creator":"@saocamilosp","twitter_site":"@saocamilosp","twitter_misc":{"Escrito por":"Giancarlo Bonato","Est. tempo de leitura":"1 minuto"},"schema":{"@context":"https:\/\/schema.org","@graph":[{"@type":"Article","@id":"https:\/\/blog.saocamilo-sp.br\/index.php\/2023\/02\/27\/podcast_narizes_de_plantao\/#article","isPartOf":{"@id":"https:\/\/blog.saocamilo-sp.br\/index.php\/2023\/02\/27\/podcast_narizes_de_plantao\/"},"author":{"name":"Giancarlo Bonato","@id":"https:\/\/blog.saocamilo-sp.br\/#\/schema\/person\/2f1abef72dd95b45ae5f8e75003b32a9"},"headline":"31 de dezembro &#8211; O Podcast do Narizes de Plant\u00e3o","datePublished":"2023-02-27T15:26:49+00:00","dateModified":"2023-02-27T16:14:25+00:00","mainEntityOfPage":{"@id":"https:\/\/blog.saocamilo-sp.br\/index.php\/2023\/02\/27\/podcast_narizes_de_plantao\/"},"wordCount":142,"commentCount":0,"publisher":{"@id":"https:\/\/blog.saocamilo-sp.br\/#organization"},"image":{"@id":"https:\/\/blog.saocamilo-sp.br\/index.php\/2023\/02\/27\/podcast_narizes_de_plantao\/#primaryimage"},"thumbnailUrl":"https:\/\/blog.saocamilo-sp.br\/wp-content\/uploads\/2023\/02\/Narizes.png","keywords":["Narizes de Plant\u00e3o","Sa\u00fade","Vida Universit\u00e1ria"],"articleSection":["Cursos"],"inLanguage":"pt-BR","potentialAction":[{"@type":"CommentAction","name":"Comment","target":["https:\/\/blog.saocamilo-sp.br\/index.php\/2023\/02\/27\/podcast_narizes_de_plantao\/#respond"]}]},{"@type":"WebPage","@id":"https:\/\/blog.saocamilo-sp.br\/index.php\/2023\/02\/27\/podcast_narizes_de_plantao\/","url":"https:\/\/blog.saocamilo-sp.br\/index.php\/2023\/02\/27\/podcast_narizes_de_plantao\/","name":"31 de dezembro - O Podcast do Narizes de Plant\u00e3o","isPartOf":{"@id":"https:\/\/blog.saocamilo-sp.br\/#website"},"primaryImageOfPage":{"@id":"https:\/\/blog.saocamilo-sp.br\/index.php\/2023\/02\/27\/podcast_narizes_de_plantao\/#primaryimage"},"image":{"@id":"https:\/\/blog.saocamilo-sp.br\/index.php\/2023\/02\/27\/podcast_narizes_de_plantao\/#primaryimage"},"thumbnailUrl":"https:\/\/blog.saocamilo-sp.br\/wp-content\/uploads\/2023\/02\/Narizes.png","datePublished":"2023-02-27T15:26:49+00:00","dateModified":"2023-02-27T16:14:25+00:00","description":"N\u00e3o sabe como ser\u00e1 essa coisa de fazer faculdade? O Pessoal do Narizes de Plant\u00e3o com o seu podcast 31 de dezembro vai te dar uma luz!","breadcrumb":{"@id":"https:\/\/blog.saocamilo-sp.br\/index.php\/2023\/02\/27\/podcast_narizes_de_plantao\/#breadcrumb"},"inLanguage":"pt-BR","potentialAction":[{"@type":"ReadAction","target":["https:\/\/blog.saocamilo-sp.br\/index.php\/2023\/02\/27\/podcast_narizes_de_plantao\/"]}]},{"@type":"ImageObject","inLanguage":"pt-BR","@id":"https:\/\/blog.saocamilo-sp.br\/index.php\/2023\/02\/27\/podcast_narizes_de_plantao\/#primaryimage","url":"https:\/\/blog.saocamilo-sp.br\/wp-content\/uploads\/2023\/02\/Narizes.png","contentUrl":"https:\/\/blog.saocamilo-sp.br\/wp-content\/uploads\/2023\/02\/Narizes.png","width":1000,"height":668,"caption":"imagem sobre o podcast 31 de dezembro do projeto narizes de plant\u00e3o fazendo refer\u00eancia aos dois primeiros epis\u00f3dios com o tema dos ingressantes"},{"@type":"BreadcrumbList","@id":"https:\/\/blog.saocamilo-sp.br\/index.php\/2023\/02\/27\/podcast_narizes_de_plantao\/#breadcrumb","itemListElement":[{"@type":"ListItem","position":1,"name":"In\u00edcio","item":"https:\/\/blog.saocamilo-sp.br\/"},{"@type":"ListItem","position":2,"name":"31 de dezembro &#8211; O Podcast do Narizes de Plant\u00e3o"}]},{"@type":"WebSite","@id":"https:\/\/blog.saocamilo-sp.br\/#website","url":"https:\/\/blog.saocamilo-sp.br\/","name":"Blog S\u00e3o Camilo","description":"Blog do Centro Universit\u00e1rio S\u00e3o Camilo","publisher":{"@id":"https:\/\/blog.saocamilo-sp.br\/#organization"},"potentialAction":[{"@type":"SearchAction","target":{"@type":"EntryPoint","urlTemplate":"https:\/\/blog.saocamilo-sp.br\/?s={search_term_string}"},"query-input":{"@type":"PropertyValueSpecification","valueRequired":true,"valueName":"search_term_string"}}],"inLanguage":"pt-BR"},{"@type":"Organization","@id":"https:\/\/blog.saocamilo-sp.br\/#organization","name":"Blog S\u00e3o Camilo","url":"https:\/\/blog.saocamilo-sp.br\/","logo":{"@type":"ImageObject","inLanguage":"pt-BR","@id":"https:\/\/blog.saocamilo-sp.br\/#\/schema\/logo\/image\/","url":"https:\/\/blog.saocamilo-sp.br\/wp-content\/uploads\/2021\/12\/cropped-vazio-logo-topo.png","contentUrl":"https:\/\/blog.saocamilo-sp.br\/wp-content\/uploads\/2021\/12\/cropped-vazio-logo-topo.png","width":320,"height":240,"caption":"Blog S\u00e3o Camilo"},"image":{"@id":"https:\/\/blog.saocamilo-sp.br\/#\/schema\/logo\/image\/"},"sameAs":["https:\/\/www.facebook.com\/saocamilosp","https:\/\/x.com\/saocamilosp","https:\/\/www.linkedin.com\/school\/centro-universit-rio-s-o-camilo\/"]},{"@type":"Person","@id":"https:\/\/blog.saocamilo-sp.br\/#\/schema\/person\/2f1abef72dd95b45ae5f8e75003b32a9","name":"Giancarlo Bonato","image":{"@type":"ImageObject","inLanguage":"pt-BR","@id":"https:\/\/secure.gravatar.com\/avatar\/cbed0d57a74836e8481bb4b2ac15163f24841505b47ce8f4d0b58343bcbe6d77?s=96&d=mm&r=g","url":"https:\/\/secure.gravatar.com\/avatar\/cbed0d57a74836e8481bb4b2ac15163f24841505b47ce8f4d0b58343bcbe6d77?s=96&d=mm&r=g","contentUrl":"https:\/\/secure.gravatar.com\/avatar\/cbed0d57a74836e8481bb4b2ac15163f24841505b47ce8f4d0b58343bcbe6d77?s=96&d=mm&r=g","caption":"Giancarlo Bonato"},"url":"https:\/\/blog.saocamilo-sp.br\/index.php\/author\/gbonato\/"}]}},"_links":{"self":[{"href":"https:\/\/blog.saocamilo-sp.br\/index.php\/wp-json\/wp\/v2\/posts\/819","targetHints":{"allow":["GET"]}}],"collection":[{"href":"https:\/\/blog.saocamilo-sp.br\/index.php\/wp-json\/wp\/v2\/posts"}],"about":[{"href":"https:\/\/blog.saocamilo-sp.br\/index.php\/wp-json\/wp\/v2\/types\/post"}],"author":[{"embeddable":true,"href":"https:\/\/blog.saocamilo-sp.br\/index.php\/wp-json\/wp\/v2\/users\/5"}],"replies":[{"embeddable":true,"href":"https:\/\/blog.saocamilo-sp.br\/index.php\/wp-json\/wp\/v2\/comments?post=819"}],"version-history":[{"count":13,"href":"https:\/\/blog.saocamilo-sp.br\/index.php\/wp-json\/wp\/v2\/posts\/819\/revisions"}],"predecessor-version":[{"id":834,"href":"https:\/\/blog.saocamilo-sp.br\/index.php\/wp-json\/wp\/v2\/posts\/819\/revisions\/834"}],"wp:featuredmedia":[{"embeddable":true,"href":"https:\/\/blog.saocamilo-sp.br\/index.php\/wp-json\/wp\/v2\/media\/828"}],"wp:attachment":[{"href":"https:\/\/blog.saocamilo-sp.br\/index.php\/wp-json\/wp\/v2\/media?parent=819"}],"wp:term":[{"taxonomy":"category","embeddable":true,"href":"https:\/\/blog.saocamilo-sp.br\/index.php\/wp-json\/wp\/v2\/categories?post=819"},{"taxonomy":"post_tag","embeddable":true,"href":"https:\/\/blog.saocamilo-sp.br\/index.php\/wp-json\/wp\/v2\/tags?post=819"}],"curies":[{"name":"wp","href":"https:\/\/api.w.org\/{rel}","templated":true}]}}