{"id":840,"date":"2023-03-01T16:23:18","date_gmt":"2023-03-01T19:23:18","guid":{"rendered":"https:\/\/blog.saocamilo-sp.br\/?p=840"},"modified":"2025-11-25T13:02:43","modified_gmt":"2025-11-25T16:02:43","slug":"coordenador-de-farmacia-fala-sobre-a-importancia-sobre-do-uso-de-protetores-solares","status":"publish","type":"post","link":"https:\/\/blog.saocamilo-sp.br\/index.php\/2023\/03\/01\/coordenador-de-farmacia-fala-sobre-a-importancia-sobre-do-uso-de-protetores-solares\/","title":{"rendered":"Coordenador de Farm\u00e1cia fala sobre a import\u00e2ncia do uso de protetores solares"},"content":{"rendered":"\n<p>Estamos na esta\u00e7\u00e3o do ano mais aguardada por todos, o ver\u00e3o. Neste momento, buscamos por praias, piscinas, lagos artificiais ou naturais entre outros ambientes em que possamos praticar atividades f\u00edsica e lazer. Mas tamb\u00e9m, h\u00e1 aqueles que mesmo n\u00e3o buscando por estas atividades descritas anteriormente, realizam atividades laborais em ambientes que facilita a exposi\u00e7\u00e3o ao sol.<\/p>\n\n\n\n<p>\u00c9 muito importante destacar, que a luz solar \u00e9 composta por v\u00e1rios tipos de radia\u00e7\u00f5es que chamamos de infravermelho, espectro vis\u00edvel e ultravioleta. Esta \u00faltima \u00e9 constitu\u00edda por 3 tipos ou faixas de comprimento: UVC, UVB e UVA. A primeira n\u00e3o consegue nos atingir, pois \u00e9 barrada pela atmosfera de nosso planeta, j\u00e1 as faixas UVB e UVA por outro, s\u00e3o filtradas pela atmosfera, alcan\u00e7ando a superf\u00edcie terrestre e todos os animais, por\u00e9m em doses que podem ser suportadas pelos seres vivos. A radia\u00e7\u00e3o UVB, \u00e9 importante para a produ\u00e7\u00e3o de vitamina D, pois estimula as c\u00e9lulas da pele a realizar os processos necess\u00e1rios para que esta vitamina possa ser produzida. <br><br>Contudo, as faixas UVB e UVA podem provocar danos significativos aos seres vivos quando s\u00e3o expostos demasiadamente por tempo prolongado, desencadeando envelhecimento precoce, manchas, pintas, desidrata\u00e7\u00e3o da pele, imunossupress\u00e3o (redu\u00e7\u00e3o da resist\u00eancia a infec\u00e7\u00f5es), queimaduras que variam de leve a grave e situa\u00e7\u00f5es mais agressivas, como o desenvolvimento de diversos tipos de c\u00e2ncer.<\/p>\n\n\n\n<figure class=\"wp-block-image\"><img decoding=\"async\" src=\"https:\/\/saocamilo-sp.br\/assets\/uploads\/topo_protetor_solar2.png\" alt=\"\"\/><\/figure>\n\n\n\n<p>Protetores solares s\u00e3o formula\u00e7\u00f5es farmac\u00eauticas compostas por subst\u00e2ncias que possuem a capacidade de barrar ou absorver para si as radia\u00e7\u00f5es solares. Estas subst\u00e2ncias conferem ao usu\u00e1rio uma prote\u00e7\u00e3o muito importante contra os raios UVB e UVA. O tempo de prote\u00e7\u00e3o normalmente est\u00e1 relacionado \u00e0 dose ou quantidade de filtro presente na formula\u00e7\u00e3o. <\/p>\n\n\n\n<p>Para saber esta quantidade, deve-se observar o valor do Fator de Prote\u00e7\u00e3o Solar (FPS). Os produtos que melhor protegem contra a radia\u00e7\u00e3o s\u00e3o aqueles que cont\u00e9m FPS acima de 15, isto significa que o usu\u00e1rio estar\u00e1 protegido por at\u00e9 150 minutos ou pouco mais de 2 horas de exposi\u00e7\u00e3o ao sol. Por este motivo, \u00e9 importante refor\u00e7ar que o protetor solar deve ser sempre reaplicado de tempo em tempo (cada formula\u00e7\u00e3o possui o tempo limite de prote\u00e7\u00e3o), n\u00e3o h\u00e1 no mercado atual nenhum protetor que garanta 100% de prote\u00e7\u00e3o di\u00e1ria com uma \u00fanica aplica\u00e7\u00e3o. <\/p>\n\n\n\n<p>Recomenda-se que o produto seja utilizado diariamente, nas quantidades recomendadas por cada fabricante, devendo ser reaplicado a cada duas ou tr\u00eas horas. <\/p>\n\n\n\n<p>Ap\u00f3s nadar ou entrar no mar, piscina, \u00e9 preciso reaplicar o produto logo em seguida, mesmo para aquelas formula\u00e7\u00f5es descritas como que \u201cn\u00e3o sai na \u00e1gua\u201d.<\/p>\n\n\n\n<p>Da mesma forma, \u00e9 importante saber utilizar o protetor, este deve ser aplicado de prefer\u00eancia com a pele limpa, ap\u00f3s o banho, limpeza ou hidrata\u00e7\u00e3o. Para uma melhor prote\u00e7\u00e3o, deve-se aplicar cerca de 30 minutos antes de se expor ao sol, este tempo \u00e9necess\u00e1rio para ativar o fator de prote\u00e7\u00e3o. Al\u00e9m disso, a quantidade de produto aplicado deve ser suficiente para cobrir toda a regi\u00e3o do corpo que ser\u00e1 exposta ao sol.<\/p>\n\n\n\n<p>Uma d\u00favida muito comum \u00e9 sobre o uso do protetor fora da \u00e9poca de ver\u00e3o, como outono e inverno. \u00c9 importante destacar que mesmo em \u00e9pocas mais frias, nos expomos de alguma forma a uma quantidade de sol, e que as radia\u00e7\u00f5es UVB e UVA, podem promover efeito cumulativo, ou seja, por menor que seja o tempo de exposi\u00e7\u00e3o e o per\u00edodo do ano, a dose de radia\u00e7\u00e3o recebida a todo momento ir\u00e1 se somar aquela j\u00e1 recebida anteriormente. <\/p>\n\n\n\n<p>Desta forma, para uma boa prote\u00e7\u00e3o devemos utilizar o protetor solar em todos os per\u00edodos do ano. Outra situa\u00e7\u00e3o comum \u00e9 pensar que se est\u00e1 nublado n\u00e3o precisa de protetor, n\u00e3o podemos esquecer que as nuvens n\u00e3o possuem capacidade de filtrar a radia\u00e7\u00e3o e de nos proteger. Sendo assim, mesmo em tempo nublado e chuvoso, estamos expostos \u00e0 radia\u00e7\u00e3o solar.<\/p>\n\n\n\n<p>Os protetores podem ser encontrados em v\u00e1rios tipos de com\u00e9rcio (farm\u00e1cias, mercados, lojas de produtos moda-praia, artigos esportivos entre outros) e em forma de lo\u00e7\u00e3o, creme, gel e at\u00e9 em p\u00f3. O ideal \u00e9 que cada pessoa utilize a formula\u00e7\u00e3o que seja melhor indicada ao seu tipo de pele. Para isto, \u00e9 importante que se consulte um profissional para avaliar o tipo de pele e assim, indicar a melhor formula\u00e7\u00e3o.<\/p>\n\n\n\n<p>O uso adequado dos protetores solares, nos garante maior tranquilidade ao longo de toda nossa vida, diminui a probabilidade de ocorr\u00eancia de problemas de pele e nos permite aproveitar melhor o sol, por isto \u00e9 muito importante o uso dessas formula\u00e7\u00f5es.<\/p>\n\n\n\n<figure class=\"wp-block-image\"><img decoding=\"async\" src=\"https:\/\/saocamilo-sp.br\/assets\/uploads\/topo_protetor_solar1.png\" alt=\"\"\/><\/figure>\n","protected":false},"excerpt":{"rendered":"<p>Prof. Dr. Andr\u00e9 Luiz de Moura fala sobre a import\u00e2ncia do uso adequado dos protetores solar n\u00e3o s\u00f3 durante os dias de sol.<\/p>\n","protected":false},"author":13,"featured_media":841,"comment_status":"open","ping_status":"open","sticky":false,"template":"","format":"standard","meta":{"cybocfi_hide_featured_image":"","footnotes":""},"categories":[1,28],"tags":[],"class_list":["post-840","post","type-post","status-publish","format-standard","has-post-thumbnail","hentry","category-cursos","category-farmacia"],"yoast_head":"<!-- This site is optimized with the Yoast SEO plugin v27.5 - https:\/\/yoast.com\/product\/yoast-seo-wordpress\/ -->\n<title>Coordenador de Farm\u00e1cia fala sobre a import\u00e2ncia do uso de protetores solares - Blog S\u00e3o Camilo<\/title>\n<meta name=\"robots\" content=\"index, follow, max-snippet:-1, max-image-preview:large, max-video-preview:-1\" \/>\n<link rel=\"canonical\" href=\"https:\/\/blog.saocamilo-sp.br\/index.php\/2023\/03\/01\/coordenador-de-farmacia-fala-sobre-a-importancia-sobre-do-uso-de-protetores-solares\/\" \/>\n<meta property=\"og:locale\" content=\"pt_BR\" \/>\n<meta property=\"og:type\" content=\"article\" \/>\n<meta property=\"og:title\" content=\"Coordenador de Farm\u00e1cia fala sobre a import\u00e2ncia do uso de protetores solares - Blog S\u00e3o Camilo\" \/>\n<meta property=\"og:description\" content=\"Prof. Dr. Andr\u00e9 Luiz de Moura fala sobre a import\u00e2ncia do uso adequado dos protetores solar n\u00e3o s\u00f3 durante os dias de sol.\" \/>\n<meta property=\"og:url\" content=\"https:\/\/blog.saocamilo-sp.br\/index.php\/2023\/03\/01\/coordenador-de-farmacia-fala-sobre-a-importancia-sobre-do-uso-de-protetores-solares\/\" \/>\n<meta property=\"og:site_name\" content=\"Blog S\u00e3o Camilo\" \/>\n<meta property=\"article:publisher\" content=\"https:\/\/www.facebook.com\/saocamilosp\" \/>\n<meta property=\"article:published_time\" content=\"2023-03-01T19:23:18+00:00\" \/>\n<meta property=\"article:modified_time\" content=\"2025-11-25T16:02:43+00:00\" \/>\n<meta property=\"og:image\" content=\"https:\/\/blog.saocamilo-sp.br\/wp-content\/uploads\/2023\/03\/Protetor.jpg\" \/>\n\t<meta property=\"og:image:width\" content=\"1000\" \/>\n\t<meta property=\"og:image:height\" content=\"668\" \/>\n\t<meta property=\"og:image:type\" content=\"image\/jpeg\" \/>\n<meta name=\"author\" content=\"Leandro Lafr\u00e1gola\" \/>\n<meta name=\"twitter:card\" content=\"summary_large_image\" \/>\n<meta name=\"twitter:creator\" content=\"@saocamilosp\" \/>\n<meta name=\"twitter:site\" content=\"@saocamilosp\" \/>\n<meta name=\"twitter:label1\" content=\"Escrito por\" \/>\n\t<meta name=\"twitter:data1\" content=\"Leandro Lafr\u00e1gola\" \/>\n\t<meta name=\"twitter:label2\" content=\"Est. tempo de leitura\" \/>\n\t<meta name=\"twitter:data2\" content=\"5 minutos\" \/>\n<script type=\"application\/ld+json\" class=\"yoast-schema-graph\">{\"@context\":\"https:\\\/\\\/schema.org\",\"@graph\":[{\"@type\":\"Article\",\"@id\":\"https:\\\/\\\/blog.saocamilo-sp.br\\\/index.php\\\/2023\\\/03\\\/01\\\/coordenador-de-farmacia-fala-sobre-a-importancia-sobre-do-uso-de-protetores-solares\\\/#article\",\"isPartOf\":{\"@id\":\"https:\\\/\\\/blog.saocamilo-sp.br\\\/index.php\\\/2023\\\/03\\\/01\\\/coordenador-de-farmacia-fala-sobre-a-importancia-sobre-do-uso-de-protetores-solares\\\/\"},\"author\":{\"name\":\"Leandro Lafr\u00e1gola\",\"@id\":\"https:\\\/\\\/blog.saocamilo-sp.br\\\/#\\\/schema\\\/person\\\/1a99645faaab0bb55105f817e866e19b\"},\"headline\":\"Coordenador de Farm\u00e1cia fala sobre a import\u00e2ncia do uso de protetores solares\",\"datePublished\":\"2023-03-01T19:23:18+00:00\",\"dateModified\":\"2025-11-25T16:02:43+00:00\",\"mainEntityOfPage\":{\"@id\":\"https:\\\/\\\/blog.saocamilo-sp.br\\\/index.php\\\/2023\\\/03\\\/01\\\/coordenador-de-farmacia-fala-sobre-a-importancia-sobre-do-uso-de-protetores-solares\\\/\"},\"wordCount\":812,\"commentCount\":0,\"publisher\":{\"@id\":\"https:\\\/\\\/blog.saocamilo-sp.br\\\/#organization\"},\"image\":{\"@id\":\"https:\\\/\\\/blog.saocamilo-sp.br\\\/index.php\\\/2023\\\/03\\\/01\\\/coordenador-de-farmacia-fala-sobre-a-importancia-sobre-do-uso-de-protetores-solares\\\/#primaryimage\"},\"thumbnailUrl\":\"https:\\\/\\\/blog.saocamilo-sp.br\\\/wp-content\\\/uploads\\\/2023\\\/03\\\/Protetor.jpg\",\"articleSection\":[\"Cursos\",\"Farm\u00e1cia\"],\"inLanguage\":\"pt-BR\",\"potentialAction\":[{\"@type\":\"CommentAction\",\"name\":\"Comment\",\"target\":[\"https:\\\/\\\/blog.saocamilo-sp.br\\\/index.php\\\/2023\\\/03\\\/01\\\/coordenador-de-farmacia-fala-sobre-a-importancia-sobre-do-uso-de-protetores-solares\\\/#respond\"]}]},{\"@type\":\"WebPage\",\"@id\":\"https:\\\/\\\/blog.saocamilo-sp.br\\\/index.php\\\/2023\\\/03\\\/01\\\/coordenador-de-farmacia-fala-sobre-a-importancia-sobre-do-uso-de-protetores-solares\\\/\",\"url\":\"https:\\\/\\\/blog.saocamilo-sp.br\\\/index.php\\\/2023\\\/03\\\/01\\\/coordenador-de-farmacia-fala-sobre-a-importancia-sobre-do-uso-de-protetores-solares\\\/\",\"name\":\"Coordenador de Farm\u00e1cia fala sobre a import\u00e2ncia do uso de protetores solares - Blog S\u00e3o Camilo\",\"isPartOf\":{\"@id\":\"https:\\\/\\\/blog.saocamilo-sp.br\\\/#website\"},\"primaryImageOfPage\":{\"@id\":\"https:\\\/\\\/blog.saocamilo-sp.br\\\/index.php\\\/2023\\\/03\\\/01\\\/coordenador-de-farmacia-fala-sobre-a-importancia-sobre-do-uso-de-protetores-solares\\\/#primaryimage\"},\"image\":{\"@id\":\"https:\\\/\\\/blog.saocamilo-sp.br\\\/index.php\\\/2023\\\/03\\\/01\\\/coordenador-de-farmacia-fala-sobre-a-importancia-sobre-do-uso-de-protetores-solares\\\/#primaryimage\"},\"thumbnailUrl\":\"https:\\\/\\\/blog.saocamilo-sp.br\\\/wp-content\\\/uploads\\\/2023\\\/03\\\/Protetor.jpg\",\"datePublished\":\"2023-03-01T19:23:18+00:00\",\"dateModified\":\"2025-11-25T16:02:43+00:00\",\"breadcrumb\":{\"@id\":\"https:\\\/\\\/blog.saocamilo-sp.br\\\/index.php\\\/2023\\\/03\\\/01\\\/coordenador-de-farmacia-fala-sobre-a-importancia-sobre-do-uso-de-protetores-solares\\\/#breadcrumb\"},\"inLanguage\":\"pt-BR\",\"potentialAction\":[{\"@type\":\"ReadAction\",\"target\":[\"https:\\\/\\\/blog.saocamilo-sp.br\\\/index.php\\\/2023\\\/03\\\/01\\\/coordenador-de-farmacia-fala-sobre-a-importancia-sobre-do-uso-de-protetores-solares\\\/\"]}]},{\"@type\":\"ImageObject\",\"inLanguage\":\"pt-BR\",\"@id\":\"https:\\\/\\\/blog.saocamilo-sp.br\\\/index.php\\\/2023\\\/03\\\/01\\\/coordenador-de-farmacia-fala-sobre-a-importancia-sobre-do-uso-de-protetores-solares\\\/#primaryimage\",\"url\":\"https:\\\/\\\/blog.saocamilo-sp.br\\\/wp-content\\\/uploads\\\/2023\\\/03\\\/Protetor.jpg\",\"contentUrl\":\"https:\\\/\\\/blog.saocamilo-sp.br\\\/wp-content\\\/uploads\\\/2023\\\/03\\\/Protetor.jpg\",\"width\":1000,\"height\":668,\"caption\":\"Imagem ilustra a import\u00e2ncia do uso do protetor solar\"},{\"@type\":\"BreadcrumbList\",\"@id\":\"https:\\\/\\\/blog.saocamilo-sp.br\\\/index.php\\\/2023\\\/03\\\/01\\\/coordenador-de-farmacia-fala-sobre-a-importancia-sobre-do-uso-de-protetores-solares\\\/#breadcrumb\",\"itemListElement\":[{\"@type\":\"ListItem\",\"position\":1,\"name\":\"In\u00edcio\",\"item\":\"https:\\\/\\\/blog.saocamilo-sp.br\\\/\"},{\"@type\":\"ListItem\",\"position\":2,\"name\":\"Coordenador de Farm\u00e1cia fala sobre a import\u00e2ncia do uso de protetores solares\"}]},{\"@type\":\"WebSite\",\"@id\":\"https:\\\/\\\/blog.saocamilo-sp.br\\\/#website\",\"url\":\"https:\\\/\\\/blog.saocamilo-sp.br\\\/\",\"name\":\"Blog S\u00e3o Camilo\",\"description\":\"Blog do Centro Universit\u00e1rio S\u00e3o Camilo\",\"publisher\":{\"@id\":\"https:\\\/\\\/blog.saocamilo-sp.br\\\/#organization\"},\"potentialAction\":[{\"@type\":\"SearchAction\",\"target\":{\"@type\":\"EntryPoint\",\"urlTemplate\":\"https:\\\/\\\/blog.saocamilo-sp.br\\\/?s={search_term_string}\"},\"query-input\":{\"@type\":\"PropertyValueSpecification\",\"valueRequired\":true,\"valueName\":\"search_term_string\"}}],\"inLanguage\":\"pt-BR\"},{\"@type\":\"Organization\",\"@id\":\"https:\\\/\\\/blog.saocamilo-sp.br\\\/#organization\",\"name\":\"Blog S\u00e3o Camilo\",\"url\":\"https:\\\/\\\/blog.saocamilo-sp.br\\\/\",\"logo\":{\"@type\":\"ImageObject\",\"inLanguage\":\"pt-BR\",\"@id\":\"https:\\\/\\\/blog.saocamilo-sp.br\\\/#\\\/schema\\\/logo\\\/image\\\/\",\"url\":\"https:\\\/\\\/blog.saocamilo-sp.br\\\/wp-content\\\/uploads\\\/2021\\\/12\\\/cropped-vazio-logo-topo.png\",\"contentUrl\":\"https:\\\/\\\/blog.saocamilo-sp.br\\\/wp-content\\\/uploads\\\/2021\\\/12\\\/cropped-vazio-logo-topo.png\",\"width\":320,\"height\":240,\"caption\":\"Blog S\u00e3o Camilo\"},\"image\":{\"@id\":\"https:\\\/\\\/blog.saocamilo-sp.br\\\/#\\\/schema\\\/logo\\\/image\\\/\"},\"sameAs\":[\"https:\\\/\\\/www.facebook.com\\\/saocamilosp\",\"https:\\\/\\\/x.com\\\/saocamilosp\",\"https:\\\/\\\/www.linkedin.com\\\/school\\\/centro-universit-rio-s-o-camilo\\\/\"]},{\"@type\":\"Person\",\"@id\":\"https:\\\/\\\/blog.saocamilo-sp.br\\\/#\\\/schema\\\/person\\\/1a99645faaab0bb55105f817e866e19b\",\"name\":\"Leandro Lafr\u00e1gola\",\"image\":{\"@type\":\"ImageObject\",\"inLanguage\":\"pt-BR\",\"@id\":\"https:\\\/\\\/secure.gravatar.com\\\/avatar\\\/ec4232fb8d50d80f1c672353dc4c2876490e6a0a2a33d6572c0ba1fb78f115cf?s=96&d=mm&r=g\",\"url\":\"https:\\\/\\\/secure.gravatar.com\\\/avatar\\\/ec4232fb8d50d80f1c672353dc4c2876490e6a0a2a33d6572c0ba1fb78f115cf?s=96&d=mm&r=g\",\"contentUrl\":\"https:\\\/\\\/secure.gravatar.com\\\/avatar\\\/ec4232fb8d50d80f1c672353dc4c2876490e6a0a2a33d6572c0ba1fb78f115cf?s=96&d=mm&r=g\",\"caption\":\"Leandro Lafr\u00e1gola\"},\"url\":\"https:\\\/\\\/blog.saocamilo-sp.br\\\/index.php\\\/author\\\/llafragola\\\/\"}]}<\/script>\n<!-- \/ Yoast SEO plugin. -->","yoast_head_json":{"title":"Coordenador de Farm\u00e1cia fala sobre a import\u00e2ncia do uso de protetores solares - Blog S\u00e3o Camilo","robots":{"index":"index","follow":"follow","max-snippet":"max-snippet:-1","max-image-preview":"max-image-preview:large","max-video-preview":"max-video-preview:-1"},"canonical":"https:\/\/blog.saocamilo-sp.br\/index.php\/2023\/03\/01\/coordenador-de-farmacia-fala-sobre-a-importancia-sobre-do-uso-de-protetores-solares\/","og_locale":"pt_BR","og_type":"article","og_title":"Coordenador de Farm\u00e1cia fala sobre a import\u00e2ncia do uso de protetores solares - Blog S\u00e3o Camilo","og_description":"Prof. Dr. Andr\u00e9 Luiz de Moura fala sobre a import\u00e2ncia do uso adequado dos protetores solar n\u00e3o s\u00f3 durante os dias de sol.","og_url":"https:\/\/blog.saocamilo-sp.br\/index.php\/2023\/03\/01\/coordenador-de-farmacia-fala-sobre-a-importancia-sobre-do-uso-de-protetores-solares\/","og_site_name":"Blog S\u00e3o Camilo","article_publisher":"https:\/\/www.facebook.com\/saocamilosp","article_published_time":"2023-03-01T19:23:18+00:00","article_modified_time":"2025-11-25T16:02:43+00:00","og_image":[{"width":1000,"height":668,"url":"https:\/\/blog.saocamilo-sp.br\/wp-content\/uploads\/2023\/03\/Protetor.jpg","type":"image\/jpeg"}],"author":"Leandro Lafr\u00e1gola","twitter_card":"summary_large_image","twitter_creator":"@saocamilosp","twitter_site":"@saocamilosp","twitter_misc":{"Escrito por":"Leandro Lafr\u00e1gola","Est. tempo de leitura":"5 minutos"},"schema":{"@context":"https:\/\/schema.org","@graph":[{"@type":"Article","@id":"https:\/\/blog.saocamilo-sp.br\/index.php\/2023\/03\/01\/coordenador-de-farmacia-fala-sobre-a-importancia-sobre-do-uso-de-protetores-solares\/#article","isPartOf":{"@id":"https:\/\/blog.saocamilo-sp.br\/index.php\/2023\/03\/01\/coordenador-de-farmacia-fala-sobre-a-importancia-sobre-do-uso-de-protetores-solares\/"},"author":{"name":"Leandro Lafr\u00e1gola","@id":"https:\/\/blog.saocamilo-sp.br\/#\/schema\/person\/1a99645faaab0bb55105f817e866e19b"},"headline":"Coordenador de Farm\u00e1cia fala sobre a import\u00e2ncia do uso de protetores solares","datePublished":"2023-03-01T19:23:18+00:00","dateModified":"2025-11-25T16:02:43+00:00","mainEntityOfPage":{"@id":"https:\/\/blog.saocamilo-sp.br\/index.php\/2023\/03\/01\/coordenador-de-farmacia-fala-sobre-a-importancia-sobre-do-uso-de-protetores-solares\/"},"wordCount":812,"commentCount":0,"publisher":{"@id":"https:\/\/blog.saocamilo-sp.br\/#organization"},"image":{"@id":"https:\/\/blog.saocamilo-sp.br\/index.php\/2023\/03\/01\/coordenador-de-farmacia-fala-sobre-a-importancia-sobre-do-uso-de-protetores-solares\/#primaryimage"},"thumbnailUrl":"https:\/\/blog.saocamilo-sp.br\/wp-content\/uploads\/2023\/03\/Protetor.jpg","articleSection":["Cursos","Farm\u00e1cia"],"inLanguage":"pt-BR","potentialAction":[{"@type":"CommentAction","name":"Comment","target":["https:\/\/blog.saocamilo-sp.br\/index.php\/2023\/03\/01\/coordenador-de-farmacia-fala-sobre-a-importancia-sobre-do-uso-de-protetores-solares\/#respond"]}]},{"@type":"WebPage","@id":"https:\/\/blog.saocamilo-sp.br\/index.php\/2023\/03\/01\/coordenador-de-farmacia-fala-sobre-a-importancia-sobre-do-uso-de-protetores-solares\/","url":"https:\/\/blog.saocamilo-sp.br\/index.php\/2023\/03\/01\/coordenador-de-farmacia-fala-sobre-a-importancia-sobre-do-uso-de-protetores-solares\/","name":"Coordenador de Farm\u00e1cia fala sobre a import\u00e2ncia do uso de protetores solares - Blog S\u00e3o Camilo","isPartOf":{"@id":"https:\/\/blog.saocamilo-sp.br\/#website"},"primaryImageOfPage":{"@id":"https:\/\/blog.saocamilo-sp.br\/index.php\/2023\/03\/01\/coordenador-de-farmacia-fala-sobre-a-importancia-sobre-do-uso-de-protetores-solares\/#primaryimage"},"image":{"@id":"https:\/\/blog.saocamilo-sp.br\/index.php\/2023\/03\/01\/coordenador-de-farmacia-fala-sobre-a-importancia-sobre-do-uso-de-protetores-solares\/#primaryimage"},"thumbnailUrl":"https:\/\/blog.saocamilo-sp.br\/wp-content\/uploads\/2023\/03\/Protetor.jpg","datePublished":"2023-03-01T19:23:18+00:00","dateModified":"2025-11-25T16:02:43+00:00","breadcrumb":{"@id":"https:\/\/blog.saocamilo-sp.br\/index.php\/2023\/03\/01\/coordenador-de-farmacia-fala-sobre-a-importancia-sobre-do-uso-de-protetores-solares\/#breadcrumb"},"inLanguage":"pt-BR","potentialAction":[{"@type":"ReadAction","target":["https:\/\/blog.saocamilo-sp.br\/index.php\/2023\/03\/01\/coordenador-de-farmacia-fala-sobre-a-importancia-sobre-do-uso-de-protetores-solares\/"]}]},{"@type":"ImageObject","inLanguage":"pt-BR","@id":"https:\/\/blog.saocamilo-sp.br\/index.php\/2023\/03\/01\/coordenador-de-farmacia-fala-sobre-a-importancia-sobre-do-uso-de-protetores-solares\/#primaryimage","url":"https:\/\/blog.saocamilo-sp.br\/wp-content\/uploads\/2023\/03\/Protetor.jpg","contentUrl":"https:\/\/blog.saocamilo-sp.br\/wp-content\/uploads\/2023\/03\/Protetor.jpg","width":1000,"height":668,"caption":"Imagem ilustra a import\u00e2ncia do uso do protetor solar"},{"@type":"BreadcrumbList","@id":"https:\/\/blog.saocamilo-sp.br\/index.php\/2023\/03\/01\/coordenador-de-farmacia-fala-sobre-a-importancia-sobre-do-uso-de-protetores-solares\/#breadcrumb","itemListElement":[{"@type":"ListItem","position":1,"name":"In\u00edcio","item":"https:\/\/blog.saocamilo-sp.br\/"},{"@type":"ListItem","position":2,"name":"Coordenador de Farm\u00e1cia fala sobre a import\u00e2ncia do uso de protetores solares"}]},{"@type":"WebSite","@id":"https:\/\/blog.saocamilo-sp.br\/#website","url":"https:\/\/blog.saocamilo-sp.br\/","name":"Blog S\u00e3o Camilo","description":"Blog do Centro Universit\u00e1rio S\u00e3o Camilo","publisher":{"@id":"https:\/\/blog.saocamilo-sp.br\/#organization"},"potentialAction":[{"@type":"SearchAction","target":{"@type":"EntryPoint","urlTemplate":"https:\/\/blog.saocamilo-sp.br\/?s={search_term_string}"},"query-input":{"@type":"PropertyValueSpecification","valueRequired":true,"valueName":"search_term_string"}}],"inLanguage":"pt-BR"},{"@type":"Organization","@id":"https:\/\/blog.saocamilo-sp.br\/#organization","name":"Blog S\u00e3o Camilo","url":"https:\/\/blog.saocamilo-sp.br\/","logo":{"@type":"ImageObject","inLanguage":"pt-BR","@id":"https:\/\/blog.saocamilo-sp.br\/#\/schema\/logo\/image\/","url":"https:\/\/blog.saocamilo-sp.br\/wp-content\/uploads\/2021\/12\/cropped-vazio-logo-topo.png","contentUrl":"https:\/\/blog.saocamilo-sp.br\/wp-content\/uploads\/2021\/12\/cropped-vazio-logo-topo.png","width":320,"height":240,"caption":"Blog S\u00e3o Camilo"},"image":{"@id":"https:\/\/blog.saocamilo-sp.br\/#\/schema\/logo\/image\/"},"sameAs":["https:\/\/www.facebook.com\/saocamilosp","https:\/\/x.com\/saocamilosp","https:\/\/www.linkedin.com\/school\/centro-universit-rio-s-o-camilo\/"]},{"@type":"Person","@id":"https:\/\/blog.saocamilo-sp.br\/#\/schema\/person\/1a99645faaab0bb55105f817e866e19b","name":"Leandro Lafr\u00e1gola","image":{"@type":"ImageObject","inLanguage":"pt-BR","@id":"https:\/\/secure.gravatar.com\/avatar\/ec4232fb8d50d80f1c672353dc4c2876490e6a0a2a33d6572c0ba1fb78f115cf?s=96&d=mm&r=g","url":"https:\/\/secure.gravatar.com\/avatar\/ec4232fb8d50d80f1c672353dc4c2876490e6a0a2a33d6572c0ba1fb78f115cf?s=96&d=mm&r=g","contentUrl":"https:\/\/secure.gravatar.com\/avatar\/ec4232fb8d50d80f1c672353dc4c2876490e6a0a2a33d6572c0ba1fb78f115cf?s=96&d=mm&r=g","caption":"Leandro Lafr\u00e1gola"},"url":"https:\/\/blog.saocamilo-sp.br\/index.php\/author\/llafragola\/"}]}},"_links":{"self":[{"href":"https:\/\/blog.saocamilo-sp.br\/index.php\/wp-json\/wp\/v2\/posts\/840","targetHints":{"allow":["GET"]}}],"collection":[{"href":"https:\/\/blog.saocamilo-sp.br\/index.php\/wp-json\/wp\/v2\/posts"}],"about":[{"href":"https:\/\/blog.saocamilo-sp.br\/index.php\/wp-json\/wp\/v2\/types\/post"}],"author":[{"embeddable":true,"href":"https:\/\/blog.saocamilo-sp.br\/index.php\/wp-json\/wp\/v2\/users\/13"}],"replies":[{"embeddable":true,"href":"https:\/\/blog.saocamilo-sp.br\/index.php\/wp-json\/wp\/v2\/comments?post=840"}],"version-history":[{"count":5,"href":"https:\/\/blog.saocamilo-sp.br\/index.php\/wp-json\/wp\/v2\/posts\/840\/revisions"}],"predecessor-version":[{"id":847,"href":"https:\/\/blog.saocamilo-sp.br\/index.php\/wp-json\/wp\/v2\/posts\/840\/revisions\/847"}],"wp:featuredmedia":[{"embeddable":true,"href":"https:\/\/blog.saocamilo-sp.br\/index.php\/wp-json\/wp\/v2\/media\/841"}],"wp:attachment":[{"href":"https:\/\/blog.saocamilo-sp.br\/index.php\/wp-json\/wp\/v2\/media?parent=840"}],"wp:term":[{"taxonomy":"category","embeddable":true,"href":"https:\/\/blog.saocamilo-sp.br\/index.php\/wp-json\/wp\/v2\/categories?post=840"},{"taxonomy":"post_tag","embeddable":true,"href":"https:\/\/blog.saocamilo-sp.br\/index.php\/wp-json\/wp\/v2\/tags?post=840"}],"curies":[{"name":"wp","href":"https:\/\/api.w.org\/{rel}","templated":true}]}}