{"id":848,"date":"2023-03-08T17:05:45","date_gmt":"2023-03-08T20:05:45","guid":{"rendered":"https:\/\/blog.saocamilo-sp.br\/?p=848"},"modified":"2025-11-25T12:37:16","modified_gmt":"2025-11-25T15:37:16","slug":"dia-da-mulher-ginecologista-e-coordenadora-adjunta-do-curso-de-medicina-indica-passo-a-passo-para-cuidar-da-saude-em-todas-as-fases-da-vida","status":"publish","type":"post","link":"https:\/\/blog.saocamilo-sp.br\/index.php\/2023\/03\/08\/dia-da-mulher-ginecologista-e-coordenadora-adjunta-do-curso-de-medicina-indica-passo-a-passo-para-cuidar-da-saude-em-todas-as-fases-da-vida\/","title":{"rendered":"Ginecologista e coordenadora adjunta de Medicina fala sobre a sa\u00fade em todas as fases da vida"},"content":{"rendered":"\n<p>A chegada do Dia Internacional da Mulher, nesta quarta-feira (8), abre espa\u00e7o para muito mais que homenagens. Essa data traz \u00e0 tona a discuss\u00e3o a respeito da sa\u00fade feminina em todas as suas fases, a fim de compreender de forma objetiva quais as demandas mais importantes de cada faixa et\u00e1ria, as principais d\u00favidas (e suas respostas), e que tipos de especialistas podem ajudar.<\/p>\n\n\n\n<p>Para isso, a ginecologista e obstetra <a href=\"http:\/\/lattes.cnpq.br\/4328553359739813\" target=\"_blank\" rel=\"noreferrer noopener\">F\u00e1bia Vilarino<\/a>, coordenadora adjunta de <a href=\"https:\/\/saocamilo-sp.br\/graduacao\/presencial\/medicina\" target=\"_blank\" rel=\"noreferrer noopener\">Medicina<\/a> do Centro Universit\u00e1rio S\u00e3o Camilo \u2013 SP, indica o passo a passo da jornada nos cuidados de sa\u00fade das mulheres para uma vida longeva. Confira:<\/p>\n\n\n\n<p><strong>Inf\u00e2ncia<\/strong><\/p>\n\n\n\n<p>\u201cAs principais quest\u00f5es s\u00e3o voltadas \u00e0 parte de desenvolvimento infantil, ou seja, identificar se o desenvolvimento puberal est\u00e1 acontecendo na fase certa, o aparecimento da mama, dos pelos, e a primeira menstrua\u00e7\u00e3o\u201d, explica a especialista.<\/p>\n\n\n\n<p><em>Quem procurar: pediatra.<\/em><\/p>\n\n\n\n<p><br><strong>Adolesc\u00eancia<\/strong><\/p>\n\n\n\n<p>Vilarino detalha que, durante esse per\u00edodo, \u00e9 importante a conscientiza\u00e7\u00e3o a respeito das doen\u00e7as sexualmente transmiss\u00edveis \u2013 hoje chamamos de infec\u00e7\u00f5es sexualmente transmiss\u00edveis (ISTs) \u2013, al\u00e9m da gravidez na adolesc\u00eancia e cuidados em geral com a sa\u00fade reprodutiva.<\/p>\n\n\n\n<p>\u201cA primeira consulta varia muito. N\u00e3o necessariamente \u00e9 preciso ir ao ginecologista ap\u00f3s a primeira menstrua\u00e7\u00e3o. Muitas vezes o pediatra com especializa\u00e7\u00e3o em adolescentes (hebiatra) consegue fazer esse acompanhamento, orientando sobre o ciclo menstrual, higiene e at\u00e9 as quest\u00f5es de introdu\u00e7\u00e3o sexual\u201d, afirma.<\/p>\n\n\n\n<p>Segundo a m\u00e9dica, a partir do momento em que \u00e9 iniciada a vida sexual, a jovem precisa ser orientada quanto \u00e0s doen\u00e7as sexualmente transmiss\u00edveis, quanto \u00e0 preven\u00e7\u00e3o de gravidez indesejada e cuidados com o corpo. \u201cN\u00e3o h\u00e1 uma idade espec\u00edfica para isso\u201d, diz.<\/p>\n\n\n\n<p><em>Quem procurar: hebiatra (pediatra com especializa\u00e7\u00e3o em adolescentes) e\/ou ginecologista.<\/em><\/p>\n\n\n\n<p><br><strong>Vida adulta<\/strong>&nbsp;<\/p>\n\n\n\n<p>\u201cO que est\u00e1 bastante em alta \u00e9 o planejamento familiar, que \u00e9 quando a mulher tem vontade de engravidar, mas n\u00e3o est\u00e1 no momento, porque est\u00e1 estudando, trabalhando, se estabelecendo profissional e economicamente, e por isso n\u00e3o pode engravidar no momento. Quando decide engravidar, est\u00e1 na faixa dos 40 anos e a gesta\u00e7\u00e3o fica mais dif\u00edcil, com v\u00e1rios riscos. Temos uma ampla discuss\u00e3o quanto \u00e0 preserva\u00e7\u00e3o da fertilidade, congelar os \u00f3vulos e fazer um bom planejamento de qual ser\u00e1 o melhor momento para engravidar\u201d, explica a ginecologista.<\/p>\n\n\n\n<p>H\u00e1 tamb\u00e9m doen\u00e7as ginecol\u00f3gicas como a endometriose, para as quais \u00e9 necess\u00e1rio ter um alerta e buscar a orienta\u00e7\u00e3o de um(a) ginecologista sempre que surgirem sintomas como c\u00f3lica muito forte e dores menstruais ou durante a rela\u00e7\u00e3o sexual.&nbsp;<\/p>\n\n\n\n<p>\u201cOutra quest\u00e3o desta fase \u00e9 quando procurar um m\u00e9dico porque n\u00e3o est\u00e1 conseguindo engravidar. Tem a preven\u00e7\u00e3o anual, com a rotina ginecol\u00f3gica de ir ao m\u00e9dico e conversar, fazer exames para identificar precocemente qualquer doen\u00e7a que pode predispor ao c\u00e2ncer (de colo uterino e de mama) e s\u00edndromes metab\u00f3licas\u201d, pontua. Ela refor\u00e7a que \u00e9 preciso avaliar tamb\u00e9m se a mulher tem algum fator como a obesidade ou predisposi\u00e7\u00e3o a hipertens\u00e3o ou diabetes \u2013 tudo isso na rotina anual.<\/p>\n\n\n\n<p>Uma das demandas finais dessa fase \u00e9 a menopausa, que gera d\u00favidas como o uso ou n\u00e3o de reposi\u00e7\u00e3o hormonal, como fica a vida sexual, osteoporose, doen\u00e7a cardiovascular, entre outras. As respostas variam de acordo com cada paciente, da\u00ed a import\u00e2ncia das consultas regulares com o(a) especialista.<\/p>\n\n\n\n<p><em>Quem procurar: ginecologista<\/em>.<\/p>\n\n\n\n<p><br><strong>Terceira idade<\/strong><\/p>\n\n\n\n<p>\u201cAs mulheres passam pelo climat\u00e9rio e pela menopausa, e vivenciam mudan\u00e7as na fisiologia do corpo que s\u00e3o pr\u00f3prias da mulher, por isso precisam passar por acompanhamento ginecol\u00f3gico para saber lidar com essas mudan\u00e7as e, inclusive, prevenir algumas doen\u00e7as\u201d, lembra Vilarino.<\/p>\n\n\n\n<p>As idosas tamb\u00e9m t\u00eam o risco aumentado de alguns c\u00e2nceres que s\u00e3o mais frequentes entre o g\u00eanero, como o c\u00e2ncer de mama e tipos de c\u00e2ncer de \u00f3rg\u00e3os ginecol\u00f3gicos, como o uterino e o ovariano, que podem ser identificados por meio de consultas e exames ginecol\u00f3gicos.<\/p>\n\n\n\n<p><em>Quem procurar: ginecologista e\/ou geriatra.<\/em><\/p>\n\n\n\n<p><\/p>\n\n\n\n<p>Quer saber mais sobre o <a href=\"https:\/\/saocamilo-sp.br\/graduacao\/presencial\/medicina\">curso de Medicina<\/a>? <a href=\"https:\/\/saocamilo-sp.br\/graduacao\/presencial\/medicina\/matriz-curricular\">Clique aqui<\/a> para ver a grade curricular do curso oferecido pelo <a href=\"https:\/\/saocamilo-sp.br\/\" target=\"_blank\" rel=\"noreferrer noopener\">Centro Universit\u00e1rio S\u00e3o Camilo<\/a>!<\/p>\n\n\n\n<iframe loading=\"lazy\" src=\"https:\/\/saocamilo.apprbs.com.br\/tenho-interesse-blog\" height=\"530px\" width=\"100%\" frameborder=\"0\"><\/iframe>\n\n\n\n<p><\/p>\n\n\n\n<p><\/p>\n\n\n<div class=\"wp-block-post-author\"><div class=\"wp-block-post-author__avatar\"><img alt='' src='https:\/\/secure.gravatar.com\/avatar\/ec4232fb8d50d80f1c672353dc4c2876490e6a0a2a33d6572c0ba1fb78f115cf?s=48&#038;d=mm&#038;r=g' srcset='https:\/\/secure.gravatar.com\/avatar\/ec4232fb8d50d80f1c672353dc4c2876490e6a0a2a33d6572c0ba1fb78f115cf?s=96&#038;d=mm&#038;r=g 2x' class='avatar avatar-48 photo' height='48' width='48' \/><\/div><div class=\"wp-block-post-author__content\"><p class=\"wp-block-post-author__byline\">Texto escrito e podcast produzido por <a href=\"https:\/\/activacomunicacao.com.br\/\" target=\"_blank\" rel=\"noreferrer noopener\">Activia Comunica\u00e7\u00e3o<\/a>. Adapta\u00e7\u00e3o para blog por:<\/p><p class=\"wp-block-post-author__name\">Leandro Lafr\u00e1gola<\/p><\/div><\/div>","protected":false},"excerpt":{"rendered":"<p>O m\u00eas em que se comemora o Dia Internacional da Mulher abre espa\u00e7o para muito mais que homenagens.  A data leva \u00e0 discuss\u00e3o a respeito da sa\u00fade feminina em todas as suas fases.<\/p>\n","protected":false},"author":13,"featured_media":854,"comment_status":"open","ping_status":"open","sticky":false,"template":"","format":"standard","meta":{"cybocfi_hide_featured_image":"","footnotes":""},"categories":[30],"tags":[12],"class_list":["post-848","post","type-post","status-publish","format-standard","has-post-thumbnail","hentry","category-medicina","tag-medicina"],"yoast_head":"<!-- This site is optimized with the Yoast SEO plugin v27.5 - https:\/\/yoast.com\/product\/yoast-seo-wordpress\/ -->\n<title>Ginecologista e coordenadora adjunta de Medicina fala sobre a sa\u00fade em todas as fases da vida - Blog S\u00e3o Camilo<\/title>\n<meta name=\"robots\" content=\"index, follow, max-snippet:-1, max-image-preview:large, max-video-preview:-1\" \/>\n<link rel=\"canonical\" href=\"https:\/\/blog.saocamilo-sp.br\/index.php\/2023\/03\/08\/dia-da-mulher-ginecologista-e-coordenadora-adjunta-do-curso-de-medicina-indica-passo-a-passo-para-cuidar-da-saude-em-todas-as-fases-da-vida\/\" \/>\n<meta property=\"og:locale\" content=\"pt_BR\" \/>\n<meta property=\"og:type\" content=\"article\" \/>\n<meta property=\"og:title\" content=\"Ginecologista e coordenadora adjunta de Medicina fala sobre a sa\u00fade em todas as fases da vida - Blog S\u00e3o Camilo\" \/>\n<meta property=\"og:description\" content=\"O m\u00eas em que se comemora o Dia Internacional da Mulher abre espa\u00e7o para muito mais que homenagens. A data leva \u00e0 discuss\u00e3o a respeito da sa\u00fade feminina em todas as suas fases.\" \/>\n<meta property=\"og:url\" content=\"https:\/\/blog.saocamilo-sp.br\/index.php\/2023\/03\/08\/dia-da-mulher-ginecologista-e-coordenadora-adjunta-do-curso-de-medicina-indica-passo-a-passo-para-cuidar-da-saude-em-todas-as-fases-da-vida\/\" \/>\n<meta property=\"og:site_name\" content=\"Blog S\u00e3o Camilo\" \/>\n<meta property=\"article:publisher\" content=\"https:\/\/www.facebook.com\/saocamilosp\" \/>\n<meta property=\"article:published_time\" content=\"2023-03-08T20:05:45+00:00\" \/>\n<meta property=\"article:modified_time\" content=\"2025-11-25T15:37:16+00:00\" \/>\n<meta property=\"og:image\" content=\"https:\/\/blog.saocamilo-sp.br\/wp-content\/uploads\/2023\/03\/Dia_da__mulher_saude_ginecologista-scaled.jpg\" \/>\n\t<meta property=\"og:image:width\" content=\"2560\" \/>\n\t<meta property=\"og:image:height\" content=\"1709\" \/>\n\t<meta property=\"og:image:type\" content=\"image\/jpeg\" \/>\n<meta name=\"author\" content=\"Leandro Lafr\u00e1gola\" \/>\n<meta name=\"twitter:card\" content=\"summary_large_image\" \/>\n<meta name=\"twitter:creator\" content=\"@saocamilosp\" \/>\n<meta name=\"twitter:site\" content=\"@saocamilosp\" \/>\n<meta name=\"twitter:label1\" content=\"Escrito por\" \/>\n\t<meta name=\"twitter:data1\" content=\"Leandro Lafr\u00e1gola\" \/>\n\t<meta name=\"twitter:label2\" content=\"Est. tempo de leitura\" \/>\n\t<meta name=\"twitter:data2\" content=\"4 minutos\" \/>\n<script type=\"application\/ld+json\" class=\"yoast-schema-graph\">{\"@context\":\"https:\\\/\\\/schema.org\",\"@graph\":[{\"@type\":\"Article\",\"@id\":\"https:\\\/\\\/blog.saocamilo-sp.br\\\/index.php\\\/2023\\\/03\\\/08\\\/dia-da-mulher-ginecologista-e-coordenadora-adjunta-do-curso-de-medicina-indica-passo-a-passo-para-cuidar-da-saude-em-todas-as-fases-da-vida\\\/#article\",\"isPartOf\":{\"@id\":\"https:\\\/\\\/blog.saocamilo-sp.br\\\/index.php\\\/2023\\\/03\\\/08\\\/dia-da-mulher-ginecologista-e-coordenadora-adjunta-do-curso-de-medicina-indica-passo-a-passo-para-cuidar-da-saude-em-todas-as-fases-da-vida\\\/\"},\"author\":{\"name\":\"Leandro Lafr\u00e1gola\",\"@id\":\"https:\\\/\\\/blog.saocamilo-sp.br\\\/#\\\/schema\\\/person\\\/1a99645faaab0bb55105f817e866e19b\"},\"headline\":\"Ginecologista e coordenadora adjunta de Medicina fala sobre a sa\u00fade em todas as fases da vida\",\"datePublished\":\"2023-03-08T20:05:45+00:00\",\"dateModified\":\"2025-11-25T15:37:16+00:00\",\"mainEntityOfPage\":{\"@id\":\"https:\\\/\\\/blog.saocamilo-sp.br\\\/index.php\\\/2023\\\/03\\\/08\\\/dia-da-mulher-ginecologista-e-coordenadora-adjunta-do-curso-de-medicina-indica-passo-a-passo-para-cuidar-da-saude-em-todas-as-fases-da-vida\\\/\"},\"wordCount\":737,\"commentCount\":0,\"publisher\":{\"@id\":\"https:\\\/\\\/blog.saocamilo-sp.br\\\/#organization\"},\"image\":{\"@id\":\"https:\\\/\\\/blog.saocamilo-sp.br\\\/index.php\\\/2023\\\/03\\\/08\\\/dia-da-mulher-ginecologista-e-coordenadora-adjunta-do-curso-de-medicina-indica-passo-a-passo-para-cuidar-da-saude-em-todas-as-fases-da-vida\\\/#primaryimage\"},\"thumbnailUrl\":\"https:\\\/\\\/blog.saocamilo-sp.br\\\/wp-content\\\/uploads\\\/2023\\\/03\\\/Dia_da__mulher_saude_ginecologista-scaled.jpg\",\"keywords\":[\"Medicina\"],\"articleSection\":[\"Medicina\"],\"inLanguage\":\"pt-BR\",\"potentialAction\":[{\"@type\":\"CommentAction\",\"name\":\"Comment\",\"target\":[\"https:\\\/\\\/blog.saocamilo-sp.br\\\/index.php\\\/2023\\\/03\\\/08\\\/dia-da-mulher-ginecologista-e-coordenadora-adjunta-do-curso-de-medicina-indica-passo-a-passo-para-cuidar-da-saude-em-todas-as-fases-da-vida\\\/#respond\"]}]},{\"@type\":\"WebPage\",\"@id\":\"https:\\\/\\\/blog.saocamilo-sp.br\\\/index.php\\\/2023\\\/03\\\/08\\\/dia-da-mulher-ginecologista-e-coordenadora-adjunta-do-curso-de-medicina-indica-passo-a-passo-para-cuidar-da-saude-em-todas-as-fases-da-vida\\\/\",\"url\":\"https:\\\/\\\/blog.saocamilo-sp.br\\\/index.php\\\/2023\\\/03\\\/08\\\/dia-da-mulher-ginecologista-e-coordenadora-adjunta-do-curso-de-medicina-indica-passo-a-passo-para-cuidar-da-saude-em-todas-as-fases-da-vida\\\/\",\"name\":\"Ginecologista e coordenadora adjunta de Medicina fala sobre a sa\u00fade em todas as fases da vida - Blog S\u00e3o Camilo\",\"isPartOf\":{\"@id\":\"https:\\\/\\\/blog.saocamilo-sp.br\\\/#website\"},\"primaryImageOfPage\":{\"@id\":\"https:\\\/\\\/blog.saocamilo-sp.br\\\/index.php\\\/2023\\\/03\\\/08\\\/dia-da-mulher-ginecologista-e-coordenadora-adjunta-do-curso-de-medicina-indica-passo-a-passo-para-cuidar-da-saude-em-todas-as-fases-da-vida\\\/#primaryimage\"},\"image\":{\"@id\":\"https:\\\/\\\/blog.saocamilo-sp.br\\\/index.php\\\/2023\\\/03\\\/08\\\/dia-da-mulher-ginecologista-e-coordenadora-adjunta-do-curso-de-medicina-indica-passo-a-passo-para-cuidar-da-saude-em-todas-as-fases-da-vida\\\/#primaryimage\"},\"thumbnailUrl\":\"https:\\\/\\\/blog.saocamilo-sp.br\\\/wp-content\\\/uploads\\\/2023\\\/03\\\/Dia_da__mulher_saude_ginecologista-scaled.jpg\",\"datePublished\":\"2023-03-08T20:05:45+00:00\",\"dateModified\":\"2025-11-25T15:37:16+00:00\",\"breadcrumb\":{\"@id\":\"https:\\\/\\\/blog.saocamilo-sp.br\\\/index.php\\\/2023\\\/03\\\/08\\\/dia-da-mulher-ginecologista-e-coordenadora-adjunta-do-curso-de-medicina-indica-passo-a-passo-para-cuidar-da-saude-em-todas-as-fases-da-vida\\\/#breadcrumb\"},\"inLanguage\":\"pt-BR\",\"potentialAction\":[{\"@type\":\"ReadAction\",\"target\":[\"https:\\\/\\\/blog.saocamilo-sp.br\\\/index.php\\\/2023\\\/03\\\/08\\\/dia-da-mulher-ginecologista-e-coordenadora-adjunta-do-curso-de-medicina-indica-passo-a-passo-para-cuidar-da-saude-em-todas-as-fases-da-vida\\\/\"]}]},{\"@type\":\"ImageObject\",\"inLanguage\":\"pt-BR\",\"@id\":\"https:\\\/\\\/blog.saocamilo-sp.br\\\/index.php\\\/2023\\\/03\\\/08\\\/dia-da-mulher-ginecologista-e-coordenadora-adjunta-do-curso-de-medicina-indica-passo-a-passo-para-cuidar-da-saude-em-todas-as-fases-da-vida\\\/#primaryimage\",\"url\":\"https:\\\/\\\/blog.saocamilo-sp.br\\\/wp-content\\\/uploads\\\/2023\\\/03\\\/Dia_da__mulher_saude_ginecologista-scaled.jpg\",\"contentUrl\":\"https:\\\/\\\/blog.saocamilo-sp.br\\\/wp-content\\\/uploads\\\/2023\\\/03\\\/Dia_da__mulher_saude_ginecologista-scaled.jpg\",\"width\":2560,\"height\":1709,\"caption\":\"Mulheres de diferentes idades abra\u00e7adas e sorrindo\"},{\"@type\":\"BreadcrumbList\",\"@id\":\"https:\\\/\\\/blog.saocamilo-sp.br\\\/index.php\\\/2023\\\/03\\\/08\\\/dia-da-mulher-ginecologista-e-coordenadora-adjunta-do-curso-de-medicina-indica-passo-a-passo-para-cuidar-da-saude-em-todas-as-fases-da-vida\\\/#breadcrumb\",\"itemListElement\":[{\"@type\":\"ListItem\",\"position\":1,\"name\":\"In\u00edcio\",\"item\":\"https:\\\/\\\/blog.saocamilo-sp.br\\\/\"},{\"@type\":\"ListItem\",\"position\":2,\"name\":\"Ginecologista e coordenadora adjunta de Medicina fala sobre a sa\u00fade em todas as fases da vida\"}]},{\"@type\":\"WebSite\",\"@id\":\"https:\\\/\\\/blog.saocamilo-sp.br\\\/#website\",\"url\":\"https:\\\/\\\/blog.saocamilo-sp.br\\\/\",\"name\":\"Blog S\u00e3o Camilo\",\"description\":\"Blog do Centro Universit\u00e1rio S\u00e3o Camilo\",\"publisher\":{\"@id\":\"https:\\\/\\\/blog.saocamilo-sp.br\\\/#organization\"},\"potentialAction\":[{\"@type\":\"SearchAction\",\"target\":{\"@type\":\"EntryPoint\",\"urlTemplate\":\"https:\\\/\\\/blog.saocamilo-sp.br\\\/?s={search_term_string}\"},\"query-input\":{\"@type\":\"PropertyValueSpecification\",\"valueRequired\":true,\"valueName\":\"search_term_string\"}}],\"inLanguage\":\"pt-BR\"},{\"@type\":\"Organization\",\"@id\":\"https:\\\/\\\/blog.saocamilo-sp.br\\\/#organization\",\"name\":\"Blog S\u00e3o Camilo\",\"url\":\"https:\\\/\\\/blog.saocamilo-sp.br\\\/\",\"logo\":{\"@type\":\"ImageObject\",\"inLanguage\":\"pt-BR\",\"@id\":\"https:\\\/\\\/blog.saocamilo-sp.br\\\/#\\\/schema\\\/logo\\\/image\\\/\",\"url\":\"https:\\\/\\\/blog.saocamilo-sp.br\\\/wp-content\\\/uploads\\\/2021\\\/12\\\/cropped-vazio-logo-topo.png\",\"contentUrl\":\"https:\\\/\\\/blog.saocamilo-sp.br\\\/wp-content\\\/uploads\\\/2021\\\/12\\\/cropped-vazio-logo-topo.png\",\"width\":320,\"height\":240,\"caption\":\"Blog S\u00e3o Camilo\"},\"image\":{\"@id\":\"https:\\\/\\\/blog.saocamilo-sp.br\\\/#\\\/schema\\\/logo\\\/image\\\/\"},\"sameAs\":[\"https:\\\/\\\/www.facebook.com\\\/saocamilosp\",\"https:\\\/\\\/x.com\\\/saocamilosp\",\"https:\\\/\\\/www.linkedin.com\\\/school\\\/centro-universit-rio-s-o-camilo\\\/\"]},{\"@type\":\"Person\",\"@id\":\"https:\\\/\\\/blog.saocamilo-sp.br\\\/#\\\/schema\\\/person\\\/1a99645faaab0bb55105f817e866e19b\",\"name\":\"Leandro Lafr\u00e1gola\",\"image\":{\"@type\":\"ImageObject\",\"inLanguage\":\"pt-BR\",\"@id\":\"https:\\\/\\\/secure.gravatar.com\\\/avatar\\\/ec4232fb8d50d80f1c672353dc4c2876490e6a0a2a33d6572c0ba1fb78f115cf?s=96&d=mm&r=g\",\"url\":\"https:\\\/\\\/secure.gravatar.com\\\/avatar\\\/ec4232fb8d50d80f1c672353dc4c2876490e6a0a2a33d6572c0ba1fb78f115cf?s=96&d=mm&r=g\",\"contentUrl\":\"https:\\\/\\\/secure.gravatar.com\\\/avatar\\\/ec4232fb8d50d80f1c672353dc4c2876490e6a0a2a33d6572c0ba1fb78f115cf?s=96&d=mm&r=g\",\"caption\":\"Leandro Lafr\u00e1gola\"},\"url\":\"https:\\\/\\\/blog.saocamilo-sp.br\\\/index.php\\\/author\\\/llafragola\\\/\"}]}<\/script>\n<!-- \/ Yoast SEO plugin. -->","yoast_head_json":{"title":"Ginecologista e coordenadora adjunta de Medicina fala sobre a sa\u00fade em todas as fases da vida - Blog S\u00e3o Camilo","robots":{"index":"index","follow":"follow","max-snippet":"max-snippet:-1","max-image-preview":"max-image-preview:large","max-video-preview":"max-video-preview:-1"},"canonical":"https:\/\/blog.saocamilo-sp.br\/index.php\/2023\/03\/08\/dia-da-mulher-ginecologista-e-coordenadora-adjunta-do-curso-de-medicina-indica-passo-a-passo-para-cuidar-da-saude-em-todas-as-fases-da-vida\/","og_locale":"pt_BR","og_type":"article","og_title":"Ginecologista e coordenadora adjunta de Medicina fala sobre a sa\u00fade em todas as fases da vida - Blog S\u00e3o Camilo","og_description":"O m\u00eas em que se comemora o Dia Internacional da Mulher abre espa\u00e7o para muito mais que homenagens. A data leva \u00e0 discuss\u00e3o a respeito da sa\u00fade feminina em todas as suas fases.","og_url":"https:\/\/blog.saocamilo-sp.br\/index.php\/2023\/03\/08\/dia-da-mulher-ginecologista-e-coordenadora-adjunta-do-curso-de-medicina-indica-passo-a-passo-para-cuidar-da-saude-em-todas-as-fases-da-vida\/","og_site_name":"Blog S\u00e3o Camilo","article_publisher":"https:\/\/www.facebook.com\/saocamilosp","article_published_time":"2023-03-08T20:05:45+00:00","article_modified_time":"2025-11-25T15:37:16+00:00","og_image":[{"width":2560,"height":1709,"url":"https:\/\/blog.saocamilo-sp.br\/wp-content\/uploads\/2023\/03\/Dia_da__mulher_saude_ginecologista-scaled.jpg","type":"image\/jpeg"}],"author":"Leandro Lafr\u00e1gola","twitter_card":"summary_large_image","twitter_creator":"@saocamilosp","twitter_site":"@saocamilosp","twitter_misc":{"Escrito por":"Leandro Lafr\u00e1gola","Est. tempo de leitura":"4 minutos"},"schema":{"@context":"https:\/\/schema.org","@graph":[{"@type":"Article","@id":"https:\/\/blog.saocamilo-sp.br\/index.php\/2023\/03\/08\/dia-da-mulher-ginecologista-e-coordenadora-adjunta-do-curso-de-medicina-indica-passo-a-passo-para-cuidar-da-saude-em-todas-as-fases-da-vida\/#article","isPartOf":{"@id":"https:\/\/blog.saocamilo-sp.br\/index.php\/2023\/03\/08\/dia-da-mulher-ginecologista-e-coordenadora-adjunta-do-curso-de-medicina-indica-passo-a-passo-para-cuidar-da-saude-em-todas-as-fases-da-vida\/"},"author":{"name":"Leandro Lafr\u00e1gola","@id":"https:\/\/blog.saocamilo-sp.br\/#\/schema\/person\/1a99645faaab0bb55105f817e866e19b"},"headline":"Ginecologista e coordenadora adjunta de Medicina fala sobre a sa\u00fade em todas as fases da vida","datePublished":"2023-03-08T20:05:45+00:00","dateModified":"2025-11-25T15:37:16+00:00","mainEntityOfPage":{"@id":"https:\/\/blog.saocamilo-sp.br\/index.php\/2023\/03\/08\/dia-da-mulher-ginecologista-e-coordenadora-adjunta-do-curso-de-medicina-indica-passo-a-passo-para-cuidar-da-saude-em-todas-as-fases-da-vida\/"},"wordCount":737,"commentCount":0,"publisher":{"@id":"https:\/\/blog.saocamilo-sp.br\/#organization"},"image":{"@id":"https:\/\/blog.saocamilo-sp.br\/index.php\/2023\/03\/08\/dia-da-mulher-ginecologista-e-coordenadora-adjunta-do-curso-de-medicina-indica-passo-a-passo-para-cuidar-da-saude-em-todas-as-fases-da-vida\/#primaryimage"},"thumbnailUrl":"https:\/\/blog.saocamilo-sp.br\/wp-content\/uploads\/2023\/03\/Dia_da__mulher_saude_ginecologista-scaled.jpg","keywords":["Medicina"],"articleSection":["Medicina"],"inLanguage":"pt-BR","potentialAction":[{"@type":"CommentAction","name":"Comment","target":["https:\/\/blog.saocamilo-sp.br\/index.php\/2023\/03\/08\/dia-da-mulher-ginecologista-e-coordenadora-adjunta-do-curso-de-medicina-indica-passo-a-passo-para-cuidar-da-saude-em-todas-as-fases-da-vida\/#respond"]}]},{"@type":"WebPage","@id":"https:\/\/blog.saocamilo-sp.br\/index.php\/2023\/03\/08\/dia-da-mulher-ginecologista-e-coordenadora-adjunta-do-curso-de-medicina-indica-passo-a-passo-para-cuidar-da-saude-em-todas-as-fases-da-vida\/","url":"https:\/\/blog.saocamilo-sp.br\/index.php\/2023\/03\/08\/dia-da-mulher-ginecologista-e-coordenadora-adjunta-do-curso-de-medicina-indica-passo-a-passo-para-cuidar-da-saude-em-todas-as-fases-da-vida\/","name":"Ginecologista e coordenadora adjunta de Medicina fala sobre a sa\u00fade em todas as fases da vida - Blog S\u00e3o Camilo","isPartOf":{"@id":"https:\/\/blog.saocamilo-sp.br\/#website"},"primaryImageOfPage":{"@id":"https:\/\/blog.saocamilo-sp.br\/index.php\/2023\/03\/08\/dia-da-mulher-ginecologista-e-coordenadora-adjunta-do-curso-de-medicina-indica-passo-a-passo-para-cuidar-da-saude-em-todas-as-fases-da-vida\/#primaryimage"},"image":{"@id":"https:\/\/blog.saocamilo-sp.br\/index.php\/2023\/03\/08\/dia-da-mulher-ginecologista-e-coordenadora-adjunta-do-curso-de-medicina-indica-passo-a-passo-para-cuidar-da-saude-em-todas-as-fases-da-vida\/#primaryimage"},"thumbnailUrl":"https:\/\/blog.saocamilo-sp.br\/wp-content\/uploads\/2023\/03\/Dia_da__mulher_saude_ginecologista-scaled.jpg","datePublished":"2023-03-08T20:05:45+00:00","dateModified":"2025-11-25T15:37:16+00:00","breadcrumb":{"@id":"https:\/\/blog.saocamilo-sp.br\/index.php\/2023\/03\/08\/dia-da-mulher-ginecologista-e-coordenadora-adjunta-do-curso-de-medicina-indica-passo-a-passo-para-cuidar-da-saude-em-todas-as-fases-da-vida\/#breadcrumb"},"inLanguage":"pt-BR","potentialAction":[{"@type":"ReadAction","target":["https:\/\/blog.saocamilo-sp.br\/index.php\/2023\/03\/08\/dia-da-mulher-ginecologista-e-coordenadora-adjunta-do-curso-de-medicina-indica-passo-a-passo-para-cuidar-da-saude-em-todas-as-fases-da-vida\/"]}]},{"@type":"ImageObject","inLanguage":"pt-BR","@id":"https:\/\/blog.saocamilo-sp.br\/index.php\/2023\/03\/08\/dia-da-mulher-ginecologista-e-coordenadora-adjunta-do-curso-de-medicina-indica-passo-a-passo-para-cuidar-da-saude-em-todas-as-fases-da-vida\/#primaryimage","url":"https:\/\/blog.saocamilo-sp.br\/wp-content\/uploads\/2023\/03\/Dia_da__mulher_saude_ginecologista-scaled.jpg","contentUrl":"https:\/\/blog.saocamilo-sp.br\/wp-content\/uploads\/2023\/03\/Dia_da__mulher_saude_ginecologista-scaled.jpg","width":2560,"height":1709,"caption":"Mulheres de diferentes idades abra\u00e7adas e sorrindo"},{"@type":"BreadcrumbList","@id":"https:\/\/blog.saocamilo-sp.br\/index.php\/2023\/03\/08\/dia-da-mulher-ginecologista-e-coordenadora-adjunta-do-curso-de-medicina-indica-passo-a-passo-para-cuidar-da-saude-em-todas-as-fases-da-vida\/#breadcrumb","itemListElement":[{"@type":"ListItem","position":1,"name":"In\u00edcio","item":"https:\/\/blog.saocamilo-sp.br\/"},{"@type":"ListItem","position":2,"name":"Ginecologista e coordenadora adjunta de Medicina fala sobre a sa\u00fade em todas as fases da vida"}]},{"@type":"WebSite","@id":"https:\/\/blog.saocamilo-sp.br\/#website","url":"https:\/\/blog.saocamilo-sp.br\/","name":"Blog S\u00e3o Camilo","description":"Blog do Centro Universit\u00e1rio S\u00e3o Camilo","publisher":{"@id":"https:\/\/blog.saocamilo-sp.br\/#organization"},"potentialAction":[{"@type":"SearchAction","target":{"@type":"EntryPoint","urlTemplate":"https:\/\/blog.saocamilo-sp.br\/?s={search_term_string}"},"query-input":{"@type":"PropertyValueSpecification","valueRequired":true,"valueName":"search_term_string"}}],"inLanguage":"pt-BR"},{"@type":"Organization","@id":"https:\/\/blog.saocamilo-sp.br\/#organization","name":"Blog S\u00e3o Camilo","url":"https:\/\/blog.saocamilo-sp.br\/","logo":{"@type":"ImageObject","inLanguage":"pt-BR","@id":"https:\/\/blog.saocamilo-sp.br\/#\/schema\/logo\/image\/","url":"https:\/\/blog.saocamilo-sp.br\/wp-content\/uploads\/2021\/12\/cropped-vazio-logo-topo.png","contentUrl":"https:\/\/blog.saocamilo-sp.br\/wp-content\/uploads\/2021\/12\/cropped-vazio-logo-topo.png","width":320,"height":240,"caption":"Blog S\u00e3o Camilo"},"image":{"@id":"https:\/\/blog.saocamilo-sp.br\/#\/schema\/logo\/image\/"},"sameAs":["https:\/\/www.facebook.com\/saocamilosp","https:\/\/x.com\/saocamilosp","https:\/\/www.linkedin.com\/school\/centro-universit-rio-s-o-camilo\/"]},{"@type":"Person","@id":"https:\/\/blog.saocamilo-sp.br\/#\/schema\/person\/1a99645faaab0bb55105f817e866e19b","name":"Leandro Lafr\u00e1gola","image":{"@type":"ImageObject","inLanguage":"pt-BR","@id":"https:\/\/secure.gravatar.com\/avatar\/ec4232fb8d50d80f1c672353dc4c2876490e6a0a2a33d6572c0ba1fb78f115cf?s=96&d=mm&r=g","url":"https:\/\/secure.gravatar.com\/avatar\/ec4232fb8d50d80f1c672353dc4c2876490e6a0a2a33d6572c0ba1fb78f115cf?s=96&d=mm&r=g","contentUrl":"https:\/\/secure.gravatar.com\/avatar\/ec4232fb8d50d80f1c672353dc4c2876490e6a0a2a33d6572c0ba1fb78f115cf?s=96&d=mm&r=g","caption":"Leandro Lafr\u00e1gola"},"url":"https:\/\/blog.saocamilo-sp.br\/index.php\/author\/llafragola\/"}]}},"_links":{"self":[{"href":"https:\/\/blog.saocamilo-sp.br\/index.php\/wp-json\/wp\/v2\/posts\/848","targetHints":{"allow":["GET"]}}],"collection":[{"href":"https:\/\/blog.saocamilo-sp.br\/index.php\/wp-json\/wp\/v2\/posts"}],"about":[{"href":"https:\/\/blog.saocamilo-sp.br\/index.php\/wp-json\/wp\/v2\/types\/post"}],"author":[{"embeddable":true,"href":"https:\/\/blog.saocamilo-sp.br\/index.php\/wp-json\/wp\/v2\/users\/13"}],"replies":[{"embeddable":true,"href":"https:\/\/blog.saocamilo-sp.br\/index.php\/wp-json\/wp\/v2\/comments?post=848"}],"version-history":[{"count":7,"href":"https:\/\/blog.saocamilo-sp.br\/index.php\/wp-json\/wp\/v2\/posts\/848\/revisions"}],"predecessor-version":[{"id":865,"href":"https:\/\/blog.saocamilo-sp.br\/index.php\/wp-json\/wp\/v2\/posts\/848\/revisions\/865"}],"wp:featuredmedia":[{"embeddable":true,"href":"https:\/\/blog.saocamilo-sp.br\/index.php\/wp-json\/wp\/v2\/media\/854"}],"wp:attachment":[{"href":"https:\/\/blog.saocamilo-sp.br\/index.php\/wp-json\/wp\/v2\/media?parent=848"}],"wp:term":[{"taxonomy":"category","embeddable":true,"href":"https:\/\/blog.saocamilo-sp.br\/index.php\/wp-json\/wp\/v2\/categories?post=848"},{"taxonomy":"post_tag","embeddable":true,"href":"https:\/\/blog.saocamilo-sp.br\/index.php\/wp-json\/wp\/v2\/tags?post=848"}],"curies":[{"name":"wp","href":"https:\/\/api.w.org\/{rel}","templated":true}]}}