{"id":871,"date":"2023-03-28T09:47:05","date_gmt":"2023-03-28T12:47:05","guid":{"rendered":"https:\/\/blog.saocamilo-sp.br\/?p=871"},"modified":"2025-11-25T13:06:04","modified_gmt":"2025-11-25T16:06:04","slug":"sao-camilo-firma-convenio-academico-com-o-instituto-politecnico-de-braganca-em-portugal","status":"publish","type":"post","link":"https:\/\/blog.saocamilo-sp.br\/index.php\/2023\/03\/28\/sao-camilo-firma-convenio-academico-com-o-instituto-politecnico-de-braganca-em-portugal\/","title":{"rendered":"S\u00e3o Camilo firma conv\u00eanio acad\u00eamico com o IPB em Portugal"},"content":{"rendered":"\n<p><em>Com alegria que anunciamos que o Centro Universit\u00e1rio S\u00e3o Camilo e Bragan\u00e7a firmaram o Acordo de Coopera\u00e7\u00e3o para o estabelecimento de rela\u00e7\u00f5es acad\u00eamicas promovendo e facilitando a mobilidade dos seus docentes e investigadores.<\/em><br><br><\/p>\n\n\n\n<p>A parceria tamb\u00e9m fortalece a mobilidade dos seus estudantes de gradua\u00e7\u00e3o e de p\u00f3s-gradua\u00e7\u00e3o e quaisquer outros objetivos de interesse comum que considerem apropriados.<\/p>\n\n\n\n<p>De acordo com a Coordenadora de Rela\u00e7\u00f5es Internacionais da S\u00e3o Camilo, Rayssa Rios:<br><br>&#8220;Essas conex\u00f5es s\u00e3o fundamentais para manter e ampliar a qualidade de ensino do Centro Universit\u00e1rio S\u00e3o Camilo, pois proporciona a toda comunidade camiliana o ganho cultural e educacional que s\u00f3 o interc\u00e2mbio acad\u00eamico e cultural pode proporcionar.&#8221;<\/p>\n\n\n\n<p>A parceria iniciou-se com a promo\u00e7\u00e3o do Interc\u00e2mbio para Docentes para o segundo semestre de 2023, que teve as inscri\u00e7\u00f5es encerradas dia 28\/02.\u00a0Inicialmente, o conv\u00eanio foi firmado por um per\u00edodo de 5 anos, poder\u00e1 ser renovada em comum acordo entre as institui\u00e7\u00f5es.<br><br>Para saber mais sobre os programas de mobilidade acad\u00eamica do Centro Universit\u00e1rio S\u00e3o Camilo, acesse:\u00a0<a href=\"https:\/\/saocamilo-sp.br\/institucional\/i\/relacoes_internacionais\" target=\"_blank\" rel=\"noreferrer noopener\">https:\/\/saocamilo-sp.br\/institucional\/i\/relacoes_internacionais<\/a>.<\/p>\n\n\n\n<iframe loading=\"lazy\" src=\"https:\/\/saocamilo.apprbs.com.br\/tenho-interesse-blog\" height=\"530px\" width=\"100%\" frameborder=\"0\"><\/iframe>\n\n\n<div class=\"wp-block-post-author\"><div class=\"wp-block-post-author__avatar\"><img alt='' src='https:\/\/secure.gravatar.com\/avatar\/ec4232fb8d50d80f1c672353dc4c2876490e6a0a2a33d6572c0ba1fb78f115cf?s=48&#038;d=mm&#038;r=g' srcset='https:\/\/secure.gravatar.com\/avatar\/ec4232fb8d50d80f1c672353dc4c2876490e6a0a2a33d6572c0ba1fb78f115cf?s=96&#038;d=mm&#038;r=g 2x' class='avatar avatar-48 photo' height='48' width='48' \/><\/div><div class=\"wp-block-post-author__content\"><p class=\"wp-block-post-author__byline\">Texto escrito e produzido por Departamento Internacional S\u00e2o Camilo, adaptado por:<\/p><p class=\"wp-block-post-author__name\">Leandro Lafr\u00e1gola<\/p><\/div><\/div>\n\n\n<p><br><\/p>\n","protected":false},"excerpt":{"rendered":"<p>Com alegria que anunciamos que o Centro Universit\u00e1rio S\u00e3o Camilo e Bragan\u00e7a firmaram o Acordo de Coopera\u00e7\u00e3o para o estabelecimento de rela\u00e7\u00f5es acad\u00eamicas.<\/p>\n","protected":false},"author":13,"featured_media":872,"comment_status":"open","ping_status":"open","sticky":false,"template":"","format":"standard","meta":{"cybocfi_hide_featured_image":"","footnotes":""},"categories":[70],"tags":[71,72],"class_list":["post-871","post","type-post","status-publish","format-standard","has-post-thumbnail","hentry","category-internacional","tag-intercambio","tag-internacional"],"yoast_head":"<!-- This site is optimized with the Yoast SEO plugin v27.5 - https:\/\/yoast.com\/product\/yoast-seo-wordpress\/ -->\n<title>S\u00e3o Camilo firma conv\u00eanio acad\u00eamico com o IPB em Portugal - Blog S\u00e3o Camilo<\/title>\n<meta name=\"robots\" content=\"index, follow, max-snippet:-1, max-image-preview:large, max-video-preview:-1\" \/>\n<link rel=\"canonical\" href=\"https:\/\/blog.saocamilo-sp.br\/index.php\/2023\/03\/28\/sao-camilo-firma-convenio-academico-com-o-instituto-politecnico-de-braganca-em-portugal\/\" \/>\n<meta property=\"og:locale\" content=\"pt_BR\" \/>\n<meta property=\"og:type\" content=\"article\" \/>\n<meta property=\"og:title\" content=\"S\u00e3o Camilo firma conv\u00eanio acad\u00eamico com o IPB em Portugal - Blog S\u00e3o Camilo\" \/>\n<meta property=\"og:description\" content=\"Com alegria que anunciamos que o Centro Universit\u00e1rio S\u00e3o Camilo e Bragan\u00e7a firmaram o Acordo de Coopera\u00e7\u00e3o para o estabelecimento de rela\u00e7\u00f5es acad\u00eamicas.\" \/>\n<meta property=\"og:url\" content=\"https:\/\/blog.saocamilo-sp.br\/index.php\/2023\/03\/28\/sao-camilo-firma-convenio-academico-com-o-instituto-politecnico-de-braganca-em-portugal\/\" \/>\n<meta property=\"og:site_name\" content=\"Blog S\u00e3o Camilo\" \/>\n<meta property=\"article:publisher\" content=\"https:\/\/www.facebook.com\/saocamilosp\" \/>\n<meta property=\"article:published_time\" content=\"2023-03-28T12:47:05+00:00\" \/>\n<meta property=\"article:modified_time\" content=\"2025-11-25T16:06:04+00:00\" \/>\n<meta property=\"og:image\" content=\"https:\/\/blog.saocamilo-sp.br\/wp-content\/uploads\/2023\/03\/IPB_topo.png\" \/>\n\t<meta property=\"og:image:width\" content=\"1044\" \/>\n\t<meta property=\"og:image:height\" content=\"696\" \/>\n\t<meta property=\"og:image:type\" content=\"image\/png\" \/>\n<meta name=\"author\" content=\"Leandro Lafr\u00e1gola\" \/>\n<meta name=\"twitter:card\" content=\"summary_large_image\" \/>\n<meta name=\"twitter:creator\" content=\"@saocamilosp\" \/>\n<meta name=\"twitter:site\" content=\"@saocamilosp\" \/>\n<meta name=\"twitter:label1\" content=\"Escrito por\" \/>\n\t<meta name=\"twitter:data1\" content=\"Leandro Lafr\u00e1gola\" \/>\n\t<meta name=\"twitter:label2\" content=\"Est. tempo de leitura\" \/>\n\t<meta name=\"twitter:data2\" content=\"2 minutos\" \/>\n<script type=\"application\/ld+json\" class=\"yoast-schema-graph\">{\"@context\":\"https:\\\/\\\/schema.org\",\"@graph\":[{\"@type\":\"Article\",\"@id\":\"https:\\\/\\\/blog.saocamilo-sp.br\\\/index.php\\\/2023\\\/03\\\/28\\\/sao-camilo-firma-convenio-academico-com-o-instituto-politecnico-de-braganca-em-portugal\\\/#article\",\"isPartOf\":{\"@id\":\"https:\\\/\\\/blog.saocamilo-sp.br\\\/index.php\\\/2023\\\/03\\\/28\\\/sao-camilo-firma-convenio-academico-com-o-instituto-politecnico-de-braganca-em-portugal\\\/\"},\"author\":{\"name\":\"Leandro Lafr\u00e1gola\",\"@id\":\"https:\\\/\\\/blog.saocamilo-sp.br\\\/#\\\/schema\\\/person\\\/1a99645faaab0bb55105f817e866e19b\"},\"headline\":\"S\u00e3o Camilo firma conv\u00eanio acad\u00eamico com o IPB em Portugal\",\"datePublished\":\"2023-03-28T12:47:05+00:00\",\"dateModified\":\"2025-11-25T16:06:04+00:00\",\"mainEntityOfPage\":{\"@id\":\"https:\\\/\\\/blog.saocamilo-sp.br\\\/index.php\\\/2023\\\/03\\\/28\\\/sao-camilo-firma-convenio-academico-com-o-instituto-politecnico-de-braganca-em-portugal\\\/\"},\"wordCount\":209,\"commentCount\":0,\"publisher\":{\"@id\":\"https:\\\/\\\/blog.saocamilo-sp.br\\\/#organization\"},\"image\":{\"@id\":\"https:\\\/\\\/blog.saocamilo-sp.br\\\/index.php\\\/2023\\\/03\\\/28\\\/sao-camilo-firma-convenio-academico-com-o-instituto-politecnico-de-braganca-em-portugal\\\/#primaryimage\"},\"thumbnailUrl\":\"https:\\\/\\\/blog.saocamilo-sp.br\\\/wp-content\\\/uploads\\\/2023\\\/03\\\/IPB_topo.png\",\"keywords\":[\"interc\u00e2mbio\",\"internacional\"],\"articleSection\":[\"Internacional\"],\"inLanguage\":\"pt-BR\",\"potentialAction\":[{\"@type\":\"CommentAction\",\"name\":\"Comment\",\"target\":[\"https:\\\/\\\/blog.saocamilo-sp.br\\\/index.php\\\/2023\\\/03\\\/28\\\/sao-camilo-firma-convenio-academico-com-o-instituto-politecnico-de-braganca-em-portugal\\\/#respond\"]}]},{\"@type\":\"WebPage\",\"@id\":\"https:\\\/\\\/blog.saocamilo-sp.br\\\/index.php\\\/2023\\\/03\\\/28\\\/sao-camilo-firma-convenio-academico-com-o-instituto-politecnico-de-braganca-em-portugal\\\/\",\"url\":\"https:\\\/\\\/blog.saocamilo-sp.br\\\/index.php\\\/2023\\\/03\\\/28\\\/sao-camilo-firma-convenio-academico-com-o-instituto-politecnico-de-braganca-em-portugal\\\/\",\"name\":\"S\u00e3o Camilo firma conv\u00eanio acad\u00eamico com o IPB em Portugal - Blog S\u00e3o Camilo\",\"isPartOf\":{\"@id\":\"https:\\\/\\\/blog.saocamilo-sp.br\\\/#website\"},\"primaryImageOfPage\":{\"@id\":\"https:\\\/\\\/blog.saocamilo-sp.br\\\/index.php\\\/2023\\\/03\\\/28\\\/sao-camilo-firma-convenio-academico-com-o-instituto-politecnico-de-braganca-em-portugal\\\/#primaryimage\"},\"image\":{\"@id\":\"https:\\\/\\\/blog.saocamilo-sp.br\\\/index.php\\\/2023\\\/03\\\/28\\\/sao-camilo-firma-convenio-academico-com-o-instituto-politecnico-de-braganca-em-portugal\\\/#primaryimage\"},\"thumbnailUrl\":\"https:\\\/\\\/blog.saocamilo-sp.br\\\/wp-content\\\/uploads\\\/2023\\\/03\\\/IPB_topo.png\",\"datePublished\":\"2023-03-28T12:47:05+00:00\",\"dateModified\":\"2025-11-25T16:06:04+00:00\",\"breadcrumb\":{\"@id\":\"https:\\\/\\\/blog.saocamilo-sp.br\\\/index.php\\\/2023\\\/03\\\/28\\\/sao-camilo-firma-convenio-academico-com-o-instituto-politecnico-de-braganca-em-portugal\\\/#breadcrumb\"},\"inLanguage\":\"pt-BR\",\"potentialAction\":[{\"@type\":\"ReadAction\",\"target\":[\"https:\\\/\\\/blog.saocamilo-sp.br\\\/index.php\\\/2023\\\/03\\\/28\\\/sao-camilo-firma-convenio-academico-com-o-instituto-politecnico-de-braganca-em-portugal\\\/\"]}]},{\"@type\":\"ImageObject\",\"inLanguage\":\"pt-BR\",\"@id\":\"https:\\\/\\\/blog.saocamilo-sp.br\\\/index.php\\\/2023\\\/03\\\/28\\\/sao-camilo-firma-convenio-academico-com-o-instituto-politecnico-de-braganca-em-portugal\\\/#primaryimage\",\"url\":\"https:\\\/\\\/blog.saocamilo-sp.br\\\/wp-content\\\/uploads\\\/2023\\\/03\\\/IPB_topo.png\",\"contentUrl\":\"https:\\\/\\\/blog.saocamilo-sp.br\\\/wp-content\\\/uploads\\\/2023\\\/03\\\/IPB_topo.png\",\"width\":1044,\"height\":696,\"caption\":\"Instituto Polit\u00e9cnico de Bragan\u00e7a - Portugal\"},{\"@type\":\"BreadcrumbList\",\"@id\":\"https:\\\/\\\/blog.saocamilo-sp.br\\\/index.php\\\/2023\\\/03\\\/28\\\/sao-camilo-firma-convenio-academico-com-o-instituto-politecnico-de-braganca-em-portugal\\\/#breadcrumb\",\"itemListElement\":[{\"@type\":\"ListItem\",\"position\":1,\"name\":\"In\u00edcio\",\"item\":\"https:\\\/\\\/blog.saocamilo-sp.br\\\/\"},{\"@type\":\"ListItem\",\"position\":2,\"name\":\"S\u00e3o Camilo firma conv\u00eanio acad\u00eamico com o IPB em Portugal\"}]},{\"@type\":\"WebSite\",\"@id\":\"https:\\\/\\\/blog.saocamilo-sp.br\\\/#website\",\"url\":\"https:\\\/\\\/blog.saocamilo-sp.br\\\/\",\"name\":\"Blog S\u00e3o Camilo\",\"description\":\"Blog do Centro Universit\u00e1rio S\u00e3o Camilo\",\"publisher\":{\"@id\":\"https:\\\/\\\/blog.saocamilo-sp.br\\\/#organization\"},\"potentialAction\":[{\"@type\":\"SearchAction\",\"target\":{\"@type\":\"EntryPoint\",\"urlTemplate\":\"https:\\\/\\\/blog.saocamilo-sp.br\\\/?s={search_term_string}\"},\"query-input\":{\"@type\":\"PropertyValueSpecification\",\"valueRequired\":true,\"valueName\":\"search_term_string\"}}],\"inLanguage\":\"pt-BR\"},{\"@type\":\"Organization\",\"@id\":\"https:\\\/\\\/blog.saocamilo-sp.br\\\/#organization\",\"name\":\"Blog S\u00e3o Camilo\",\"url\":\"https:\\\/\\\/blog.saocamilo-sp.br\\\/\",\"logo\":{\"@type\":\"ImageObject\",\"inLanguage\":\"pt-BR\",\"@id\":\"https:\\\/\\\/blog.saocamilo-sp.br\\\/#\\\/schema\\\/logo\\\/image\\\/\",\"url\":\"https:\\\/\\\/blog.saocamilo-sp.br\\\/wp-content\\\/uploads\\\/2021\\\/12\\\/cropped-vazio-logo-topo.png\",\"contentUrl\":\"https:\\\/\\\/blog.saocamilo-sp.br\\\/wp-content\\\/uploads\\\/2021\\\/12\\\/cropped-vazio-logo-topo.png\",\"width\":320,\"height\":240,\"caption\":\"Blog S\u00e3o Camilo\"},\"image\":{\"@id\":\"https:\\\/\\\/blog.saocamilo-sp.br\\\/#\\\/schema\\\/logo\\\/image\\\/\"},\"sameAs\":[\"https:\\\/\\\/www.facebook.com\\\/saocamilosp\",\"https:\\\/\\\/x.com\\\/saocamilosp\",\"https:\\\/\\\/www.linkedin.com\\\/school\\\/centro-universit-rio-s-o-camilo\\\/\"]},{\"@type\":\"Person\",\"@id\":\"https:\\\/\\\/blog.saocamilo-sp.br\\\/#\\\/schema\\\/person\\\/1a99645faaab0bb55105f817e866e19b\",\"name\":\"Leandro Lafr\u00e1gola\",\"image\":{\"@type\":\"ImageObject\",\"inLanguage\":\"pt-BR\",\"@id\":\"https:\\\/\\\/secure.gravatar.com\\\/avatar\\\/ec4232fb8d50d80f1c672353dc4c2876490e6a0a2a33d6572c0ba1fb78f115cf?s=96&d=mm&r=g\",\"url\":\"https:\\\/\\\/secure.gravatar.com\\\/avatar\\\/ec4232fb8d50d80f1c672353dc4c2876490e6a0a2a33d6572c0ba1fb78f115cf?s=96&d=mm&r=g\",\"contentUrl\":\"https:\\\/\\\/secure.gravatar.com\\\/avatar\\\/ec4232fb8d50d80f1c672353dc4c2876490e6a0a2a33d6572c0ba1fb78f115cf?s=96&d=mm&r=g\",\"caption\":\"Leandro Lafr\u00e1gola\"},\"url\":\"https:\\\/\\\/blog.saocamilo-sp.br\\\/index.php\\\/author\\\/llafragola\\\/\"}]}<\/script>\n<!-- \/ Yoast SEO plugin. -->","yoast_head_json":{"title":"S\u00e3o Camilo firma conv\u00eanio acad\u00eamico com o IPB em Portugal - Blog S\u00e3o Camilo","robots":{"index":"index","follow":"follow","max-snippet":"max-snippet:-1","max-image-preview":"max-image-preview:large","max-video-preview":"max-video-preview:-1"},"canonical":"https:\/\/blog.saocamilo-sp.br\/index.php\/2023\/03\/28\/sao-camilo-firma-convenio-academico-com-o-instituto-politecnico-de-braganca-em-portugal\/","og_locale":"pt_BR","og_type":"article","og_title":"S\u00e3o Camilo firma conv\u00eanio acad\u00eamico com o IPB em Portugal - Blog S\u00e3o Camilo","og_description":"Com alegria que anunciamos que o Centro Universit\u00e1rio S\u00e3o Camilo e Bragan\u00e7a firmaram o Acordo de Coopera\u00e7\u00e3o para o estabelecimento de rela\u00e7\u00f5es acad\u00eamicas.","og_url":"https:\/\/blog.saocamilo-sp.br\/index.php\/2023\/03\/28\/sao-camilo-firma-convenio-academico-com-o-instituto-politecnico-de-braganca-em-portugal\/","og_site_name":"Blog S\u00e3o Camilo","article_publisher":"https:\/\/www.facebook.com\/saocamilosp","article_published_time":"2023-03-28T12:47:05+00:00","article_modified_time":"2025-11-25T16:06:04+00:00","og_image":[{"width":1044,"height":696,"url":"https:\/\/blog.saocamilo-sp.br\/wp-content\/uploads\/2023\/03\/IPB_topo.png","type":"image\/png"}],"author":"Leandro Lafr\u00e1gola","twitter_card":"summary_large_image","twitter_creator":"@saocamilosp","twitter_site":"@saocamilosp","twitter_misc":{"Escrito por":"Leandro Lafr\u00e1gola","Est. tempo de leitura":"2 minutos"},"schema":{"@context":"https:\/\/schema.org","@graph":[{"@type":"Article","@id":"https:\/\/blog.saocamilo-sp.br\/index.php\/2023\/03\/28\/sao-camilo-firma-convenio-academico-com-o-instituto-politecnico-de-braganca-em-portugal\/#article","isPartOf":{"@id":"https:\/\/blog.saocamilo-sp.br\/index.php\/2023\/03\/28\/sao-camilo-firma-convenio-academico-com-o-instituto-politecnico-de-braganca-em-portugal\/"},"author":{"name":"Leandro Lafr\u00e1gola","@id":"https:\/\/blog.saocamilo-sp.br\/#\/schema\/person\/1a99645faaab0bb55105f817e866e19b"},"headline":"S\u00e3o Camilo firma conv\u00eanio acad\u00eamico com o IPB em Portugal","datePublished":"2023-03-28T12:47:05+00:00","dateModified":"2025-11-25T16:06:04+00:00","mainEntityOfPage":{"@id":"https:\/\/blog.saocamilo-sp.br\/index.php\/2023\/03\/28\/sao-camilo-firma-convenio-academico-com-o-instituto-politecnico-de-braganca-em-portugal\/"},"wordCount":209,"commentCount":0,"publisher":{"@id":"https:\/\/blog.saocamilo-sp.br\/#organization"},"image":{"@id":"https:\/\/blog.saocamilo-sp.br\/index.php\/2023\/03\/28\/sao-camilo-firma-convenio-academico-com-o-instituto-politecnico-de-braganca-em-portugal\/#primaryimage"},"thumbnailUrl":"https:\/\/blog.saocamilo-sp.br\/wp-content\/uploads\/2023\/03\/IPB_topo.png","keywords":["interc\u00e2mbio","internacional"],"articleSection":["Internacional"],"inLanguage":"pt-BR","potentialAction":[{"@type":"CommentAction","name":"Comment","target":["https:\/\/blog.saocamilo-sp.br\/index.php\/2023\/03\/28\/sao-camilo-firma-convenio-academico-com-o-instituto-politecnico-de-braganca-em-portugal\/#respond"]}]},{"@type":"WebPage","@id":"https:\/\/blog.saocamilo-sp.br\/index.php\/2023\/03\/28\/sao-camilo-firma-convenio-academico-com-o-instituto-politecnico-de-braganca-em-portugal\/","url":"https:\/\/blog.saocamilo-sp.br\/index.php\/2023\/03\/28\/sao-camilo-firma-convenio-academico-com-o-instituto-politecnico-de-braganca-em-portugal\/","name":"S\u00e3o Camilo firma conv\u00eanio acad\u00eamico com o IPB em Portugal - Blog S\u00e3o Camilo","isPartOf":{"@id":"https:\/\/blog.saocamilo-sp.br\/#website"},"primaryImageOfPage":{"@id":"https:\/\/blog.saocamilo-sp.br\/index.php\/2023\/03\/28\/sao-camilo-firma-convenio-academico-com-o-instituto-politecnico-de-braganca-em-portugal\/#primaryimage"},"image":{"@id":"https:\/\/blog.saocamilo-sp.br\/index.php\/2023\/03\/28\/sao-camilo-firma-convenio-academico-com-o-instituto-politecnico-de-braganca-em-portugal\/#primaryimage"},"thumbnailUrl":"https:\/\/blog.saocamilo-sp.br\/wp-content\/uploads\/2023\/03\/IPB_topo.png","datePublished":"2023-03-28T12:47:05+00:00","dateModified":"2025-11-25T16:06:04+00:00","breadcrumb":{"@id":"https:\/\/blog.saocamilo-sp.br\/index.php\/2023\/03\/28\/sao-camilo-firma-convenio-academico-com-o-instituto-politecnico-de-braganca-em-portugal\/#breadcrumb"},"inLanguage":"pt-BR","potentialAction":[{"@type":"ReadAction","target":["https:\/\/blog.saocamilo-sp.br\/index.php\/2023\/03\/28\/sao-camilo-firma-convenio-academico-com-o-instituto-politecnico-de-braganca-em-portugal\/"]}]},{"@type":"ImageObject","inLanguage":"pt-BR","@id":"https:\/\/blog.saocamilo-sp.br\/index.php\/2023\/03\/28\/sao-camilo-firma-convenio-academico-com-o-instituto-politecnico-de-braganca-em-portugal\/#primaryimage","url":"https:\/\/blog.saocamilo-sp.br\/wp-content\/uploads\/2023\/03\/IPB_topo.png","contentUrl":"https:\/\/blog.saocamilo-sp.br\/wp-content\/uploads\/2023\/03\/IPB_topo.png","width":1044,"height":696,"caption":"Instituto Polit\u00e9cnico de Bragan\u00e7a - Portugal"},{"@type":"BreadcrumbList","@id":"https:\/\/blog.saocamilo-sp.br\/index.php\/2023\/03\/28\/sao-camilo-firma-convenio-academico-com-o-instituto-politecnico-de-braganca-em-portugal\/#breadcrumb","itemListElement":[{"@type":"ListItem","position":1,"name":"In\u00edcio","item":"https:\/\/blog.saocamilo-sp.br\/"},{"@type":"ListItem","position":2,"name":"S\u00e3o Camilo firma conv\u00eanio acad\u00eamico com o IPB em Portugal"}]},{"@type":"WebSite","@id":"https:\/\/blog.saocamilo-sp.br\/#website","url":"https:\/\/blog.saocamilo-sp.br\/","name":"Blog S\u00e3o Camilo","description":"Blog do Centro Universit\u00e1rio S\u00e3o Camilo","publisher":{"@id":"https:\/\/blog.saocamilo-sp.br\/#organization"},"potentialAction":[{"@type":"SearchAction","target":{"@type":"EntryPoint","urlTemplate":"https:\/\/blog.saocamilo-sp.br\/?s={search_term_string}"},"query-input":{"@type":"PropertyValueSpecification","valueRequired":true,"valueName":"search_term_string"}}],"inLanguage":"pt-BR"},{"@type":"Organization","@id":"https:\/\/blog.saocamilo-sp.br\/#organization","name":"Blog S\u00e3o Camilo","url":"https:\/\/blog.saocamilo-sp.br\/","logo":{"@type":"ImageObject","inLanguage":"pt-BR","@id":"https:\/\/blog.saocamilo-sp.br\/#\/schema\/logo\/image\/","url":"https:\/\/blog.saocamilo-sp.br\/wp-content\/uploads\/2021\/12\/cropped-vazio-logo-topo.png","contentUrl":"https:\/\/blog.saocamilo-sp.br\/wp-content\/uploads\/2021\/12\/cropped-vazio-logo-topo.png","width":320,"height":240,"caption":"Blog S\u00e3o Camilo"},"image":{"@id":"https:\/\/blog.saocamilo-sp.br\/#\/schema\/logo\/image\/"},"sameAs":["https:\/\/www.facebook.com\/saocamilosp","https:\/\/x.com\/saocamilosp","https:\/\/www.linkedin.com\/school\/centro-universit-rio-s-o-camilo\/"]},{"@type":"Person","@id":"https:\/\/blog.saocamilo-sp.br\/#\/schema\/person\/1a99645faaab0bb55105f817e866e19b","name":"Leandro Lafr\u00e1gola","image":{"@type":"ImageObject","inLanguage":"pt-BR","@id":"https:\/\/secure.gravatar.com\/avatar\/ec4232fb8d50d80f1c672353dc4c2876490e6a0a2a33d6572c0ba1fb78f115cf?s=96&d=mm&r=g","url":"https:\/\/secure.gravatar.com\/avatar\/ec4232fb8d50d80f1c672353dc4c2876490e6a0a2a33d6572c0ba1fb78f115cf?s=96&d=mm&r=g","contentUrl":"https:\/\/secure.gravatar.com\/avatar\/ec4232fb8d50d80f1c672353dc4c2876490e6a0a2a33d6572c0ba1fb78f115cf?s=96&d=mm&r=g","caption":"Leandro Lafr\u00e1gola"},"url":"https:\/\/blog.saocamilo-sp.br\/index.php\/author\/llafragola\/"}]}},"_links":{"self":[{"href":"https:\/\/blog.saocamilo-sp.br\/index.php\/wp-json\/wp\/v2\/posts\/871","targetHints":{"allow":["GET"]}}],"collection":[{"href":"https:\/\/blog.saocamilo-sp.br\/index.php\/wp-json\/wp\/v2\/posts"}],"about":[{"href":"https:\/\/blog.saocamilo-sp.br\/index.php\/wp-json\/wp\/v2\/types\/post"}],"author":[{"embeddable":true,"href":"https:\/\/blog.saocamilo-sp.br\/index.php\/wp-json\/wp\/v2\/users\/13"}],"replies":[{"embeddable":true,"href":"https:\/\/blog.saocamilo-sp.br\/index.php\/wp-json\/wp\/v2\/comments?post=871"}],"version-history":[{"count":7,"href":"https:\/\/blog.saocamilo-sp.br\/index.php\/wp-json\/wp\/v2\/posts\/871\/revisions"}],"predecessor-version":[{"id":882,"href":"https:\/\/blog.saocamilo-sp.br\/index.php\/wp-json\/wp\/v2\/posts\/871\/revisions\/882"}],"wp:featuredmedia":[{"embeddable":true,"href":"https:\/\/blog.saocamilo-sp.br\/index.php\/wp-json\/wp\/v2\/media\/872"}],"wp:attachment":[{"href":"https:\/\/blog.saocamilo-sp.br\/index.php\/wp-json\/wp\/v2\/media?parent=871"}],"wp:term":[{"taxonomy":"category","embeddable":true,"href":"https:\/\/blog.saocamilo-sp.br\/index.php\/wp-json\/wp\/v2\/categories?post=871"},{"taxonomy":"post_tag","embeddable":true,"href":"https:\/\/blog.saocamilo-sp.br\/index.php\/wp-json\/wp\/v2\/tags?post=871"}],"curies":[{"name":"wp","href":"https:\/\/api.w.org\/{rel}","templated":true}]}}