{"id":891,"date":"2023-03-29T18:40:01","date_gmt":"2023-03-29T21:40:01","guid":{"rendered":"https:\/\/blog.saocamilo-sp.br\/?p=891"},"modified":"2025-11-25T13:00:44","modified_gmt":"2025-11-25T16:00:44","slug":"docente-e-estudantes-camilianos-falam-sobre-convivio-entre-geracoes-a-folha","status":"publish","type":"post","link":"https:\/\/blog.saocamilo-sp.br\/index.php\/2023\/03\/29\/docente-e-estudantes-camilianos-falam-sobre-convivio-entre-geracoes-a-folha\/","title":{"rendered":"Docente e estudantes camilianos falam sobre o conv\u00edvio entre gera\u00e7\u00f5es \u00e0 Folha"},"content":{"rendered":"\n<p><br><br>&#8216;Sou idosa e as pessoas n\u00e3o queriam me ouvir&#8217;, relata doutoranda de 70 anos<br>Exclus\u00e3o, cancelamento e aprendizado marcam conv\u00edvio entre gera\u00e7\u00f5es na universidade<\/p>\n\n\n\n<p>O que move S\u00f4nia Maria Pereira, 70, a procurar novos cursos \u00e9 a vontade de aprender e de estar com o outro. Foi gra\u00e7as a esse propulsor que ela concluiu tr\u00eas gradua\u00e7\u00f5es, quatro especializa\u00e7\u00f5es e o mestrado. Tamb\u00e9m \u00e9 o que ela busca no doutorado que est\u00e1 em curso, mas a troca de experi\u00eancias e a forma\u00e7\u00e3o de v\u00ednculos j\u00e1 n\u00e3o ocorrem como antes.<br><br>&#8220;Eu sempre fui muito comunicativa e muito &#8216;pequeninha&#8217;, com cara de mais nova, ent\u00e3o mesmo quando fiz a \u00faltima gradua\u00e7\u00e3o, aos 40 anos, a idade n\u00e3o foi um problema. Eu n\u00e3o senti essa diferen\u00e7a at\u00e9 chegar ao doutorado&#8221;, diz. No in\u00edcio do m\u00eas, estudantes de Bauru (SP) debocharam de uma colega de 44 anos e afirmaram que ela deveria estar aposentada.<\/p>\n\n\n\n<p>S\u00f4nia conta que iniciou o doutorado na Unifesp (Universidade Federal de S\u00e3o Paulo), mas decidiu buscar outra institui\u00e7\u00e3o porque o hor\u00e1rio das atividades coincidia com as aulas que ministrava. A mudan\u00e7a foi um choque.<br><\/p>\n\n\n\n<p><br>&#8220;Eu tinha muita vontade de contar minha experi\u00eancia, as transforma\u00e7\u00f5es na educa\u00e7\u00e3o nas \u00faltimas d\u00e9cadas, mas sou idosa e as pessoas n\u00e3o queriam me ouvir. Me vi exclu\u00edda&#8221;, relata a professora.<\/p>\n\n\n\n<p>Mesmo nos trabalhos, ela afirma que foi escolhida para fazer dupla com uma aluna que era ouvinte e n\u00e3o sabia se continuaria as disciplinas. &#8220;Houve preconceito do pr\u00f3prio professor&#8221;.<\/p>\n\n\n\n<p>A segrega\u00e7\u00e3o fez S\u00f4nia desistir do curso e readequar a agenda para voltar \u00e0s aulas na Unifesp, e o retorno virou motivo de questionamento mesmo entre amigos. Uma colega mais nova, tamb\u00e9m professora, perguntou durante um caf\u00e9 se permitiam idosos no doutorado e sentenciou que ningu\u00e9m aceitaria orient\u00e1-la.<br><br>&#8220;\u00c9 l\u00f3gico que existe limita\u00e7\u00e3o, mas o preconceito \u00e9 muito maior do que a limita\u00e7\u00e3o. Eu podia ter continuado, mas fui exclu\u00edda durante todo o tempo que estive l\u00e1. E se fosse uma bolsa de estudos? E se eu dependesse dela? O preconceito tira o seu sonho, ent\u00e3o voc\u00ea tem sempre que ter outro. Eu tinha outro, eu vou continuar&#8221;, diz a professora.<br><\/p>\n\n\n\n<figure class=\"wp-block-image size-full is-resized\"><img loading=\"lazy\" decoding=\"async\" src=\"https:\/\/blog.saocamilo-sp.br\/wp-content\/uploads\/2023\/03\/image-1.png\" alt=\"\" class=\"wp-image-893\" width=\"546\" height=\"510\" srcset=\"https:\/\/blog.saocamilo-sp.br\/wp-content\/uploads\/2023\/03\/image-1.png 810w, https:\/\/blog.saocamilo-sp.br\/wp-content\/uploads\/2023\/03\/image-1-300x280.png 300w, https:\/\/blog.saocamilo-sp.br\/wp-content\/uploads\/2023\/03\/image-1-768x718.png 768w, https:\/\/blog.saocamilo-sp.br\/wp-content\/uploads\/2023\/03\/image-1-600x561.png 600w\" sizes=\"auto, (max-width: 546px) 100vw, 546px\" \/><\/figure>\n\n\n\n<p>Jean Tudy dos Santos, 49, j\u00e1 pensou em desistir algumas vezes da gradua\u00e7\u00e3o em psicologia, mas permanece porque deseja mostrar ao filho de 11 anos que n\u00e3o se deve abdicar dos planos diante das adversidades.<\/p>\n\n\n\n<p>Nos anos 1990, quando fez o curso de direito, o delegado era um dos alunos mais populares da sala. Agora, afirma ser preterido pelos colegas por estigmas relacionados aos policiais e por expor seus valores pessoais.<\/p>\n\n\n\n<p>&#8220;Tenho dificuldades para entrar em grupos de trabalho e n\u00e3o tenho mais idade para ficar correndo atr\u00e1s, implorando&#8221;, comenta o estudante, que est\u00e1 no quarto ano do curso. De acordo com o \u00faltimo Censo do Ensino Superior, somente 29,6 mil pessoas entre 50 e 54 anos se formaram no Brasil em 2021, contra 461,4 mil entre 19 e 24 anos.<\/p>\n\n\n\n<p>Outra diferen\u00e7a, diz Jean, \u00e9 a abertura para debates. No passado, n\u00e3o havia tanta liberdade para discuss\u00e3o. Por outro lado, n\u00e3o existia o medo de desagradar e ser cancelado. &#8220;Eu acabo estimulando outras pessoas a pensar de uma maneira diferente e mudei boa parte do meu posicionamento. Se voc\u00ea n\u00e3o tiver flexibilidade, \u00e9 dif\u00edcil e muitos n\u00e3o falam com medo do cancelamento&#8221;.<\/p>\n\n\n\n<p>Carolina Santos de Oliveira, 22, relata que esse receio \u00e9 observado mesmo quando o assunto \u00e9 o comportamento da turma. Na \u00faltima semana, quando o barulho da sala atrapalhava a aula, coube a uma estudante mais velha, na faixa dos 40 anos, tentar colocar ordem. &#8220;Ela foi a \u00fanica que se prop\u00f4s a pedir para todos ficarem em sil\u00eancio. Eu n\u00e3o teria coragem, poderiam pegar rixa comigo&#8221;.<br><\/p>\n\n\n\n<p>Aos 19 anos, Caroline Taborda quer falar, por\u00e9m nem sempre \u00e9 levada a s\u00e9rio. Ca\u00e7ula da turma de pedagogia, ela ouve com frequ\u00eancia que \u00e9 muito nova e n\u00e3o tem propriedade para abordar determinados assuntos. J\u00e1 Kauany Evellin de Faria, que tem 26 anos, observa que os colegas mais novos esperam dela maior seriedade e responsabilidade.<\/p>\n\n\n\n<p>As tr\u00eas jovens n\u00e3o t\u00eam colegas mais velhos em seu c\u00edrculo de amizade, mas veem benef\u00edcios na presen\u00e7a deles em sala de aula. &#8220;Podemos ter essa troca, o que eles viveram l\u00e1 atr\u00e1s e o que estamos vivendo hoje. Eu ensino muito da atualidade e, como eles trazem a vis\u00e3o do que aconteceu l\u00e1 atr\u00e1s, eu aprendo com isso&#8221;, afirma Oliveira.<\/p>\n\n\n\n<p>&#8220;Tem um senhor na minha sala que me disse: \u2018Eu larguei tudo e estou vivendo o meu sonho\u2019. Eu estou realizando o meu com 26 e ele com 46. \u00c9 uma discrep\u00e2ncia de 20 anos, mas \u00e9 o nosso sonho, ent\u00e3o a gente se encaixa em algum momento da vida&#8221;, observa Faria.<\/p>\n\n\n\n<p>A possibilidade de conex\u00e3o, com os mais novos aprendendo a se posicionar e os mais velhos flexibilizando suas vis\u00f5es de mundo, \u00e9 o que h\u00e1 de mais rico no conv\u00edvio intergeracional no ensino superior, defende Cristiane Marcelino, coordenadora do curso de pedagogia da Universidade S\u00e3o Judas Tadeu, onde as garotas e Tudy estudam.<\/p>\n\n\n\n<p>&#8220;No mercado de trabalho, eles v\u00e3o lidar com essas diferen\u00e7as&#8221;, enfatiza.<\/p>\n\n\n\n<p>Outro benef\u00edcio do conv\u00edvio entre estudantes de diferentes idades \u00e9 a possibilidade de aproximar experi\u00eancias distintas. &#8220;Os mais velhos mergulham em um universo ao qual \u00e0s vezes s\u00f3 t\u00eam acesso pelos filhos. Al\u00e9m disso, os jovens s\u00e3o muito apaixonados, engajados. Com os tombos dos anos, vamos perdendo um pouco essa paix\u00e3o e acho que pela troca eles aprendem um pouco a retomar o brilho nos olhos&#8221;, pondera Celina Bartalotti, coordenadora geral de gradua\u00e7\u00e3o do Centro Universit\u00e1rio S\u00e3o Camilo.<\/p>\n\n\n\n<p>Aluno de enfermagem, Luca Marins de Oliveira, 18, aponta ainda outro fator de aprendizado com os mais velhos: foco. Os colegas acima de 30 anos s\u00e3o mais centrados, diz o rapaz, que foi &#8220;adotado&#8221; como filho pelas alunas mais maduras, outro aspecto recorrente no relacionamento entre as gera\u00e7\u00f5es.<\/p>\n\n\n\n<figure class=\"wp-block-image size-full is-resized\"><img loading=\"lazy\" decoding=\"async\" src=\"https:\/\/blog.saocamilo-sp.br\/wp-content\/uploads\/2023\/03\/image-2.png\" alt=\"\" class=\"wp-image-894\" width=\"643\" height=\"494\" srcset=\"https:\/\/blog.saocamilo-sp.br\/wp-content\/uploads\/2023\/03\/image-2.png 795w, https:\/\/blog.saocamilo-sp.br\/wp-content\/uploads\/2023\/03\/image-2-300x231.png 300w, https:\/\/blog.saocamilo-sp.br\/wp-content\/uploads\/2023\/03\/image-2-768x590.png 768w, https:\/\/blog.saocamilo-sp.br\/wp-content\/uploads\/2023\/03\/image-2-600x461.png 600w\" sizes=\"auto, (max-width: 643px) 100vw, 643px\" \/><\/figure>\n\n\n\n<p><br>Regina C\u00e9lia Ribeiro, 43, \u00e9 uma das m\u00e3ezonas no curso de nutri\u00e7\u00e3o. Ela se divide entre os treinos di\u00e1rios, a gradua\u00e7\u00e3o e o trabalho como pod\u00f3loga e d\u00e1 bronca em qualquer um que ouse dizer n\u00e3o ter tempo para cuidar de si \u2014ou insinuar que para ela j\u00e1 passou da hora.<\/p>\n\n\n\n<figure class=\"wp-block-image size-full is-resized\"><img loading=\"lazy\" decoding=\"async\" src=\"https:\/\/blog.saocamilo-sp.br\/wp-content\/uploads\/2023\/03\/image-3.png\" alt=\"\" class=\"wp-image-895\" width=\"585\" height=\"437\" srcset=\"https:\/\/blog.saocamilo-sp.br\/wp-content\/uploads\/2023\/03\/image-3.png 799w, https:\/\/blog.saocamilo-sp.br\/wp-content\/uploads\/2023\/03\/image-3-300x224.png 300w, https:\/\/blog.saocamilo-sp.br\/wp-content\/uploads\/2023\/03\/image-3-768x574.png 768w, https:\/\/blog.saocamilo-sp.br\/wp-content\/uploads\/2023\/03\/image-3-600x448.png 600w\" sizes=\"auto, (max-width: 585px) 100vw, 585px\" \/><\/figure>\n\n\n\n<p>&#8220;Vi o caso daquela estudante em Bauru e fiquei horrorizada. Nunca tinha pensado nessa quest\u00e3o da idade. Quando me matriculei, eu sabia que ia ter um monte de jovens e amei&#8221;, confessa. &#8220;Eu me orgulho das rugas, desses cabelinhos brancos. N\u00e3o estou nem a\u00ed&#8221;.<\/p>\n\n\n\n<p>Para ela, h\u00e1 espa\u00e7o para todas as idades e as mulheres podem ocupar o lugar que quiserem, inclusive a pista de um baile de formatura. &#8220;Com um vestido verde todo acinturado, maravilhoso!&#8221;, adianta.<br><br><\/p>\n\n\n\n<p><strong>Por: <\/strong>Stefhanie Piovezan<br><strong>Data:<\/strong> 28\/03\/2023<br><strong>Jonal Folha de S\u00e3o Paulo<\/strong><br><strong>Site:<\/strong> https:\/\/www1.folha.uol.com.br\/educacao\/2023\/03\/sou-idosa-e-as-pessoas-nao-queriam-me-ouvir-relata-doutoranda-de-70-anos.shtml<\/p>\n","protected":false},"excerpt":{"rendered":"<p>O que move S\u00f4nia Maria Pereira, 70, a procurar novos cursos \u00e9 a vontade de aprender e de estar com o outro. Foi gra\u00e7as a esse propulsor que ela concluiu tr\u00eas gradua\u00e7\u00f5es, quatro especializa\u00e7\u00f5es e o mestrado. <\/p>\n","protected":false},"author":13,"featured_media":899,"comment_status":"open","ping_status":"open","sticky":false,"template":"","format":"standard","meta":{"cybocfi_hide_featured_image":"","footnotes":""},"categories":[1],"tags":[16],"class_list":["post-891","post","type-post","status-publish","format-standard","has-post-thumbnail","hentry","category-cursos","tag-vida-universitaria"],"yoast_head":"<!-- This site is optimized with the Yoast SEO plugin v27.5 - https:\/\/yoast.com\/product\/yoast-seo-wordpress\/ -->\n<title>Docente e estudantes camilianos falam sobre o conv\u00edvio entre gera\u00e7\u00f5es \u00e0 Folha - Blog S\u00e3o Camilo<\/title>\n<meta name=\"robots\" content=\"index, follow, max-snippet:-1, max-image-preview:large, max-video-preview:-1\" \/>\n<link rel=\"canonical\" href=\"https:\/\/blog.saocamilo-sp.br\/index.php\/2023\/03\/29\/docente-e-estudantes-camilianos-falam-sobre-convivio-entre-geracoes-a-folha\/\" \/>\n<meta property=\"og:locale\" content=\"pt_BR\" \/>\n<meta property=\"og:type\" content=\"article\" \/>\n<meta property=\"og:title\" content=\"Docente e estudantes camilianos falam sobre o conv\u00edvio entre gera\u00e7\u00f5es \u00e0 Folha - Blog S\u00e3o Camilo\" \/>\n<meta property=\"og:description\" content=\"O que move S\u00f4nia Maria Pereira, 70, a procurar novos cursos \u00e9 a vontade de aprender e de estar com o outro. Foi gra\u00e7as a esse propulsor que ela concluiu tr\u00eas gradua\u00e7\u00f5es, quatro especializa\u00e7\u00f5es e o mestrado.\" \/>\n<meta property=\"og:url\" content=\"https:\/\/blog.saocamilo-sp.br\/index.php\/2023\/03\/29\/docente-e-estudantes-camilianos-falam-sobre-convivio-entre-geracoes-a-folha\/\" \/>\n<meta property=\"og:site_name\" content=\"Blog S\u00e3o Camilo\" \/>\n<meta property=\"article:publisher\" content=\"https:\/\/www.facebook.com\/saocamilosp\" \/>\n<meta property=\"article:published_time\" content=\"2023-03-29T21:40:01+00:00\" \/>\n<meta property=\"article:modified_time\" content=\"2025-11-25T16:00:44+00:00\" \/>\n<meta property=\"og:image\" content=\"https:\/\/blog.saocamilo-sp.br\/wp-content\/uploads\/2023\/03\/Soninha_9_.png\" \/>\n\t<meta property=\"og:image:width\" content=\"781\" \/>\n\t<meta property=\"og:image:height\" content=\"518\" \/>\n\t<meta property=\"og:image:type\" content=\"image\/png\" \/>\n<meta name=\"author\" content=\"Leandro Lafr\u00e1gola\" \/>\n<meta name=\"twitter:card\" content=\"summary_large_image\" \/>\n<meta name=\"twitter:creator\" content=\"@saocamilosp\" \/>\n<meta name=\"twitter:site\" content=\"@saocamilosp\" \/>\n<meta name=\"twitter:label1\" content=\"Escrito por\" \/>\n\t<meta name=\"twitter:data1\" content=\"Leandro Lafr\u00e1gola\" \/>\n\t<meta name=\"twitter:label2\" content=\"Est. tempo de leitura\" \/>\n\t<meta name=\"twitter:data2\" content=\"7 minutos\" \/>\n<script type=\"application\/ld+json\" class=\"yoast-schema-graph\">{\"@context\":\"https:\\\/\\\/schema.org\",\"@graph\":[{\"@type\":\"Article\",\"@id\":\"https:\\\/\\\/blog.saocamilo-sp.br\\\/index.php\\\/2023\\\/03\\\/29\\\/docente-e-estudantes-camilianos-falam-sobre-convivio-entre-geracoes-a-folha\\\/#article\",\"isPartOf\":{\"@id\":\"https:\\\/\\\/blog.saocamilo-sp.br\\\/index.php\\\/2023\\\/03\\\/29\\\/docente-e-estudantes-camilianos-falam-sobre-convivio-entre-geracoes-a-folha\\\/\"},\"author\":{\"name\":\"Leandro Lafr\u00e1gola\",\"@id\":\"https:\\\/\\\/blog.saocamilo-sp.br\\\/#\\\/schema\\\/person\\\/1a99645faaab0bb55105f817e866e19b\"},\"headline\":\"Docente e estudantes camilianos falam sobre o conv\u00edvio entre gera\u00e7\u00f5es \u00e0 Folha\",\"datePublished\":\"2023-03-29T21:40:01+00:00\",\"dateModified\":\"2025-11-25T16:00:44+00:00\",\"mainEntityOfPage\":{\"@id\":\"https:\\\/\\\/blog.saocamilo-sp.br\\\/index.php\\\/2023\\\/03\\\/29\\\/docente-e-estudantes-camilianos-falam-sobre-convivio-entre-geracoes-a-folha\\\/\"},\"wordCount\":1197,\"commentCount\":0,\"publisher\":{\"@id\":\"https:\\\/\\\/blog.saocamilo-sp.br\\\/#organization\"},\"image\":{\"@id\":\"https:\\\/\\\/blog.saocamilo-sp.br\\\/index.php\\\/2023\\\/03\\\/29\\\/docente-e-estudantes-camilianos-falam-sobre-convivio-entre-geracoes-a-folha\\\/#primaryimage\"},\"thumbnailUrl\":\"https:\\\/\\\/blog.saocamilo-sp.br\\\/wp-content\\\/uploads\\\/2023\\\/03\\\/Soninha_9_.png\",\"keywords\":[\"Vida Universit\u00e1ria\"],\"articleSection\":[\"Cursos\"],\"inLanguage\":\"pt-BR\",\"potentialAction\":[{\"@type\":\"CommentAction\",\"name\":\"Comment\",\"target\":[\"https:\\\/\\\/blog.saocamilo-sp.br\\\/index.php\\\/2023\\\/03\\\/29\\\/docente-e-estudantes-camilianos-falam-sobre-convivio-entre-geracoes-a-folha\\\/#respond\"]}]},{\"@type\":\"WebPage\",\"@id\":\"https:\\\/\\\/blog.saocamilo-sp.br\\\/index.php\\\/2023\\\/03\\\/29\\\/docente-e-estudantes-camilianos-falam-sobre-convivio-entre-geracoes-a-folha\\\/\",\"url\":\"https:\\\/\\\/blog.saocamilo-sp.br\\\/index.php\\\/2023\\\/03\\\/29\\\/docente-e-estudantes-camilianos-falam-sobre-convivio-entre-geracoes-a-folha\\\/\",\"name\":\"Docente e estudantes camilianos falam sobre o conv\u00edvio entre gera\u00e7\u00f5es \u00e0 Folha - Blog S\u00e3o Camilo\",\"isPartOf\":{\"@id\":\"https:\\\/\\\/blog.saocamilo-sp.br\\\/#website\"},\"primaryImageOfPage\":{\"@id\":\"https:\\\/\\\/blog.saocamilo-sp.br\\\/index.php\\\/2023\\\/03\\\/29\\\/docente-e-estudantes-camilianos-falam-sobre-convivio-entre-geracoes-a-folha\\\/#primaryimage\"},\"image\":{\"@id\":\"https:\\\/\\\/blog.saocamilo-sp.br\\\/index.php\\\/2023\\\/03\\\/29\\\/docente-e-estudantes-camilianos-falam-sobre-convivio-entre-geracoes-a-folha\\\/#primaryimage\"},\"thumbnailUrl\":\"https:\\\/\\\/blog.saocamilo-sp.br\\\/wp-content\\\/uploads\\\/2023\\\/03\\\/Soninha_9_.png\",\"datePublished\":\"2023-03-29T21:40:01+00:00\",\"dateModified\":\"2025-11-25T16:00:44+00:00\",\"breadcrumb\":{\"@id\":\"https:\\\/\\\/blog.saocamilo-sp.br\\\/index.php\\\/2023\\\/03\\\/29\\\/docente-e-estudantes-camilianos-falam-sobre-convivio-entre-geracoes-a-folha\\\/#breadcrumb\"},\"inLanguage\":\"pt-BR\",\"potentialAction\":[{\"@type\":\"ReadAction\",\"target\":[\"https:\\\/\\\/blog.saocamilo-sp.br\\\/index.php\\\/2023\\\/03\\\/29\\\/docente-e-estudantes-camilianos-falam-sobre-convivio-entre-geracoes-a-folha\\\/\"]}]},{\"@type\":\"ImageObject\",\"inLanguage\":\"pt-BR\",\"@id\":\"https:\\\/\\\/blog.saocamilo-sp.br\\\/index.php\\\/2023\\\/03\\\/29\\\/docente-e-estudantes-camilianos-falam-sobre-convivio-entre-geracoes-a-folha\\\/#primaryimage\",\"url\":\"https:\\\/\\\/blog.saocamilo-sp.br\\\/wp-content\\\/uploads\\\/2023\\\/03\\\/Soninha_9_.png\",\"contentUrl\":\"https:\\\/\\\/blog.saocamilo-sp.br\\\/wp-content\\\/uploads\\\/2023\\\/03\\\/Soninha_9_.png\",\"width\":781,\"height\":518,\"caption\":\"Profa. S\u00f4nia Pereira. Cr\u00e9dito da foto: Karime Xavier | Folhapress\"},{\"@type\":\"BreadcrumbList\",\"@id\":\"https:\\\/\\\/blog.saocamilo-sp.br\\\/index.php\\\/2023\\\/03\\\/29\\\/docente-e-estudantes-camilianos-falam-sobre-convivio-entre-geracoes-a-folha\\\/#breadcrumb\",\"itemListElement\":[{\"@type\":\"ListItem\",\"position\":1,\"name\":\"In\u00edcio\",\"item\":\"https:\\\/\\\/blog.saocamilo-sp.br\\\/\"},{\"@type\":\"ListItem\",\"position\":2,\"name\":\"Docente e estudantes camilianos falam sobre o conv\u00edvio entre gera\u00e7\u00f5es \u00e0 Folha\"}]},{\"@type\":\"WebSite\",\"@id\":\"https:\\\/\\\/blog.saocamilo-sp.br\\\/#website\",\"url\":\"https:\\\/\\\/blog.saocamilo-sp.br\\\/\",\"name\":\"Blog S\u00e3o Camilo\",\"description\":\"Blog do Centro Universit\u00e1rio S\u00e3o Camilo\",\"publisher\":{\"@id\":\"https:\\\/\\\/blog.saocamilo-sp.br\\\/#organization\"},\"potentialAction\":[{\"@type\":\"SearchAction\",\"target\":{\"@type\":\"EntryPoint\",\"urlTemplate\":\"https:\\\/\\\/blog.saocamilo-sp.br\\\/?s={search_term_string}\"},\"query-input\":{\"@type\":\"PropertyValueSpecification\",\"valueRequired\":true,\"valueName\":\"search_term_string\"}}],\"inLanguage\":\"pt-BR\"},{\"@type\":\"Organization\",\"@id\":\"https:\\\/\\\/blog.saocamilo-sp.br\\\/#organization\",\"name\":\"Blog S\u00e3o Camilo\",\"url\":\"https:\\\/\\\/blog.saocamilo-sp.br\\\/\",\"logo\":{\"@type\":\"ImageObject\",\"inLanguage\":\"pt-BR\",\"@id\":\"https:\\\/\\\/blog.saocamilo-sp.br\\\/#\\\/schema\\\/logo\\\/image\\\/\",\"url\":\"https:\\\/\\\/blog.saocamilo-sp.br\\\/wp-content\\\/uploads\\\/2021\\\/12\\\/cropped-vazio-logo-topo.png\",\"contentUrl\":\"https:\\\/\\\/blog.saocamilo-sp.br\\\/wp-content\\\/uploads\\\/2021\\\/12\\\/cropped-vazio-logo-topo.png\",\"width\":320,\"height\":240,\"caption\":\"Blog S\u00e3o Camilo\"},\"image\":{\"@id\":\"https:\\\/\\\/blog.saocamilo-sp.br\\\/#\\\/schema\\\/logo\\\/image\\\/\"},\"sameAs\":[\"https:\\\/\\\/www.facebook.com\\\/saocamilosp\",\"https:\\\/\\\/x.com\\\/saocamilosp\",\"https:\\\/\\\/www.linkedin.com\\\/school\\\/centro-universit-rio-s-o-camilo\\\/\"]},{\"@type\":\"Person\",\"@id\":\"https:\\\/\\\/blog.saocamilo-sp.br\\\/#\\\/schema\\\/person\\\/1a99645faaab0bb55105f817e866e19b\",\"name\":\"Leandro Lafr\u00e1gola\",\"image\":{\"@type\":\"ImageObject\",\"inLanguage\":\"pt-BR\",\"@id\":\"https:\\\/\\\/secure.gravatar.com\\\/avatar\\\/ec4232fb8d50d80f1c672353dc4c2876490e6a0a2a33d6572c0ba1fb78f115cf?s=96&d=mm&r=g\",\"url\":\"https:\\\/\\\/secure.gravatar.com\\\/avatar\\\/ec4232fb8d50d80f1c672353dc4c2876490e6a0a2a33d6572c0ba1fb78f115cf?s=96&d=mm&r=g\",\"contentUrl\":\"https:\\\/\\\/secure.gravatar.com\\\/avatar\\\/ec4232fb8d50d80f1c672353dc4c2876490e6a0a2a33d6572c0ba1fb78f115cf?s=96&d=mm&r=g\",\"caption\":\"Leandro Lafr\u00e1gola\"},\"url\":\"https:\\\/\\\/blog.saocamilo-sp.br\\\/index.php\\\/author\\\/llafragola\\\/\"}]}<\/script>\n<!-- \/ Yoast SEO plugin. -->","yoast_head_json":{"title":"Docente e estudantes camilianos falam sobre o conv\u00edvio entre gera\u00e7\u00f5es \u00e0 Folha - Blog S\u00e3o Camilo","robots":{"index":"index","follow":"follow","max-snippet":"max-snippet:-1","max-image-preview":"max-image-preview:large","max-video-preview":"max-video-preview:-1"},"canonical":"https:\/\/blog.saocamilo-sp.br\/index.php\/2023\/03\/29\/docente-e-estudantes-camilianos-falam-sobre-convivio-entre-geracoes-a-folha\/","og_locale":"pt_BR","og_type":"article","og_title":"Docente e estudantes camilianos falam sobre o conv\u00edvio entre gera\u00e7\u00f5es \u00e0 Folha - Blog S\u00e3o Camilo","og_description":"O que move S\u00f4nia Maria Pereira, 70, a procurar novos cursos \u00e9 a vontade de aprender e de estar com o outro. Foi gra\u00e7as a esse propulsor que ela concluiu tr\u00eas gradua\u00e7\u00f5es, quatro especializa\u00e7\u00f5es e o mestrado.","og_url":"https:\/\/blog.saocamilo-sp.br\/index.php\/2023\/03\/29\/docente-e-estudantes-camilianos-falam-sobre-convivio-entre-geracoes-a-folha\/","og_site_name":"Blog S\u00e3o Camilo","article_publisher":"https:\/\/www.facebook.com\/saocamilosp","article_published_time":"2023-03-29T21:40:01+00:00","article_modified_time":"2025-11-25T16:00:44+00:00","og_image":[{"width":781,"height":518,"url":"https:\/\/blog.saocamilo-sp.br\/wp-content\/uploads\/2023\/03\/Soninha_9_.png","type":"image\/png"}],"author":"Leandro Lafr\u00e1gola","twitter_card":"summary_large_image","twitter_creator":"@saocamilosp","twitter_site":"@saocamilosp","twitter_misc":{"Escrito por":"Leandro Lafr\u00e1gola","Est. tempo de leitura":"7 minutos"},"schema":{"@context":"https:\/\/schema.org","@graph":[{"@type":"Article","@id":"https:\/\/blog.saocamilo-sp.br\/index.php\/2023\/03\/29\/docente-e-estudantes-camilianos-falam-sobre-convivio-entre-geracoes-a-folha\/#article","isPartOf":{"@id":"https:\/\/blog.saocamilo-sp.br\/index.php\/2023\/03\/29\/docente-e-estudantes-camilianos-falam-sobre-convivio-entre-geracoes-a-folha\/"},"author":{"name":"Leandro Lafr\u00e1gola","@id":"https:\/\/blog.saocamilo-sp.br\/#\/schema\/person\/1a99645faaab0bb55105f817e866e19b"},"headline":"Docente e estudantes camilianos falam sobre o conv\u00edvio entre gera\u00e7\u00f5es \u00e0 Folha","datePublished":"2023-03-29T21:40:01+00:00","dateModified":"2025-11-25T16:00:44+00:00","mainEntityOfPage":{"@id":"https:\/\/blog.saocamilo-sp.br\/index.php\/2023\/03\/29\/docente-e-estudantes-camilianos-falam-sobre-convivio-entre-geracoes-a-folha\/"},"wordCount":1197,"commentCount":0,"publisher":{"@id":"https:\/\/blog.saocamilo-sp.br\/#organization"},"image":{"@id":"https:\/\/blog.saocamilo-sp.br\/index.php\/2023\/03\/29\/docente-e-estudantes-camilianos-falam-sobre-convivio-entre-geracoes-a-folha\/#primaryimage"},"thumbnailUrl":"https:\/\/blog.saocamilo-sp.br\/wp-content\/uploads\/2023\/03\/Soninha_9_.png","keywords":["Vida Universit\u00e1ria"],"articleSection":["Cursos"],"inLanguage":"pt-BR","potentialAction":[{"@type":"CommentAction","name":"Comment","target":["https:\/\/blog.saocamilo-sp.br\/index.php\/2023\/03\/29\/docente-e-estudantes-camilianos-falam-sobre-convivio-entre-geracoes-a-folha\/#respond"]}]},{"@type":"WebPage","@id":"https:\/\/blog.saocamilo-sp.br\/index.php\/2023\/03\/29\/docente-e-estudantes-camilianos-falam-sobre-convivio-entre-geracoes-a-folha\/","url":"https:\/\/blog.saocamilo-sp.br\/index.php\/2023\/03\/29\/docente-e-estudantes-camilianos-falam-sobre-convivio-entre-geracoes-a-folha\/","name":"Docente e estudantes camilianos falam sobre o conv\u00edvio entre gera\u00e7\u00f5es \u00e0 Folha - Blog S\u00e3o Camilo","isPartOf":{"@id":"https:\/\/blog.saocamilo-sp.br\/#website"},"primaryImageOfPage":{"@id":"https:\/\/blog.saocamilo-sp.br\/index.php\/2023\/03\/29\/docente-e-estudantes-camilianos-falam-sobre-convivio-entre-geracoes-a-folha\/#primaryimage"},"image":{"@id":"https:\/\/blog.saocamilo-sp.br\/index.php\/2023\/03\/29\/docente-e-estudantes-camilianos-falam-sobre-convivio-entre-geracoes-a-folha\/#primaryimage"},"thumbnailUrl":"https:\/\/blog.saocamilo-sp.br\/wp-content\/uploads\/2023\/03\/Soninha_9_.png","datePublished":"2023-03-29T21:40:01+00:00","dateModified":"2025-11-25T16:00:44+00:00","breadcrumb":{"@id":"https:\/\/blog.saocamilo-sp.br\/index.php\/2023\/03\/29\/docente-e-estudantes-camilianos-falam-sobre-convivio-entre-geracoes-a-folha\/#breadcrumb"},"inLanguage":"pt-BR","potentialAction":[{"@type":"ReadAction","target":["https:\/\/blog.saocamilo-sp.br\/index.php\/2023\/03\/29\/docente-e-estudantes-camilianos-falam-sobre-convivio-entre-geracoes-a-folha\/"]}]},{"@type":"ImageObject","inLanguage":"pt-BR","@id":"https:\/\/blog.saocamilo-sp.br\/index.php\/2023\/03\/29\/docente-e-estudantes-camilianos-falam-sobre-convivio-entre-geracoes-a-folha\/#primaryimage","url":"https:\/\/blog.saocamilo-sp.br\/wp-content\/uploads\/2023\/03\/Soninha_9_.png","contentUrl":"https:\/\/blog.saocamilo-sp.br\/wp-content\/uploads\/2023\/03\/Soninha_9_.png","width":781,"height":518,"caption":"Profa. S\u00f4nia Pereira. Cr\u00e9dito da foto: Karime Xavier | Folhapress"},{"@type":"BreadcrumbList","@id":"https:\/\/blog.saocamilo-sp.br\/index.php\/2023\/03\/29\/docente-e-estudantes-camilianos-falam-sobre-convivio-entre-geracoes-a-folha\/#breadcrumb","itemListElement":[{"@type":"ListItem","position":1,"name":"In\u00edcio","item":"https:\/\/blog.saocamilo-sp.br\/"},{"@type":"ListItem","position":2,"name":"Docente e estudantes camilianos falam sobre o conv\u00edvio entre gera\u00e7\u00f5es \u00e0 Folha"}]},{"@type":"WebSite","@id":"https:\/\/blog.saocamilo-sp.br\/#website","url":"https:\/\/blog.saocamilo-sp.br\/","name":"Blog S\u00e3o Camilo","description":"Blog do Centro Universit\u00e1rio S\u00e3o Camilo","publisher":{"@id":"https:\/\/blog.saocamilo-sp.br\/#organization"},"potentialAction":[{"@type":"SearchAction","target":{"@type":"EntryPoint","urlTemplate":"https:\/\/blog.saocamilo-sp.br\/?s={search_term_string}"},"query-input":{"@type":"PropertyValueSpecification","valueRequired":true,"valueName":"search_term_string"}}],"inLanguage":"pt-BR"},{"@type":"Organization","@id":"https:\/\/blog.saocamilo-sp.br\/#organization","name":"Blog S\u00e3o Camilo","url":"https:\/\/blog.saocamilo-sp.br\/","logo":{"@type":"ImageObject","inLanguage":"pt-BR","@id":"https:\/\/blog.saocamilo-sp.br\/#\/schema\/logo\/image\/","url":"https:\/\/blog.saocamilo-sp.br\/wp-content\/uploads\/2021\/12\/cropped-vazio-logo-topo.png","contentUrl":"https:\/\/blog.saocamilo-sp.br\/wp-content\/uploads\/2021\/12\/cropped-vazio-logo-topo.png","width":320,"height":240,"caption":"Blog S\u00e3o Camilo"},"image":{"@id":"https:\/\/blog.saocamilo-sp.br\/#\/schema\/logo\/image\/"},"sameAs":["https:\/\/www.facebook.com\/saocamilosp","https:\/\/x.com\/saocamilosp","https:\/\/www.linkedin.com\/school\/centro-universit-rio-s-o-camilo\/"]},{"@type":"Person","@id":"https:\/\/blog.saocamilo-sp.br\/#\/schema\/person\/1a99645faaab0bb55105f817e866e19b","name":"Leandro Lafr\u00e1gola","image":{"@type":"ImageObject","inLanguage":"pt-BR","@id":"https:\/\/secure.gravatar.com\/avatar\/ec4232fb8d50d80f1c672353dc4c2876490e6a0a2a33d6572c0ba1fb78f115cf?s=96&d=mm&r=g","url":"https:\/\/secure.gravatar.com\/avatar\/ec4232fb8d50d80f1c672353dc4c2876490e6a0a2a33d6572c0ba1fb78f115cf?s=96&d=mm&r=g","contentUrl":"https:\/\/secure.gravatar.com\/avatar\/ec4232fb8d50d80f1c672353dc4c2876490e6a0a2a33d6572c0ba1fb78f115cf?s=96&d=mm&r=g","caption":"Leandro Lafr\u00e1gola"},"url":"https:\/\/blog.saocamilo-sp.br\/index.php\/author\/llafragola\/"}]}},"_links":{"self":[{"href":"https:\/\/blog.saocamilo-sp.br\/index.php\/wp-json\/wp\/v2\/posts\/891","targetHints":{"allow":["GET"]}}],"collection":[{"href":"https:\/\/blog.saocamilo-sp.br\/index.php\/wp-json\/wp\/v2\/posts"}],"about":[{"href":"https:\/\/blog.saocamilo-sp.br\/index.php\/wp-json\/wp\/v2\/types\/post"}],"author":[{"embeddable":true,"href":"https:\/\/blog.saocamilo-sp.br\/index.php\/wp-json\/wp\/v2\/users\/13"}],"replies":[{"embeddable":true,"href":"https:\/\/blog.saocamilo-sp.br\/index.php\/wp-json\/wp\/v2\/comments?post=891"}],"version-history":[{"count":4,"href":"https:\/\/blog.saocamilo-sp.br\/index.php\/wp-json\/wp\/v2\/posts\/891\/revisions"}],"predecessor-version":[{"id":911,"href":"https:\/\/blog.saocamilo-sp.br\/index.php\/wp-json\/wp\/v2\/posts\/891\/revisions\/911"}],"wp:featuredmedia":[{"embeddable":true,"href":"https:\/\/blog.saocamilo-sp.br\/index.php\/wp-json\/wp\/v2\/media\/899"}],"wp:attachment":[{"href":"https:\/\/blog.saocamilo-sp.br\/index.php\/wp-json\/wp\/v2\/media?parent=891"}],"wp:term":[{"taxonomy":"category","embeddable":true,"href":"https:\/\/blog.saocamilo-sp.br\/index.php\/wp-json\/wp\/v2\/categories?post=891"},{"taxonomy":"post_tag","embeddable":true,"href":"https:\/\/blog.saocamilo-sp.br\/index.php\/wp-json\/wp\/v2\/tags?post=891"}],"curies":[{"name":"wp","href":"https:\/\/api.w.org\/{rel}","templated":true}]}}