{"id":902,"date":"2023-03-30T11:35:59","date_gmt":"2023-03-30T14:35:59","guid":{"rendered":"https:\/\/blog.saocamilo-sp.br\/?p=902"},"modified":"2025-11-25T12:50:22","modified_gmt":"2025-11-25T15:50:22","slug":"sao-camilo-assina-convenio-com-a-universidad-catolica-de-salta-argentina","status":"publish","type":"post","link":"https:\/\/blog.saocamilo-sp.br\/index.php\/2023\/03\/30\/sao-camilo-assina-convenio-com-a-universidad-catolica-de-salta-argentina\/","title":{"rendered":"S\u00e3o Camilo assina conv\u00eanio com a Universidad Cat\u00f3lica de Salta (Argentina)"},"content":{"rendered":"\n<figure class=\"wp-block-image\"><img decoding=\"async\" src=\"https:\/\/saocamilo-sp.br\/assets\/uploads\/foto_ucasal.png\" alt=\"\"\/><\/figure>\n\n\n\n<p><br>\u00c9 com alegria que anunciamos que, o\u00a0<strong>Centro Universit\u00e1rio S\u00e3o Camilo<\/strong>\u00a0assinou, no in\u00edcio do m\u00eas de mar\u00e7o, o Conv\u00eanio de Coopera\u00e7\u00e3o Acad\u00eamica com a\u00a0<strong>Universidade Cat\u00f3lica de Salta<\/strong>, situada na Argentina.<\/p>\n\n\n\n<p>O acordo foi assinado no dia 8 de mar\u00e7o de 2023 e tem como objetivo desenvolver atividades de coopera\u00e7\u00e3o em \u00e1reas como mobilidade acad\u00eamica de alunos e professores, em todos os n\u00edveis educacionais, como Gradua\u00e7\u00e3o e P\u00f3s-gradua\u00e7\u00e3o. Al\u00e9m disso, visamos estreitar as atividades de internacionaliza\u00e7\u00e3o nos \u00e2mbitos acad\u00eamicos, culturais, t\u00e9cnicos e cient\u00edficos com essa institui\u00e7\u00e3o.<\/p>\n\n\n\n<p>Os representantes das duas universidades cat\u00f3licas celebraram ainda, o trabalho de aproxima\u00e7\u00e3o feito nos \u00faltimos meses, como a visita realizada ao Centro Universit\u00e1rio S\u00e3o Camilo no m\u00eas de novembro de 2022 no Campus Pompeia, com a presen\u00e7a do Reitor o Sr. Rodolfo Gallo, acompanhado do Secret\u00e1rio de Planejamento Estrat\u00e9gico da Universidade Cat\u00f3lica de Salta, Sr. Mario Alfredo Ochoa. Na ocasi\u00e3o, os representantes da Institui\u00e7\u00e3o argentina foram recepcionados pelo Reitor Pe. Jo\u00e3o Batista e todo o corpo de gestores acad\u00eamicos e administrativos do Centro Universit\u00e1rio S\u00e3o Camilo. Ap\u00f3s a visita, os Departamentos Internacionais, na figura dos seus respectivos gestores, iniciaram as tratativas para celebra\u00e7\u00e3o do contrato.<\/p>\n\n\n\n<p>A Coordenadora de Rela\u00e7\u00f5es Internacionais da S\u00e3o Camilo, Rayssa Rios, reitera a import\u00e2ncia da internacionaliza\u00e7\u00e3o acad\u00eamica e considera este novo conv\u00eanio o in\u00edcio do estreitamento das atividades com UCASAL, uma institui\u00e7\u00e3o com a qual a S\u00e3o Camilo se identifica nos valores e na qualidade de ensino. Ressalta tamb\u00e9m que a assinatura de conv\u00eanios como o rec\u00e9m firmado promove o posicionamento internacional da S\u00e3o Camilo, refor\u00e7ando a sua estrat\u00e9gia que visa construir rela\u00e7\u00f5es com institui\u00e7\u00f5es de excel\u00eancia internacional.<br><br>Para saber mais sobre os programas de mobilidade acad\u00eamica do Centro Universit\u00e1rio S\u00e3o Camilo, acesse:\u00a0<a href=\"https:\/\/saocamilo-sp.br\/institucional\/i\/relacoes_internacionais\">https:\/\/saocamilo-sp.br\/institucional\/i\/relacoes_internacionais<\/a><\/p>\n","protected":false},"excerpt":{"rendered":"<p>\u00c9 com alegria que anunciamos que, o\u00a0Centro Universit\u00e1rio S\u00e3o Camilo\u00a0assinou, no in\u00edcio do m\u00eas de mar\u00e7o, o Conv\u00eanio de Coopera\u00e7\u00e3o Acad\u00eamica com a\u00a0Universidade Cat\u00f3lica de Salta, situada na Argentina.<\/p>\n","protected":false},"author":13,"featured_media":906,"comment_status":"open","ping_status":"open","sticky":false,"template":"","format":"standard","meta":{"cybocfi_hide_featured_image":"yes","footnotes":""},"categories":[1],"tags":[],"class_list":["post-902","post","type-post","status-publish","format-standard","has-post-thumbnail","hentry","category-cursos"],"yoast_head":"<!-- This site is optimized with the Yoast SEO plugin v27.5 - https:\/\/yoast.com\/product\/yoast-seo-wordpress\/ -->\n<title>S\u00e3o Camilo assina conv\u00eanio com a Universidad Cat\u00f3lica de Salta (Argentina) - Blog S\u00e3o Camilo<\/title>\n<meta name=\"robots\" content=\"index, follow, max-snippet:-1, max-image-preview:large, max-video-preview:-1\" \/>\n<link rel=\"canonical\" href=\"https:\/\/blog.saocamilo-sp.br\/index.php\/2023\/03\/30\/sao-camilo-assina-convenio-com-a-universidad-catolica-de-salta-argentina\/\" \/>\n<meta property=\"og:locale\" content=\"pt_BR\" \/>\n<meta property=\"og:type\" content=\"article\" \/>\n<meta property=\"og:title\" content=\"S\u00e3o Camilo assina conv\u00eanio com a Universidad Cat\u00f3lica de Salta (Argentina) - Blog S\u00e3o Camilo\" \/>\n<meta property=\"og:description\" content=\"\u00c9 com alegria que anunciamos que, o\u00a0Centro Universit\u00e1rio S\u00e3o Camilo\u00a0assinou, no in\u00edcio do m\u00eas de mar\u00e7o, o Conv\u00eanio de Coopera\u00e7\u00e3o Acad\u00eamica com a\u00a0Universidade Cat\u00f3lica de Salta, situada na Argentina.\" \/>\n<meta property=\"og:url\" content=\"https:\/\/blog.saocamilo-sp.br\/index.php\/2023\/03\/30\/sao-camilo-assina-convenio-com-a-universidad-catolica-de-salta-argentina\/\" \/>\n<meta property=\"og:site_name\" content=\"Blog S\u00e3o Camilo\" \/>\n<meta property=\"article:publisher\" content=\"https:\/\/www.facebook.com\/saocamilosp\" \/>\n<meta property=\"article:published_time\" content=\"2023-03-30T14:35:59+00:00\" \/>\n<meta property=\"article:modified_time\" content=\"2025-11-25T15:50:22+00:00\" \/>\n<meta property=\"og:image\" content=\"https:\/\/blog.saocamilo-sp.br\/wp-content\/uploads\/2023\/03\/11ucasal_123.png\" \/>\n\t<meta property=\"og:image:width\" content=\"945\" \/>\n\t<meta property=\"og:image:height\" content=\"630\" \/>\n\t<meta property=\"og:image:type\" content=\"image\/png\" \/>\n<meta name=\"author\" content=\"Leandro Lafr\u00e1gola\" \/>\n<meta name=\"twitter:card\" content=\"summary_large_image\" \/>\n<meta name=\"twitter:creator\" content=\"@saocamilosp\" \/>\n<meta name=\"twitter:site\" content=\"@saocamilosp\" \/>\n<meta name=\"twitter:label1\" content=\"Escrito por\" \/>\n\t<meta name=\"twitter:data1\" content=\"Leandro Lafr\u00e1gola\" \/>\n\t<meta name=\"twitter:label2\" content=\"Est. tempo de leitura\" \/>\n\t<meta name=\"twitter:data2\" content=\"2 minutos\" \/>\n<script type=\"application\/ld+json\" class=\"yoast-schema-graph\">{\"@context\":\"https:\\\/\\\/schema.org\",\"@graph\":[{\"@type\":\"Article\",\"@id\":\"https:\\\/\\\/blog.saocamilo-sp.br\\\/index.php\\\/2023\\\/03\\\/30\\\/sao-camilo-assina-convenio-com-a-universidad-catolica-de-salta-argentina\\\/#article\",\"isPartOf\":{\"@id\":\"https:\\\/\\\/blog.saocamilo-sp.br\\\/index.php\\\/2023\\\/03\\\/30\\\/sao-camilo-assina-convenio-com-a-universidad-catolica-de-salta-argentina\\\/\"},\"author\":{\"name\":\"Leandro Lafr\u00e1gola\",\"@id\":\"https:\\\/\\\/blog.saocamilo-sp.br\\\/#\\\/schema\\\/person\\\/1a99645faaab0bb55105f817e866e19b\"},\"headline\":\"S\u00e3o Camilo assina conv\u00eanio com a Universidad Cat\u00f3lica de Salta (Argentina)\",\"datePublished\":\"2023-03-30T14:35:59+00:00\",\"dateModified\":\"2025-11-25T15:50:22+00:00\",\"mainEntityOfPage\":{\"@id\":\"https:\\\/\\\/blog.saocamilo-sp.br\\\/index.php\\\/2023\\\/03\\\/30\\\/sao-camilo-assina-convenio-com-a-universidad-catolica-de-salta-argentina\\\/\"},\"wordCount\":361,\"commentCount\":0,\"publisher\":{\"@id\":\"https:\\\/\\\/blog.saocamilo-sp.br\\\/#organization\"},\"image\":{\"@id\":\"https:\\\/\\\/blog.saocamilo-sp.br\\\/index.php\\\/2023\\\/03\\\/30\\\/sao-camilo-assina-convenio-com-a-universidad-catolica-de-salta-argentina\\\/#primaryimage\"},\"thumbnailUrl\":\"https:\\\/\\\/blog.saocamilo-sp.br\\\/wp-content\\\/uploads\\\/2023\\\/03\\\/11ucasal_123.png\",\"articleSection\":[\"Cursos\"],\"inLanguage\":\"pt-BR\",\"potentialAction\":[{\"@type\":\"CommentAction\",\"name\":\"Comment\",\"target\":[\"https:\\\/\\\/blog.saocamilo-sp.br\\\/index.php\\\/2023\\\/03\\\/30\\\/sao-camilo-assina-convenio-com-a-universidad-catolica-de-salta-argentina\\\/#respond\"]}]},{\"@type\":\"WebPage\",\"@id\":\"https:\\\/\\\/blog.saocamilo-sp.br\\\/index.php\\\/2023\\\/03\\\/30\\\/sao-camilo-assina-convenio-com-a-universidad-catolica-de-salta-argentina\\\/\",\"url\":\"https:\\\/\\\/blog.saocamilo-sp.br\\\/index.php\\\/2023\\\/03\\\/30\\\/sao-camilo-assina-convenio-com-a-universidad-catolica-de-salta-argentina\\\/\",\"name\":\"S\u00e3o Camilo assina conv\u00eanio com a Universidad Cat\u00f3lica de Salta (Argentina) - Blog S\u00e3o Camilo\",\"isPartOf\":{\"@id\":\"https:\\\/\\\/blog.saocamilo-sp.br\\\/#website\"},\"primaryImageOfPage\":{\"@id\":\"https:\\\/\\\/blog.saocamilo-sp.br\\\/index.php\\\/2023\\\/03\\\/30\\\/sao-camilo-assina-convenio-com-a-universidad-catolica-de-salta-argentina\\\/#primaryimage\"},\"image\":{\"@id\":\"https:\\\/\\\/blog.saocamilo-sp.br\\\/index.php\\\/2023\\\/03\\\/30\\\/sao-camilo-assina-convenio-com-a-universidad-catolica-de-salta-argentina\\\/#primaryimage\"},\"thumbnailUrl\":\"https:\\\/\\\/blog.saocamilo-sp.br\\\/wp-content\\\/uploads\\\/2023\\\/03\\\/11ucasal_123.png\",\"datePublished\":\"2023-03-30T14:35:59+00:00\",\"dateModified\":\"2025-11-25T15:50:22+00:00\",\"breadcrumb\":{\"@id\":\"https:\\\/\\\/blog.saocamilo-sp.br\\\/index.php\\\/2023\\\/03\\\/30\\\/sao-camilo-assina-convenio-com-a-universidad-catolica-de-salta-argentina\\\/#breadcrumb\"},\"inLanguage\":\"pt-BR\",\"potentialAction\":[{\"@type\":\"ReadAction\",\"target\":[\"https:\\\/\\\/blog.saocamilo-sp.br\\\/index.php\\\/2023\\\/03\\\/30\\\/sao-camilo-assina-convenio-com-a-universidad-catolica-de-salta-argentina\\\/\"]}]},{\"@type\":\"BreadcrumbList\",\"@id\":\"https:\\\/\\\/blog.saocamilo-sp.br\\\/index.php\\\/2023\\\/03\\\/30\\\/sao-camilo-assina-convenio-com-a-universidad-catolica-de-salta-argentina\\\/#breadcrumb\",\"itemListElement\":[{\"@type\":\"ListItem\",\"position\":1,\"name\":\"In\u00edcio\",\"item\":\"https:\\\/\\\/blog.saocamilo-sp.br\\\/\"},{\"@type\":\"ListItem\",\"position\":2,\"name\":\"S\u00e3o Camilo assina conv\u00eanio com a Universidad Cat\u00f3lica de Salta (Argentina)\"}]},{\"@type\":\"WebSite\",\"@id\":\"https:\\\/\\\/blog.saocamilo-sp.br\\\/#website\",\"url\":\"https:\\\/\\\/blog.saocamilo-sp.br\\\/\",\"name\":\"Blog S\u00e3o Camilo\",\"description\":\"Blog do Centro Universit\u00e1rio S\u00e3o Camilo\",\"publisher\":{\"@id\":\"https:\\\/\\\/blog.saocamilo-sp.br\\\/#organization\"},\"potentialAction\":[{\"@type\":\"SearchAction\",\"target\":{\"@type\":\"EntryPoint\",\"urlTemplate\":\"https:\\\/\\\/blog.saocamilo-sp.br\\\/?s={search_term_string}\"},\"query-input\":{\"@type\":\"PropertyValueSpecification\",\"valueRequired\":true,\"valueName\":\"search_term_string\"}}],\"inLanguage\":\"pt-BR\"},{\"@type\":\"Organization\",\"@id\":\"https:\\\/\\\/blog.saocamilo-sp.br\\\/#organization\",\"name\":\"Blog S\u00e3o Camilo\",\"url\":\"https:\\\/\\\/blog.saocamilo-sp.br\\\/\",\"logo\":{\"@type\":\"ImageObject\",\"inLanguage\":\"pt-BR\",\"@id\":\"https:\\\/\\\/blog.saocamilo-sp.br\\\/#\\\/schema\\\/logo\\\/image\\\/\",\"url\":\"https:\\\/\\\/blog.saocamilo-sp.br\\\/wp-content\\\/uploads\\\/2021\\\/12\\\/cropped-vazio-logo-topo.png\",\"contentUrl\":\"https:\\\/\\\/blog.saocamilo-sp.br\\\/wp-content\\\/uploads\\\/2021\\\/12\\\/cropped-vazio-logo-topo.png\",\"width\":320,\"height\":240,\"caption\":\"Blog S\u00e3o Camilo\"},\"image\":{\"@id\":\"https:\\\/\\\/blog.saocamilo-sp.br\\\/#\\\/schema\\\/logo\\\/image\\\/\"},\"sameAs\":[\"https:\\\/\\\/www.facebook.com\\\/saocamilosp\",\"https:\\\/\\\/x.com\\\/saocamilosp\",\"https:\\\/\\\/www.linkedin.com\\\/school\\\/centro-universit-rio-s-o-camilo\\\/\"]},{\"@type\":\"Person\",\"@id\":\"https:\\\/\\\/blog.saocamilo-sp.br\\\/#\\\/schema\\\/person\\\/1a99645faaab0bb55105f817e866e19b\",\"name\":\"Leandro Lafr\u00e1gola\",\"image\":{\"@type\":\"ImageObject\",\"inLanguage\":\"pt-BR\",\"@id\":\"https:\\\/\\\/secure.gravatar.com\\\/avatar\\\/ec4232fb8d50d80f1c672353dc4c2876490e6a0a2a33d6572c0ba1fb78f115cf?s=96&d=mm&r=g\",\"url\":\"https:\\\/\\\/secure.gravatar.com\\\/avatar\\\/ec4232fb8d50d80f1c672353dc4c2876490e6a0a2a33d6572c0ba1fb78f115cf?s=96&d=mm&r=g\",\"contentUrl\":\"https:\\\/\\\/secure.gravatar.com\\\/avatar\\\/ec4232fb8d50d80f1c672353dc4c2876490e6a0a2a33d6572c0ba1fb78f115cf?s=96&d=mm&r=g\",\"caption\":\"Leandro Lafr\u00e1gola\"},\"url\":\"https:\\\/\\\/blog.saocamilo-sp.br\\\/index.php\\\/author\\\/llafragola\\\/\"}]}<\/script>\n<!-- \/ Yoast SEO plugin. -->","yoast_head_json":{"title":"S\u00e3o Camilo assina conv\u00eanio com a Universidad Cat\u00f3lica de Salta (Argentina) - Blog S\u00e3o Camilo","robots":{"index":"index","follow":"follow","max-snippet":"max-snippet:-1","max-image-preview":"max-image-preview:large","max-video-preview":"max-video-preview:-1"},"canonical":"https:\/\/blog.saocamilo-sp.br\/index.php\/2023\/03\/30\/sao-camilo-assina-convenio-com-a-universidad-catolica-de-salta-argentina\/","og_locale":"pt_BR","og_type":"article","og_title":"S\u00e3o Camilo assina conv\u00eanio com a Universidad Cat\u00f3lica de Salta (Argentina) - Blog S\u00e3o Camilo","og_description":"\u00c9 com alegria que anunciamos que, o\u00a0Centro Universit\u00e1rio S\u00e3o Camilo\u00a0assinou, no in\u00edcio do m\u00eas de mar\u00e7o, o Conv\u00eanio de Coopera\u00e7\u00e3o Acad\u00eamica com a\u00a0Universidade Cat\u00f3lica de Salta, situada na Argentina.","og_url":"https:\/\/blog.saocamilo-sp.br\/index.php\/2023\/03\/30\/sao-camilo-assina-convenio-com-a-universidad-catolica-de-salta-argentina\/","og_site_name":"Blog S\u00e3o Camilo","article_publisher":"https:\/\/www.facebook.com\/saocamilosp","article_published_time":"2023-03-30T14:35:59+00:00","article_modified_time":"2025-11-25T15:50:22+00:00","og_image":[{"width":945,"height":630,"url":"https:\/\/blog.saocamilo-sp.br\/wp-content\/uploads\/2023\/03\/11ucasal_123.png","type":"image\/png"}],"author":"Leandro Lafr\u00e1gola","twitter_card":"summary_large_image","twitter_creator":"@saocamilosp","twitter_site":"@saocamilosp","twitter_misc":{"Escrito por":"Leandro Lafr\u00e1gola","Est. tempo de leitura":"2 minutos"},"schema":{"@context":"https:\/\/schema.org","@graph":[{"@type":"Article","@id":"https:\/\/blog.saocamilo-sp.br\/index.php\/2023\/03\/30\/sao-camilo-assina-convenio-com-a-universidad-catolica-de-salta-argentina\/#article","isPartOf":{"@id":"https:\/\/blog.saocamilo-sp.br\/index.php\/2023\/03\/30\/sao-camilo-assina-convenio-com-a-universidad-catolica-de-salta-argentina\/"},"author":{"name":"Leandro Lafr\u00e1gola","@id":"https:\/\/blog.saocamilo-sp.br\/#\/schema\/person\/1a99645faaab0bb55105f817e866e19b"},"headline":"S\u00e3o Camilo assina conv\u00eanio com a Universidad Cat\u00f3lica de Salta (Argentina)","datePublished":"2023-03-30T14:35:59+00:00","dateModified":"2025-11-25T15:50:22+00:00","mainEntityOfPage":{"@id":"https:\/\/blog.saocamilo-sp.br\/index.php\/2023\/03\/30\/sao-camilo-assina-convenio-com-a-universidad-catolica-de-salta-argentina\/"},"wordCount":361,"commentCount":0,"publisher":{"@id":"https:\/\/blog.saocamilo-sp.br\/#organization"},"image":{"@id":"https:\/\/blog.saocamilo-sp.br\/index.php\/2023\/03\/30\/sao-camilo-assina-convenio-com-a-universidad-catolica-de-salta-argentina\/#primaryimage"},"thumbnailUrl":"https:\/\/blog.saocamilo-sp.br\/wp-content\/uploads\/2023\/03\/11ucasal_123.png","articleSection":["Cursos"],"inLanguage":"pt-BR","potentialAction":[{"@type":"CommentAction","name":"Comment","target":["https:\/\/blog.saocamilo-sp.br\/index.php\/2023\/03\/30\/sao-camilo-assina-convenio-com-a-universidad-catolica-de-salta-argentina\/#respond"]}]},{"@type":"WebPage","@id":"https:\/\/blog.saocamilo-sp.br\/index.php\/2023\/03\/30\/sao-camilo-assina-convenio-com-a-universidad-catolica-de-salta-argentina\/","url":"https:\/\/blog.saocamilo-sp.br\/index.php\/2023\/03\/30\/sao-camilo-assina-convenio-com-a-universidad-catolica-de-salta-argentina\/","name":"S\u00e3o Camilo assina conv\u00eanio com a Universidad Cat\u00f3lica de Salta (Argentina) - Blog S\u00e3o Camilo","isPartOf":{"@id":"https:\/\/blog.saocamilo-sp.br\/#website"},"primaryImageOfPage":{"@id":"https:\/\/blog.saocamilo-sp.br\/index.php\/2023\/03\/30\/sao-camilo-assina-convenio-com-a-universidad-catolica-de-salta-argentina\/#primaryimage"},"image":{"@id":"https:\/\/blog.saocamilo-sp.br\/index.php\/2023\/03\/30\/sao-camilo-assina-convenio-com-a-universidad-catolica-de-salta-argentina\/#primaryimage"},"thumbnailUrl":"https:\/\/blog.saocamilo-sp.br\/wp-content\/uploads\/2023\/03\/11ucasal_123.png","datePublished":"2023-03-30T14:35:59+00:00","dateModified":"2025-11-25T15:50:22+00:00","breadcrumb":{"@id":"https:\/\/blog.saocamilo-sp.br\/index.php\/2023\/03\/30\/sao-camilo-assina-convenio-com-a-universidad-catolica-de-salta-argentina\/#breadcrumb"},"inLanguage":"pt-BR","potentialAction":[{"@type":"ReadAction","target":["https:\/\/blog.saocamilo-sp.br\/index.php\/2023\/03\/30\/sao-camilo-assina-convenio-com-a-universidad-catolica-de-salta-argentina\/"]}]},{"@type":"BreadcrumbList","@id":"https:\/\/blog.saocamilo-sp.br\/index.php\/2023\/03\/30\/sao-camilo-assina-convenio-com-a-universidad-catolica-de-salta-argentina\/#breadcrumb","itemListElement":[{"@type":"ListItem","position":1,"name":"In\u00edcio","item":"https:\/\/blog.saocamilo-sp.br\/"},{"@type":"ListItem","position":2,"name":"S\u00e3o Camilo assina conv\u00eanio com a Universidad Cat\u00f3lica de Salta (Argentina)"}]},{"@type":"WebSite","@id":"https:\/\/blog.saocamilo-sp.br\/#website","url":"https:\/\/blog.saocamilo-sp.br\/","name":"Blog S\u00e3o Camilo","description":"Blog do Centro Universit\u00e1rio S\u00e3o Camilo","publisher":{"@id":"https:\/\/blog.saocamilo-sp.br\/#organization"},"potentialAction":[{"@type":"SearchAction","target":{"@type":"EntryPoint","urlTemplate":"https:\/\/blog.saocamilo-sp.br\/?s={search_term_string}"},"query-input":{"@type":"PropertyValueSpecification","valueRequired":true,"valueName":"search_term_string"}}],"inLanguage":"pt-BR"},{"@type":"Organization","@id":"https:\/\/blog.saocamilo-sp.br\/#organization","name":"Blog S\u00e3o Camilo","url":"https:\/\/blog.saocamilo-sp.br\/","logo":{"@type":"ImageObject","inLanguage":"pt-BR","@id":"https:\/\/blog.saocamilo-sp.br\/#\/schema\/logo\/image\/","url":"https:\/\/blog.saocamilo-sp.br\/wp-content\/uploads\/2021\/12\/cropped-vazio-logo-topo.png","contentUrl":"https:\/\/blog.saocamilo-sp.br\/wp-content\/uploads\/2021\/12\/cropped-vazio-logo-topo.png","width":320,"height":240,"caption":"Blog S\u00e3o Camilo"},"image":{"@id":"https:\/\/blog.saocamilo-sp.br\/#\/schema\/logo\/image\/"},"sameAs":["https:\/\/www.facebook.com\/saocamilosp","https:\/\/x.com\/saocamilosp","https:\/\/www.linkedin.com\/school\/centro-universit-rio-s-o-camilo\/"]},{"@type":"Person","@id":"https:\/\/blog.saocamilo-sp.br\/#\/schema\/person\/1a99645faaab0bb55105f817e866e19b","name":"Leandro Lafr\u00e1gola","image":{"@type":"ImageObject","inLanguage":"pt-BR","@id":"https:\/\/secure.gravatar.com\/avatar\/ec4232fb8d50d80f1c672353dc4c2876490e6a0a2a33d6572c0ba1fb78f115cf?s=96&d=mm&r=g","url":"https:\/\/secure.gravatar.com\/avatar\/ec4232fb8d50d80f1c672353dc4c2876490e6a0a2a33d6572c0ba1fb78f115cf?s=96&d=mm&r=g","contentUrl":"https:\/\/secure.gravatar.com\/avatar\/ec4232fb8d50d80f1c672353dc4c2876490e6a0a2a33d6572c0ba1fb78f115cf?s=96&d=mm&r=g","caption":"Leandro Lafr\u00e1gola"},"url":"https:\/\/blog.saocamilo-sp.br\/index.php\/author\/llafragola\/"}]}},"_links":{"self":[{"href":"https:\/\/blog.saocamilo-sp.br\/index.php\/wp-json\/wp\/v2\/posts\/902","targetHints":{"allow":["GET"]}}],"collection":[{"href":"https:\/\/blog.saocamilo-sp.br\/index.php\/wp-json\/wp\/v2\/posts"}],"about":[{"href":"https:\/\/blog.saocamilo-sp.br\/index.php\/wp-json\/wp\/v2\/types\/post"}],"author":[{"embeddable":true,"href":"https:\/\/blog.saocamilo-sp.br\/index.php\/wp-json\/wp\/v2\/users\/13"}],"replies":[{"embeddable":true,"href":"https:\/\/blog.saocamilo-sp.br\/index.php\/wp-json\/wp\/v2\/comments?post=902"}],"version-history":[{"count":3,"href":"https:\/\/blog.saocamilo-sp.br\/index.php\/wp-json\/wp\/v2\/posts\/902\/revisions"}],"predecessor-version":[{"id":908,"href":"https:\/\/blog.saocamilo-sp.br\/index.php\/wp-json\/wp\/v2\/posts\/902\/revisions\/908"}],"wp:featuredmedia":[{"embeddable":true,"href":"https:\/\/blog.saocamilo-sp.br\/index.php\/wp-json\/wp\/v2\/media\/906"}],"wp:attachment":[{"href":"https:\/\/blog.saocamilo-sp.br\/index.php\/wp-json\/wp\/v2\/media?parent=902"}],"wp:term":[{"taxonomy":"category","embeddable":true,"href":"https:\/\/blog.saocamilo-sp.br\/index.php\/wp-json\/wp\/v2\/categories?post=902"},{"taxonomy":"post_tag","embeddable":true,"href":"https:\/\/blog.saocamilo-sp.br\/index.php\/wp-json\/wp\/v2\/tags?post=902"}],"curies":[{"name":"wp","href":"https:\/\/api.w.org\/{rel}","templated":true}]}}