{"id":914,"date":"2023-04-06T16:28:57","date_gmt":"2023-04-06T19:28:57","guid":{"rendered":"https:\/\/blog.saocamilo-sp.br\/?p=914"},"modified":"2023-04-10T18:04:41","modified_gmt":"2023-04-10T21:04:41","slug":"pe-joao-batista-gomes-de-lima-encontra-se-com-ministro-da-educacao-em-prol-de-pautas-importantes-para-a-educacao","status":"publish","type":"post","link":"https:\/\/blog.saocamilo-sp.br\/index.php\/2023\/04\/06\/pe-joao-batista-gomes-de-lima-encontra-se-com-ministro-da-educacao-em-prol-de-pautas-importantes-para-a-educacao\/","title":{"rendered":"Pe. Jo\u00e3o Batista teve encontro com o Ministro da Educa\u00e7\u00e3o em prol de pautas da \u00e1rea"},"content":{"rendered":"\n<p>Na \u00faltima quarta-feira, 5\/4, o Diretor-Presidente da ANEC e Reitor do <a href=\"https:\/\/saocamilo-sp.br\/\" target=\"_blank\" rel=\"noreferrer noopener\">Centro Universit\u00e1rio S\u00e3o Camilo<\/a> de S\u00e3o Paulo, Pe. Jo\u00e3o Batista teve encontro com o Ministro da Educa\u00e7\u00e3o, Camilo Santana, em Bras\u00edlia. <\/p>\n\n\n\n<p>A visita teve por objetivo um di\u00e1logo de temas relevantes em defesa da educa\u00e7\u00e3o de qualidade social.<br><br>Juntamente com representantes da <a href=\"https:\/\/anec.org.br\/\" target=\"_blank\" rel=\"noreferrer noopener\">ANEC &#8211; Associa\u00e7\u00e3o Nacional de Educa\u00e7\u00e3o Cat\u00f3lica do Brasil<\/a> e do minist\u00e9rio foram tratados diversos temas relevantes em prol de pautas da \u00e1rea. Entre eles, a valoriza\u00e7\u00e3o da carreira dos professores, atualiza\u00e7\u00f5es para o ProUni em rela\u00e7\u00e3o \u00e0s institui\u00e7\u00f5es filantr\u00f3picas e as mudan\u00e7as no Ensino M\u00e9dio.<\/p>\n\n\n<div class=\"wp-block-image\">\n<figure class=\"aligncenter size-full\"><img loading=\"lazy\" decoding=\"async\" width=\"400\" height=\"351\" src=\"https:\/\/blog.saocamilo-sp.br\/wp-content\/uploads\/2023\/04\/image.png\" alt=\"\" class=\"wp-image-931\" srcset=\"https:\/\/blog.saocamilo-sp.br\/wp-content\/uploads\/2023\/04\/image.png 400w, https:\/\/blog.saocamilo-sp.br\/wp-content\/uploads\/2023\/04\/image-300x263.png 300w\" sizes=\"auto, (max-width: 400px) 100vw, 400px\" \/><figcaption class=\"wp-element-caption\"><em>Pe. Jo\u00e3o Batista Gomes de Lima e Camilo Santana<\/em><\/figcaption><\/figure>\n<\/div>\n\n\n<h2 class=\"wp-block-heading\">Materiais apresentados durante o encontro<\/h2>\n\n\n\n<p>Na ocasi\u00e3o, tamb\u00e9m foram entregues documentos norteadores, notas t\u00e9cnicas, pesquisas e propostas de solu\u00e7\u00f5es desenvolvidas pela equipe t\u00e9cnica da ANEC.  Al\u00e9m disso, durante o encontro foi entregue um manifesto contra a viol\u00eancia nas escolas, visando maior seguran\u00e7a para estudantes, servidores e professores dos diferentes n\u00edveis de ensino.<\/p>\n\n\n\n<p>Com o prop\u00f3sito de contribuir com o Minist\u00e9rio da Educa\u00e7\u00e3o e outros \u00f3rg\u00e3os regulamentadores da educa\u00e7\u00e3o no pa\u00eds, a ANEC realiza estudos e an\u00e1lises do cen\u00e1rio educacional. Dessa forma, fornece informa\u00e7\u00f5es relevantes e \u00fateis, com foco em superar os desafios enfrentados pelas institui\u00e7\u00f5es mantenedoras que atuam na educa\u00e7\u00e3o b\u00e1sica e superior do Pa\u00eds. <\/p>\n\n\n\n<p>De fato, como mebro da Associa\u00e7\u00e3o Nacional de Educa\u00e7\u00e3o Cat\u00f3lica do Brasil, o O Centro Universit\u00e1rio S\u00e3o Camilo &#8211; SP tamb\u00e9m compartilha dos mesmo principios. Considerando que tem por miss\u00e3o promover o desenvolvimento do ser humano por meio da educa\u00e7\u00e3o e da sa\u00fade, segundo os valores camilianos.<br><\/p>\n\n\n\n<h2 class=\"wp-block-heading\">Conclus\u00e3o do encontro com o ministro<\/h2>\n\n\n\n<p>Em suma, o encontro com o Ministro da Educa\u00e7\u00e3o foi extremamente proveitoso. Camilo Santana mostrou-se receptivo \u00e0s demandas apresentadas, comprometendo-se a avaliar favoravelmente as sugest\u00f5es de altera\u00e7\u00f5es propostas. O ministro aproveitou a ocasi\u00e3o para ressaltar a import\u00e2ncia da proximidade entre a ANEC e o Minist\u00e9rio da Educa\u00e7\u00e3o para que haja contribui\u00e7\u00f5es em diversos temas. <br><\/p>\n\n\n\n<p><\/p>\n\n\n","protected":false},"excerpt":{"rendered":"<p>Entre os temas tratados est\u00e3o a valoriza\u00e7\u00e3o da carreira dos professores, atualiza\u00e7\u00f5es para o ProUni em rela\u00e7\u00e3o \u00e0s institui\u00e7\u00f5es filantr\u00f3picas e as mudan\u00e7as no Ensino M\u00e9dio.<\/p>\n","protected":false},"author":13,"featured_media":923,"comment_status":"open","ping_status":"open","sticky":false,"template":"","format":"standard","meta":{"cybocfi_hide_featured_image":"yes","footnotes":""},"categories":[73],"tags":[74,75],"class_list":["post-914","post","type-post","status-publish","format-standard","has-post-thumbnail","hentry","category-reitoria","tag-institucional","tag-reitoria"],"yoast_head":"<!-- This site is optimized with the Yoast SEO plugin v27.4 - https:\/\/yoast.com\/product\/yoast-seo-wordpress\/ -->\n<title>Reitor tem encontro com Ministro da Educa\u00e7\u00e3o<\/title>\n<meta name=\"description\" content=\"Temas tratados durante encontro com o ministro v\u00e3o desde a valoriza\u00e7\u00e3o da carreira dos professores, ProUni at\u00e9 as mudan\u00e7as no Ensino M\u00e9dio.\" \/>\n<meta name=\"robots\" content=\"index, follow, max-snippet:-1, max-image-preview:large, max-video-preview:-1\" \/>\n<link rel=\"canonical\" href=\"https:\/\/blog.saocamilo-sp.br\/index.php\/2023\/04\/06\/pe-joao-batista-gomes-de-lima-encontra-se-com-ministro-da-educacao-em-prol-de-pautas-importantes-para-a-educacao\/\" \/>\n<meta property=\"og:locale\" content=\"pt_BR\" \/>\n<meta property=\"og:type\" content=\"article\" \/>\n<meta property=\"og:title\" content=\"Reitor tem encontro com Ministro da Educa\u00e7\u00e3o\" \/>\n<meta property=\"og:description\" content=\"Temas tratados durante encontro com o ministro v\u00e3o desde a valoriza\u00e7\u00e3o da carreira dos professores, ProUni at\u00e9 as mudan\u00e7as no Ensino M\u00e9dio.\" \/>\n<meta property=\"og:url\" content=\"https:\/\/blog.saocamilo-sp.br\/index.php\/2023\/04\/06\/pe-joao-batista-gomes-de-lima-encontra-se-com-ministro-da-educacao-em-prol-de-pautas-importantes-para-a-educacao\/\" \/>\n<meta property=\"og:site_name\" content=\"Blog S\u00e3o Camilo\" \/>\n<meta property=\"article:publisher\" content=\"https:\/\/www.facebook.com\/saocamilosp\" \/>\n<meta property=\"article:published_time\" content=\"2023-04-06T19:28:57+00:00\" \/>\n<meta property=\"article:modified_time\" content=\"2023-04-10T21:04:41+00:00\" \/>\n<meta property=\"og:image\" content=\"https:\/\/blog.saocamilo-sp.br\/wp-content\/uploads\/2023\/04\/PE_Joao_com_ministro_da_educacao-2.jpg\" \/>\n\t<meta property=\"og:image:width\" content=\"657\" \/>\n\t<meta property=\"og:image:height\" content=\"443\" \/>\n\t<meta property=\"og:image:type\" content=\"image\/jpeg\" \/>\n<meta name=\"author\" content=\"Leandro Lafr\u00e1gola\" \/>\n<meta name=\"twitter:card\" content=\"summary_large_image\" \/>\n<meta name=\"twitter:creator\" content=\"@saocamilosp\" \/>\n<meta name=\"twitter:site\" content=\"@saocamilosp\" \/>\n<meta name=\"twitter:label1\" content=\"Escrito por\" \/>\n\t<meta name=\"twitter:data1\" content=\"Leandro Lafr\u00e1gola\" \/>\n\t<meta name=\"twitter:label2\" content=\"Est. tempo de leitura\" \/>\n\t<meta name=\"twitter:data2\" content=\"2 minutos\" \/>\n<script type=\"application\/ld+json\" class=\"yoast-schema-graph\">{\"@context\":\"https:\\\/\\\/schema.org\",\"@graph\":[{\"@type\":\"Article\",\"@id\":\"https:\\\/\\\/blog.saocamilo-sp.br\\\/index.php\\\/2023\\\/04\\\/06\\\/pe-joao-batista-gomes-de-lima-encontra-se-com-ministro-da-educacao-em-prol-de-pautas-importantes-para-a-educacao\\\/#article\",\"isPartOf\":{\"@id\":\"https:\\\/\\\/blog.saocamilo-sp.br\\\/index.php\\\/2023\\\/04\\\/06\\\/pe-joao-batista-gomes-de-lima-encontra-se-com-ministro-da-educacao-em-prol-de-pautas-importantes-para-a-educacao\\\/\"},\"author\":{\"name\":\"Leandro Lafr\u00e1gola\",\"@id\":\"https:\\\/\\\/blog.saocamilo-sp.br\\\/#\\\/schema\\\/person\\\/1a99645faaab0bb55105f817e866e19b\"},\"headline\":\"Pe. Jo\u00e3o Batista teve encontro com o Ministro da Educa\u00e7\u00e3o em prol de pautas da \u00e1rea\",\"datePublished\":\"2023-04-06T19:28:57+00:00\",\"dateModified\":\"2023-04-10T21:04:41+00:00\",\"mainEntityOfPage\":{\"@id\":\"https:\\\/\\\/blog.saocamilo-sp.br\\\/index.php\\\/2023\\\/04\\\/06\\\/pe-joao-batista-gomes-de-lima-encontra-se-com-ministro-da-educacao-em-prol-de-pautas-importantes-para-a-educacao\\\/\"},\"wordCount\":397,\"commentCount\":0,\"publisher\":{\"@id\":\"https:\\\/\\\/blog.saocamilo-sp.br\\\/#organization\"},\"image\":{\"@id\":\"https:\\\/\\\/blog.saocamilo-sp.br\\\/index.php\\\/2023\\\/04\\\/06\\\/pe-joao-batista-gomes-de-lima-encontra-se-com-ministro-da-educacao-em-prol-de-pautas-importantes-para-a-educacao\\\/#primaryimage\"},\"thumbnailUrl\":\"https:\\\/\\\/blog.saocamilo-sp.br\\\/wp-content\\\/uploads\\\/2023\\\/04\\\/PE_Joao_com_ministro_da_educacao-2.jpg\",\"keywords\":[\"Institucional\",\"Reitoria\"],\"articleSection\":[\"Reitoria\"],\"inLanguage\":\"pt-BR\",\"potentialAction\":[{\"@type\":\"CommentAction\",\"name\":\"Comment\",\"target\":[\"https:\\\/\\\/blog.saocamilo-sp.br\\\/index.php\\\/2023\\\/04\\\/06\\\/pe-joao-batista-gomes-de-lima-encontra-se-com-ministro-da-educacao-em-prol-de-pautas-importantes-para-a-educacao\\\/#respond\"]}]},{\"@type\":\"WebPage\",\"@id\":\"https:\\\/\\\/blog.saocamilo-sp.br\\\/index.php\\\/2023\\\/04\\\/06\\\/pe-joao-batista-gomes-de-lima-encontra-se-com-ministro-da-educacao-em-prol-de-pautas-importantes-para-a-educacao\\\/\",\"url\":\"https:\\\/\\\/blog.saocamilo-sp.br\\\/index.php\\\/2023\\\/04\\\/06\\\/pe-joao-batista-gomes-de-lima-encontra-se-com-ministro-da-educacao-em-prol-de-pautas-importantes-para-a-educacao\\\/\",\"name\":\"Reitor tem encontro com Ministro da Educa\u00e7\u00e3o\",\"isPartOf\":{\"@id\":\"https:\\\/\\\/blog.saocamilo-sp.br\\\/#website\"},\"primaryImageOfPage\":{\"@id\":\"https:\\\/\\\/blog.saocamilo-sp.br\\\/index.php\\\/2023\\\/04\\\/06\\\/pe-joao-batista-gomes-de-lima-encontra-se-com-ministro-da-educacao-em-prol-de-pautas-importantes-para-a-educacao\\\/#primaryimage\"},\"image\":{\"@id\":\"https:\\\/\\\/blog.saocamilo-sp.br\\\/index.php\\\/2023\\\/04\\\/06\\\/pe-joao-batista-gomes-de-lima-encontra-se-com-ministro-da-educacao-em-prol-de-pautas-importantes-para-a-educacao\\\/#primaryimage\"},\"thumbnailUrl\":\"https:\\\/\\\/blog.saocamilo-sp.br\\\/wp-content\\\/uploads\\\/2023\\\/04\\\/PE_Joao_com_ministro_da_educacao-2.jpg\",\"datePublished\":\"2023-04-06T19:28:57+00:00\",\"dateModified\":\"2023-04-10T21:04:41+00:00\",\"description\":\"Temas tratados durante encontro com o ministro v\u00e3o desde a valoriza\u00e7\u00e3o da carreira dos professores, ProUni at\u00e9 as mudan\u00e7as no Ensino M\u00e9dio.\",\"breadcrumb\":{\"@id\":\"https:\\\/\\\/blog.saocamilo-sp.br\\\/index.php\\\/2023\\\/04\\\/06\\\/pe-joao-batista-gomes-de-lima-encontra-se-com-ministro-da-educacao-em-prol-de-pautas-importantes-para-a-educacao\\\/#breadcrumb\"},\"inLanguage\":\"pt-BR\",\"potentialAction\":[{\"@type\":\"ReadAction\",\"target\":[\"https:\\\/\\\/blog.saocamilo-sp.br\\\/index.php\\\/2023\\\/04\\\/06\\\/pe-joao-batista-gomes-de-lima-encontra-se-com-ministro-da-educacao-em-prol-de-pautas-importantes-para-a-educacao\\\/\"]}]},{\"@type\":\"BreadcrumbList\",\"@id\":\"https:\\\/\\\/blog.saocamilo-sp.br\\\/index.php\\\/2023\\\/04\\\/06\\\/pe-joao-batista-gomes-de-lima-encontra-se-com-ministro-da-educacao-em-prol-de-pautas-importantes-para-a-educacao\\\/#breadcrumb\",\"itemListElement\":[{\"@type\":\"ListItem\",\"position\":1,\"name\":\"In\u00edcio\",\"item\":\"https:\\\/\\\/blog.saocamilo-sp.br\\\/\"},{\"@type\":\"ListItem\",\"position\":2,\"name\":\"Pe. Jo\u00e3o Batista teve encontro com o Ministro da Educa\u00e7\u00e3o em prol de pautas da \u00e1rea\"}]},{\"@type\":\"WebSite\",\"@id\":\"https:\\\/\\\/blog.saocamilo-sp.br\\\/#website\",\"url\":\"https:\\\/\\\/blog.saocamilo-sp.br\\\/\",\"name\":\"Blog S\u00e3o Camilo\",\"description\":\"Blog do Centro Universit\u00e1rio S\u00e3o Camilo\",\"publisher\":{\"@id\":\"https:\\\/\\\/blog.saocamilo-sp.br\\\/#organization\"},\"potentialAction\":[{\"@type\":\"SearchAction\",\"target\":{\"@type\":\"EntryPoint\",\"urlTemplate\":\"https:\\\/\\\/blog.saocamilo-sp.br\\\/?s={search_term_string}\"},\"query-input\":{\"@type\":\"PropertyValueSpecification\",\"valueRequired\":true,\"valueName\":\"search_term_string\"}}],\"inLanguage\":\"pt-BR\"},{\"@type\":\"Organization\",\"@id\":\"https:\\\/\\\/blog.saocamilo-sp.br\\\/#organization\",\"name\":\"Blog S\u00e3o Camilo\",\"url\":\"https:\\\/\\\/blog.saocamilo-sp.br\\\/\",\"logo\":{\"@type\":\"ImageObject\",\"inLanguage\":\"pt-BR\",\"@id\":\"https:\\\/\\\/blog.saocamilo-sp.br\\\/#\\\/schema\\\/logo\\\/image\\\/\",\"url\":\"https:\\\/\\\/blog.saocamilo-sp.br\\\/wp-content\\\/uploads\\\/2021\\\/12\\\/cropped-vazio-logo-topo.png\",\"contentUrl\":\"https:\\\/\\\/blog.saocamilo-sp.br\\\/wp-content\\\/uploads\\\/2021\\\/12\\\/cropped-vazio-logo-topo.png\",\"width\":320,\"height\":240,\"caption\":\"Blog S\u00e3o Camilo\"},\"image\":{\"@id\":\"https:\\\/\\\/blog.saocamilo-sp.br\\\/#\\\/schema\\\/logo\\\/image\\\/\"},\"sameAs\":[\"https:\\\/\\\/www.facebook.com\\\/saocamilosp\",\"https:\\\/\\\/x.com\\\/saocamilosp\",\"https:\\\/\\\/www.linkedin.com\\\/school\\\/centro-universit-rio-s-o-camilo\\\/\"]},{\"@type\":\"Person\",\"@id\":\"https:\\\/\\\/blog.saocamilo-sp.br\\\/#\\\/schema\\\/person\\\/1a99645faaab0bb55105f817e866e19b\",\"name\":\"Leandro Lafr\u00e1gola\",\"image\":{\"@type\":\"ImageObject\",\"inLanguage\":\"pt-BR\",\"@id\":\"https:\\\/\\\/secure.gravatar.com\\\/avatar\\\/ec4232fb8d50d80f1c672353dc4c2876490e6a0a2a33d6572c0ba1fb78f115cf?s=96&d=mm&r=g\",\"url\":\"https:\\\/\\\/secure.gravatar.com\\\/avatar\\\/ec4232fb8d50d80f1c672353dc4c2876490e6a0a2a33d6572c0ba1fb78f115cf?s=96&d=mm&r=g\",\"contentUrl\":\"https:\\\/\\\/secure.gravatar.com\\\/avatar\\\/ec4232fb8d50d80f1c672353dc4c2876490e6a0a2a33d6572c0ba1fb78f115cf?s=96&d=mm&r=g\",\"caption\":\"Leandro Lafr\u00e1gola\"},\"url\":\"https:\\\/\\\/blog.saocamilo-sp.br\\\/index.php\\\/author\\\/llafragola\\\/\"}]}<\/script>\n<!-- \/ Yoast SEO plugin. -->","yoast_head_json":{"title":"Reitor tem encontro com Ministro da Educa\u00e7\u00e3o","description":"Temas tratados durante encontro com o ministro v\u00e3o desde a valoriza\u00e7\u00e3o da carreira dos professores, ProUni at\u00e9 as mudan\u00e7as no Ensino M\u00e9dio.","robots":{"index":"index","follow":"follow","max-snippet":"max-snippet:-1","max-image-preview":"max-image-preview:large","max-video-preview":"max-video-preview:-1"},"canonical":"https:\/\/blog.saocamilo-sp.br\/index.php\/2023\/04\/06\/pe-joao-batista-gomes-de-lima-encontra-se-com-ministro-da-educacao-em-prol-de-pautas-importantes-para-a-educacao\/","og_locale":"pt_BR","og_type":"article","og_title":"Reitor tem encontro com Ministro da Educa\u00e7\u00e3o","og_description":"Temas tratados durante encontro com o ministro v\u00e3o desde a valoriza\u00e7\u00e3o da carreira dos professores, ProUni at\u00e9 as mudan\u00e7as no Ensino M\u00e9dio.","og_url":"https:\/\/blog.saocamilo-sp.br\/index.php\/2023\/04\/06\/pe-joao-batista-gomes-de-lima-encontra-se-com-ministro-da-educacao-em-prol-de-pautas-importantes-para-a-educacao\/","og_site_name":"Blog S\u00e3o Camilo","article_publisher":"https:\/\/www.facebook.com\/saocamilosp","article_published_time":"2023-04-06T19:28:57+00:00","article_modified_time":"2023-04-10T21:04:41+00:00","og_image":[{"width":657,"height":443,"url":"https:\/\/blog.saocamilo-sp.br\/wp-content\/uploads\/2023\/04\/PE_Joao_com_ministro_da_educacao-2.jpg","type":"image\/jpeg"}],"author":"Leandro Lafr\u00e1gola","twitter_card":"summary_large_image","twitter_creator":"@saocamilosp","twitter_site":"@saocamilosp","twitter_misc":{"Escrito por":"Leandro Lafr\u00e1gola","Est. tempo de leitura":"2 minutos"},"schema":{"@context":"https:\/\/schema.org","@graph":[{"@type":"Article","@id":"https:\/\/blog.saocamilo-sp.br\/index.php\/2023\/04\/06\/pe-joao-batista-gomes-de-lima-encontra-se-com-ministro-da-educacao-em-prol-de-pautas-importantes-para-a-educacao\/#article","isPartOf":{"@id":"https:\/\/blog.saocamilo-sp.br\/index.php\/2023\/04\/06\/pe-joao-batista-gomes-de-lima-encontra-se-com-ministro-da-educacao-em-prol-de-pautas-importantes-para-a-educacao\/"},"author":{"name":"Leandro Lafr\u00e1gola","@id":"https:\/\/blog.saocamilo-sp.br\/#\/schema\/person\/1a99645faaab0bb55105f817e866e19b"},"headline":"Pe. Jo\u00e3o Batista teve encontro com o Ministro da Educa\u00e7\u00e3o em prol de pautas da \u00e1rea","datePublished":"2023-04-06T19:28:57+00:00","dateModified":"2023-04-10T21:04:41+00:00","mainEntityOfPage":{"@id":"https:\/\/blog.saocamilo-sp.br\/index.php\/2023\/04\/06\/pe-joao-batista-gomes-de-lima-encontra-se-com-ministro-da-educacao-em-prol-de-pautas-importantes-para-a-educacao\/"},"wordCount":397,"commentCount":0,"publisher":{"@id":"https:\/\/blog.saocamilo-sp.br\/#organization"},"image":{"@id":"https:\/\/blog.saocamilo-sp.br\/index.php\/2023\/04\/06\/pe-joao-batista-gomes-de-lima-encontra-se-com-ministro-da-educacao-em-prol-de-pautas-importantes-para-a-educacao\/#primaryimage"},"thumbnailUrl":"https:\/\/blog.saocamilo-sp.br\/wp-content\/uploads\/2023\/04\/PE_Joao_com_ministro_da_educacao-2.jpg","keywords":["Institucional","Reitoria"],"articleSection":["Reitoria"],"inLanguage":"pt-BR","potentialAction":[{"@type":"CommentAction","name":"Comment","target":["https:\/\/blog.saocamilo-sp.br\/index.php\/2023\/04\/06\/pe-joao-batista-gomes-de-lima-encontra-se-com-ministro-da-educacao-em-prol-de-pautas-importantes-para-a-educacao\/#respond"]}]},{"@type":"WebPage","@id":"https:\/\/blog.saocamilo-sp.br\/index.php\/2023\/04\/06\/pe-joao-batista-gomes-de-lima-encontra-se-com-ministro-da-educacao-em-prol-de-pautas-importantes-para-a-educacao\/","url":"https:\/\/blog.saocamilo-sp.br\/index.php\/2023\/04\/06\/pe-joao-batista-gomes-de-lima-encontra-se-com-ministro-da-educacao-em-prol-de-pautas-importantes-para-a-educacao\/","name":"Reitor tem encontro com Ministro da Educa\u00e7\u00e3o","isPartOf":{"@id":"https:\/\/blog.saocamilo-sp.br\/#website"},"primaryImageOfPage":{"@id":"https:\/\/blog.saocamilo-sp.br\/index.php\/2023\/04\/06\/pe-joao-batista-gomes-de-lima-encontra-se-com-ministro-da-educacao-em-prol-de-pautas-importantes-para-a-educacao\/#primaryimage"},"image":{"@id":"https:\/\/blog.saocamilo-sp.br\/index.php\/2023\/04\/06\/pe-joao-batista-gomes-de-lima-encontra-se-com-ministro-da-educacao-em-prol-de-pautas-importantes-para-a-educacao\/#primaryimage"},"thumbnailUrl":"https:\/\/blog.saocamilo-sp.br\/wp-content\/uploads\/2023\/04\/PE_Joao_com_ministro_da_educacao-2.jpg","datePublished":"2023-04-06T19:28:57+00:00","dateModified":"2023-04-10T21:04:41+00:00","description":"Temas tratados durante encontro com o ministro v\u00e3o desde a valoriza\u00e7\u00e3o da carreira dos professores, ProUni at\u00e9 as mudan\u00e7as no Ensino M\u00e9dio.","breadcrumb":{"@id":"https:\/\/blog.saocamilo-sp.br\/index.php\/2023\/04\/06\/pe-joao-batista-gomes-de-lima-encontra-se-com-ministro-da-educacao-em-prol-de-pautas-importantes-para-a-educacao\/#breadcrumb"},"inLanguage":"pt-BR","potentialAction":[{"@type":"ReadAction","target":["https:\/\/blog.saocamilo-sp.br\/index.php\/2023\/04\/06\/pe-joao-batista-gomes-de-lima-encontra-se-com-ministro-da-educacao-em-prol-de-pautas-importantes-para-a-educacao\/"]}]},{"@type":"BreadcrumbList","@id":"https:\/\/blog.saocamilo-sp.br\/index.php\/2023\/04\/06\/pe-joao-batista-gomes-de-lima-encontra-se-com-ministro-da-educacao-em-prol-de-pautas-importantes-para-a-educacao\/#breadcrumb","itemListElement":[{"@type":"ListItem","position":1,"name":"In\u00edcio","item":"https:\/\/blog.saocamilo-sp.br\/"},{"@type":"ListItem","position":2,"name":"Pe. Jo\u00e3o Batista teve encontro com o Ministro da Educa\u00e7\u00e3o em prol de pautas da \u00e1rea"}]},{"@type":"WebSite","@id":"https:\/\/blog.saocamilo-sp.br\/#website","url":"https:\/\/blog.saocamilo-sp.br\/","name":"Blog S\u00e3o Camilo","description":"Blog do Centro Universit\u00e1rio S\u00e3o Camilo","publisher":{"@id":"https:\/\/blog.saocamilo-sp.br\/#organization"},"potentialAction":[{"@type":"SearchAction","target":{"@type":"EntryPoint","urlTemplate":"https:\/\/blog.saocamilo-sp.br\/?s={search_term_string}"},"query-input":{"@type":"PropertyValueSpecification","valueRequired":true,"valueName":"search_term_string"}}],"inLanguage":"pt-BR"},{"@type":"Organization","@id":"https:\/\/blog.saocamilo-sp.br\/#organization","name":"Blog S\u00e3o Camilo","url":"https:\/\/blog.saocamilo-sp.br\/","logo":{"@type":"ImageObject","inLanguage":"pt-BR","@id":"https:\/\/blog.saocamilo-sp.br\/#\/schema\/logo\/image\/","url":"https:\/\/blog.saocamilo-sp.br\/wp-content\/uploads\/2021\/12\/cropped-vazio-logo-topo.png","contentUrl":"https:\/\/blog.saocamilo-sp.br\/wp-content\/uploads\/2021\/12\/cropped-vazio-logo-topo.png","width":320,"height":240,"caption":"Blog S\u00e3o Camilo"},"image":{"@id":"https:\/\/blog.saocamilo-sp.br\/#\/schema\/logo\/image\/"},"sameAs":["https:\/\/www.facebook.com\/saocamilosp","https:\/\/x.com\/saocamilosp","https:\/\/www.linkedin.com\/school\/centro-universit-rio-s-o-camilo\/"]},{"@type":"Person","@id":"https:\/\/blog.saocamilo-sp.br\/#\/schema\/person\/1a99645faaab0bb55105f817e866e19b","name":"Leandro Lafr\u00e1gola","image":{"@type":"ImageObject","inLanguage":"pt-BR","@id":"https:\/\/secure.gravatar.com\/avatar\/ec4232fb8d50d80f1c672353dc4c2876490e6a0a2a33d6572c0ba1fb78f115cf?s=96&d=mm&r=g","url":"https:\/\/secure.gravatar.com\/avatar\/ec4232fb8d50d80f1c672353dc4c2876490e6a0a2a33d6572c0ba1fb78f115cf?s=96&d=mm&r=g","contentUrl":"https:\/\/secure.gravatar.com\/avatar\/ec4232fb8d50d80f1c672353dc4c2876490e6a0a2a33d6572c0ba1fb78f115cf?s=96&d=mm&r=g","caption":"Leandro Lafr\u00e1gola"},"url":"https:\/\/blog.saocamilo-sp.br\/index.php\/author\/llafragola\/"}]}},"_links":{"self":[{"href":"https:\/\/blog.saocamilo-sp.br\/index.php\/wp-json\/wp\/v2\/posts\/914","targetHints":{"allow":["GET"]}}],"collection":[{"href":"https:\/\/blog.saocamilo-sp.br\/index.php\/wp-json\/wp\/v2\/posts"}],"about":[{"href":"https:\/\/blog.saocamilo-sp.br\/index.php\/wp-json\/wp\/v2\/types\/post"}],"author":[{"embeddable":true,"href":"https:\/\/blog.saocamilo-sp.br\/index.php\/wp-json\/wp\/v2\/users\/13"}],"replies":[{"embeddable":true,"href":"https:\/\/blog.saocamilo-sp.br\/index.php\/wp-json\/wp\/v2\/comments?post=914"}],"version-history":[{"count":19,"href":"https:\/\/blog.saocamilo-sp.br\/index.php\/wp-json\/wp\/v2\/posts\/914\/revisions"}],"predecessor-version":[{"id":970,"href":"https:\/\/blog.saocamilo-sp.br\/index.php\/wp-json\/wp\/v2\/posts\/914\/revisions\/970"}],"wp:featuredmedia":[{"embeddable":true,"href":"https:\/\/blog.saocamilo-sp.br\/index.php\/wp-json\/wp\/v2\/media\/923"}],"wp:attachment":[{"href":"https:\/\/blog.saocamilo-sp.br\/index.php\/wp-json\/wp\/v2\/media?parent=914"}],"wp:term":[{"taxonomy":"category","embeddable":true,"href":"https:\/\/blog.saocamilo-sp.br\/index.php\/wp-json\/wp\/v2\/categories?post=914"},{"taxonomy":"post_tag","embeddable":true,"href":"https:\/\/blog.saocamilo-sp.br\/index.php\/wp-json\/wp\/v2\/tags?post=914"}],"curies":[{"name":"wp","href":"https:\/\/api.w.org\/{rel}","templated":true}]}}