{"id":946,"date":"2023-04-09T21:42:57","date_gmt":"2023-04-10T00:42:57","guid":{"rendered":"https:\/\/blog.saocamilo-sp.br\/?p=946"},"modified":"2024-03-13T15:19:54","modified_gmt":"2024-03-13T18:19:54","slug":"sao-camilo-em-materia-da-band-sobre-graduacao-em-medicina","status":"publish","type":"post","link":"https:\/\/blog.saocamilo-sp.br\/index.php\/2023\/04\/09\/sao-camilo-em-materia-da-band-sobre-graduacao-em-medicina\/","title":{"rendered":"S\u00e3o Camilo \u00e9 destaque em mat\u00e9ria da Band sobre gradua\u00e7\u00e3o em Medicina"},"content":{"rendered":"\n<p>O Gravada no campus Ipiranga, do <a href=\"https:\/\/saocamilo-sp.br\/\" target=\"_blank\" rel=\"noreferrer noopener\">Centro Universit\u00e1rio S\u00e3o Camilo<\/a>, a mat\u00e9ria da Band sobre gradua\u00e7\u00e3o em Medicina trata sobre \u00e0 libera\u00e7\u00e3o para o oferimento de novos cursos de medicina feita pelo Governo. <\/p>\n\n\n\n<p>A medida foi anunciada pelo Minist\u00e9rio da Educa\u00e7\u00e3o e tem como objetivo suprir a demanda por profissionais da sa\u00fade em diversas regi\u00f5es do pa\u00eds.<\/p>\n\n\n\n<p>De acordo com o Minist\u00e9rio, a abertura de novos cursos de medicina seguir\u00e1 crit\u00e9rios rigorosos de qualidade e excel\u00eancia. Dessa forma, garantir\u00e1 que apenas as institui\u00e7\u00f5es de ensino mais capacitadas ofere\u00e7am a forma\u00e7\u00e3o m\u00e9dica.<br><br>A mat\u00e9ria contou com a participa\u00e7\u00e3o do cordenador do curso, <a href=\"http:\/\/lattes.cnpq.br\/7930858019576181\" target=\"_blank\" rel=\"noreferrer noopener\">Prof. Dr. Raphael Einsfeld Sim\u00f5es Ferreira<\/a>, al\u00e9m de estudantes e colaboradores. <\/p>\n\n\n\n<h2 class=\"wp-block-heading\">Assista a mat\u00e9ria da Band<\/h2>\n\n\n\n<figure class=\"wp-block-embed is-type-video is-provider-youtube wp-block-embed-youtube wp-embed-aspect-16-9 wp-has-aspect-ratio\"><div class=\"wp-block-embed__wrapper\">\n<iframe loading=\"lazy\" title=\"S\u00e3o Camilo \u00e9 destaque em mat\u00e9ria da Band sobre cursos de Medicina\" width=\"676\" height=\"380\" src=\"https:\/\/www.youtube.com\/embed\/b6MHLSVSRN0?feature=oembed\" frameborder=\"0\" allow=\"accelerometer; autoplay; clipboard-write; encrypted-media; gyroscope; picture-in-picture; web-share\" allowfullscreen><\/iframe>\n<\/div><\/figure>\n\n\n\n<p>Imagens Band TV<\/p>\n\n\n\n<h2 class=\"wp-block-heading\">A gradua\u00e7\u00e3o em Medicina da S\u00e3o Camilo<\/h2>\n\n\n\n<p>O Centro Universit\u00e1rio S\u00e3o Camilo \u00e9 uma institui\u00e7\u00e3o de ensino superior com mais de 50 anos de tradi\u00e7\u00e3o na \u00e1rea da sa\u00fade. Destaque para a gradua\u00e7\u00e3o em <a href=\"https:\/\/saocamilo-sp.br\/graduacao\/presencial\/medicina\" target=\"_blank\" rel=\"noreferrer noopener\">Medicina<\/a>, que existe h\u00e1 mais de dez anos e tem formado profissionais de excel\u00eancia.<\/p>\n\n\n\n<p>O curso de Medicina da S\u00e3o Camilo \u00e9 reconhecido por sua qualidade e excel\u00eancia no ensino, contando com uma equipe de professores altamente capacitados. Al\u00e9m disso, possui uma infraestrutura completa e moderna, que inclui laborat\u00f3rios de \u00faltima gera\u00e7\u00e3o e hospitais-escola de refer\u00eancia em S\u00e3o Paulo. Inclusive o curso obteve recentemente a <a href=\"https:\/\/blog.saocamilo-sp.br\/index.php\/2023\/02\/13\/curso-de-medicina-do-centro-universitario-sao-camilo-recebe-certificacao-do-cfm\/\" target=\"_blank\" rel=\"noreferrer noopener\">importante certifica\u00e7\u00e3o do CFM<\/a>.<\/p>\n\n\n\n<p>Al\u00e9m disso, o curso tem um projeto pedag\u00f3gico inovador, que integra a teoria e a pr\u00e1tica desde o primeiro semestre, proporcionando aos alunos uma forma\u00e7\u00e3o mais completa e preparando-os para os desafios da profiss\u00e3o.<\/p>\n\n\n\n<p>A Institui\u00e7\u00e3o tamb\u00e9m oferece aos alunos do curso de Medicina diversas oportunidades de est\u00e1gios e interc\u00e2mbios internacionais, al\u00e9m de programas de inicia\u00e7\u00e3o cient\u00edfica e extens\u00e3o universit\u00e1ria. Dessa forma, contribue para a forma\u00e7\u00e3o de m\u00e9dicos mais preparados e comprometidos com a sa\u00fade da popula\u00e7\u00e3o. Afinal, acredita que formar m\u00e9dicos de excel\u00eancia \u00e9 fundamental para garantir a qualidade do atendimento em sa\u00fade e promover o bem-estar da popula\u00e7\u00e3o.<\/p>\n\n\n\n<p>Se o seu sonho \u00e9 ingressar na carreira m\u00e9dica e se tornar um profissional de sucesso, n\u00e3o perca o Processo Seletivo de Medicina da S\u00e3o Camilo. Confira em nosso site todas as informa\u00e7\u00f5es sobre o curso e vestibular. Acesse: <a href=\"https:\/\/saocamilo-sp.br\/graduacao\/presencial\/medicina\" target=\"_blank\" rel=\"noreferrer noopener\">https:\/\/saocamilo-sp.br\/graduacao\/presencial\/medicina<\/a>.<\/p>\n\n\n\n<p><\/p>\n\n\n\n<p><\/p>\n","protected":false},"excerpt":{"rendered":"<p>Gravada no campus Ipiranga, a mat\u00e9ria contou com a participa\u00e7\u00e3o do cordenador do curso, Prof. Dr. Raphael Einsfeld Sim\u00f5es Ferreira, al\u00e9m de estudantes e colaboradores. <\/p>\n","protected":false},"author":13,"featured_media":953,"comment_status":"open","ping_status":"open","sticky":false,"template":"","format":"standard","meta":{"cybocfi_hide_featured_image":"yes","footnotes":""},"categories":[78,30],"tags":[77,12],"class_list":["post-946","post","type-post","status-publish","format-standard","has-post-thumbnail","hentry","category-imprensa","category-medicina","tag-imprensa","tag-medicina"],"yoast_head":"<!-- This site is optimized with the Yoast SEO plugin v27.5 - https:\/\/yoast.com\/product\/yoast-seo-wordpress\/ -->\n<title>S\u00e3o Camilo \u00e9 destaque em mat\u00e9ria da Band sobre gradua\u00e7\u00e3o em Medicina - Blog S\u00e3o Camilo<\/title>\n<meta name=\"description\" content=\"A mat\u00e9ria contou com a participa\u00e7\u00e3o do cordenador do curso, Prof. Dr. Raphael Einsfeld Sim\u00f5es Ferreira, al\u00e9m de estudantes e colaboradores.\" \/>\n<meta name=\"robots\" content=\"index, follow, max-snippet:-1, max-image-preview:large, max-video-preview:-1\" \/>\n<link rel=\"canonical\" href=\"https:\/\/blog.saocamilo-sp.br\/index.php\/2023\/04\/09\/sao-camilo-em-materia-da-band-sobre-graduacao-em-medicina\/\" \/>\n<meta property=\"og:locale\" content=\"pt_BR\" \/>\n<meta property=\"og:type\" content=\"article\" \/>\n<meta property=\"og:title\" content=\"S\u00e3o Camilo \u00e9 destaque em mat\u00e9ria da Band sobre gradua\u00e7\u00e3o em Medicina\" \/>\n<meta property=\"og:description\" content=\"-\" \/>\n<meta property=\"og:url\" content=\"https:\/\/blog.saocamilo-sp.br\/index.php\/2023\/04\/09\/sao-camilo-em-materia-da-band-sobre-graduacao-em-medicina\/\" \/>\n<meta property=\"og:site_name\" content=\"Blog S\u00e3o Camilo\" \/>\n<meta property=\"article:publisher\" content=\"https:\/\/www.facebook.com\/saocamilosp\" \/>\n<meta property=\"article:published_time\" content=\"2023-04-10T00:42:57+00:00\" \/>\n<meta property=\"article:modified_time\" content=\"2024-03-13T18:19:54+00:00\" \/>\n<meta property=\"og:image\" content=\"https:\/\/blog.saocamilo-sp.br\/wp-content\/uploads\/2023\/04\/Materia_Band_Medicina1.png\" \/>\n\t<meta property=\"og:image:width\" content=\"1237\" \/>\n\t<meta property=\"og:image:height\" content=\"939\" \/>\n\t<meta property=\"og:image:type\" content=\"image\/png\" \/>\n<meta name=\"author\" content=\"Leandro Lafr\u00e1gola\" \/>\n<meta name=\"twitter:card\" content=\"summary_large_image\" \/>\n<meta name=\"twitter:creator\" content=\"@saocamilosp\" \/>\n<meta name=\"twitter:site\" content=\"@saocamilosp\" \/>\n<meta name=\"twitter:label1\" content=\"Escrito por\" \/>\n\t<meta name=\"twitter:data1\" content=\"Leandro Lafr\u00e1gola\" \/>\n\t<meta name=\"twitter:label2\" content=\"Est. tempo de leitura\" \/>\n\t<meta name=\"twitter:data2\" content=\"3 minutos\" \/>\n<script type=\"application\/ld+json\" class=\"yoast-schema-graph\">{\"@context\":\"https:\\\/\\\/schema.org\",\"@graph\":[{\"@type\":\"Article\",\"@id\":\"https:\\\/\\\/blog.saocamilo-sp.br\\\/index.php\\\/2023\\\/04\\\/09\\\/sao-camilo-em-materia-da-band-sobre-graduacao-em-medicina\\\/#article\",\"isPartOf\":{\"@id\":\"https:\\\/\\\/blog.saocamilo-sp.br\\\/index.php\\\/2023\\\/04\\\/09\\\/sao-camilo-em-materia-da-band-sobre-graduacao-em-medicina\\\/\"},\"author\":{\"name\":\"Leandro Lafr\u00e1gola\",\"@id\":\"https:\\\/\\\/blog.saocamilo-sp.br\\\/#\\\/schema\\\/person\\\/1a99645faaab0bb55105f817e866e19b\"},\"headline\":\"S\u00e3o Camilo \u00e9 destaque em mat\u00e9ria da Band sobre gradua\u00e7\u00e3o em Medicina\",\"datePublished\":\"2023-04-10T00:42:57+00:00\",\"dateModified\":\"2024-03-13T18:19:54+00:00\",\"mainEntityOfPage\":{\"@id\":\"https:\\\/\\\/blog.saocamilo-sp.br\\\/index.php\\\/2023\\\/04\\\/09\\\/sao-camilo-em-materia-da-band-sobre-graduacao-em-medicina\\\/\"},\"wordCount\":449,\"commentCount\":0,\"publisher\":{\"@id\":\"https:\\\/\\\/blog.saocamilo-sp.br\\\/#organization\"},\"image\":{\"@id\":\"https:\\\/\\\/blog.saocamilo-sp.br\\\/index.php\\\/2023\\\/04\\\/09\\\/sao-camilo-em-materia-da-band-sobre-graduacao-em-medicina\\\/#primaryimage\"},\"thumbnailUrl\":\"https:\\\/\\\/blog.saocamilo-sp.br\\\/wp-content\\\/uploads\\\/2023\\\/04\\\/Materia_Band_Medicina1-2.png\",\"keywords\":[\"Imprensa\",\"Medicina\"],\"articleSection\":[\"Imprensa\",\"Medicina\"],\"inLanguage\":\"pt-BR\",\"potentialAction\":[{\"@type\":\"CommentAction\",\"name\":\"Comment\",\"target\":[\"https:\\\/\\\/blog.saocamilo-sp.br\\\/index.php\\\/2023\\\/04\\\/09\\\/sao-camilo-em-materia-da-band-sobre-graduacao-em-medicina\\\/#respond\"]}]},{\"@type\":\"WebPage\",\"@id\":\"https:\\\/\\\/blog.saocamilo-sp.br\\\/index.php\\\/2023\\\/04\\\/09\\\/sao-camilo-em-materia-da-band-sobre-graduacao-em-medicina\\\/\",\"url\":\"https:\\\/\\\/blog.saocamilo-sp.br\\\/index.php\\\/2023\\\/04\\\/09\\\/sao-camilo-em-materia-da-band-sobre-graduacao-em-medicina\\\/\",\"name\":\"S\u00e3o Camilo \u00e9 destaque em mat\u00e9ria da Band sobre gradua\u00e7\u00e3o em Medicina - Blog S\u00e3o Camilo\",\"isPartOf\":{\"@id\":\"https:\\\/\\\/blog.saocamilo-sp.br\\\/#website\"},\"primaryImageOfPage\":{\"@id\":\"https:\\\/\\\/blog.saocamilo-sp.br\\\/index.php\\\/2023\\\/04\\\/09\\\/sao-camilo-em-materia-da-band-sobre-graduacao-em-medicina\\\/#primaryimage\"},\"image\":{\"@id\":\"https:\\\/\\\/blog.saocamilo-sp.br\\\/index.php\\\/2023\\\/04\\\/09\\\/sao-camilo-em-materia-da-band-sobre-graduacao-em-medicina\\\/#primaryimage\"},\"thumbnailUrl\":\"https:\\\/\\\/blog.saocamilo-sp.br\\\/wp-content\\\/uploads\\\/2023\\\/04\\\/Materia_Band_Medicina1-2.png\",\"datePublished\":\"2023-04-10T00:42:57+00:00\",\"dateModified\":\"2024-03-13T18:19:54+00:00\",\"description\":\"A mat\u00e9ria contou com a participa\u00e7\u00e3o do cordenador do curso, Prof. Dr. Raphael Einsfeld Sim\u00f5es Ferreira, al\u00e9m de estudantes e colaboradores.\",\"breadcrumb\":{\"@id\":\"https:\\\/\\\/blog.saocamilo-sp.br\\\/index.php\\\/2023\\\/04\\\/09\\\/sao-camilo-em-materia-da-band-sobre-graduacao-em-medicina\\\/#breadcrumb\"},\"inLanguage\":\"pt-BR\",\"potentialAction\":[{\"@type\":\"ReadAction\",\"target\":[\"https:\\\/\\\/blog.saocamilo-sp.br\\\/index.php\\\/2023\\\/04\\\/09\\\/sao-camilo-em-materia-da-band-sobre-graduacao-em-medicina\\\/\"]}]},{\"@type\":\"BreadcrumbList\",\"@id\":\"https:\\\/\\\/blog.saocamilo-sp.br\\\/index.php\\\/2023\\\/04\\\/09\\\/sao-camilo-em-materia-da-band-sobre-graduacao-em-medicina\\\/#breadcrumb\",\"itemListElement\":[{\"@type\":\"ListItem\",\"position\":1,\"name\":\"In\u00edcio\",\"item\":\"https:\\\/\\\/blog.saocamilo-sp.br\\\/\"},{\"@type\":\"ListItem\",\"position\":2,\"name\":\"S\u00e3o Camilo \u00e9 destaque em mat\u00e9ria da Band sobre gradua\u00e7\u00e3o em Medicina\"}]},{\"@type\":\"WebSite\",\"@id\":\"https:\\\/\\\/blog.saocamilo-sp.br\\\/#website\",\"url\":\"https:\\\/\\\/blog.saocamilo-sp.br\\\/\",\"name\":\"Blog S\u00e3o Camilo\",\"description\":\"Blog do Centro Universit\u00e1rio S\u00e3o Camilo\",\"publisher\":{\"@id\":\"https:\\\/\\\/blog.saocamilo-sp.br\\\/#organization\"},\"potentialAction\":[{\"@type\":\"SearchAction\",\"target\":{\"@type\":\"EntryPoint\",\"urlTemplate\":\"https:\\\/\\\/blog.saocamilo-sp.br\\\/?s={search_term_string}\"},\"query-input\":{\"@type\":\"PropertyValueSpecification\",\"valueRequired\":true,\"valueName\":\"search_term_string\"}}],\"inLanguage\":\"pt-BR\"},{\"@type\":\"Organization\",\"@id\":\"https:\\\/\\\/blog.saocamilo-sp.br\\\/#organization\",\"name\":\"Blog S\u00e3o Camilo\",\"url\":\"https:\\\/\\\/blog.saocamilo-sp.br\\\/\",\"logo\":{\"@type\":\"ImageObject\",\"inLanguage\":\"pt-BR\",\"@id\":\"https:\\\/\\\/blog.saocamilo-sp.br\\\/#\\\/schema\\\/logo\\\/image\\\/\",\"url\":\"https:\\\/\\\/blog.saocamilo-sp.br\\\/wp-content\\\/uploads\\\/2021\\\/12\\\/cropped-vazio-logo-topo.png\",\"contentUrl\":\"https:\\\/\\\/blog.saocamilo-sp.br\\\/wp-content\\\/uploads\\\/2021\\\/12\\\/cropped-vazio-logo-topo.png\",\"width\":320,\"height\":240,\"caption\":\"Blog S\u00e3o Camilo\"},\"image\":{\"@id\":\"https:\\\/\\\/blog.saocamilo-sp.br\\\/#\\\/schema\\\/logo\\\/image\\\/\"},\"sameAs\":[\"https:\\\/\\\/www.facebook.com\\\/saocamilosp\",\"https:\\\/\\\/x.com\\\/saocamilosp\",\"https:\\\/\\\/www.linkedin.com\\\/school\\\/centro-universit-rio-s-o-camilo\\\/\"]},{\"@type\":\"Person\",\"@id\":\"https:\\\/\\\/blog.saocamilo-sp.br\\\/#\\\/schema\\\/person\\\/1a99645faaab0bb55105f817e866e19b\",\"name\":\"Leandro Lafr\u00e1gola\",\"image\":{\"@type\":\"ImageObject\",\"inLanguage\":\"pt-BR\",\"@id\":\"https:\\\/\\\/secure.gravatar.com\\\/avatar\\\/ec4232fb8d50d80f1c672353dc4c2876490e6a0a2a33d6572c0ba1fb78f115cf?s=96&d=mm&r=g\",\"url\":\"https:\\\/\\\/secure.gravatar.com\\\/avatar\\\/ec4232fb8d50d80f1c672353dc4c2876490e6a0a2a33d6572c0ba1fb78f115cf?s=96&d=mm&r=g\",\"contentUrl\":\"https:\\\/\\\/secure.gravatar.com\\\/avatar\\\/ec4232fb8d50d80f1c672353dc4c2876490e6a0a2a33d6572c0ba1fb78f115cf?s=96&d=mm&r=g\",\"caption\":\"Leandro Lafr\u00e1gola\"},\"url\":\"https:\\\/\\\/blog.saocamilo-sp.br\\\/index.php\\\/author\\\/llafragola\\\/\"}]}<\/script>\n<!-- \/ Yoast SEO plugin. -->","yoast_head_json":{"title":"S\u00e3o Camilo \u00e9 destaque em mat\u00e9ria da Band sobre gradua\u00e7\u00e3o em Medicina - Blog S\u00e3o Camilo","description":"A mat\u00e9ria contou com a participa\u00e7\u00e3o do cordenador do curso, Prof. Dr. Raphael Einsfeld Sim\u00f5es Ferreira, al\u00e9m de estudantes e colaboradores.","robots":{"index":"index","follow":"follow","max-snippet":"max-snippet:-1","max-image-preview":"max-image-preview:large","max-video-preview":"max-video-preview:-1"},"canonical":"https:\/\/blog.saocamilo-sp.br\/index.php\/2023\/04\/09\/sao-camilo-em-materia-da-band-sobre-graduacao-em-medicina\/","og_locale":"pt_BR","og_type":"article","og_title":"S\u00e3o Camilo \u00e9 destaque em mat\u00e9ria da Band sobre gradua\u00e7\u00e3o em Medicina","og_description":"-","og_url":"https:\/\/blog.saocamilo-sp.br\/index.php\/2023\/04\/09\/sao-camilo-em-materia-da-band-sobre-graduacao-em-medicina\/","og_site_name":"Blog S\u00e3o Camilo","article_publisher":"https:\/\/www.facebook.com\/saocamilosp","article_published_time":"2023-04-10T00:42:57+00:00","article_modified_time":"2024-03-13T18:19:54+00:00","og_image":[{"width":1237,"height":939,"url":"https:\/\/blog.saocamilo-sp.br\/wp-content\/uploads\/2023\/04\/Materia_Band_Medicina1.png","type":"image\/png"}],"author":"Leandro Lafr\u00e1gola","twitter_card":"summary_large_image","twitter_creator":"@saocamilosp","twitter_site":"@saocamilosp","twitter_misc":{"Escrito por":"Leandro Lafr\u00e1gola","Est. tempo de leitura":"3 minutos"},"schema":{"@context":"https:\/\/schema.org","@graph":[{"@type":"Article","@id":"https:\/\/blog.saocamilo-sp.br\/index.php\/2023\/04\/09\/sao-camilo-em-materia-da-band-sobre-graduacao-em-medicina\/#article","isPartOf":{"@id":"https:\/\/blog.saocamilo-sp.br\/index.php\/2023\/04\/09\/sao-camilo-em-materia-da-band-sobre-graduacao-em-medicina\/"},"author":{"name":"Leandro Lafr\u00e1gola","@id":"https:\/\/blog.saocamilo-sp.br\/#\/schema\/person\/1a99645faaab0bb55105f817e866e19b"},"headline":"S\u00e3o Camilo \u00e9 destaque em mat\u00e9ria da Band sobre gradua\u00e7\u00e3o em Medicina","datePublished":"2023-04-10T00:42:57+00:00","dateModified":"2024-03-13T18:19:54+00:00","mainEntityOfPage":{"@id":"https:\/\/blog.saocamilo-sp.br\/index.php\/2023\/04\/09\/sao-camilo-em-materia-da-band-sobre-graduacao-em-medicina\/"},"wordCount":449,"commentCount":0,"publisher":{"@id":"https:\/\/blog.saocamilo-sp.br\/#organization"},"image":{"@id":"https:\/\/blog.saocamilo-sp.br\/index.php\/2023\/04\/09\/sao-camilo-em-materia-da-band-sobre-graduacao-em-medicina\/#primaryimage"},"thumbnailUrl":"https:\/\/blog.saocamilo-sp.br\/wp-content\/uploads\/2023\/04\/Materia_Band_Medicina1-2.png","keywords":["Imprensa","Medicina"],"articleSection":["Imprensa","Medicina"],"inLanguage":"pt-BR","potentialAction":[{"@type":"CommentAction","name":"Comment","target":["https:\/\/blog.saocamilo-sp.br\/index.php\/2023\/04\/09\/sao-camilo-em-materia-da-band-sobre-graduacao-em-medicina\/#respond"]}]},{"@type":"WebPage","@id":"https:\/\/blog.saocamilo-sp.br\/index.php\/2023\/04\/09\/sao-camilo-em-materia-da-band-sobre-graduacao-em-medicina\/","url":"https:\/\/blog.saocamilo-sp.br\/index.php\/2023\/04\/09\/sao-camilo-em-materia-da-band-sobre-graduacao-em-medicina\/","name":"S\u00e3o Camilo \u00e9 destaque em mat\u00e9ria da Band sobre gradua\u00e7\u00e3o em Medicina - Blog S\u00e3o Camilo","isPartOf":{"@id":"https:\/\/blog.saocamilo-sp.br\/#website"},"primaryImageOfPage":{"@id":"https:\/\/blog.saocamilo-sp.br\/index.php\/2023\/04\/09\/sao-camilo-em-materia-da-band-sobre-graduacao-em-medicina\/#primaryimage"},"image":{"@id":"https:\/\/blog.saocamilo-sp.br\/index.php\/2023\/04\/09\/sao-camilo-em-materia-da-band-sobre-graduacao-em-medicina\/#primaryimage"},"thumbnailUrl":"https:\/\/blog.saocamilo-sp.br\/wp-content\/uploads\/2023\/04\/Materia_Band_Medicina1-2.png","datePublished":"2023-04-10T00:42:57+00:00","dateModified":"2024-03-13T18:19:54+00:00","description":"A mat\u00e9ria contou com a participa\u00e7\u00e3o do cordenador do curso, Prof. Dr. Raphael Einsfeld Sim\u00f5es Ferreira, al\u00e9m de estudantes e colaboradores.","breadcrumb":{"@id":"https:\/\/blog.saocamilo-sp.br\/index.php\/2023\/04\/09\/sao-camilo-em-materia-da-band-sobre-graduacao-em-medicina\/#breadcrumb"},"inLanguage":"pt-BR","potentialAction":[{"@type":"ReadAction","target":["https:\/\/blog.saocamilo-sp.br\/index.php\/2023\/04\/09\/sao-camilo-em-materia-da-band-sobre-graduacao-em-medicina\/"]}]},{"@type":"BreadcrumbList","@id":"https:\/\/blog.saocamilo-sp.br\/index.php\/2023\/04\/09\/sao-camilo-em-materia-da-band-sobre-graduacao-em-medicina\/#breadcrumb","itemListElement":[{"@type":"ListItem","position":1,"name":"In\u00edcio","item":"https:\/\/blog.saocamilo-sp.br\/"},{"@type":"ListItem","position":2,"name":"S\u00e3o Camilo \u00e9 destaque em mat\u00e9ria da Band sobre gradua\u00e7\u00e3o em Medicina"}]},{"@type":"WebSite","@id":"https:\/\/blog.saocamilo-sp.br\/#website","url":"https:\/\/blog.saocamilo-sp.br\/","name":"Blog S\u00e3o Camilo","description":"Blog do Centro Universit\u00e1rio S\u00e3o Camilo","publisher":{"@id":"https:\/\/blog.saocamilo-sp.br\/#organization"},"potentialAction":[{"@type":"SearchAction","target":{"@type":"EntryPoint","urlTemplate":"https:\/\/blog.saocamilo-sp.br\/?s={search_term_string}"},"query-input":{"@type":"PropertyValueSpecification","valueRequired":true,"valueName":"search_term_string"}}],"inLanguage":"pt-BR"},{"@type":"Organization","@id":"https:\/\/blog.saocamilo-sp.br\/#organization","name":"Blog S\u00e3o Camilo","url":"https:\/\/blog.saocamilo-sp.br\/","logo":{"@type":"ImageObject","inLanguage":"pt-BR","@id":"https:\/\/blog.saocamilo-sp.br\/#\/schema\/logo\/image\/","url":"https:\/\/blog.saocamilo-sp.br\/wp-content\/uploads\/2021\/12\/cropped-vazio-logo-topo.png","contentUrl":"https:\/\/blog.saocamilo-sp.br\/wp-content\/uploads\/2021\/12\/cropped-vazio-logo-topo.png","width":320,"height":240,"caption":"Blog S\u00e3o Camilo"},"image":{"@id":"https:\/\/blog.saocamilo-sp.br\/#\/schema\/logo\/image\/"},"sameAs":["https:\/\/www.facebook.com\/saocamilosp","https:\/\/x.com\/saocamilosp","https:\/\/www.linkedin.com\/school\/centro-universit-rio-s-o-camilo\/"]},{"@type":"Person","@id":"https:\/\/blog.saocamilo-sp.br\/#\/schema\/person\/1a99645faaab0bb55105f817e866e19b","name":"Leandro Lafr\u00e1gola","image":{"@type":"ImageObject","inLanguage":"pt-BR","@id":"https:\/\/secure.gravatar.com\/avatar\/ec4232fb8d50d80f1c672353dc4c2876490e6a0a2a33d6572c0ba1fb78f115cf?s=96&d=mm&r=g","url":"https:\/\/secure.gravatar.com\/avatar\/ec4232fb8d50d80f1c672353dc4c2876490e6a0a2a33d6572c0ba1fb78f115cf?s=96&d=mm&r=g","contentUrl":"https:\/\/secure.gravatar.com\/avatar\/ec4232fb8d50d80f1c672353dc4c2876490e6a0a2a33d6572c0ba1fb78f115cf?s=96&d=mm&r=g","caption":"Leandro Lafr\u00e1gola"},"url":"https:\/\/blog.saocamilo-sp.br\/index.php\/author\/llafragola\/"}]}},"_links":{"self":[{"href":"https:\/\/blog.saocamilo-sp.br\/index.php\/wp-json\/wp\/v2\/posts\/946","targetHints":{"allow":["GET"]}}],"collection":[{"href":"https:\/\/blog.saocamilo-sp.br\/index.php\/wp-json\/wp\/v2\/posts"}],"about":[{"href":"https:\/\/blog.saocamilo-sp.br\/index.php\/wp-json\/wp\/v2\/types\/post"}],"author":[{"embeddable":true,"href":"https:\/\/blog.saocamilo-sp.br\/index.php\/wp-json\/wp\/v2\/users\/13"}],"replies":[{"embeddable":true,"href":"https:\/\/blog.saocamilo-sp.br\/index.php\/wp-json\/wp\/v2\/comments?post=946"}],"version-history":[{"count":10,"href":"https:\/\/blog.saocamilo-sp.br\/index.php\/wp-json\/wp\/v2\/posts\/946\/revisions"}],"predecessor-version":[{"id":2351,"href":"https:\/\/blog.saocamilo-sp.br\/index.php\/wp-json\/wp\/v2\/posts\/946\/revisions\/2351"}],"wp:featuredmedia":[{"embeddable":true,"href":"https:\/\/blog.saocamilo-sp.br\/index.php\/wp-json\/wp\/v2\/media\/953"}],"wp:attachment":[{"href":"https:\/\/blog.saocamilo-sp.br\/index.php\/wp-json\/wp\/v2\/media?parent=946"}],"wp:term":[{"taxonomy":"category","embeddable":true,"href":"https:\/\/blog.saocamilo-sp.br\/index.php\/wp-json\/wp\/v2\/categories?post=946"},{"taxonomy":"post_tag","embeddable":true,"href":"https:\/\/blog.saocamilo-sp.br\/index.php\/wp-json\/wp\/v2\/tags?post=946"}],"curies":[{"name":"wp","href":"https:\/\/api.w.org\/{rel}","templated":true}]}}