{"id":974,"date":"2023-04-20T18:09:36","date_gmt":"2023-04-20T21:09:36","guid":{"rendered":"https:\/\/blog.saocamilo-sp.br\/?p=974"},"modified":"2023-04-20T18:41:18","modified_gmt":"2023-04-20T21:41:18","slug":"escritorio-de-relacoes-internacionais-da-sao-camilo-na-faubai-2023","status":"publish","type":"post","link":"https:\/\/blog.saocamilo-sp.br\/index.php\/2023\/04\/20\/escritorio-de-relacoes-internacionais-da-sao-camilo-na-faubai-2023\/","title":{"rendered":"Escrit\u00f3rio de Rela\u00e7\u00f5es Internacionais da S\u00e3o Camilo na FAUBAI 2023"},"content":{"rendered":"\n<p>O Escrit\u00f3rio de <a href=\"https:\/\/saocamilo-sp.br\/institucional\/i\/relacoes_internacionais\" target=\"_blank\" rel=\"noreferrer noopener\">Rela\u00e7\u00f5es Internacionais da S\u00e3o Camilo<\/a> participou da FAUBAI 2023, importante evento internacional que re\u00fane institui\u00e7\u00f5es de ensino superior de todo o mundo para discutir temas relacionados \u00e0 internacionaliza\u00e7\u00e3o do ensino e da pesquisa.<\/p>\n\n\n\n<p>Representaram o Centro Univerist\u00e1rio S\u00e3o Camilo Pe. Jo\u00e3o Batista Gomes de Lima, Reitor, Prof. Dr. Carlos Ferrara, Pr\u00f3-Reitor Acad\u00eamico e Rayssa Rios, Coordenadora do Escrit\u00f3rio de Rela\u00e7\u00f5es Internacionais.<\/p>\n\n\n\n<p>A presen\u00e7a em eventos desse tipo \u00e9 fundamental para o desenvolvimento da nossa comunidade acad\u00eamica. Ela proporciona um ambiente prop\u00edcio para a troca de experi\u00eancias e a constru\u00e7\u00e3o de parcerias com institui\u00e7\u00f5es do mundo todo. <\/p>\n\n\n\n<h2 class=\"wp-block-heading\">Iniciativas do Escrit\u00f3rio de Rela\u00e7\u00f5es Internacionais da S\u00e3o Camilo<\/h2>\n\n\n\n<p>Durante a <a href=\"https:\/\/faubai.org.br\/conf\/2023\/\" target=\"_blank\" rel=\"noreferrer noopener\">FAUBAI 2023<\/a>, tivemos a oportunidade de apresentar nossos programas de interc\u00e2mbio e internacionaliza\u00e7\u00e3o, al\u00e9m de conhecer novas iniciativas e projetos de outras institui\u00e7\u00f5es. Al\u00e9m disso, participamos de palestras, workshops e mesas-redondas com especialistas em internacionaliza\u00e7\u00e3o do ensino. Tamb\u00e9m visitamos a feira de exposi\u00e7\u00e3o, onde pudemos apresentar nossas iniciativas e estabelecer contatos com potenciais parceiros. Como, por exemplo, com a <a href=\"https:\/\/blog.saocamilo-sp.br\/index.php\/2023\/03\/30\/sao-camilo-assina-convenio-com-a-universidad-catolica-de-salta-argentina\/\" target=\"_blank\" rel=\"noreferrer noopener\">Universidade Cat\u00f3lica de Salta<\/a>.<\/p>\n\n\n\n<p>A internacionaliza\u00e7\u00e3o do ensino \u00e9 um caminho importante para a forma\u00e7\u00e3o de profissionais cada vez mais preparados para atuar em um mundo globalizado e diverso. Assim como, acreditamos que ela \u00e9 uma excelente oportunidade para os alunos vivenciarem novas culturas, ampliarem seus horizontes e desenvolverem habilidades interculturais fundamentais para o mercado de trabalho atual.<\/p>\n\n\n\n<p>A FAUBAI 2023 aconteceu em Belo Horizonte, entre os dias 8 e 19 de abril de 2023, e foi um sucesso. <\/p>\n\n\n\n<p>O Escrit\u00f3rio de Rela\u00e7\u00f5es Internacionais da S\u00e3o Camilo da FAUBAI 2023 agradece todos os participantes do evento. Dessa forma, esperamos continuar a construir parcerias s\u00f3lidas e duradouras com institui\u00e7\u00f5es do mundo todo. Afinal, a internacionaliza\u00e7\u00e3o do ensino \u00e9 um processo cont\u00ednuo que exige dedica\u00e7\u00e3o e esfor\u00e7o, mas que, sem d\u00favida, \u00e9 fundamental para a forma\u00e7\u00e3o de profissionais globais e cidad\u00e3os conscientes do seu papel no mundo.<\/p>\n","protected":false},"excerpt":{"rendered":"<p>O Escrit\u00f3rio de Rela\u00e7\u00f5es Internacionais  na FAUBAI 2023, importante evento internacional que re\u00fane institui\u00e7\u00f5es de ensino superior de todo o mundo.<\/p>\n","protected":false},"author":13,"featured_media":981,"comment_status":"open","ping_status":"open","sticky":false,"template":"","format":"standard","meta":{"cybocfi_hide_featured_image":"yes","footnotes":""},"categories":[70],"tags":[72],"class_list":["post-974","post","type-post","status-publish","format-standard","has-post-thumbnail","hentry","category-internacional","tag-internacional"],"yoast_head":"<!-- This site is optimized with the Yoast SEO plugin v27.5 - https:\/\/yoast.com\/product\/yoast-seo-wordpress\/ -->\n<title>Escrit\u00f3rio de Rela\u00e7\u00f5es Internacionais da S\u00e3o Camilo na FAUBAI 2023 - Blog S\u00e3o Camilo<\/title>\n<meta name=\"description\" content=\"O Escrit\u00f3rio de Rela\u00e7\u00f5es Internacionais da S\u00e3o Camilo participou da FAUBAI 2023, importante evento internacional que re\u00fane institui\u00e7\u00f5es de ensino superior de todo o mundo.\" \/>\n<meta name=\"robots\" content=\"index, follow, max-snippet:-1, max-image-preview:large, max-video-preview:-1\" \/>\n<link rel=\"canonical\" href=\"https:\/\/blog.saocamilo-sp.br\/index.php\/2023\/04\/20\/escritorio-de-relacoes-internacionais-da-sao-camilo-na-faubai-2023\/\" \/>\n<meta property=\"og:locale\" content=\"pt_BR\" \/>\n<meta property=\"og:type\" content=\"article\" \/>\n<meta property=\"og:title\" content=\"Escrit\u00f3rio de Rela\u00e7\u00f5es Internacionais da S\u00e3o Camilo na FAUBAI 2023 - Blog S\u00e3o Camilo\" \/>\n<meta property=\"og:description\" content=\"O Escrit\u00f3rio de Rela\u00e7\u00f5es Internacionais da S\u00e3o Camilo participou da FAUBAI 2023, importante evento internacional que re\u00fane institui\u00e7\u00f5es de ensino superior de todo o mundo.\" \/>\n<meta property=\"og:url\" content=\"https:\/\/blog.saocamilo-sp.br\/index.php\/2023\/04\/20\/escritorio-de-relacoes-internacionais-da-sao-camilo-na-faubai-2023\/\" \/>\n<meta property=\"og:site_name\" content=\"Blog S\u00e3o Camilo\" \/>\n<meta property=\"article:publisher\" content=\"https:\/\/www.facebook.com\/saocamilosp\" \/>\n<meta property=\"article:published_time\" content=\"2023-04-20T21:09:36+00:00\" \/>\n<meta property=\"article:modified_time\" content=\"2023-04-20T21:41:18+00:00\" \/>\n<meta property=\"og:image\" content=\"https:\/\/blog.saocamilo-sp.br\/wp-content\/uploads\/2023\/04\/1_FAUBAI_23-1.png\" \/>\n\t<meta property=\"og:image:width\" content=\"877\" \/>\n\t<meta property=\"og:image:height\" content=\"599\" \/>\n\t<meta property=\"og:image:type\" content=\"image\/png\" \/>\n<meta name=\"author\" content=\"Leandro Lafr\u00e1gola\" \/>\n<meta name=\"twitter:card\" content=\"summary_large_image\" \/>\n<meta name=\"twitter:creator\" content=\"@saocamilosp\" \/>\n<meta name=\"twitter:site\" content=\"@saocamilosp\" \/>\n<meta name=\"twitter:label1\" content=\"Escrito por\" \/>\n\t<meta name=\"twitter:data1\" content=\"Leandro Lafr\u00e1gola\" \/>\n\t<meta name=\"twitter:label2\" content=\"Est. tempo de leitura\" \/>\n\t<meta name=\"twitter:data2\" content=\"2 minutos\" \/>\n<script type=\"application\/ld+json\" class=\"yoast-schema-graph\">{\"@context\":\"https:\\\/\\\/schema.org\",\"@graph\":[{\"@type\":\"Article\",\"@id\":\"https:\\\/\\\/blog.saocamilo-sp.br\\\/index.php\\\/2023\\\/04\\\/20\\\/escritorio-de-relacoes-internacionais-da-sao-camilo-na-faubai-2023\\\/#article\",\"isPartOf\":{\"@id\":\"https:\\\/\\\/blog.saocamilo-sp.br\\\/index.php\\\/2023\\\/04\\\/20\\\/escritorio-de-relacoes-internacionais-da-sao-camilo-na-faubai-2023\\\/\"},\"author\":{\"name\":\"Leandro Lafr\u00e1gola\",\"@id\":\"https:\\\/\\\/blog.saocamilo-sp.br\\\/#\\\/schema\\\/person\\\/1a99645faaab0bb55105f817e866e19b\"},\"headline\":\"Escrit\u00f3rio de Rela\u00e7\u00f5es Internacionais da S\u00e3o Camilo na FAUBAI 2023\",\"datePublished\":\"2023-04-20T21:09:36+00:00\",\"dateModified\":\"2023-04-20T21:41:18+00:00\",\"mainEntityOfPage\":{\"@id\":\"https:\\\/\\\/blog.saocamilo-sp.br\\\/index.php\\\/2023\\\/04\\\/20\\\/escritorio-de-relacoes-internacionais-da-sao-camilo-na-faubai-2023\\\/\"},\"wordCount\":358,\"commentCount\":0,\"publisher\":{\"@id\":\"https:\\\/\\\/blog.saocamilo-sp.br\\\/#organization\"},\"image\":{\"@id\":\"https:\\\/\\\/blog.saocamilo-sp.br\\\/index.php\\\/2023\\\/04\\\/20\\\/escritorio-de-relacoes-internacionais-da-sao-camilo-na-faubai-2023\\\/#primaryimage\"},\"thumbnailUrl\":\"https:\\\/\\\/blog.saocamilo-sp.br\\\/wp-content\\\/uploads\\\/2023\\\/04\\\/1_FAUBAI_23-1.png\",\"keywords\":[\"internacional\"],\"articleSection\":[\"Internacional\"],\"inLanguage\":\"pt-BR\",\"potentialAction\":[{\"@type\":\"CommentAction\",\"name\":\"Comment\",\"target\":[\"https:\\\/\\\/blog.saocamilo-sp.br\\\/index.php\\\/2023\\\/04\\\/20\\\/escritorio-de-relacoes-internacionais-da-sao-camilo-na-faubai-2023\\\/#respond\"]}]},{\"@type\":\"WebPage\",\"@id\":\"https:\\\/\\\/blog.saocamilo-sp.br\\\/index.php\\\/2023\\\/04\\\/20\\\/escritorio-de-relacoes-internacionais-da-sao-camilo-na-faubai-2023\\\/\",\"url\":\"https:\\\/\\\/blog.saocamilo-sp.br\\\/index.php\\\/2023\\\/04\\\/20\\\/escritorio-de-relacoes-internacionais-da-sao-camilo-na-faubai-2023\\\/\",\"name\":\"Escrit\u00f3rio de Rela\u00e7\u00f5es Internacionais da S\u00e3o Camilo na FAUBAI 2023 - Blog S\u00e3o Camilo\",\"isPartOf\":{\"@id\":\"https:\\\/\\\/blog.saocamilo-sp.br\\\/#website\"},\"primaryImageOfPage\":{\"@id\":\"https:\\\/\\\/blog.saocamilo-sp.br\\\/index.php\\\/2023\\\/04\\\/20\\\/escritorio-de-relacoes-internacionais-da-sao-camilo-na-faubai-2023\\\/#primaryimage\"},\"image\":{\"@id\":\"https:\\\/\\\/blog.saocamilo-sp.br\\\/index.php\\\/2023\\\/04\\\/20\\\/escritorio-de-relacoes-internacionais-da-sao-camilo-na-faubai-2023\\\/#primaryimage\"},\"thumbnailUrl\":\"https:\\\/\\\/blog.saocamilo-sp.br\\\/wp-content\\\/uploads\\\/2023\\\/04\\\/1_FAUBAI_23-1.png\",\"datePublished\":\"2023-04-20T21:09:36+00:00\",\"dateModified\":\"2023-04-20T21:41:18+00:00\",\"description\":\"O Escrit\u00f3rio de Rela\u00e7\u00f5es Internacionais da S\u00e3o Camilo participou da FAUBAI 2023, importante evento internacional que re\u00fane institui\u00e7\u00f5es de ensino superior de todo o mundo.\",\"breadcrumb\":{\"@id\":\"https:\\\/\\\/blog.saocamilo-sp.br\\\/index.php\\\/2023\\\/04\\\/20\\\/escritorio-de-relacoes-internacionais-da-sao-camilo-na-faubai-2023\\\/#breadcrumb\"},\"inLanguage\":\"pt-BR\",\"potentialAction\":[{\"@type\":\"ReadAction\",\"target\":[\"https:\\\/\\\/blog.saocamilo-sp.br\\\/index.php\\\/2023\\\/04\\\/20\\\/escritorio-de-relacoes-internacionais-da-sao-camilo-na-faubai-2023\\\/\"]}]},{\"@type\":\"BreadcrumbList\",\"@id\":\"https:\\\/\\\/blog.saocamilo-sp.br\\\/index.php\\\/2023\\\/04\\\/20\\\/escritorio-de-relacoes-internacionais-da-sao-camilo-na-faubai-2023\\\/#breadcrumb\",\"itemListElement\":[{\"@type\":\"ListItem\",\"position\":1,\"name\":\"In\u00edcio\",\"item\":\"https:\\\/\\\/blog.saocamilo-sp.br\\\/\"},{\"@type\":\"ListItem\",\"position\":2,\"name\":\"Escrit\u00f3rio de Rela\u00e7\u00f5es Internacionais da S\u00e3o Camilo na FAUBAI 2023\"}]},{\"@type\":\"WebSite\",\"@id\":\"https:\\\/\\\/blog.saocamilo-sp.br\\\/#website\",\"url\":\"https:\\\/\\\/blog.saocamilo-sp.br\\\/\",\"name\":\"Blog S\u00e3o Camilo\",\"description\":\"Blog do Centro Universit\u00e1rio S\u00e3o Camilo\",\"publisher\":{\"@id\":\"https:\\\/\\\/blog.saocamilo-sp.br\\\/#organization\"},\"potentialAction\":[{\"@type\":\"SearchAction\",\"target\":{\"@type\":\"EntryPoint\",\"urlTemplate\":\"https:\\\/\\\/blog.saocamilo-sp.br\\\/?s={search_term_string}\"},\"query-input\":{\"@type\":\"PropertyValueSpecification\",\"valueRequired\":true,\"valueName\":\"search_term_string\"}}],\"inLanguage\":\"pt-BR\"},{\"@type\":\"Organization\",\"@id\":\"https:\\\/\\\/blog.saocamilo-sp.br\\\/#organization\",\"name\":\"Blog S\u00e3o Camilo\",\"url\":\"https:\\\/\\\/blog.saocamilo-sp.br\\\/\",\"logo\":{\"@type\":\"ImageObject\",\"inLanguage\":\"pt-BR\",\"@id\":\"https:\\\/\\\/blog.saocamilo-sp.br\\\/#\\\/schema\\\/logo\\\/image\\\/\",\"url\":\"https:\\\/\\\/blog.saocamilo-sp.br\\\/wp-content\\\/uploads\\\/2021\\\/12\\\/cropped-vazio-logo-topo.png\",\"contentUrl\":\"https:\\\/\\\/blog.saocamilo-sp.br\\\/wp-content\\\/uploads\\\/2021\\\/12\\\/cropped-vazio-logo-topo.png\",\"width\":320,\"height\":240,\"caption\":\"Blog S\u00e3o Camilo\"},\"image\":{\"@id\":\"https:\\\/\\\/blog.saocamilo-sp.br\\\/#\\\/schema\\\/logo\\\/image\\\/\"},\"sameAs\":[\"https:\\\/\\\/www.facebook.com\\\/saocamilosp\",\"https:\\\/\\\/x.com\\\/saocamilosp\",\"https:\\\/\\\/www.linkedin.com\\\/school\\\/centro-universit-rio-s-o-camilo\\\/\"]},{\"@type\":\"Person\",\"@id\":\"https:\\\/\\\/blog.saocamilo-sp.br\\\/#\\\/schema\\\/person\\\/1a99645faaab0bb55105f817e866e19b\",\"name\":\"Leandro Lafr\u00e1gola\",\"image\":{\"@type\":\"ImageObject\",\"inLanguage\":\"pt-BR\",\"@id\":\"https:\\\/\\\/secure.gravatar.com\\\/avatar\\\/ec4232fb8d50d80f1c672353dc4c2876490e6a0a2a33d6572c0ba1fb78f115cf?s=96&d=mm&r=g\",\"url\":\"https:\\\/\\\/secure.gravatar.com\\\/avatar\\\/ec4232fb8d50d80f1c672353dc4c2876490e6a0a2a33d6572c0ba1fb78f115cf?s=96&d=mm&r=g\",\"contentUrl\":\"https:\\\/\\\/secure.gravatar.com\\\/avatar\\\/ec4232fb8d50d80f1c672353dc4c2876490e6a0a2a33d6572c0ba1fb78f115cf?s=96&d=mm&r=g\",\"caption\":\"Leandro Lafr\u00e1gola\"},\"url\":\"https:\\\/\\\/blog.saocamilo-sp.br\\\/index.php\\\/author\\\/llafragola\\\/\"}]}<\/script>\n<!-- \/ Yoast SEO plugin. -->","yoast_head_json":{"title":"Escrit\u00f3rio de Rela\u00e7\u00f5es Internacionais da S\u00e3o Camilo na FAUBAI 2023 - Blog S\u00e3o Camilo","description":"O Escrit\u00f3rio de Rela\u00e7\u00f5es Internacionais da S\u00e3o Camilo participou da FAUBAI 2023, importante evento internacional que re\u00fane institui\u00e7\u00f5es de ensino superior de todo o mundo.","robots":{"index":"index","follow":"follow","max-snippet":"max-snippet:-1","max-image-preview":"max-image-preview:large","max-video-preview":"max-video-preview:-1"},"canonical":"https:\/\/blog.saocamilo-sp.br\/index.php\/2023\/04\/20\/escritorio-de-relacoes-internacionais-da-sao-camilo-na-faubai-2023\/","og_locale":"pt_BR","og_type":"article","og_title":"Escrit\u00f3rio de Rela\u00e7\u00f5es Internacionais da S\u00e3o Camilo na FAUBAI 2023 - Blog S\u00e3o Camilo","og_description":"O Escrit\u00f3rio de Rela\u00e7\u00f5es Internacionais da S\u00e3o Camilo participou da FAUBAI 2023, importante evento internacional que re\u00fane institui\u00e7\u00f5es de ensino superior de todo o mundo.","og_url":"https:\/\/blog.saocamilo-sp.br\/index.php\/2023\/04\/20\/escritorio-de-relacoes-internacionais-da-sao-camilo-na-faubai-2023\/","og_site_name":"Blog S\u00e3o Camilo","article_publisher":"https:\/\/www.facebook.com\/saocamilosp","article_published_time":"2023-04-20T21:09:36+00:00","article_modified_time":"2023-04-20T21:41:18+00:00","og_image":[{"width":877,"height":599,"url":"https:\/\/blog.saocamilo-sp.br\/wp-content\/uploads\/2023\/04\/1_FAUBAI_23-1.png","type":"image\/png"}],"author":"Leandro Lafr\u00e1gola","twitter_card":"summary_large_image","twitter_creator":"@saocamilosp","twitter_site":"@saocamilosp","twitter_misc":{"Escrito por":"Leandro Lafr\u00e1gola","Est. tempo de leitura":"2 minutos"},"schema":{"@context":"https:\/\/schema.org","@graph":[{"@type":"Article","@id":"https:\/\/blog.saocamilo-sp.br\/index.php\/2023\/04\/20\/escritorio-de-relacoes-internacionais-da-sao-camilo-na-faubai-2023\/#article","isPartOf":{"@id":"https:\/\/blog.saocamilo-sp.br\/index.php\/2023\/04\/20\/escritorio-de-relacoes-internacionais-da-sao-camilo-na-faubai-2023\/"},"author":{"name":"Leandro Lafr\u00e1gola","@id":"https:\/\/blog.saocamilo-sp.br\/#\/schema\/person\/1a99645faaab0bb55105f817e866e19b"},"headline":"Escrit\u00f3rio de Rela\u00e7\u00f5es Internacionais da S\u00e3o Camilo na FAUBAI 2023","datePublished":"2023-04-20T21:09:36+00:00","dateModified":"2023-04-20T21:41:18+00:00","mainEntityOfPage":{"@id":"https:\/\/blog.saocamilo-sp.br\/index.php\/2023\/04\/20\/escritorio-de-relacoes-internacionais-da-sao-camilo-na-faubai-2023\/"},"wordCount":358,"commentCount":0,"publisher":{"@id":"https:\/\/blog.saocamilo-sp.br\/#organization"},"image":{"@id":"https:\/\/blog.saocamilo-sp.br\/index.php\/2023\/04\/20\/escritorio-de-relacoes-internacionais-da-sao-camilo-na-faubai-2023\/#primaryimage"},"thumbnailUrl":"https:\/\/blog.saocamilo-sp.br\/wp-content\/uploads\/2023\/04\/1_FAUBAI_23-1.png","keywords":["internacional"],"articleSection":["Internacional"],"inLanguage":"pt-BR","potentialAction":[{"@type":"CommentAction","name":"Comment","target":["https:\/\/blog.saocamilo-sp.br\/index.php\/2023\/04\/20\/escritorio-de-relacoes-internacionais-da-sao-camilo-na-faubai-2023\/#respond"]}]},{"@type":"WebPage","@id":"https:\/\/blog.saocamilo-sp.br\/index.php\/2023\/04\/20\/escritorio-de-relacoes-internacionais-da-sao-camilo-na-faubai-2023\/","url":"https:\/\/blog.saocamilo-sp.br\/index.php\/2023\/04\/20\/escritorio-de-relacoes-internacionais-da-sao-camilo-na-faubai-2023\/","name":"Escrit\u00f3rio de Rela\u00e7\u00f5es Internacionais da S\u00e3o Camilo na FAUBAI 2023 - Blog S\u00e3o Camilo","isPartOf":{"@id":"https:\/\/blog.saocamilo-sp.br\/#website"},"primaryImageOfPage":{"@id":"https:\/\/blog.saocamilo-sp.br\/index.php\/2023\/04\/20\/escritorio-de-relacoes-internacionais-da-sao-camilo-na-faubai-2023\/#primaryimage"},"image":{"@id":"https:\/\/blog.saocamilo-sp.br\/index.php\/2023\/04\/20\/escritorio-de-relacoes-internacionais-da-sao-camilo-na-faubai-2023\/#primaryimage"},"thumbnailUrl":"https:\/\/blog.saocamilo-sp.br\/wp-content\/uploads\/2023\/04\/1_FAUBAI_23-1.png","datePublished":"2023-04-20T21:09:36+00:00","dateModified":"2023-04-20T21:41:18+00:00","description":"O Escrit\u00f3rio de Rela\u00e7\u00f5es Internacionais da S\u00e3o Camilo participou da FAUBAI 2023, importante evento internacional que re\u00fane institui\u00e7\u00f5es de ensino superior de todo o mundo.","breadcrumb":{"@id":"https:\/\/blog.saocamilo-sp.br\/index.php\/2023\/04\/20\/escritorio-de-relacoes-internacionais-da-sao-camilo-na-faubai-2023\/#breadcrumb"},"inLanguage":"pt-BR","potentialAction":[{"@type":"ReadAction","target":["https:\/\/blog.saocamilo-sp.br\/index.php\/2023\/04\/20\/escritorio-de-relacoes-internacionais-da-sao-camilo-na-faubai-2023\/"]}]},{"@type":"BreadcrumbList","@id":"https:\/\/blog.saocamilo-sp.br\/index.php\/2023\/04\/20\/escritorio-de-relacoes-internacionais-da-sao-camilo-na-faubai-2023\/#breadcrumb","itemListElement":[{"@type":"ListItem","position":1,"name":"In\u00edcio","item":"https:\/\/blog.saocamilo-sp.br\/"},{"@type":"ListItem","position":2,"name":"Escrit\u00f3rio de Rela\u00e7\u00f5es Internacionais da S\u00e3o Camilo na FAUBAI 2023"}]},{"@type":"WebSite","@id":"https:\/\/blog.saocamilo-sp.br\/#website","url":"https:\/\/blog.saocamilo-sp.br\/","name":"Blog S\u00e3o Camilo","description":"Blog do Centro Universit\u00e1rio S\u00e3o Camilo","publisher":{"@id":"https:\/\/blog.saocamilo-sp.br\/#organization"},"potentialAction":[{"@type":"SearchAction","target":{"@type":"EntryPoint","urlTemplate":"https:\/\/blog.saocamilo-sp.br\/?s={search_term_string}"},"query-input":{"@type":"PropertyValueSpecification","valueRequired":true,"valueName":"search_term_string"}}],"inLanguage":"pt-BR"},{"@type":"Organization","@id":"https:\/\/blog.saocamilo-sp.br\/#organization","name":"Blog S\u00e3o Camilo","url":"https:\/\/blog.saocamilo-sp.br\/","logo":{"@type":"ImageObject","inLanguage":"pt-BR","@id":"https:\/\/blog.saocamilo-sp.br\/#\/schema\/logo\/image\/","url":"https:\/\/blog.saocamilo-sp.br\/wp-content\/uploads\/2021\/12\/cropped-vazio-logo-topo.png","contentUrl":"https:\/\/blog.saocamilo-sp.br\/wp-content\/uploads\/2021\/12\/cropped-vazio-logo-topo.png","width":320,"height":240,"caption":"Blog S\u00e3o Camilo"},"image":{"@id":"https:\/\/blog.saocamilo-sp.br\/#\/schema\/logo\/image\/"},"sameAs":["https:\/\/www.facebook.com\/saocamilosp","https:\/\/x.com\/saocamilosp","https:\/\/www.linkedin.com\/school\/centro-universit-rio-s-o-camilo\/"]},{"@type":"Person","@id":"https:\/\/blog.saocamilo-sp.br\/#\/schema\/person\/1a99645faaab0bb55105f817e866e19b","name":"Leandro Lafr\u00e1gola","image":{"@type":"ImageObject","inLanguage":"pt-BR","@id":"https:\/\/secure.gravatar.com\/avatar\/ec4232fb8d50d80f1c672353dc4c2876490e6a0a2a33d6572c0ba1fb78f115cf?s=96&d=mm&r=g","url":"https:\/\/secure.gravatar.com\/avatar\/ec4232fb8d50d80f1c672353dc4c2876490e6a0a2a33d6572c0ba1fb78f115cf?s=96&d=mm&r=g","contentUrl":"https:\/\/secure.gravatar.com\/avatar\/ec4232fb8d50d80f1c672353dc4c2876490e6a0a2a33d6572c0ba1fb78f115cf?s=96&d=mm&r=g","caption":"Leandro Lafr\u00e1gola"},"url":"https:\/\/blog.saocamilo-sp.br\/index.php\/author\/llafragola\/"}]}},"_links":{"self":[{"href":"https:\/\/blog.saocamilo-sp.br\/index.php\/wp-json\/wp\/v2\/posts\/974","targetHints":{"allow":["GET"]}}],"collection":[{"href":"https:\/\/blog.saocamilo-sp.br\/index.php\/wp-json\/wp\/v2\/posts"}],"about":[{"href":"https:\/\/blog.saocamilo-sp.br\/index.php\/wp-json\/wp\/v2\/types\/post"}],"author":[{"embeddable":true,"href":"https:\/\/blog.saocamilo-sp.br\/index.php\/wp-json\/wp\/v2\/users\/13"}],"replies":[{"embeddable":true,"href":"https:\/\/blog.saocamilo-sp.br\/index.php\/wp-json\/wp\/v2\/comments?post=974"}],"version-history":[{"count":5,"href":"https:\/\/blog.saocamilo-sp.br\/index.php\/wp-json\/wp\/v2\/posts\/974\/revisions"}],"predecessor-version":[{"id":985,"href":"https:\/\/blog.saocamilo-sp.br\/index.php\/wp-json\/wp\/v2\/posts\/974\/revisions\/985"}],"wp:featuredmedia":[{"embeddable":true,"href":"https:\/\/blog.saocamilo-sp.br\/index.php\/wp-json\/wp\/v2\/media\/981"}],"wp:attachment":[{"href":"https:\/\/blog.saocamilo-sp.br\/index.php\/wp-json\/wp\/v2\/media?parent=974"}],"wp:term":[{"taxonomy":"category","embeddable":true,"href":"https:\/\/blog.saocamilo-sp.br\/index.php\/wp-json\/wp\/v2\/categories?post=974"},{"taxonomy":"post_tag","embeddable":true,"href":"https:\/\/blog.saocamilo-sp.br\/index.php\/wp-json\/wp\/v2\/tags?post=974"}],"curies":[{"name":"wp","href":"https:\/\/api.w.org\/{rel}","templated":true}]}}