{"id":999,"date":"2023-05-09T09:48:59","date_gmt":"2023-05-09T12:48:59","guid":{"rendered":"https:\/\/blog.saocamilo-sp.br\/?p=999"},"modified":"2023-05-25T18:05:34","modified_gmt":"2023-05-25T21:05:34","slug":"docentes-e-estudantes-de-biomedicina-publicam-em-periodico-cientifico","status":"publish","type":"post","link":"https:\/\/blog.saocamilo-sp.br\/index.php\/2023\/05\/09\/docentes-e-estudantes-de-biomedicina-publicam-em-periodico-cientifico\/","title":{"rendered":"Docentes e estudantes de Biomedicina publicam trabalho em peri\u00f3dico cient\u00edfico"},"content":{"rendered":"\n<p>O docente Guilherme Oberto Rodrigues e as estudantes de <a href=\"https:\/\/saocamilo-sp.br\/graduacao\/presencial\/biomedicina\" target=\"_blank\" rel=\"noreferrer noopener\">Biomedicina<\/a>, Nayani Gomes de Lira Soares e Karollina Yumi Gushiken, tiveram seu trabalho <strong>&#8220;Fatores influentes na densidade mamogr\u00e1fica e seu impacto no c\u00e2ncer de mama&#8221;<\/strong> publicado no peri\u00f3dico cient\u00edfico <strong><a href=\"https:\/\/ojs.brazilianjournals.com.br\/ojs\/index.php\/BJHR\/index\" target=\"_blank\" rel=\"noreferrer noopener\">Brazilian Journal of Health Review<\/a><\/strong>.<\/p>\n\n\n\n<h2 class=\"wp-block-heading\">Sobre o trabalho apresentado<\/h2>\n\n\n\n<p>A pesquisa realizada pelos autores do curso de Biomedicina tem como objetivo investigar os fatores que modulam a densidade mamogr\u00e1fica e como eles se relacionam com o aumento de mamas densas. A densidade mamogr\u00e1fica corresponde \u00e0 quantidade de tecido fibroglandular nas mamas, como um tecido radiopaco com quatro classifica\u00e7\u00f5es, segundo o Breast Imaging Reporting and Data System (BI-RADS).<\/p>\n\n\n\n<p>Mulheres com mamas densas apresentam um risco de quatro a seis vezes maior de desenvolver carcinog\u00eanese. A mamografia ainda \u00e9 a forma mais comum de rastreamento de c\u00e2ncer de mama, apesar de sua sensibilidade ser menor quando se trata de mamas densas. Sendo assim, est\u00e3o sendo utilizados e desenvolvidos novos m\u00e9todos de diagn\u00f3stico por imagem como resson\u00e2ncia magn\u00e9tica, ultrassonografia, tomoss\u00edntese digital da mama e a ultrassonografia automatizada das mamas (ABUS).<\/p>\n\n\n\n<p>A pesquisa bibliogr\u00e1fica foi realizada pelo PubMed &#8211; NCBI num per\u00edodo de nove anos em ingl\u00eas, utilizando como palavras-chaves &#8220;densidade mamogr\u00e1fica&#8221;, &#8220;c\u00e2ncer de mama&#8221; e &#8220;mamografia&#8221;. Foram identificados alguns fatores que podem influenciar na densidade mamogr\u00e1fica:<\/p>\n\n\n\n<p>Herdabilidade, ra\u00e7a e etnia, dieta, terapias de reposi\u00e7\u00e3o hormonal, ingest\u00e3o de \u00e1lcool, estilo de vida, fatores reprodutivos e hormonais. Assim como menopausa, paridade, idade ao primeiro nascimento e idade da menarca &#8211; tamanho corporal, microcalcifica\u00e7\u00f5es e faixa et\u00e1ria.<\/p>\n\n\n\n<h2 class=\"wp-block-heading\">Incid\u00eancia<\/h2>\n\n\n\n<p>Antes de tudo, o c\u00e2ncer de mama \u00e9 menos incidente em mulheres afro-americanas e ind\u00edgenas. Portando,  os h\u00e1bitos de vida dessa popula\u00e7\u00e3o, como primeira gravidez mais cedo, filhos, amamenta\u00e7\u00e3o por longo per\u00edodo e n\u00e3o utilizar terapias hormonais, podem explicar isso.<\/p>\n\n\n\n<p>No entanto, fatores considerados de vari\u00e1vel categ\u00f3rica e cont\u00ednua, como ingest\u00e3o de \u00e1lcool, tabagismo e atividade f\u00edsica, ainda n\u00e3o t\u00eam suas rela\u00e7\u00f5es com o aumento ou diminui\u00e7\u00e3o da densidade mamogr\u00e1fica bem estabelecidas, o que requer mais estudos para chegar a resultados conclusivos.<\/p>\n\n\n\n<p>A revis\u00e3o liter\u00e1ria traz estudos detalhados que visam compreender os fatores que levam ao aumento da densidade mamogr\u00e1fica. Permitindo assim, o melhor diagn\u00f3stico e mapeamento de grupos de risco, o que possibilita amenizar as consequ\u00eancias dessas modifica\u00e7\u00f5es.<\/p>\n\n\n\n<h2 class=\"wp-block-heading\"><br>A pesquisa cient\u00edfica no Centro Universit\u00e1rio S\u00e3o Camilo<\/h2>\n\n\n\n<p>O <a href=\"https:\/\/blog.saocamilo-sp.br\/\" target=\"_blank\" rel=\"noreferrer noopener\">Centro Universit\u00e1rio S\u00e3o Camilo<\/a> tem um compromisso com a excel\u00eancia acad\u00eamica e a pesquisa cient\u00edfica \u00e9 uma das suas prioridades. Afinal, \u00e9 gratificante ver os resultados de todo esse esfor\u00e7o, como a recente publica\u00e7\u00e3o no peri\u00f3dico cient\u00edfico Brazilian Journal of Health Review.<\/p>\n\n\n\n<p>Esse trabalho \u00e9 um exemplo do alto n\u00edvel de pesquisa que est\u00e1 sendo conduzida no Centro Universit\u00e1rio S\u00e3o Camilo. O compromisso com a pesquisa cient\u00edfica \u00e9 uma forma de contribuir para a sociedade e ajudar a resolver problemas relevantes na \u00e1rea da sa\u00fade.<\/p>\n\n\n\n<p>N\u00f3s temos orgulho das publica\u00e7\u00f5es cient\u00edficas realizadas pelos nossos docentes e discentes, como essa do curso do Biomedicina. Fomentamos essa pr\u00e1tica como forma de incentivar a produ\u00e7\u00e3o de conhecimento e a inova\u00e7\u00e3o. <\/p>\n\n\n\n<p>Conhe\u00e7a mais sobre o trabalho: <a href=\"https:\/\/saocamilo-sp.br\/assets\/uploads\/View%20of%20Fatores%20influentes%20na%20densidade%20mamogr%C3%A1fica%20e%20seu%20impacto%20no%20C%C3%A2ncer%20de%20mama%201.pdf\">https:\/\/saocamilo-sp.br\/assets\/uploads\/View of Fatores influentes na densidade mamogr\u00e1fica e seu impacto no C\u00e2ncer de mama 1.pdf<\/a>.<\/p>\n","protected":false},"excerpt":{"rendered":"<p>Prof. Dr.  Guilherme Oberto Rodrigues e as estudantes de Biomedicina, Nayani Gomes Soares e Karollina Gushiken, publicaram no Brazilian Journal of Health Review.<\/p>\n","protected":false},"author":13,"featured_media":1013,"comment_status":"open","ping_status":"open","sticky":false,"template":"","format":"standard","meta":{"cybocfi_hide_featured_image":"","footnotes":""},"categories":[27],"tags":[80],"class_list":["post-999","post","type-post","status-publish","format-standard","has-post-thumbnail","hentry","category-biomedicina","tag-pesquisa"],"yoast_head":"<!-- This site is optimized with the Yoast SEO plugin v27.4 - https:\/\/yoast.com\/product\/yoast-seo-wordpress\/ -->\n<title>Biomedicina: Docentes e estudantes publicam em peri\u00f3dico cient\u00edfico<\/title>\n<meta name=\"description\" content=\"Os autores do curso de Biomedicina do Centro Universit\u00e1rio S\u00e3o Camilo tiveram seu trabalho publicado no Brazilian Journal of Health Review\" \/>\n<meta name=\"robots\" content=\"index, follow, max-snippet:-1, max-image-preview:large, max-video-preview:-1\" \/>\n<link rel=\"canonical\" href=\"https:\/\/blog.saocamilo-sp.br\/index.php\/2023\/05\/09\/docentes-e-estudantes-de-biomedicina-publicam-em-periodico-cientifico\/\" \/>\n<meta property=\"og:locale\" content=\"pt_BR\" \/>\n<meta property=\"og:type\" content=\"article\" \/>\n<meta property=\"og:title\" content=\"Biomedicina: Docentes e estudantes publicam em peri\u00f3dico cient\u00edfico\" \/>\n<meta property=\"og:description\" content=\"Os autores do curso de Biomedicina do Centro Universit\u00e1rio S\u00e3o Camilo tiveram seu trabalho publicado no Brazilian Journal of Health Review\" \/>\n<meta property=\"og:url\" content=\"https:\/\/blog.saocamilo-sp.br\/index.php\/2023\/05\/09\/docentes-e-estudantes-de-biomedicina-publicam-em-periodico-cientifico\/\" \/>\n<meta property=\"og:site_name\" content=\"Blog S\u00e3o Camilo\" \/>\n<meta property=\"article:publisher\" content=\"https:\/\/www.facebook.com\/saocamilosp\" \/>\n<meta property=\"article:published_time\" content=\"2023-05-09T12:48:59+00:00\" \/>\n<meta property=\"article:modified_time\" content=\"2023-05-25T21:05:34+00:00\" \/>\n<meta property=\"og:image\" content=\"https:\/\/blog.saocamilo-sp.br\/wp-content\/uploads\/2023\/05\/a11-4.png\" \/>\n\t<meta property=\"og:image:width\" content=\"799\" \/>\n\t<meta property=\"og:image:height\" content=\"538\" \/>\n\t<meta property=\"og:image:type\" content=\"image\/png\" \/>\n<meta name=\"author\" content=\"Leandro Lafr\u00e1gola\" \/>\n<meta name=\"twitter:card\" content=\"summary_large_image\" \/>\n<meta name=\"twitter:creator\" content=\"@saocamilosp\" \/>\n<meta name=\"twitter:site\" content=\"@saocamilosp\" \/>\n<meta name=\"twitter:label1\" content=\"Escrito por\" \/>\n\t<meta name=\"twitter:data1\" content=\"Leandro Lafr\u00e1gola\" \/>\n\t<meta name=\"twitter:label2\" content=\"Est. tempo de leitura\" \/>\n\t<meta name=\"twitter:data2\" content=\"3 minutos\" \/>\n<script type=\"application\/ld+json\" class=\"yoast-schema-graph\">{\"@context\":\"https:\\\/\\\/schema.org\",\"@graph\":[{\"@type\":\"Article\",\"@id\":\"https:\\\/\\\/blog.saocamilo-sp.br\\\/index.php\\\/2023\\\/05\\\/09\\\/docentes-e-estudantes-de-biomedicina-publicam-em-periodico-cientifico\\\/#article\",\"isPartOf\":{\"@id\":\"https:\\\/\\\/blog.saocamilo-sp.br\\\/index.php\\\/2023\\\/05\\\/09\\\/docentes-e-estudantes-de-biomedicina-publicam-em-periodico-cientifico\\\/\"},\"author\":{\"name\":\"Leandro Lafr\u00e1gola\",\"@id\":\"https:\\\/\\\/blog.saocamilo-sp.br\\\/#\\\/schema\\\/person\\\/1a99645faaab0bb55105f817e866e19b\"},\"headline\":\"Docentes e estudantes de Biomedicina publicam trabalho em peri\u00f3dico cient\u00edfico\",\"datePublished\":\"2023-05-09T12:48:59+00:00\",\"dateModified\":\"2023-05-25T21:05:34+00:00\",\"mainEntityOfPage\":{\"@id\":\"https:\\\/\\\/blog.saocamilo-sp.br\\\/index.php\\\/2023\\\/05\\\/09\\\/docentes-e-estudantes-de-biomedicina-publicam-em-periodico-cientifico\\\/\"},\"wordCount\":601,\"commentCount\":0,\"publisher\":{\"@id\":\"https:\\\/\\\/blog.saocamilo-sp.br\\\/#organization\"},\"image\":{\"@id\":\"https:\\\/\\\/blog.saocamilo-sp.br\\\/index.php\\\/2023\\\/05\\\/09\\\/docentes-e-estudantes-de-biomedicina-publicam-em-periodico-cientifico\\\/#primaryimage\"},\"thumbnailUrl\":\"https:\\\/\\\/blog.saocamilo-sp.br\\\/wp-content\\\/uploads\\\/2023\\\/05\\\/a11-4.png\",\"keywords\":[\"Pesquisa\"],\"articleSection\":[\"Biomedicina\"],\"inLanguage\":\"pt-BR\",\"potentialAction\":[{\"@type\":\"CommentAction\",\"name\":\"Comment\",\"target\":[\"https:\\\/\\\/blog.saocamilo-sp.br\\\/index.php\\\/2023\\\/05\\\/09\\\/docentes-e-estudantes-de-biomedicina-publicam-em-periodico-cientifico\\\/#respond\"]}]},{\"@type\":\"WebPage\",\"@id\":\"https:\\\/\\\/blog.saocamilo-sp.br\\\/index.php\\\/2023\\\/05\\\/09\\\/docentes-e-estudantes-de-biomedicina-publicam-em-periodico-cientifico\\\/\",\"url\":\"https:\\\/\\\/blog.saocamilo-sp.br\\\/index.php\\\/2023\\\/05\\\/09\\\/docentes-e-estudantes-de-biomedicina-publicam-em-periodico-cientifico\\\/\",\"name\":\"Biomedicina: Docentes e estudantes publicam em peri\u00f3dico cient\u00edfico\",\"isPartOf\":{\"@id\":\"https:\\\/\\\/blog.saocamilo-sp.br\\\/#website\"},\"primaryImageOfPage\":{\"@id\":\"https:\\\/\\\/blog.saocamilo-sp.br\\\/index.php\\\/2023\\\/05\\\/09\\\/docentes-e-estudantes-de-biomedicina-publicam-em-periodico-cientifico\\\/#primaryimage\"},\"image\":{\"@id\":\"https:\\\/\\\/blog.saocamilo-sp.br\\\/index.php\\\/2023\\\/05\\\/09\\\/docentes-e-estudantes-de-biomedicina-publicam-em-periodico-cientifico\\\/#primaryimage\"},\"thumbnailUrl\":\"https:\\\/\\\/blog.saocamilo-sp.br\\\/wp-content\\\/uploads\\\/2023\\\/05\\\/a11-4.png\",\"datePublished\":\"2023-05-09T12:48:59+00:00\",\"dateModified\":\"2023-05-25T21:05:34+00:00\",\"description\":\"Os autores do curso de Biomedicina do Centro Universit\u00e1rio S\u00e3o Camilo tiveram seu trabalho publicado no Brazilian Journal of Health Review\",\"breadcrumb\":{\"@id\":\"https:\\\/\\\/blog.saocamilo-sp.br\\\/index.php\\\/2023\\\/05\\\/09\\\/docentes-e-estudantes-de-biomedicina-publicam-em-periodico-cientifico\\\/#breadcrumb\"},\"inLanguage\":\"pt-BR\",\"potentialAction\":[{\"@type\":\"ReadAction\",\"target\":[\"https:\\\/\\\/blog.saocamilo-sp.br\\\/index.php\\\/2023\\\/05\\\/09\\\/docentes-e-estudantes-de-biomedicina-publicam-em-periodico-cientifico\\\/\"]}]},{\"@type\":\"ImageObject\",\"inLanguage\":\"pt-BR\",\"@id\":\"https:\\\/\\\/blog.saocamilo-sp.br\\\/index.php\\\/2023\\\/05\\\/09\\\/docentes-e-estudantes-de-biomedicina-publicam-em-periodico-cientifico\\\/#primaryimage\",\"url\":\"https:\\\/\\\/blog.saocamilo-sp.br\\\/wp-content\\\/uploads\\\/2023\\\/05\\\/a11-4.png\",\"contentUrl\":\"https:\\\/\\\/blog.saocamilo-sp.br\\\/wp-content\\\/uploads\\\/2023\\\/05\\\/a11-4.png\",\"width\":799,\"height\":538},{\"@type\":\"BreadcrumbList\",\"@id\":\"https:\\\/\\\/blog.saocamilo-sp.br\\\/index.php\\\/2023\\\/05\\\/09\\\/docentes-e-estudantes-de-biomedicina-publicam-em-periodico-cientifico\\\/#breadcrumb\",\"itemListElement\":[{\"@type\":\"ListItem\",\"position\":1,\"name\":\"In\u00edcio\",\"item\":\"https:\\\/\\\/blog.saocamilo-sp.br\\\/\"},{\"@type\":\"ListItem\",\"position\":2,\"name\":\"Docentes e estudantes de Biomedicina publicam trabalho em peri\u00f3dico cient\u00edfico\"}]},{\"@type\":\"WebSite\",\"@id\":\"https:\\\/\\\/blog.saocamilo-sp.br\\\/#website\",\"url\":\"https:\\\/\\\/blog.saocamilo-sp.br\\\/\",\"name\":\"Blog S\u00e3o Camilo\",\"description\":\"Blog do Centro Universit\u00e1rio S\u00e3o Camilo\",\"publisher\":{\"@id\":\"https:\\\/\\\/blog.saocamilo-sp.br\\\/#organization\"},\"potentialAction\":[{\"@type\":\"SearchAction\",\"target\":{\"@type\":\"EntryPoint\",\"urlTemplate\":\"https:\\\/\\\/blog.saocamilo-sp.br\\\/?s={search_term_string}\"},\"query-input\":{\"@type\":\"PropertyValueSpecification\",\"valueRequired\":true,\"valueName\":\"search_term_string\"}}],\"inLanguage\":\"pt-BR\"},{\"@type\":\"Organization\",\"@id\":\"https:\\\/\\\/blog.saocamilo-sp.br\\\/#organization\",\"name\":\"Blog S\u00e3o Camilo\",\"url\":\"https:\\\/\\\/blog.saocamilo-sp.br\\\/\",\"logo\":{\"@type\":\"ImageObject\",\"inLanguage\":\"pt-BR\",\"@id\":\"https:\\\/\\\/blog.saocamilo-sp.br\\\/#\\\/schema\\\/logo\\\/image\\\/\",\"url\":\"https:\\\/\\\/blog.saocamilo-sp.br\\\/wp-content\\\/uploads\\\/2021\\\/12\\\/cropped-vazio-logo-topo.png\",\"contentUrl\":\"https:\\\/\\\/blog.saocamilo-sp.br\\\/wp-content\\\/uploads\\\/2021\\\/12\\\/cropped-vazio-logo-topo.png\",\"width\":320,\"height\":240,\"caption\":\"Blog S\u00e3o Camilo\"},\"image\":{\"@id\":\"https:\\\/\\\/blog.saocamilo-sp.br\\\/#\\\/schema\\\/logo\\\/image\\\/\"},\"sameAs\":[\"https:\\\/\\\/www.facebook.com\\\/saocamilosp\",\"https:\\\/\\\/x.com\\\/saocamilosp\",\"https:\\\/\\\/www.linkedin.com\\\/school\\\/centro-universit-rio-s-o-camilo\\\/\"]},{\"@type\":\"Person\",\"@id\":\"https:\\\/\\\/blog.saocamilo-sp.br\\\/#\\\/schema\\\/person\\\/1a99645faaab0bb55105f817e866e19b\",\"name\":\"Leandro Lafr\u00e1gola\",\"image\":{\"@type\":\"ImageObject\",\"inLanguage\":\"pt-BR\",\"@id\":\"https:\\\/\\\/secure.gravatar.com\\\/avatar\\\/ec4232fb8d50d80f1c672353dc4c2876490e6a0a2a33d6572c0ba1fb78f115cf?s=96&d=mm&r=g\",\"url\":\"https:\\\/\\\/secure.gravatar.com\\\/avatar\\\/ec4232fb8d50d80f1c672353dc4c2876490e6a0a2a33d6572c0ba1fb78f115cf?s=96&d=mm&r=g\",\"contentUrl\":\"https:\\\/\\\/secure.gravatar.com\\\/avatar\\\/ec4232fb8d50d80f1c672353dc4c2876490e6a0a2a33d6572c0ba1fb78f115cf?s=96&d=mm&r=g\",\"caption\":\"Leandro Lafr\u00e1gola\"},\"url\":\"https:\\\/\\\/blog.saocamilo-sp.br\\\/index.php\\\/author\\\/llafragola\\\/\"}]}<\/script>\n<!-- \/ Yoast SEO plugin. -->","yoast_head_json":{"title":"Biomedicina: Docentes e estudantes publicam em peri\u00f3dico cient\u00edfico","description":"Os autores do curso de Biomedicina do Centro Universit\u00e1rio S\u00e3o Camilo tiveram seu trabalho publicado no Brazilian Journal of Health Review","robots":{"index":"index","follow":"follow","max-snippet":"max-snippet:-1","max-image-preview":"max-image-preview:large","max-video-preview":"max-video-preview:-1"},"canonical":"https:\/\/blog.saocamilo-sp.br\/index.php\/2023\/05\/09\/docentes-e-estudantes-de-biomedicina-publicam-em-periodico-cientifico\/","og_locale":"pt_BR","og_type":"article","og_title":"Biomedicina: Docentes e estudantes publicam em peri\u00f3dico cient\u00edfico","og_description":"Os autores do curso de Biomedicina do Centro Universit\u00e1rio S\u00e3o Camilo tiveram seu trabalho publicado no Brazilian Journal of Health Review","og_url":"https:\/\/blog.saocamilo-sp.br\/index.php\/2023\/05\/09\/docentes-e-estudantes-de-biomedicina-publicam-em-periodico-cientifico\/","og_site_name":"Blog S\u00e3o Camilo","article_publisher":"https:\/\/www.facebook.com\/saocamilosp","article_published_time":"2023-05-09T12:48:59+00:00","article_modified_time":"2023-05-25T21:05:34+00:00","og_image":[{"width":799,"height":538,"url":"https:\/\/blog.saocamilo-sp.br\/wp-content\/uploads\/2023\/05\/a11-4.png","type":"image\/png"}],"author":"Leandro Lafr\u00e1gola","twitter_card":"summary_large_image","twitter_creator":"@saocamilosp","twitter_site":"@saocamilosp","twitter_misc":{"Escrito por":"Leandro Lafr\u00e1gola","Est. tempo de leitura":"3 minutos"},"schema":{"@context":"https:\/\/schema.org","@graph":[{"@type":"Article","@id":"https:\/\/blog.saocamilo-sp.br\/index.php\/2023\/05\/09\/docentes-e-estudantes-de-biomedicina-publicam-em-periodico-cientifico\/#article","isPartOf":{"@id":"https:\/\/blog.saocamilo-sp.br\/index.php\/2023\/05\/09\/docentes-e-estudantes-de-biomedicina-publicam-em-periodico-cientifico\/"},"author":{"name":"Leandro Lafr\u00e1gola","@id":"https:\/\/blog.saocamilo-sp.br\/#\/schema\/person\/1a99645faaab0bb55105f817e866e19b"},"headline":"Docentes e estudantes de Biomedicina publicam trabalho em peri\u00f3dico cient\u00edfico","datePublished":"2023-05-09T12:48:59+00:00","dateModified":"2023-05-25T21:05:34+00:00","mainEntityOfPage":{"@id":"https:\/\/blog.saocamilo-sp.br\/index.php\/2023\/05\/09\/docentes-e-estudantes-de-biomedicina-publicam-em-periodico-cientifico\/"},"wordCount":601,"commentCount":0,"publisher":{"@id":"https:\/\/blog.saocamilo-sp.br\/#organization"},"image":{"@id":"https:\/\/blog.saocamilo-sp.br\/index.php\/2023\/05\/09\/docentes-e-estudantes-de-biomedicina-publicam-em-periodico-cientifico\/#primaryimage"},"thumbnailUrl":"https:\/\/blog.saocamilo-sp.br\/wp-content\/uploads\/2023\/05\/a11-4.png","keywords":["Pesquisa"],"articleSection":["Biomedicina"],"inLanguage":"pt-BR","potentialAction":[{"@type":"CommentAction","name":"Comment","target":["https:\/\/blog.saocamilo-sp.br\/index.php\/2023\/05\/09\/docentes-e-estudantes-de-biomedicina-publicam-em-periodico-cientifico\/#respond"]}]},{"@type":"WebPage","@id":"https:\/\/blog.saocamilo-sp.br\/index.php\/2023\/05\/09\/docentes-e-estudantes-de-biomedicina-publicam-em-periodico-cientifico\/","url":"https:\/\/blog.saocamilo-sp.br\/index.php\/2023\/05\/09\/docentes-e-estudantes-de-biomedicina-publicam-em-periodico-cientifico\/","name":"Biomedicina: Docentes e estudantes publicam em peri\u00f3dico cient\u00edfico","isPartOf":{"@id":"https:\/\/blog.saocamilo-sp.br\/#website"},"primaryImageOfPage":{"@id":"https:\/\/blog.saocamilo-sp.br\/index.php\/2023\/05\/09\/docentes-e-estudantes-de-biomedicina-publicam-em-periodico-cientifico\/#primaryimage"},"image":{"@id":"https:\/\/blog.saocamilo-sp.br\/index.php\/2023\/05\/09\/docentes-e-estudantes-de-biomedicina-publicam-em-periodico-cientifico\/#primaryimage"},"thumbnailUrl":"https:\/\/blog.saocamilo-sp.br\/wp-content\/uploads\/2023\/05\/a11-4.png","datePublished":"2023-05-09T12:48:59+00:00","dateModified":"2023-05-25T21:05:34+00:00","description":"Os autores do curso de Biomedicina do Centro Universit\u00e1rio S\u00e3o Camilo tiveram seu trabalho publicado no Brazilian Journal of Health Review","breadcrumb":{"@id":"https:\/\/blog.saocamilo-sp.br\/index.php\/2023\/05\/09\/docentes-e-estudantes-de-biomedicina-publicam-em-periodico-cientifico\/#breadcrumb"},"inLanguage":"pt-BR","potentialAction":[{"@type":"ReadAction","target":["https:\/\/blog.saocamilo-sp.br\/index.php\/2023\/05\/09\/docentes-e-estudantes-de-biomedicina-publicam-em-periodico-cientifico\/"]}]},{"@type":"ImageObject","inLanguage":"pt-BR","@id":"https:\/\/blog.saocamilo-sp.br\/index.php\/2023\/05\/09\/docentes-e-estudantes-de-biomedicina-publicam-em-periodico-cientifico\/#primaryimage","url":"https:\/\/blog.saocamilo-sp.br\/wp-content\/uploads\/2023\/05\/a11-4.png","contentUrl":"https:\/\/blog.saocamilo-sp.br\/wp-content\/uploads\/2023\/05\/a11-4.png","width":799,"height":538},{"@type":"BreadcrumbList","@id":"https:\/\/blog.saocamilo-sp.br\/index.php\/2023\/05\/09\/docentes-e-estudantes-de-biomedicina-publicam-em-periodico-cientifico\/#breadcrumb","itemListElement":[{"@type":"ListItem","position":1,"name":"In\u00edcio","item":"https:\/\/blog.saocamilo-sp.br\/"},{"@type":"ListItem","position":2,"name":"Docentes e estudantes de Biomedicina publicam trabalho em peri\u00f3dico cient\u00edfico"}]},{"@type":"WebSite","@id":"https:\/\/blog.saocamilo-sp.br\/#website","url":"https:\/\/blog.saocamilo-sp.br\/","name":"Blog S\u00e3o Camilo","description":"Blog do Centro Universit\u00e1rio S\u00e3o Camilo","publisher":{"@id":"https:\/\/blog.saocamilo-sp.br\/#organization"},"potentialAction":[{"@type":"SearchAction","target":{"@type":"EntryPoint","urlTemplate":"https:\/\/blog.saocamilo-sp.br\/?s={search_term_string}"},"query-input":{"@type":"PropertyValueSpecification","valueRequired":true,"valueName":"search_term_string"}}],"inLanguage":"pt-BR"},{"@type":"Organization","@id":"https:\/\/blog.saocamilo-sp.br\/#organization","name":"Blog S\u00e3o Camilo","url":"https:\/\/blog.saocamilo-sp.br\/","logo":{"@type":"ImageObject","inLanguage":"pt-BR","@id":"https:\/\/blog.saocamilo-sp.br\/#\/schema\/logo\/image\/","url":"https:\/\/blog.saocamilo-sp.br\/wp-content\/uploads\/2021\/12\/cropped-vazio-logo-topo.png","contentUrl":"https:\/\/blog.saocamilo-sp.br\/wp-content\/uploads\/2021\/12\/cropped-vazio-logo-topo.png","width":320,"height":240,"caption":"Blog S\u00e3o Camilo"},"image":{"@id":"https:\/\/blog.saocamilo-sp.br\/#\/schema\/logo\/image\/"},"sameAs":["https:\/\/www.facebook.com\/saocamilosp","https:\/\/x.com\/saocamilosp","https:\/\/www.linkedin.com\/school\/centro-universit-rio-s-o-camilo\/"]},{"@type":"Person","@id":"https:\/\/blog.saocamilo-sp.br\/#\/schema\/person\/1a99645faaab0bb55105f817e866e19b","name":"Leandro Lafr\u00e1gola","image":{"@type":"ImageObject","inLanguage":"pt-BR","@id":"https:\/\/secure.gravatar.com\/avatar\/ec4232fb8d50d80f1c672353dc4c2876490e6a0a2a33d6572c0ba1fb78f115cf?s=96&d=mm&r=g","url":"https:\/\/secure.gravatar.com\/avatar\/ec4232fb8d50d80f1c672353dc4c2876490e6a0a2a33d6572c0ba1fb78f115cf?s=96&d=mm&r=g","contentUrl":"https:\/\/secure.gravatar.com\/avatar\/ec4232fb8d50d80f1c672353dc4c2876490e6a0a2a33d6572c0ba1fb78f115cf?s=96&d=mm&r=g","caption":"Leandro Lafr\u00e1gola"},"url":"https:\/\/blog.saocamilo-sp.br\/index.php\/author\/llafragola\/"}]}},"_links":{"self":[{"href":"https:\/\/blog.saocamilo-sp.br\/index.php\/wp-json\/wp\/v2\/posts\/999","targetHints":{"allow":["GET"]}}],"collection":[{"href":"https:\/\/blog.saocamilo-sp.br\/index.php\/wp-json\/wp\/v2\/posts"}],"about":[{"href":"https:\/\/blog.saocamilo-sp.br\/index.php\/wp-json\/wp\/v2\/types\/post"}],"author":[{"embeddable":true,"href":"https:\/\/blog.saocamilo-sp.br\/index.php\/wp-json\/wp\/v2\/users\/13"}],"replies":[{"embeddable":true,"href":"https:\/\/blog.saocamilo-sp.br\/index.php\/wp-json\/wp\/v2\/comments?post=999"}],"version-history":[{"count":16,"href":"https:\/\/blog.saocamilo-sp.br\/index.php\/wp-json\/wp\/v2\/posts\/999\/revisions"}],"predecessor-version":[{"id":1166,"href":"https:\/\/blog.saocamilo-sp.br\/index.php\/wp-json\/wp\/v2\/posts\/999\/revisions\/1166"}],"wp:featuredmedia":[{"embeddable":true,"href":"https:\/\/blog.saocamilo-sp.br\/index.php\/wp-json\/wp\/v2\/media\/1013"}],"wp:attachment":[{"href":"https:\/\/blog.saocamilo-sp.br\/index.php\/wp-json\/wp\/v2\/media?parent=999"}],"wp:term":[{"taxonomy":"category","embeddable":true,"href":"https:\/\/blog.saocamilo-sp.br\/index.php\/wp-json\/wp\/v2\/categories?post=999"},{"taxonomy":"post_tag","embeddable":true,"href":"https:\/\/blog.saocamilo-sp.br\/index.php\/wp-json\/wp\/v2\/tags?post=999"}],"curies":[{"name":"wp","href":"https:\/\/api.w.org\/{rel}","templated":true}]}}